{"id":121537,"date":"2026-09-03T14:30:25","date_gmt":"2026-09-03T11:30:25","guid":{"rendered":"https:\/\/shiawaves.com\/turkish\/2026\/09\/03\/ilahi-peygamber-hz-muhammed-ve-imam-cafer-i-sadikin-dogum-yildonumu-etkinligi-beyrutta-ayetullah-uzma-sirazinin-ofisinde-duzenlendi\/"},"modified":"2026-09-03T14:30:25","modified_gmt":"2026-09-03T11:30:25","slug":"ilahi-peygamber-hz-muhammed-ve-imam-cafer-i-sadikin-dogum-yildonumu-etkinligi-beyrutta-ayetullah-uzma-sirazinin-ofisinde-duzenlendi","status":"publish","type":"post","link":"https:\/\/shiawaves.com\/turkish\/2026\/09\/03\/ilahi-peygamber-hz-muhammed-ve-imam-cafer-i-sadikin-dogum-yildonumu-etkinligi-beyrutta-ayetullah-uzma-sirazinin-ofisinde-duzenlendi\/","title":{"rendered":"\u0130lah\u00ee Peygamber Hz. Muhammed ve \u0130mam Cafer-i Sad\u0131k\u2019\u0131n Do\u011fum Y\u0131ld\u00f6n\u00fcm\u00fc Etkinli\u011fi Beyrut\u2019ta Ayetullah Uzma \u015eirazi\u2019nin Ofisinde D\u00fczenlendi"},"content":{"rendered":"<p>\u0130lah\u00ee Peygamber Hz. Muhammed ve \u0130mam Cafer-i Sad\u0131k\u2019\u0131n Do\u011fum Y\u0131ld\u00f6n\u00fcm\u00fc Etkinli\u011fi Beyrut\u2019ta Ayetullah Uzma \u015eirazi\u2019nin Ofisinde D\u00fczenlendi<\/p>\n<p>Hz. Muhammed Mustafa Sallallahu Aleyhi ve \u00c2lihi ve \u0130mam Cafer-i Sad\u0131k Aleyhissel\u00e2m\u2019\u0131n do\u011fum y\u0131l\u0131 m\u00fcnasebetiyle, Ayetullah Uzma Seyyid Sad\u0131k H\u00fcseyni \u015eirazi\u2019nin m\u00fcbarek g\u00f6lgesinin bulundu\u011fu Beyrut ofisinde bir kutlama etkinli\u011fi ger\u00e7ekle\u015ftirildi.<\/p>\n<p>Bu etkinlik, bir\u00e7ok \u00e2lim, ilm\u00ee havza \u00f6\u011frenci ve say\u0131da inanan\u0131n kat\u0131l\u0131m\u0131yla d\u00fczenlendi.<\/p>\n<p>Program\u0131n ba\u015f\u0131nda Hac\u0131 Ali Atr\u0131\u015f, Kur&#8217;an-\u0131 Kerim\u2019den ayetler okuyarak, Hadis-i Kisa\u2019y\u0131 tilavet etti ve Nebevi medhiyeler icra etti.<\/p>\n<p>Devam\u0131nda, Ayetullah Uzma \u015eirazi\u2019nin temsilcisi Hac\u0131 Hac\u0131 \u015eeyh Celal Ma\u2019\u015f, konu\u015fmac\u0131lara ve kat\u0131l\u0131mc\u0131lara ho\u015f geldiniz diyerek Hz. Peygamber Sallallahu Aleyhi ve \u00c2lihi ve \u0130mam Cafer-i Sad\u0131k Aleyhissel\u00e2m\u2019\u0131n do\u011fum y\u0131ld\u00f6n\u00fcm\u00fcn\u00fc tebrik etti ve Hz. Peygamber\u2019in ahlaki, idari ve siyasi ya\u015fam\u0131ndan, ayr\u0131ca \u0130mam Cafer-i Sad\u0131k\u2019\u0131n ilmi, k\u00fclt\u00fcrel ve bilin\u00e7lendirici hayat\u0131na dair \u00e7e\u015fitli boyutlar\u0131 de\u011ferlendirdi.<\/p>\n<p>Program\u0131n di\u011fer bir b\u00f6l\u00fcm\u00fcnde, L\u00fcbnan m\u00fcft\u00fclerinden \u015eeyh Hasan \u015eerife, \u0130mam Ali Aleyhissel\u00e2m\u2019\u0131n Peygamberimiz Sallallahu Aleyhi ve \u00c2lihi ile olan ili\u015fkisi \u00fczerine bir konu\u015fma yapt\u0131 ve \u0130mam\u2019\u0131n do\u011fru \u0130slam\u2019\u0131n tesisi ve yerle\u015fmesi yolundaki \u00f6nemli duru\u015flar\u0131na i\u015faret etti.<\/p>\n<p>Ayr\u0131ca, Beyrut\u2019taki \u0130mam Ali Cami imam\u0131 Hac\u0131 Hac\u0131 \u015eeyh Kaz\u0131m Murtaza Ayyad, \u0130mam Cafer-i Sad\u0131k\u2019\u0131n \u015eii insan\u0131n\u0131n \u00f6zellikleri ve nitelikleri hakk\u0131nda s\u00f6ylediklerini payla\u015ft\u0131.<\/p>\n","protected":false},"excerpt":{"rendered":"<p>\u0130lah\u00ee Peygamber Hz. Muhammed ve \u0130mam Cafer-i Sad\u0131k\u2019\u0131n Do\u011fum Y\u0131ld\u00f6n\u00fcm\u00fc Etkinli\u011fi Beyrut\u2019ta Ayetullah Uzma \u015eirazi\u2019nin Ofisinde D\u00fczenlendi Hz. Muhammed Mustafa Sallallahu Aleyhi ve \u00c2lihi ve \u0130mam Cafer-i Sad\u0131k Aleyhissel\u00e2m\u2019\u0131n do\u011fum y\u0131l\u0131 m\u00fcnasebetiyle, Ayetullah Uzma Seyyid Sad\u0131k H\u00fcseyni \u015eirazi\u2019nin m\u00fcbarek g\u00f6lgesinin bulundu\u011fu Beyrut ofisinde bir kutlama etkinli\u011fi ger\u00e7ekle\u015ftirildi. Bu etkinlik, bir\u00e7ok \u00e2lim, ilm\u00ee havza \u00f6\u011frenci ve &hellip;<\/p>\n","protected":false},"author":1,"featured_media":121536,"comment_status":"open","ping_status":"open","sticky":false,"template":"","format":"standard","meta":{"rop_custom_images_group":[],"rop_custom_messages_group":[],"rop_publish_now":"initial","rop_publish_now_accounts":[],"rop_publish_now_history":[],"rop_publish_now_status":"pending","footnotes":""},"categories":[16],"tags":[],"class_list":["post-121537","post","type-post","status-publish","format-standard","has-post-thumbnail","hentry","category-lebanon"],"_wp_page_template":null,"_wp_attached_file":null,"_wp_attachment_metadata":null,"_edit_lock":null,"yoast_head":"<!-- This site is optimized with the Yoast SEO plugin v27.9 - https:\/\/yoast.com\/product\/yoast-seo-wordpress\/ -->\n<title>\u0130lah\u00ee Peygamber Hz. Muhammed ve \u0130mam Cafer-i Sad\u0131k\u2019\u0131n Do\u011fum Y\u0131ld\u00f6n\u00fcm\u00fc Etkinli\u011fi Beyrut\u2019ta Ayetullah Uzma \u015eirazi\u2019nin Ofisinde D\u00fczenlendi - ShiaWaves Turkish - \u015eia Haberleri<\/title>\n<meta name=\"robots\" content=\"index, follow, max-snippet:-1, max-image-preview:large, max-video-preview:-1\" \/>\n<link rel=\"canonical\" href=\"https:\/\/shiawaves.com\/turkish\/2026\/09\/03\/ilahi-peygamber-hz-muhammed-ve-imam-cafer-i-sadikin-dogum-yildonumu-etkinligi-beyrutta-ayetullah-uzma-sirazinin-ofisinde-duzenlendi\/\" \/>\n<meta property=\"og:locale\" content=\"tr_TR\" \/>\n<meta property=\"og:type\" content=\"article\" \/>\n<meta property=\"og:title\" content=\"\u0130lah\u00ee Peygamber Hz. Muhammed ve \u0130mam Cafer-i Sad\u0131k\u2019\u0131n Do\u011fum Y\u0131ld\u00f6n\u00fcm\u00fc Etkinli\u011fi Beyrut\u2019ta Ayetullah Uzma \u015eirazi\u2019nin Ofisinde D\u00fczenlendi - ShiaWaves Turkish - \u015eia Haberleri\" \/>\n<meta property=\"og:description\" content=\"\u0130lah\u00ee Peygamber Hz. Muhammed ve \u0130mam Cafer-i Sad\u0131k\u2019\u0131n Do\u011fum Y\u0131ld\u00f6n\u00fcm\u00fc Etkinli\u011fi Beyrut\u2019ta Ayetullah Uzma \u015eirazi\u2019nin Ofisinde D\u00fczenlendi Hz. Muhammed Mustafa Sallallahu Aleyhi ve \u00c2lihi ve \u0130mam Cafer-i Sad\u0131k Aleyhissel\u00e2m\u2019\u0131n do\u011fum y\u0131l\u0131 m\u00fcnasebetiyle, Ayetullah Uzma Seyyid Sad\u0131k H\u00fcseyni \u015eirazi\u2019nin m\u00fcbarek g\u00f6lgesinin bulundu\u011fu Beyrut ofisinde bir kutlama etkinli\u011fi ger\u00e7ekle\u015ftirildi. Bu etkinlik, bir\u00e7ok \u00e2lim, ilm\u00ee havza \u00f6\u011frenci ve &hellip;\" \/>\n<meta property=\"og:url\" content=\"https:\/\/shiawaves.com\/turkish\/2026\/09\/03\/ilahi-peygamber-hz-muhammed-ve-imam-cafer-i-sadikin-dogum-yildonumu-etkinligi-beyrutta-ayetullah-uzma-sirazinin-ofisinde-duzenlendi\/\" \/>\n<meta property=\"og:site_name\" content=\"ShiaWaves Turkish - \u015eia Haberleri\" \/>\n<meta property=\"article:published_time\" content=\"2026-09-03T11:30:25+00:00\" \/>\n<meta name=\"author\" content=\"modir\" \/>\n<meta name=\"twitter:card\" content=\"summary_large_image\" \/>\n<meta name=\"twitter:label1\" content=\"Yazan:\" \/>\n\t<meta name=\"twitter:data1\" content=\"modir\" \/>\n\t<meta name=\"twitter:label2\" content=\"Tahmini okuma s\u00fcresi\" \/>\n\t<meta name=\"twitter:data2\" content=\"1 dakika\" \/>\n<script type=\"application\/ld+json\" class=\"yoast-schema-graph\">{\"@context\":\"https:\\\/\\\/schema.org\",\"@graph\":[{\"@type\":\"Article\",\"@id\":\"https:\\\/\\\/shiawaves.com\\\/turkish\\\/2026\\\/09\\\/03\\\/ilahi-peygamber-hz-muhammed-ve-imam-cafer-i-sadikin-dogum-yildonumu-etkinligi-beyrutta-ayetullah-uzma-sirazinin-ofisinde-duzenlendi\\\/#article\",\"isPartOf\":{\"@id\":\"https:\\\/\\\/shiawaves.com\\\/turkish\\\/2026\\\/09\\\/03\\\/ilahi-peygamber-hz-muhammed-ve-imam-cafer-i-sadikin-dogum-yildonumu-etkinligi-beyrutta-ayetullah-uzma-sirazinin-ofisinde-duzenlendi\\\/\"},\"author\":{\"name\":\"modir\",\"@id\":\"https:\\\/\\\/shiawaves.com\\\/turkish\\\/#\\\/schema\\\/person\\\/9f68d5023e948086b9348fba5aebd954\"},\"headline\":\"\u0130lah\u00ee Peygamber Hz. Muhammed ve \u0130mam Cafer-i Sad\u0131k\u2019\u0131n Do\u011fum Y\u0131ld\u00f6n\u00fcm\u00fc Etkinli\u011fi Beyrut\u2019ta Ayetullah Uzma \u015eirazi\u2019nin Ofisinde D\u00fczenlendi\",\"datePublished\":\"2026-09-03T11:30:25+00:00\",\"mainEntityOfPage\":{\"@id\":\"https:\\\/\\\/shiawaves.com\\\/turkish\\\/2026\\\/09\\\/03\\\/ilahi-peygamber-hz-muhammed-ve-imam-cafer-i-sadikin-dogum-yildonumu-etkinligi-beyrutta-ayetullah-uzma-sirazinin-ofisinde-duzenlendi\\\/\"},\"wordCount\":308,\"commentCount\":0,\"image\":{\"@id\":\"https:\\\/\\\/shiawaves.com\\\/turkish\\\/2026\\\/09\\\/03\\\/ilahi-peygamber-hz-muhammed-ve-imam-cafer-i-sadikin-dogum-yildonumu-etkinligi-beyrutta-ayetullah-uzma-sirazinin-ofisinde-duzenlendi\\\/#primaryimage\"},\"thumbnailUrl\":\"https:\\\/\\\/shiawaves.com\\\/turkish\\\/wp-content\\\/uploads\\\/sites\\\/6\\\/2026\\\/09\\\/file_3741.jpg\",\"articleSection\":[\"L\u00fcbnan\"],\"inLanguage\":\"tr\",\"potentialAction\":[{\"@type\":\"CommentAction\",\"name\":\"Comment\",\"target\":[\"https:\\\/\\\/shiawaves.com\\\/turkish\\\/2026\\\/09\\\/03\\\/ilahi-peygamber-hz-muhammed-ve-imam-cafer-i-sadikin-dogum-yildonumu-etkinligi-beyrutta-ayetullah-uzma-sirazinin-ofisinde-duzenlendi\\\/#respond\"]}]},{\"@type\":\"WebPage\",\"@id\":\"https:\\\/\\\/shiawaves.com\\\/turkish\\\/2026\\\/09\\\/03\\\/ilahi-peygamber-hz-muhammed-ve-imam-cafer-i-sadikin-dogum-yildonumu-etkinligi-beyrutta-ayetullah-uzma-sirazinin-ofisinde-duzenlendi\\\/\",\"url\":\"https:\\\/\\\/shiawaves.com\\\/turkish\\\/2026\\\/09\\\/03\\\/ilahi-peygamber-hz-muhammed-ve-imam-cafer-i-sadikin-dogum-yildonumu-etkinligi-beyrutta-ayetullah-uzma-sirazinin-ofisinde-duzenlendi\\\/\",\"name\":\"\u0130lah\u00ee Peygamber Hz. Muhammed ve \u0130mam Cafer-i Sad\u0131k\u2019\u0131n Do\u011fum Y\u0131ld\u00f6n\u00fcm\u00fc Etkinli\u011fi Beyrut\u2019ta Ayetullah Uzma \u015eirazi\u2019nin Ofisinde D\u00fczenlendi - ShiaWaves Turkish - \u015eia Haberleri\",\"isPartOf\":{\"@id\":\"https:\\\/\\\/shiawaves.com\\\/turkish\\\/#website\"},\"primaryImageOfPage\":{\"@id\":\"https:\\\/\\\/shiawaves.com\\\/turkish\\\/2026\\\/09\\\/03\\\/ilahi-peygamber-hz-muhammed-ve-imam-cafer-i-sadikin-dogum-yildonumu-etkinligi-beyrutta-ayetullah-uzma-sirazinin-ofisinde-duzenlendi\\\/#primaryimage\"},\"image\":{\"@id\":\"https:\\\/\\\/shiawaves.com\\\/turkish\\\/2026\\\/09\\\/03\\\/ilahi-peygamber-hz-muhammed-ve-imam-cafer-i-sadikin-dogum-yildonumu-etkinligi-beyrutta-ayetullah-uzma-sirazinin-ofisinde-duzenlendi\\\/#primaryimage\"},\"thumbnailUrl\":\"https:\\\/\\\/shiawaves.com\\\/turkish\\\/wp-content\\\/uploads\\\/sites\\\/6\\\/2026\\\/09\\\/file_3741.jpg\",\"datePublished\":\"2026-09-03T11:30:25+00:00\",\"author\":{\"@id\":\"https:\\\/\\\/shiawaves.com\\\/turkish\\\/#\\\/schema\\\/person\\\/9f68d5023e948086b9348fba5aebd954\"},\"breadcrumb\":{\"@id\":\"https:\\\/\\\/shiawaves.com\\\/turkish\\\/2026\\\/09\\\/03\\\/ilahi-peygamber-hz-muhammed-ve-imam-cafer-i-sadikin-dogum-yildonumu-etkinligi-beyrutta-ayetullah-uzma-sirazinin-ofisinde-duzenlendi\\\/#breadcrumb\"},\"inLanguage\":\"tr\",\"potentialAction\":[{\"@type\":\"ReadAction\",\"target\":[\"https:\\\/\\\/shiawaves.com\\\/turkish\\\/2026\\\/09\\\/03\\\/ilahi-peygamber-hz-muhammed-ve-imam-cafer-i-sadikin-dogum-yildonumu-etkinligi-beyrutta-ayetullah-uzma-sirazinin-ofisinde-duzenlendi\\\/\"]}]},{\"@type\":\"ImageObject\",\"inLanguage\":\"tr\",\"@id\":\"https:\\\/\\\/shiawaves.com\\\/turkish\\\/2026\\\/09\\\/03\\\/ilahi-peygamber-hz-muhammed-ve-imam-cafer-i-sadikin-dogum-yildonumu-etkinligi-beyrutta-ayetullah-uzma-sirazinin-ofisinde-duzenlendi\\\/#primaryimage\",\"url\":\"https:\\\/\\\/shiawaves.com\\\/turkish\\\/wp-content\\\/uploads\\\/sites\\\/6\\\/2026\\\/09\\\/file_3741.jpg\",\"contentUrl\":\"https:\\\/\\\/shiawaves.com\\\/turkish\\\/wp-content\\\/uploads\\\/sites\\\/6\\\/2026\\\/09\\\/file_3741.jpg\",\"width\":800,\"height\":538},{\"@type\":\"BreadcrumbList\",\"@id\":\"https:\\\/\\\/shiawaves.com\\\/turkish\\\/2026\\\/09\\\/03\\\/ilahi-peygamber-hz-muhammed-ve-imam-cafer-i-sadikin-dogum-yildonumu-etkinligi-beyrutta-ayetullah-uzma-sirazinin-ofisinde-duzenlendi\\\/#breadcrumb\",\"itemListElement\":[{\"@type\":\"ListItem\",\"position\":1,\"name\":\"Home\",\"item\":\"https:\\\/\\\/shiawaves.com\\\/turkish\\\/\"},{\"@type\":\"ListItem\",\"position\":2,\"name\":\"\u0130lah\u00ee Peygamber Hz. Muhammed ve \u0130mam Cafer-i Sad\u0131k\u2019\u0131n Do\u011fum Y\u0131ld\u00f6n\u00fcm\u00fc Etkinli\u011fi Beyrut\u2019ta Ayetullah Uzma \u015eirazi\u2019nin Ofisinde D\u00fczenlendi\"}]},{\"@type\":\"WebSite\",\"@id\":\"https:\\\/\\\/shiawaves.com\\\/turkish\\\/#website\",\"url\":\"https:\\\/\\\/shiawaves.com\\\/turkish\\\/\",\"name\":\"ShiaWaves Turkish - \u015eia Haberleri\",\"description\":\"\",\"potentialAction\":[{\"@type\":\"SearchAction\",\"target\":{\"@type\":\"EntryPoint\",\"urlTemplate\":\"https:\\\/\\\/shiawaves.com\\\/turkish\\\/?s={search_term_string}\"},\"query-input\":{\"@type\":\"PropertyValueSpecification\",\"valueRequired\":true,\"valueName\":\"search_term_string\"}}],\"inLanguage\":\"tr\"},{\"@type\":\"Person\",\"@id\":\"https:\\\/\\\/shiawaves.com\\\/turkish\\\/#\\\/schema\\\/person\\\/9f68d5023e948086b9348fba5aebd954\",\"name\":\"modir\",\"image\":{\"@type\":\"ImageObject\",\"inLanguage\":\"tr\",\"@id\":\"https:\\\/\\\/secure.gravatar.com\\\/avatar\\\/8e76f93cdbdd480bd8918d1e0e1d938664c9cb1516c2a57a2b96fe50b507a6b9?s=96&d=mm&r=g\",\"url\":\"https:\\\/\\\/secure.gravatar.com\\\/avatar\\\/8e76f93cdbdd480bd8918d1e0e1d938664c9cb1516c2a57a2b96fe50b507a6b9?s=96&d=mm&r=g\",\"contentUrl\":\"https:\\\/\\\/secure.gravatar.com\\\/avatar\\\/8e76f93cdbdd480bd8918d1e0e1d938664c9cb1516c2a57a2b96fe50b507a6b9?s=96&d=mm&r=g\",\"caption\":\"modir\"},\"sameAs\":[\"https:\\\/\\\/shiawaves.com\"],\"url\":\"https:\\\/\\\/shiawaves.com\\\/turkish\\\/author\\\/modir\\\/\"}]}<\/script>\n<!-- \/ Yoast SEO plugin. -->","yoast_head_json":{"title":"\u0130lah\u00ee Peygamber Hz. Muhammed ve \u0130mam Cafer-i Sad\u0131k\u2019\u0131n Do\u011fum Y\u0131ld\u00f6n\u00fcm\u00fc Etkinli\u011fi Beyrut\u2019ta Ayetullah Uzma \u015eirazi\u2019nin Ofisinde D\u00fczenlendi - ShiaWaves Turkish - \u015eia Haberleri","robots":{"index":"index","follow":"follow","max-snippet":"max-snippet:-1","max-image-preview":"max-image-preview:large","max-video-preview":"max-video-preview:-1"},"canonical":"https:\/\/shiawaves.com\/turkish\/2026\/09\/03\/ilahi-peygamber-hz-muhammed-ve-imam-cafer-i-sadikin-dogum-yildonumu-etkinligi-beyrutta-ayetullah-uzma-sirazinin-ofisinde-duzenlendi\/","og_locale":"tr_TR","og_type":"article","og_title":"\u0130lah\u00ee Peygamber Hz. Muhammed ve \u0130mam Cafer-i Sad\u0131k\u2019\u0131n Do\u011fum Y\u0131ld\u00f6n\u00fcm\u00fc Etkinli\u011fi Beyrut\u2019ta Ayetullah Uzma \u015eirazi\u2019nin Ofisinde D\u00fczenlendi - ShiaWaves Turkish - \u015eia Haberleri","og_description":"\u0130lah\u00ee Peygamber Hz. Muhammed ve \u0130mam Cafer-i Sad\u0131k\u2019\u0131n Do\u011fum Y\u0131ld\u00f6n\u00fcm\u00fc Etkinli\u011fi Beyrut\u2019ta Ayetullah Uzma \u015eirazi\u2019nin Ofisinde D\u00fczenlendi Hz. Muhammed Mustafa Sallallahu Aleyhi ve \u00c2lihi ve \u0130mam Cafer-i Sad\u0131k Aleyhissel\u00e2m\u2019\u0131n do\u011fum y\u0131l\u0131 m\u00fcnasebetiyle, Ayetullah Uzma Seyyid Sad\u0131k H\u00fcseyni \u015eirazi\u2019nin m\u00fcbarek g\u00f6lgesinin bulundu\u011fu Beyrut ofisinde bir kutlama etkinli\u011fi ger\u00e7ekle\u015ftirildi. Bu etkinlik, bir\u00e7ok \u00e2lim, ilm\u00ee havza \u00f6\u011frenci ve &hellip;","og_url":"https:\/\/shiawaves.com\/turkish\/2026\/09\/03\/ilahi-peygamber-hz-muhammed-ve-imam-cafer-i-sadikin-dogum-yildonumu-etkinligi-beyrutta-ayetullah-uzma-sirazinin-ofisinde-duzenlendi\/","og_site_name":"ShiaWaves Turkish - \u015eia Haberleri","article_published_time":"2026-09-03T11:30:25+00:00","author":"modir","twitter_card":"summary_large_image","twitter_misc":{"Yazan:":"modir","Tahmini okuma s\u00fcresi":"1 dakika"},"schema":{"@context":"https:\/\/schema.org","@graph":[{"@type":"Article","@id":"https:\/\/shiawaves.com\/turkish\/2026\/09\/03\/ilahi-peygamber-hz-muhammed-ve-imam-cafer-i-sadikin-dogum-yildonumu-etkinligi-beyrutta-ayetullah-uzma-sirazinin-ofisinde-duzenlendi\/#article","isPartOf":{"@id":"https:\/\/shiawaves.com\/turkish\/2026\/09\/03\/ilahi-peygamber-hz-muhammed-ve-imam-cafer-i-sadikin-dogum-yildonumu-etkinligi-beyrutta-ayetullah-uzma-sirazinin-ofisinde-duzenlendi\/"},"author":{"name":"modir","@id":"https:\/\/shiawaves.com\/turkish\/#\/schema\/person\/9f68d5023e948086b9348fba5aebd954"},"headline":"\u0130lah\u00ee Peygamber Hz. Muhammed ve \u0130mam Cafer-i Sad\u0131k\u2019\u0131n Do\u011fum Y\u0131ld\u00f6n\u00fcm\u00fc Etkinli\u011fi Beyrut\u2019ta Ayetullah Uzma \u015eirazi\u2019nin Ofisinde D\u00fczenlendi","datePublished":"2026-09-03T11:30:25+00:00","mainEntityOfPage":{"@id":"https:\/\/shiawaves.com\/turkish\/2026\/09\/03\/ilahi-peygamber-hz-muhammed-ve-imam-cafer-i-sadikin-dogum-yildonumu-etkinligi-beyrutta-ayetullah-uzma-sirazinin-ofisinde-duzenlendi\/"},"wordCount":308,"commentCount":0,"image":{"@id":"https:\/\/shiawaves.com\/turkish\/2026\/09\/03\/ilahi-peygamber-hz-muhammed-ve-imam-cafer-i-sadikin-dogum-yildonumu-etkinligi-beyrutta-ayetullah-uzma-sirazinin-ofisinde-duzenlendi\/#primaryimage"},"thumbnailUrl":"https:\/\/shiawaves.com\/turkish\/wp-content\/uploads\/sites\/6\/2026\/09\/file_3741.jpg","articleSection":["L\u00fcbnan"],"inLanguage":"tr","potentialAction":[{"@type":"CommentAction","name":"Comment","target":["https:\/\/shiawaves.com\/turkish\/2026\/09\/03\/ilahi-peygamber-hz-muhammed-ve-imam-cafer-i-sadikin-dogum-yildonumu-etkinligi-beyrutta-ayetullah-uzma-sirazinin-ofisinde-duzenlendi\/#respond"]}]},{"@type":"WebPage","@id":"https:\/\/shiawaves.com\/turkish\/2026\/09\/03\/ilahi-peygamber-hz-muhammed-ve-imam-cafer-i-sadikin-dogum-yildonumu-etkinligi-beyrutta-ayetullah-uzma-sirazinin-ofisinde-duzenlendi\/","url":"https:\/\/shiawaves.com\/turkish\/2026\/09\/03\/ilahi-peygamber-hz-muhammed-ve-imam-cafer-i-sadikin-dogum-yildonumu-etkinligi-beyrutta-ayetullah-uzma-sirazinin-ofisinde-duzenlendi\/","name":"\u0130lah\u00ee Peygamber Hz. Muhammed ve \u0130mam Cafer-i Sad\u0131k\u2019\u0131n Do\u011fum Y\u0131ld\u00f6n\u00fcm\u00fc Etkinli\u011fi Beyrut\u2019ta Ayetullah Uzma \u015eirazi\u2019nin Ofisinde D\u00fczenlendi - ShiaWaves Turkish - \u015eia Haberleri","isPartOf":{"@id":"https:\/\/shiawaves.com\/turkish\/#website"},"primaryImageOfPage":{"@id":"https:\/\/shiawaves.com\/turkish\/2026\/09\/03\/ilahi-peygamber-hz-muhammed-ve-imam-cafer-i-sadikin-dogum-yildonumu-etkinligi-beyrutta-ayetullah-uzma-sirazinin-ofisinde-duzenlendi\/#primaryimage"},"image":{"@id":"https:\/\/shiawaves.com\/turkish\/2026\/09\/03\/ilahi-peygamber-hz-muhammed-ve-imam-cafer-i-sadikin-dogum-yildonumu-etkinligi-beyrutta-ayetullah-uzma-sirazinin-ofisinde-duzenlendi\/#primaryimage"},"thumbnailUrl":"https:\/\/shiawaves.com\/turkish\/wp-content\/uploads\/sites\/6\/2026\/09\/file_3741.jpg","datePublished":"2026-09-03T11:30:25+00:00","author":{"@id":"https:\/\/shiawaves.com\/turkish\/#\/schema\/person\/9f68d5023e948086b9348fba5aebd954"},"breadcrumb":{"@id":"https:\/\/shiawaves.com\/turkish\/2026\/09\/03\/ilahi-peygamber-hz-muhammed-ve-imam-cafer-i-sadikin-dogum-yildonumu-etkinligi-beyrutta-ayetullah-uzma-sirazinin-ofisinde-duzenlendi\/#breadcrumb"},"inLanguage":"tr","potentialAction":[{"@type":"ReadAction","target":["https:\/\/shiawaves.com\/turkish\/2026\/09\/03\/ilahi-peygamber-hz-muhammed-ve-imam-cafer-i-sadikin-dogum-yildonumu-etkinligi-beyrutta-ayetullah-uzma-sirazinin-ofisinde-duzenlendi\/"]}]},{"@type":"ImageObject","inLanguage":"tr","@id":"https:\/\/shiawaves.com\/turkish\/2026\/09\/03\/ilahi-peygamber-hz-muhammed-ve-imam-cafer-i-sadikin-dogum-yildonumu-etkinligi-beyrutta-ayetullah-uzma-sirazinin-ofisinde-duzenlendi\/#primaryimage","url":"https:\/\/shiawaves.com\/turkish\/wp-content\/uploads\/sites\/6\/2026\/09\/file_3741.jpg","contentUrl":"https:\/\/shiawaves.com\/turkish\/wp-content\/uploads\/sites\/6\/2026\/09\/file_3741.jpg","width":800,"height":538},{"@type":"BreadcrumbList","@id":"https:\/\/shiawaves.com\/turkish\/2026\/09\/03\/ilahi-peygamber-hz-muhammed-ve-imam-cafer-i-sadikin-dogum-yildonumu-etkinligi-beyrutta-ayetullah-uzma-sirazinin-ofisinde-duzenlendi\/#breadcrumb","itemListElement":[{"@type":"ListItem","position":1,"name":"Home","item":"https:\/\/shiawaves.com\/turkish\/"},{"@type":"ListItem","position":2,"name":"\u0130lah\u00ee Peygamber Hz. Muhammed ve \u0130mam Cafer-i Sad\u0131k\u2019\u0131n Do\u011fum Y\u0131ld\u00f6n\u00fcm\u00fc Etkinli\u011fi Beyrut\u2019ta Ayetullah Uzma \u015eirazi\u2019nin Ofisinde D\u00fczenlendi"}]},{"@type":"WebSite","@id":"https:\/\/shiawaves.com\/turkish\/#website","url":"https:\/\/shiawaves.com\/turkish\/","name":"ShiaWaves Turkish - \u015eia Haberleri","description":"","potentialAction":[{"@type":"SearchAction","target":{"@type":"EntryPoint","urlTemplate":"https:\/\/shiawaves.com\/turkish\/?s={search_term_string}"},"query-input":{"@type":"PropertyValueSpecification","valueRequired":true,"valueName":"search_term_string"}}],"inLanguage":"tr"},{"@type":"Person","@id":"https:\/\/shiawaves.com\/turkish\/#\/schema\/person\/9f68d5023e948086b9348fba5aebd954","name":"modir","image":{"@type":"ImageObject","inLanguage":"tr","@id":"https:\/\/secure.gravatar.com\/avatar\/8e76f93cdbdd480bd8918d1e0e1d938664c9cb1516c2a57a2b96fe50b507a6b9?s=96&d=mm&r=g","url":"https:\/\/secure.gravatar.com\/avatar\/8e76f93cdbdd480bd8918d1e0e1d938664c9cb1516c2a57a2b96fe50b507a6b9?s=96&d=mm&r=g","contentUrl":"https:\/\/secure.gravatar.com\/avatar\/8e76f93cdbdd480bd8918d1e0e1d938664c9cb1516c2a57a2b96fe50b507a6b9?s=96&d=mm&r=g","caption":"modir"},"sameAs":["https:\/\/shiawaves.com"],"url":"https:\/\/shiawaves.com\/turkish\/author\/modir\/"}]}},"_links":{"self":[{"href":"https:\/\/shiawaves.com\/turkish\/wp-json\/wp\/v2\/posts\/121537","targetHints":{"allow":["GET"]}}],"collection":[{"href":"https:\/\/shiawaves.com\/turkish\/wp-json\/wp\/v2\/posts"}],"about":[{"href":"https:\/\/shiawaves.com\/turkish\/wp-json\/wp\/v2\/types\/post"}],"author":[{"embeddable":true,"href":"https:\/\/shiawaves.com\/turkish\/wp-json\/wp\/v2\/users\/1"}],"replies":[{"embeddable":true,"href":"https:\/\/shiawaves.com\/turkish\/wp-json\/wp\/v2\/comments?post=121537"}],"version-history":[{"count":0,"href":"https:\/\/shiawaves.com\/turkish\/wp-json\/wp\/v2\/posts\/121537\/revisions"}],"wp:featuredmedia":[{"embeddable":true,"href":"https:\/\/shiawaves.com\/turkish\/wp-json\/wp\/v2\/media\/121536"}],"wp:attachment":[{"href":"https:\/\/shiawaves.com\/turkish\/wp-json\/wp\/v2\/media?parent=121537"}],"wp:term":[{"taxonomy":"category","embeddable":true,"href":"https:\/\/shiawaves.com\/turkish\/wp-json\/wp\/v2\/categories?post=121537"},{"taxonomy":"post_tag","embeddable":true,"href":"https:\/\/shiawaves.com\/turkish\/wp-json\/wp\/v2\/tags?post=121537"}],"curies":[{"name":"wp","href":"https:\/\/api.w.org\/{rel}","templated":true}]}}