{"id":121533,"date":"2026-09-03T12:30:09","date_gmt":"2026-09-03T09:30:09","guid":{"rendered":"https:\/\/shiawaves.com\/turkish\/2026\/09\/03\/ozellikle-cuma-geceleri-imam-huseyinin-a-s-ziyaretine-yapilan-vurgu-ve-erdemin-sirri-peygamberlerin-meleklerin-ve-hz-fatima-zehranin-s-a-kerbeladaki-varliginin-dini-r\/"},"modified":"2026-09-03T12:30:09","modified_gmt":"2026-09-03T09:30:09","slug":"ozellikle-cuma-geceleri-imam-huseyinin-a-s-ziyaretine-yapilan-vurgu-ve-erdemin-sirri-peygamberlerin-meleklerin-ve-hz-fatima-zehranin-s-a-kerbeladaki-varliginin-dini-r","status":"publish","type":"post","link":"https:\/\/shiawaves.com\/turkish\/2026\/09\/03\/ozellikle-cuma-geceleri-imam-huseyinin-a-s-ziyaretine-yapilan-vurgu-ve-erdemin-sirri-peygamberlerin-meleklerin-ve-hz-fatima-zehranin-s-a-kerbeladaki-varliginin-dini-r\/","title":{"rendered":"\u00d6zellikle Cuma geceleri \u0130mam H\u00fcseyin\u2019in (a.s) ziyaretine yap\u0131lan vurgu ve erdemin s\u0131rr\u0131; Peygamberlerin, meleklerin ve Hz. Fat\u0131ma Zehra\u2019n\u0131n (s.a) Kerbela\u2019daki varl\u0131\u011f\u0131n\u0131n dini rivayetlerle incelenmesi"},"content":{"rendered":"<p>\u00d6zellikle Cuma geceleri \u0130mam H\u00fcseyin\u2019in (a.s) ziyaretine yap\u0131lan vurgu ve erdemin s\u0131rr\u0131; Peygamberlerin, meleklerin ve Hz. Fat\u0131ma Zehra\u2019n\u0131n (s.a) Kerbela\u2019daki varl\u0131\u011f\u0131n\u0131n dini rivayetlerle incelenmesi<\/p>\n<p>Ehl-i Beyt\u2019in (a.s) belgeleri ve rivayetleri ile g\u00fcvenilir hadis kaynaklar\u0131n\u0131n incelenmesi, Cuma gecesinin en faziletli ibadet zamanlar\u0131ndan biri olarak \u0130mam H\u00fcseyin\u2019i (a.s) ziyaret i\u00e7in benzersiz bir konuma sahip oldu\u011funu g\u00f6stermektedir.<\/p>\n<p>Rivayet edilen hadisler \u0131\u015f\u0131\u011f\u0131nda, bu gece ilahi rahmetin ini\u015fi ve kutsal Kerbela topraklar\u0131nda peygamberler ve melekler gibi de\u011ferli gayb ziyaret\u00e7ilerin varl\u0131\u011f\u0131 ile birlikte an\u0131lmaktad\u0131r.<\/p>\n<p>\ud83d\udc48Meslekta\u015f\u0131m bu konuyu anlat\u0131yor, \u015fimdi birlikte izleyelim:\ud83d\udc49<\/p>\n<p>\u015eii rivayet k\u00fclt\u00fcr\u00fcnde, Cuma gecesi &#8220;Leyli leylailerin efendisi&#8221; olarak bilinir ve ibadetlerin ger\u00e7ekle\u015ftirilmesi i\u00e7in en faziletli zamanlardan biri olarak kabul edilir.<\/p>\n<p>Bu zamanda tavsiye edilen t\u00fcm ameller aras\u0131nda, \u0130mam H\u00fcseyin\u2019i (a.s) ziyaret \u00e7ok de\u011ferli bir konuma sahiptir.<\/p>\n<p>Ehl-i Beyt (a.s) rivayetlerine g\u00f6re, Cuma gecesi ibadet sisteminde sadece bireysel ibadet i\u00e7in bir zaman de\u011fil, ayn\u0131 zamanda Hz. Seyyid\u00fc\u015f\u015f\u00fcheda (a.s) ile manevi bir ba\u011f kurmak ve geni\u015f ilahi bereketlerden yararlanmak i\u00e7in \u00f6zel bir f\u0131rsat olarak kabul edilir.<\/p>\n<p>D\u00f6rd\u00fcnc\u00fc hicri y\u00fczy\u0131l\u0131n b\u00fcy\u00fck \u00e2limlerinden Ebu&#8217;l-Kas\u0131m Cafer bin Muhammed bin Kuleveyh-i Kummi&#8217;nin yazd\u0131\u011f\u0131 &#8220;Kamil\u00fc&#8217;z-Ziyarat&#8221; kitab\u0131n\u0131n incelenmesi, Cuma gecesi \u0130mam H\u00fcseyin\u2019i (a.s) ziyaret etmenin vurgusunun, onun kutsal t\u00fcrbesindeki \u00f6zel ziyaret\u00e7ilerin varl\u0131\u011f\u0131na dair rivayetlere dayand\u0131\u011f\u0131n\u0131 g\u00f6stermektedir.<\/p>\n<p>\u0130mam Cafer Sad\u0131k\u2019tan (a.s) aktar\u0131lan hadislerde, g\u00f6klerde ve yerde hi\u00e7bir peygamber yoktur ki y\u00fcce Allah\u2019tan \u0130mam H\u00fcseyin\u2019i (a.s) ziyaret izni istememi\u015f olsun.<\/p>\n<p>Bu durum, Hz. Seyyid\u00fc\u015f\u015f\u00fcheda\u2019n\u0131n (a.s) makam\u0131n\u0131n y\u00fcceli\u011fini ve onun gayb alemindeki ziyaret\u00e7ilerinin geni\u015fli\u011fini g\u00f6stermektedir.<\/p>\n<p>Ayr\u0131ca kay\u0131tl\u0131 rivayetlere g\u00f6re, Cuma geceleri \u00e7e\u015fitli melek gruplar\u0131, o Hazretin menk\u0131belerini hat\u0131rlatmak ve onun m\u00fcbarek t\u00fcrbesinin ba\u015f\u0131nda g\u00f6zya\u015f\u0131 d\u00f6kmek i\u00e7in kutsal Kerbela topraklar\u0131na inerler.<\/p>\n<p>Peygamberler ve meleklerin varl\u0131\u011f\u0131 yan\u0131nda, Hz. Fat\u0131ma Zehra\u2019n\u0131n (s.a) manevi makam\u0131 da \u0130mam H\u00fcseyin\u2019i (a.s) ziyaretle ilgili rivayetlerde dikkat \u00e7ekmektedir.<\/p>\n<p>&#8220;Kamil\u00fc&#8217;z-Ziyarat&#8221; ve Allame Meclisi\u2019nin &#8220;Bihar\u00fc\u2019l-Envar&#8221; gibi bir\u00e7ok hadis kayna\u011f\u0131, Hz. Fat\u0131ma Zehra\u2019n\u0131n (s.a) s\u00fcrekli olarak evlatlar\u0131n\u0131n kabri yan\u0131nda ziyaret\u00e7ilerle bulundu\u011funu ve onlar i\u00e7in Allah\u2019tan ba\u011f\u0131\u015flanma diledi\u011fini vurgulamaktad\u0131r.<\/p>\n<p>O Hazretin manevi varl\u0131\u011f\u0131 belirli bir zamana ba\u011fl\u0131 olmasa da, bu amelin Cuma gecesi ger\u00e7ekle\u015ftirilmesi, artan bir fazilete sahiptir.<\/p>\n<p>\u015eeyh Tusi\u2019nin &#8220;Tehzib\u00fc&#8217;l-Ahkam&#8221; gibi muteber kitaplarda mevcut olan toplam rivayetler, \u0130mam H\u00fcseyin\u2019i (a.s) ziyaretin her zaman faziletli oldu\u011funu, ancak Cuma gecesi, \u00f6zel rahmet ini\u015fi ve peygamberler ile meleklerin varl\u0131\u011f\u0131 nedeniyle ziyaret\u00e7iler i\u00e7in e\u015fsiz bir f\u0131rsat sundu\u011funu belgeliyor.<\/p>\n","protected":false},"excerpt":{"rendered":"<p>\u00d6zellikle Cuma geceleri \u0130mam H\u00fcseyin\u2019in (a.s) ziyaretine yap\u0131lan vurgu ve erdemin s\u0131rr\u0131; Peygamberlerin, meleklerin ve Hz. Fat\u0131ma Zehra\u2019n\u0131n (s.a) Kerbela\u2019daki varl\u0131\u011f\u0131n\u0131n dini rivayetlerle incelenmesi Ehl-i Beyt\u2019in (a.s) belgeleri ve rivayetleri ile g\u00fcvenilir hadis kaynaklar\u0131n\u0131n incelenmesi, Cuma gecesinin en faziletli ibadet zamanlar\u0131ndan biri olarak \u0130mam H\u00fcseyin\u2019i (a.s) ziyaret i\u00e7in benzersiz bir konuma sahip oldu\u011funu g\u00f6stermektedir. Rivayet &hellip;<\/p>\n","protected":false},"author":1,"featured_media":121532,"comment_status":"open","ping_status":"open","sticky":false,"template":"","format":"standard","meta":{"rop_custom_images_group":[],"rop_custom_messages_group":[],"rop_publish_now":"initial","rop_publish_now_accounts":[],"rop_publish_now_history":[],"rop_publish_now_status":"pending","footnotes":""},"categories":[30],"tags":[],"class_list":["post-121533","post","type-post","status-publish","format-standard","has-post-thumbnail","hentry","category-atabat"],"_wp_page_template":null,"_wp_attached_file":null,"_wp_attachment_metadata":null,"_edit_lock":null,"yoast_head":"<!-- This site is optimized with the Yoast SEO plugin v27.9 - https:\/\/yoast.com\/product\/yoast-seo-wordpress\/ -->\n<title>\u00d6zellikle Cuma geceleri \u0130mam H\u00fcseyin\u2019in (a.s) ziyaretine yap\u0131lan vurgu ve erdemin s\u0131rr\u0131; Peygamberlerin, meleklerin ve Hz. Fat\u0131ma Zehra\u2019n\u0131n (s.a) Kerbela\u2019daki varl\u0131\u011f\u0131n\u0131n dini rivayetlerle incelenmesi - ShiaWaves Turkish - \u015eia Haberleri<\/title>\n<meta name=\"robots\" content=\"index, follow, max-snippet:-1, max-image-preview:large, max-video-preview:-1\" \/>\n<link rel=\"canonical\" href=\"https:\/\/shiawaves.com\/turkish\/2026\/09\/03\/ozellikle-cuma-geceleri-imam-huseyinin-a-s-ziyaretine-yapilan-vurgu-ve-erdemin-sirri-peygamberlerin-meleklerin-ve-hz-fatima-zehranin-s-a-kerbeladaki-varliginin-dini-r\/\" \/>\n<meta property=\"og:locale\" content=\"tr_TR\" \/>\n<meta property=\"og:type\" content=\"article\" \/>\n<meta property=\"og:title\" content=\"\u00d6zellikle Cuma geceleri \u0130mam H\u00fcseyin\u2019in (a.s) ziyaretine yap\u0131lan vurgu ve erdemin s\u0131rr\u0131; Peygamberlerin, meleklerin ve Hz. Fat\u0131ma Zehra\u2019n\u0131n (s.a) Kerbela\u2019daki varl\u0131\u011f\u0131n\u0131n dini rivayetlerle incelenmesi - ShiaWaves Turkish - \u015eia Haberleri\" \/>\n<meta property=\"og:description\" content=\"\u00d6zellikle Cuma geceleri \u0130mam H\u00fcseyin\u2019in (a.s) ziyaretine yap\u0131lan vurgu ve erdemin s\u0131rr\u0131; Peygamberlerin, meleklerin ve Hz. Fat\u0131ma Zehra\u2019n\u0131n (s.a) Kerbela\u2019daki varl\u0131\u011f\u0131n\u0131n dini rivayetlerle incelenmesi Ehl-i Beyt\u2019in (a.s) belgeleri ve rivayetleri ile g\u00fcvenilir hadis kaynaklar\u0131n\u0131n incelenmesi, Cuma gecesinin en faziletli ibadet zamanlar\u0131ndan biri olarak \u0130mam H\u00fcseyin\u2019i (a.s) ziyaret i\u00e7in benzersiz bir konuma sahip oldu\u011funu g\u00f6stermektedir. Rivayet &hellip;\" \/>\n<meta property=\"og:url\" content=\"https:\/\/shiawaves.com\/turkish\/2026\/09\/03\/ozellikle-cuma-geceleri-imam-huseyinin-a-s-ziyaretine-yapilan-vurgu-ve-erdemin-sirri-peygamberlerin-meleklerin-ve-hz-fatima-zehranin-s-a-kerbeladaki-varliginin-dini-r\/\" \/>\n<meta property=\"og:site_name\" content=\"ShiaWaves Turkish - \u015eia Haberleri\" \/>\n<meta property=\"article:published_time\" content=\"2026-09-03T09:30:09+00:00\" \/>\n<meta name=\"author\" content=\"modir\" \/>\n<meta name=\"twitter:card\" content=\"summary_large_image\" \/>\n<meta name=\"twitter:label1\" content=\"Yazan:\" \/>\n\t<meta name=\"twitter:data1\" content=\"modir\" \/>\n\t<meta name=\"twitter:label2\" content=\"Tahmini okuma s\u00fcresi\" \/>\n\t<meta name=\"twitter:data2\" content=\"3 dakika\" \/>\n<script type=\"application\/ld+json\" class=\"yoast-schema-graph\">{\"@context\":\"https:\\\/\\\/schema.org\",\"@graph\":[{\"@type\":\"Article\",\"@id\":\"https:\\\/\\\/shiawaves.com\\\/turkish\\\/2026\\\/09\\\/03\\\/ozellikle-cuma-geceleri-imam-huseyinin-a-s-ziyaretine-yapilan-vurgu-ve-erdemin-sirri-peygamberlerin-meleklerin-ve-hz-fatima-zehranin-s-a-kerbeladaki-varliginin-dini-r\\\/#article\",\"isPartOf\":{\"@id\":\"https:\\\/\\\/shiawaves.com\\\/turkish\\\/2026\\\/09\\\/03\\\/ozellikle-cuma-geceleri-imam-huseyinin-a-s-ziyaretine-yapilan-vurgu-ve-erdemin-sirri-peygamberlerin-meleklerin-ve-hz-fatima-zehranin-s-a-kerbeladaki-varliginin-dini-r\\\/\"},\"author\":{\"name\":\"modir\",\"@id\":\"https:\\\/\\\/shiawaves.com\\\/turkish\\\/#\\\/schema\\\/person\\\/9f68d5023e948086b9348fba5aebd954\"},\"headline\":\"\u00d6zellikle Cuma geceleri \u0130mam H\u00fcseyin\u2019in (a.s) ziyaretine yap\u0131lan vurgu ve erdemin s\u0131rr\u0131; Peygamberlerin, meleklerin ve Hz. Fat\u0131ma Zehra\u2019n\u0131n (s.a) Kerbela\u2019daki varl\u0131\u011f\u0131n\u0131n dini rivayetlerle incelenmesi\",\"datePublished\":\"2026-09-03T09:30:09+00:00\",\"mainEntityOfPage\":{\"@id\":\"https:\\\/\\\/shiawaves.com\\\/turkish\\\/2026\\\/09\\\/03\\\/ozellikle-cuma-geceleri-imam-huseyinin-a-s-ziyaretine-yapilan-vurgu-ve-erdemin-sirri-peygamberlerin-meleklerin-ve-hz-fatima-zehranin-s-a-kerbeladaki-varliginin-dini-r\\\/\"},\"wordCount\":545,\"commentCount\":0,\"image\":{\"@id\":\"https:\\\/\\\/shiawaves.com\\\/turkish\\\/2026\\\/09\\\/03\\\/ozellikle-cuma-geceleri-imam-huseyinin-a-s-ziyaretine-yapilan-vurgu-ve-erdemin-sirri-peygamberlerin-meleklerin-ve-hz-fatima-zehranin-s-a-kerbeladaki-varliginin-dini-r\\\/#primaryimage\"},\"thumbnailUrl\":\"https:\\\/\\\/shiawaves.com\\\/turkish\\\/wp-content\\\/uploads\\\/sites\\\/6\\\/2026\\\/09\\\/file_3739.jpg\",\"articleSection\":[\"Kutsal Mekanlar\"],\"inLanguage\":\"tr\",\"potentialAction\":[{\"@type\":\"CommentAction\",\"name\":\"Comment\",\"target\":[\"https:\\\/\\\/shiawaves.com\\\/turkish\\\/2026\\\/09\\\/03\\\/ozellikle-cuma-geceleri-imam-huseyinin-a-s-ziyaretine-yapilan-vurgu-ve-erdemin-sirri-peygamberlerin-meleklerin-ve-hz-fatima-zehranin-s-a-kerbeladaki-varliginin-dini-r\\\/#respond\"]}]},{\"@type\":\"WebPage\",\"@id\":\"https:\\\/\\\/shiawaves.com\\\/turkish\\\/2026\\\/09\\\/03\\\/ozellikle-cuma-geceleri-imam-huseyinin-a-s-ziyaretine-yapilan-vurgu-ve-erdemin-sirri-peygamberlerin-meleklerin-ve-hz-fatima-zehranin-s-a-kerbeladaki-varliginin-dini-r\\\/\",\"url\":\"https:\\\/\\\/shiawaves.com\\\/turkish\\\/2026\\\/09\\\/03\\\/ozellikle-cuma-geceleri-imam-huseyinin-a-s-ziyaretine-yapilan-vurgu-ve-erdemin-sirri-peygamberlerin-meleklerin-ve-hz-fatima-zehranin-s-a-kerbeladaki-varliginin-dini-r\\\/\",\"name\":\"\u00d6zellikle Cuma geceleri \u0130mam H\u00fcseyin\u2019in (a.s) ziyaretine yap\u0131lan vurgu ve erdemin s\u0131rr\u0131; Peygamberlerin, meleklerin ve Hz. Fat\u0131ma Zehra\u2019n\u0131n (s.a) Kerbela\u2019daki varl\u0131\u011f\u0131n\u0131n dini rivayetlerle incelenmesi - ShiaWaves Turkish - \u015eia Haberleri\",\"isPartOf\":{\"@id\":\"https:\\\/\\\/shiawaves.com\\\/turkish\\\/#website\"},\"primaryImageOfPage\":{\"@id\":\"https:\\\/\\\/shiawaves.com\\\/turkish\\\/2026\\\/09\\\/03\\\/ozellikle-cuma-geceleri-imam-huseyinin-a-s-ziyaretine-yapilan-vurgu-ve-erdemin-sirri-peygamberlerin-meleklerin-ve-hz-fatima-zehranin-s-a-kerbeladaki-varliginin-dini-r\\\/#primaryimage\"},\"image\":{\"@id\":\"https:\\\/\\\/shiawaves.com\\\/turkish\\\/2026\\\/09\\\/03\\\/ozellikle-cuma-geceleri-imam-huseyinin-a-s-ziyaretine-yapilan-vurgu-ve-erdemin-sirri-peygamberlerin-meleklerin-ve-hz-fatima-zehranin-s-a-kerbeladaki-varliginin-dini-r\\\/#primaryimage\"},\"thumbnailUrl\":\"https:\\\/\\\/shiawaves.com\\\/turkish\\\/wp-content\\\/uploads\\\/sites\\\/6\\\/2026\\\/09\\\/file_3739.jpg\",\"datePublished\":\"2026-09-03T09:30:09+00:00\",\"author\":{\"@id\":\"https:\\\/\\\/shiawaves.com\\\/turkish\\\/#\\\/schema\\\/person\\\/9f68d5023e948086b9348fba5aebd954\"},\"breadcrumb\":{\"@id\":\"https:\\\/\\\/shiawaves.com\\\/turkish\\\/2026\\\/09\\\/03\\\/ozellikle-cuma-geceleri-imam-huseyinin-a-s-ziyaretine-yapilan-vurgu-ve-erdemin-sirri-peygamberlerin-meleklerin-ve-hz-fatima-zehranin-s-a-kerbeladaki-varliginin-dini-r\\\/#breadcrumb\"},\"inLanguage\":\"tr\",\"potentialAction\":[{\"@type\":\"ReadAction\",\"target\":[\"https:\\\/\\\/shiawaves.com\\\/turkish\\\/2026\\\/09\\\/03\\\/ozellikle-cuma-geceleri-imam-huseyinin-a-s-ziyaretine-yapilan-vurgu-ve-erdemin-sirri-peygamberlerin-meleklerin-ve-hz-fatima-zehranin-s-a-kerbeladaki-varliginin-dini-r\\\/\"]}]},{\"@type\":\"ImageObject\",\"inLanguage\":\"tr\",\"@id\":\"https:\\\/\\\/shiawaves.com\\\/turkish\\\/2026\\\/09\\\/03\\\/ozellikle-cuma-geceleri-imam-huseyinin-a-s-ziyaretine-yapilan-vurgu-ve-erdemin-sirri-peygamberlerin-meleklerin-ve-hz-fatima-zehranin-s-a-kerbeladaki-varliginin-dini-r\\\/#primaryimage\",\"url\":\"https:\\\/\\\/shiawaves.com\\\/turkish\\\/wp-content\\\/uploads\\\/sites\\\/6\\\/2026\\\/09\\\/file_3739.jpg\",\"contentUrl\":\"https:\\\/\\\/shiawaves.com\\\/turkish\\\/wp-content\\\/uploads\\\/sites\\\/6\\\/2026\\\/09\\\/file_3739.jpg\",\"width\":1280,\"height\":853},{\"@type\":\"BreadcrumbList\",\"@id\":\"https:\\\/\\\/shiawaves.com\\\/turkish\\\/2026\\\/09\\\/03\\\/ozellikle-cuma-geceleri-imam-huseyinin-a-s-ziyaretine-yapilan-vurgu-ve-erdemin-sirri-peygamberlerin-meleklerin-ve-hz-fatima-zehranin-s-a-kerbeladaki-varliginin-dini-r\\\/#breadcrumb\",\"itemListElement\":[{\"@type\":\"ListItem\",\"position\":1,\"name\":\"Home\",\"item\":\"https:\\\/\\\/shiawaves.com\\\/turkish\\\/\"},{\"@type\":\"ListItem\",\"position\":2,\"name\":\"\u00d6zellikle Cuma geceleri \u0130mam H\u00fcseyin\u2019in (a.s) ziyaretine yap\u0131lan vurgu ve erdemin s\u0131rr\u0131; Peygamberlerin, meleklerin ve Hz. Fat\u0131ma Zehra\u2019n\u0131n (s.a) Kerbela\u2019daki varl\u0131\u011f\u0131n\u0131n dini rivayetlerle incelenmesi\"}]},{\"@type\":\"WebSite\",\"@id\":\"https:\\\/\\\/shiawaves.com\\\/turkish\\\/#website\",\"url\":\"https:\\\/\\\/shiawaves.com\\\/turkish\\\/\",\"name\":\"ShiaWaves Turkish - \u015eia Haberleri\",\"description\":\"\",\"potentialAction\":[{\"@type\":\"SearchAction\",\"target\":{\"@type\":\"EntryPoint\",\"urlTemplate\":\"https:\\\/\\\/shiawaves.com\\\/turkish\\\/?s={search_term_string}\"},\"query-input\":{\"@type\":\"PropertyValueSpecification\",\"valueRequired\":true,\"valueName\":\"search_term_string\"}}],\"inLanguage\":\"tr\"},{\"@type\":\"Person\",\"@id\":\"https:\\\/\\\/shiawaves.com\\\/turkish\\\/#\\\/schema\\\/person\\\/9f68d5023e948086b9348fba5aebd954\",\"name\":\"modir\",\"image\":{\"@type\":\"ImageObject\",\"inLanguage\":\"tr\",\"@id\":\"https:\\\/\\\/secure.gravatar.com\\\/avatar\\\/8e76f93cdbdd480bd8918d1e0e1d938664c9cb1516c2a57a2b96fe50b507a6b9?s=96&d=mm&r=g\",\"url\":\"https:\\\/\\\/secure.gravatar.com\\\/avatar\\\/8e76f93cdbdd480bd8918d1e0e1d938664c9cb1516c2a57a2b96fe50b507a6b9?s=96&d=mm&r=g\",\"contentUrl\":\"https:\\\/\\\/secure.gravatar.com\\\/avatar\\\/8e76f93cdbdd480bd8918d1e0e1d938664c9cb1516c2a57a2b96fe50b507a6b9?s=96&d=mm&r=g\",\"caption\":\"modir\"},\"sameAs\":[\"https:\\\/\\\/shiawaves.com\"],\"url\":\"https:\\\/\\\/shiawaves.com\\\/turkish\\\/author\\\/modir\\\/\"}]}<\/script>\n<!-- \/ Yoast SEO plugin. -->","yoast_head_json":{"title":"\u00d6zellikle Cuma geceleri \u0130mam H\u00fcseyin\u2019in (a.s) ziyaretine yap\u0131lan vurgu ve erdemin s\u0131rr\u0131; Peygamberlerin, meleklerin ve Hz. Fat\u0131ma Zehra\u2019n\u0131n (s.a) Kerbela\u2019daki varl\u0131\u011f\u0131n\u0131n dini rivayetlerle incelenmesi - ShiaWaves Turkish - \u015eia Haberleri","robots":{"index":"index","follow":"follow","max-snippet":"max-snippet:-1","max-image-preview":"max-image-preview:large","max-video-preview":"max-video-preview:-1"},"canonical":"https:\/\/shiawaves.com\/turkish\/2026\/09\/03\/ozellikle-cuma-geceleri-imam-huseyinin-a-s-ziyaretine-yapilan-vurgu-ve-erdemin-sirri-peygamberlerin-meleklerin-ve-hz-fatima-zehranin-s-a-kerbeladaki-varliginin-dini-r\/","og_locale":"tr_TR","og_type":"article","og_title":"\u00d6zellikle Cuma geceleri \u0130mam H\u00fcseyin\u2019in (a.s) ziyaretine yap\u0131lan vurgu ve erdemin s\u0131rr\u0131; Peygamberlerin, meleklerin ve Hz. Fat\u0131ma Zehra\u2019n\u0131n (s.a) Kerbela\u2019daki varl\u0131\u011f\u0131n\u0131n dini rivayetlerle incelenmesi - ShiaWaves Turkish - \u015eia Haberleri","og_description":"\u00d6zellikle Cuma geceleri \u0130mam H\u00fcseyin\u2019in (a.s) ziyaretine yap\u0131lan vurgu ve erdemin s\u0131rr\u0131; Peygamberlerin, meleklerin ve Hz. Fat\u0131ma Zehra\u2019n\u0131n (s.a) Kerbela\u2019daki varl\u0131\u011f\u0131n\u0131n dini rivayetlerle incelenmesi Ehl-i Beyt\u2019in (a.s) belgeleri ve rivayetleri ile g\u00fcvenilir hadis kaynaklar\u0131n\u0131n incelenmesi, Cuma gecesinin en faziletli ibadet zamanlar\u0131ndan biri olarak \u0130mam H\u00fcseyin\u2019i (a.s) ziyaret i\u00e7in benzersiz bir konuma sahip oldu\u011funu g\u00f6stermektedir. Rivayet &hellip;","og_url":"https:\/\/shiawaves.com\/turkish\/2026\/09\/03\/ozellikle-cuma-geceleri-imam-huseyinin-a-s-ziyaretine-yapilan-vurgu-ve-erdemin-sirri-peygamberlerin-meleklerin-ve-hz-fatima-zehranin-s-a-kerbeladaki-varliginin-dini-r\/","og_site_name":"ShiaWaves Turkish - \u015eia Haberleri","article_published_time":"2026-09-03T09:30:09+00:00","author":"modir","twitter_card":"summary_large_image","twitter_misc":{"Yazan:":"modir","Tahmini okuma s\u00fcresi":"3 dakika"},"schema":{"@context":"https:\/\/schema.org","@graph":[{"@type":"Article","@id":"https:\/\/shiawaves.com\/turkish\/2026\/09\/03\/ozellikle-cuma-geceleri-imam-huseyinin-a-s-ziyaretine-yapilan-vurgu-ve-erdemin-sirri-peygamberlerin-meleklerin-ve-hz-fatima-zehranin-s-a-kerbeladaki-varliginin-dini-r\/#article","isPartOf":{"@id":"https:\/\/shiawaves.com\/turkish\/2026\/09\/03\/ozellikle-cuma-geceleri-imam-huseyinin-a-s-ziyaretine-yapilan-vurgu-ve-erdemin-sirri-peygamberlerin-meleklerin-ve-hz-fatima-zehranin-s-a-kerbeladaki-varliginin-dini-r\/"},"author":{"name":"modir","@id":"https:\/\/shiawaves.com\/turkish\/#\/schema\/person\/9f68d5023e948086b9348fba5aebd954"},"headline":"\u00d6zellikle Cuma geceleri \u0130mam H\u00fcseyin\u2019in (a.s) ziyaretine yap\u0131lan vurgu ve erdemin s\u0131rr\u0131; Peygamberlerin, meleklerin ve Hz. Fat\u0131ma Zehra\u2019n\u0131n (s.a) Kerbela\u2019daki varl\u0131\u011f\u0131n\u0131n dini rivayetlerle incelenmesi","datePublished":"2026-09-03T09:30:09+00:00","mainEntityOfPage":{"@id":"https:\/\/shiawaves.com\/turkish\/2026\/09\/03\/ozellikle-cuma-geceleri-imam-huseyinin-a-s-ziyaretine-yapilan-vurgu-ve-erdemin-sirri-peygamberlerin-meleklerin-ve-hz-fatima-zehranin-s-a-kerbeladaki-varliginin-dini-r\/"},"wordCount":545,"commentCount":0,"image":{"@id":"https:\/\/shiawaves.com\/turkish\/2026\/09\/03\/ozellikle-cuma-geceleri-imam-huseyinin-a-s-ziyaretine-yapilan-vurgu-ve-erdemin-sirri-peygamberlerin-meleklerin-ve-hz-fatima-zehranin-s-a-kerbeladaki-varliginin-dini-r\/#primaryimage"},"thumbnailUrl":"https:\/\/shiawaves.com\/turkish\/wp-content\/uploads\/sites\/6\/2026\/09\/file_3739.jpg","articleSection":["Kutsal Mekanlar"],"inLanguage":"tr","potentialAction":[{"@type":"CommentAction","name":"Comment","target":["https:\/\/shiawaves.com\/turkish\/2026\/09\/03\/ozellikle-cuma-geceleri-imam-huseyinin-a-s-ziyaretine-yapilan-vurgu-ve-erdemin-sirri-peygamberlerin-meleklerin-ve-hz-fatima-zehranin-s-a-kerbeladaki-varliginin-dini-r\/#respond"]}]},{"@type":"WebPage","@id":"https:\/\/shiawaves.com\/turkish\/2026\/09\/03\/ozellikle-cuma-geceleri-imam-huseyinin-a-s-ziyaretine-yapilan-vurgu-ve-erdemin-sirri-peygamberlerin-meleklerin-ve-hz-fatima-zehranin-s-a-kerbeladaki-varliginin-dini-r\/","url":"https:\/\/shiawaves.com\/turkish\/2026\/09\/03\/ozellikle-cuma-geceleri-imam-huseyinin-a-s-ziyaretine-yapilan-vurgu-ve-erdemin-sirri-peygamberlerin-meleklerin-ve-hz-fatima-zehranin-s-a-kerbeladaki-varliginin-dini-r\/","name":"\u00d6zellikle Cuma geceleri \u0130mam H\u00fcseyin\u2019in (a.s) ziyaretine yap\u0131lan vurgu ve erdemin s\u0131rr\u0131; Peygamberlerin, meleklerin ve Hz. Fat\u0131ma Zehra\u2019n\u0131n (s.a) Kerbela\u2019daki varl\u0131\u011f\u0131n\u0131n dini rivayetlerle incelenmesi - ShiaWaves Turkish - \u015eia Haberleri","isPartOf":{"@id":"https:\/\/shiawaves.com\/turkish\/#website"},"primaryImageOfPage":{"@id":"https:\/\/shiawaves.com\/turkish\/2026\/09\/03\/ozellikle-cuma-geceleri-imam-huseyinin-a-s-ziyaretine-yapilan-vurgu-ve-erdemin-sirri-peygamberlerin-meleklerin-ve-hz-fatima-zehranin-s-a-kerbeladaki-varliginin-dini-r\/#primaryimage"},"image":{"@id":"https:\/\/shiawaves.com\/turkish\/2026\/09\/03\/ozellikle-cuma-geceleri-imam-huseyinin-a-s-ziyaretine-yapilan-vurgu-ve-erdemin-sirri-peygamberlerin-meleklerin-ve-hz-fatima-zehranin-s-a-kerbeladaki-varliginin-dini-r\/#primaryimage"},"thumbnailUrl":"https:\/\/shiawaves.com\/turkish\/wp-content\/uploads\/sites\/6\/2026\/09\/file_3739.jpg","datePublished":"2026-09-03T09:30:09+00:00","author":{"@id":"https:\/\/shiawaves.com\/turkish\/#\/schema\/person\/9f68d5023e948086b9348fba5aebd954"},"breadcrumb":{"@id":"https:\/\/shiawaves.com\/turkish\/2026\/09\/03\/ozellikle-cuma-geceleri-imam-huseyinin-a-s-ziyaretine-yapilan-vurgu-ve-erdemin-sirri-peygamberlerin-meleklerin-ve-hz-fatima-zehranin-s-a-kerbeladaki-varliginin-dini-r\/#breadcrumb"},"inLanguage":"tr","potentialAction":[{"@type":"ReadAction","target":["https:\/\/shiawaves.com\/turkish\/2026\/09\/03\/ozellikle-cuma-geceleri-imam-huseyinin-a-s-ziyaretine-yapilan-vurgu-ve-erdemin-sirri-peygamberlerin-meleklerin-ve-hz-fatima-zehranin-s-a-kerbeladaki-varliginin-dini-r\/"]}]},{"@type":"ImageObject","inLanguage":"tr","@id":"https:\/\/shiawaves.com\/turkish\/2026\/09\/03\/ozellikle-cuma-geceleri-imam-huseyinin-a-s-ziyaretine-yapilan-vurgu-ve-erdemin-sirri-peygamberlerin-meleklerin-ve-hz-fatima-zehranin-s-a-kerbeladaki-varliginin-dini-r\/#primaryimage","url":"https:\/\/shiawaves.com\/turkish\/wp-content\/uploads\/sites\/6\/2026\/09\/file_3739.jpg","contentUrl":"https:\/\/shiawaves.com\/turkish\/wp-content\/uploads\/sites\/6\/2026\/09\/file_3739.jpg","width":1280,"height":853},{"@type":"BreadcrumbList","@id":"https:\/\/shiawaves.com\/turkish\/2026\/09\/03\/ozellikle-cuma-geceleri-imam-huseyinin-a-s-ziyaretine-yapilan-vurgu-ve-erdemin-sirri-peygamberlerin-meleklerin-ve-hz-fatima-zehranin-s-a-kerbeladaki-varliginin-dini-r\/#breadcrumb","itemListElement":[{"@type":"ListItem","position":1,"name":"Home","item":"https:\/\/shiawaves.com\/turkish\/"},{"@type":"ListItem","position":2,"name":"\u00d6zellikle Cuma geceleri \u0130mam H\u00fcseyin\u2019in (a.s) ziyaretine yap\u0131lan vurgu ve erdemin s\u0131rr\u0131; Peygamberlerin, meleklerin ve Hz. Fat\u0131ma Zehra\u2019n\u0131n (s.a) Kerbela\u2019daki varl\u0131\u011f\u0131n\u0131n dini rivayetlerle incelenmesi"}]},{"@type":"WebSite","@id":"https:\/\/shiawaves.com\/turkish\/#website","url":"https:\/\/shiawaves.com\/turkish\/","name":"ShiaWaves Turkish - \u015eia Haberleri","description":"","potentialAction":[{"@type":"SearchAction","target":{"@type":"EntryPoint","urlTemplate":"https:\/\/shiawaves.com\/turkish\/?s={search_term_string}"},"query-input":{"@type":"PropertyValueSpecification","valueRequired":true,"valueName":"search_term_string"}}],"inLanguage":"tr"},{"@type":"Person","@id":"https:\/\/shiawaves.com\/turkish\/#\/schema\/person\/9f68d5023e948086b9348fba5aebd954","name":"modir","image":{"@type":"ImageObject","inLanguage":"tr","@id":"https:\/\/secure.gravatar.com\/avatar\/8e76f93cdbdd480bd8918d1e0e1d938664c9cb1516c2a57a2b96fe50b507a6b9?s=96&d=mm&r=g","url":"https:\/\/secure.gravatar.com\/avatar\/8e76f93cdbdd480bd8918d1e0e1d938664c9cb1516c2a57a2b96fe50b507a6b9?s=96&d=mm&r=g","contentUrl":"https:\/\/secure.gravatar.com\/avatar\/8e76f93cdbdd480bd8918d1e0e1d938664c9cb1516c2a57a2b96fe50b507a6b9?s=96&d=mm&r=g","caption":"modir"},"sameAs":["https:\/\/shiawaves.com"],"url":"https:\/\/shiawaves.com\/turkish\/author\/modir\/"}]}},"_links":{"self":[{"href":"https:\/\/shiawaves.com\/turkish\/wp-json\/wp\/v2\/posts\/121533","targetHints":{"allow":["GET"]}}],"collection":[{"href":"https:\/\/shiawaves.com\/turkish\/wp-json\/wp\/v2\/posts"}],"about":[{"href":"https:\/\/shiawaves.com\/turkish\/wp-json\/wp\/v2\/types\/post"}],"author":[{"embeddable":true,"href":"https:\/\/shiawaves.com\/turkish\/wp-json\/wp\/v2\/users\/1"}],"replies":[{"embeddable":true,"href":"https:\/\/shiawaves.com\/turkish\/wp-json\/wp\/v2\/comments?post=121533"}],"version-history":[{"count":0,"href":"https:\/\/shiawaves.com\/turkish\/wp-json\/wp\/v2\/posts\/121533\/revisions"}],"wp:featuredmedia":[{"embeddable":true,"href":"https:\/\/shiawaves.com\/turkish\/wp-json\/wp\/v2\/media\/121532"}],"wp:attachment":[{"href":"https:\/\/shiawaves.com\/turkish\/wp-json\/wp\/v2\/media?parent=121533"}],"wp:term":[{"taxonomy":"category","embeddable":true,"href":"https:\/\/shiawaves.com\/turkish\/wp-json\/wp\/v2\/categories?post=121533"},{"taxonomy":"post_tag","embeddable":true,"href":"https:\/\/shiawaves.com\/turkish\/wp-json\/wp\/v2\/tags?post=121533"}],"curies":[{"name":"wp","href":"https:\/\/api.w.org\/{rel}","templated":true}]}}