{"id":121529,"date":"2026-09-02T18:01:16","date_gmt":"2026-09-02T15:01:16","guid":{"rendered":"https:\/\/shiawaves.com\/turkish\/2026\/09\/02\/idlib-suriyede-muhimmat-yuklu-bir-aracin-patlamasinda-hayatini-kaybedenlerin-sayisinda-artis-ve-vatandaslarin-guvenlik-durumunun-endise-verici-olmasi\/"},"modified":"2026-09-02T18:01:16","modified_gmt":"2026-09-02T15:01:16","slug":"idlib-suriyede-muhimmat-yuklu-bir-aracin-patlamasinda-hayatini-kaybedenlerin-sayisinda-artis-ve-vatandaslarin-guvenlik-durumunun-endise-verici-olmasi","status":"publish","type":"post","link":"https:\/\/shiawaves.com\/turkish\/2026\/09\/02\/idlib-suriyede-muhimmat-yuklu-bir-aracin-patlamasinda-hayatini-kaybedenlerin-sayisinda-artis-ve-vatandaslarin-guvenlik-durumunun-endise-verici-olmasi\/","title":{"rendered":"\u0130dlib, Suriye&#8217;de m\u00fchimmat y\u00fckl\u00fc bir arac\u0131n patlamas\u0131nda hayat\u0131n\u0131 kaybedenlerin say\u0131s\u0131nda art\u0131\u015f ve vatanda\u015flar\u0131n g\u00fcvenlik durumunun endi\u015fe verici olmas\u0131"},"content":{"rendered":"<p>\u0130dlib, Suriye&#8217;de m\u00fchimmat y\u00fckl\u00fc bir arac\u0131n patlamas\u0131nda hayat\u0131n\u0131 kaybedenlerin say\u0131s\u0131nda art\u0131\u015f ve vatanda\u015flar\u0131n g\u00fcvenlik durumunun endi\u015fe verici olmas\u0131<\/p>\n<p>Kuzey Suriye&#8217;nin yerle\u015fim b\u00f6lgelerinde patlay\u0131c\u0131 maddelerin infilak\u0131, bir kez daha vatanda\u015flar\u0131n ve savunmas\u0131z gruplar\u0131n hayatlar\u0131n\u0131 ciddi tehditlerle kar\u015f\u0131 kar\u015f\u0131ya b\u0131rakm\u0131\u015ft\u0131r.<\/p>\n<p>Askeri te\u00e7hizat\u0131n ta\u015f\u0131nmas\u0131nda g\u00fcvenlik kurallar\u0131na uyulmamas\u0131, yerel halk i\u00e7in g\u00fcvensizli\u011fi ve ac\u0131 verici can kay\u0131plar\u0131n\u0131 beraberinde getirmektedir.<\/p>\n<p>Suriye resmi haber ajans\u0131 SANA&#8217;n\u0131n bildirdi\u011fine g\u00f6re, \u0130dlib vilayeti sa\u011fl\u0131k m\u00fcd\u00fcrl\u00fc\u011f\u00fc, \u0130dlib k\u0131rsal\u0131ndaki Ben\u015f \u015fehrinde meydana gelen m\u00fchimmat y\u00fckl\u00fc bir arac\u0131n patlamas\u0131nda hayat\u0131n\u0131 kaybedenlerin say\u0131s\u0131n\u0131n 5&#8217;e y\u00fckseldi\u011fini a\u00e7\u0131klad\u0131.<\/p>\n<p>Bu olayda 5 ki\u015finin daha yaraland\u0131\u011f\u0131 ve t\u0131bbi g\u00f6zetim alt\u0131nda olduklar\u0131 bildirildi.<\/p>\n","protected":false},"excerpt":{"rendered":"<p>\u0130dlib, Suriye&#8217;de m\u00fchimmat y\u00fckl\u00fc bir arac\u0131n patlamas\u0131nda hayat\u0131n\u0131 kaybedenlerin say\u0131s\u0131nda art\u0131\u015f ve vatanda\u015flar\u0131n g\u00fcvenlik durumunun endi\u015fe verici olmas\u0131 Kuzey Suriye&#8217;nin yerle\u015fim b\u00f6lgelerinde patlay\u0131c\u0131 maddelerin infilak\u0131, bir kez daha vatanda\u015flar\u0131n ve savunmas\u0131z gruplar\u0131n hayatlar\u0131n\u0131 ciddi tehditlerle kar\u015f\u0131 kar\u015f\u0131ya b\u0131rakm\u0131\u015ft\u0131r. Askeri te\u00e7hizat\u0131n ta\u015f\u0131nmas\u0131nda g\u00fcvenlik kurallar\u0131na uyulmamas\u0131, yerel halk i\u00e7in g\u00fcvensizli\u011fi ve ac\u0131 verici can kay\u0131plar\u0131n\u0131 beraberinde getirmektedir. &hellip;<\/p>\n","protected":false},"author":1,"featured_media":121528,"comment_status":"open","ping_status":"open","sticky":false,"template":"","format":"standard","meta":{"rop_custom_images_group":[],"rop_custom_messages_group":[],"rop_publish_now":"initial","rop_publish_now_accounts":[],"rop_publish_now_history":[],"rop_publish_now_status":"pending","footnotes":""},"categories":[13],"tags":[],"class_list":["post-121529","post","type-post","status-publish","format-standard","has-post-thumbnail","hentry","category-syria"],"_wp_page_template":null,"_wp_attached_file":null,"_wp_attachment_metadata":null,"_edit_lock":null,"yoast_head":"<!-- This site is optimized with the Yoast SEO plugin v27.9 - https:\/\/yoast.com\/product\/yoast-seo-wordpress\/ -->\n<title>\u0130dlib, Suriye&#039;de m\u00fchimmat y\u00fckl\u00fc bir arac\u0131n patlamas\u0131nda hayat\u0131n\u0131 kaybedenlerin say\u0131s\u0131nda art\u0131\u015f ve vatanda\u015flar\u0131n g\u00fcvenlik durumunun endi\u015fe verici olmas\u0131 - ShiaWaves Turkish - \u015eia Haberleri<\/title>\n<meta name=\"robots\" content=\"index, follow, max-snippet:-1, max-image-preview:large, max-video-preview:-1\" \/>\n<link rel=\"canonical\" href=\"https:\/\/shiawaves.com\/turkish\/2026\/09\/02\/idlib-suriyede-muhimmat-yuklu-bir-aracin-patlamasinda-hayatini-kaybedenlerin-sayisinda-artis-ve-vatandaslarin-guvenlik-durumunun-endise-verici-olmasi\/\" \/>\n<meta property=\"og:locale\" content=\"tr_TR\" \/>\n<meta property=\"og:type\" content=\"article\" \/>\n<meta property=\"og:title\" content=\"\u0130dlib, Suriye&#039;de m\u00fchimmat y\u00fckl\u00fc bir arac\u0131n patlamas\u0131nda hayat\u0131n\u0131 kaybedenlerin say\u0131s\u0131nda art\u0131\u015f ve vatanda\u015flar\u0131n g\u00fcvenlik durumunun endi\u015fe verici olmas\u0131 - ShiaWaves Turkish - \u015eia Haberleri\" \/>\n<meta property=\"og:description\" content=\"\u0130dlib, Suriye&#8217;de m\u00fchimmat y\u00fckl\u00fc bir arac\u0131n patlamas\u0131nda hayat\u0131n\u0131 kaybedenlerin say\u0131s\u0131nda art\u0131\u015f ve vatanda\u015flar\u0131n g\u00fcvenlik durumunun endi\u015fe verici olmas\u0131 Kuzey Suriye&#8217;nin yerle\u015fim b\u00f6lgelerinde patlay\u0131c\u0131 maddelerin infilak\u0131, bir kez daha vatanda\u015flar\u0131n ve savunmas\u0131z gruplar\u0131n hayatlar\u0131n\u0131 ciddi tehditlerle kar\u015f\u0131 kar\u015f\u0131ya b\u0131rakm\u0131\u015ft\u0131r. Askeri te\u00e7hizat\u0131n ta\u015f\u0131nmas\u0131nda g\u00fcvenlik kurallar\u0131na uyulmamas\u0131, yerel halk i\u00e7in g\u00fcvensizli\u011fi ve ac\u0131 verici can kay\u0131plar\u0131n\u0131 beraberinde getirmektedir. &hellip;\" \/>\n<meta property=\"og:url\" content=\"https:\/\/shiawaves.com\/turkish\/2026\/09\/02\/idlib-suriyede-muhimmat-yuklu-bir-aracin-patlamasinda-hayatini-kaybedenlerin-sayisinda-artis-ve-vatandaslarin-guvenlik-durumunun-endise-verici-olmasi\/\" \/>\n<meta property=\"og:site_name\" content=\"ShiaWaves Turkish - \u015eia Haberleri\" \/>\n<meta property=\"article:published_time\" content=\"2026-09-02T15:01:16+00:00\" \/>\n<meta name=\"author\" content=\"modir\" \/>\n<meta name=\"twitter:card\" content=\"summary_large_image\" \/>\n<meta name=\"twitter:label1\" content=\"Yazan:\" \/>\n\t<meta name=\"twitter:data1\" content=\"modir\" \/>\n\t<meta name=\"twitter:label2\" content=\"Tahmini okuma s\u00fcresi\" \/>\n\t<meta name=\"twitter:data2\" content=\"1 dakika\" \/>\n<script type=\"application\/ld+json\" class=\"yoast-schema-graph\">{\"@context\":\"https:\\\/\\\/schema.org\",\"@graph\":[{\"@type\":\"Article\",\"@id\":\"https:\\\/\\\/shiawaves.com\\\/turkish\\\/2026\\\/09\\\/02\\\/idlib-suriyede-muhimmat-yuklu-bir-aracin-patlamasinda-hayatini-kaybedenlerin-sayisinda-artis-ve-vatandaslarin-guvenlik-durumunun-endise-verici-olmasi\\\/#article\",\"isPartOf\":{\"@id\":\"https:\\\/\\\/shiawaves.com\\\/turkish\\\/2026\\\/09\\\/02\\\/idlib-suriyede-muhimmat-yuklu-bir-aracin-patlamasinda-hayatini-kaybedenlerin-sayisinda-artis-ve-vatandaslarin-guvenlik-durumunun-endise-verici-olmasi\\\/\"},\"author\":{\"name\":\"modir\",\"@id\":\"https:\\\/\\\/shiawaves.com\\\/turkish\\\/#\\\/schema\\\/person\\\/9f68d5023e948086b9348fba5aebd954\"},\"headline\":\"\u0130dlib, Suriye&#8217;de m\u00fchimmat y\u00fckl\u00fc bir arac\u0131n patlamas\u0131nda hayat\u0131n\u0131 kaybedenlerin say\u0131s\u0131nda art\u0131\u015f ve vatanda\u015flar\u0131n g\u00fcvenlik durumunun endi\u015fe verici olmas\u0131\",\"datePublished\":\"2026-09-02T15:01:16+00:00\",\"mainEntityOfPage\":{\"@id\":\"https:\\\/\\\/shiawaves.com\\\/turkish\\\/2026\\\/09\\\/02\\\/idlib-suriyede-muhimmat-yuklu-bir-aracin-patlamasinda-hayatini-kaybedenlerin-sayisinda-artis-ve-vatandaslarin-guvenlik-durumunun-endise-verici-olmasi\\\/\"},\"wordCount\":185,\"commentCount\":0,\"image\":{\"@id\":\"https:\\\/\\\/shiawaves.com\\\/turkish\\\/2026\\\/09\\\/02\\\/idlib-suriyede-muhimmat-yuklu-bir-aracin-patlamasinda-hayatini-kaybedenlerin-sayisinda-artis-ve-vatandaslarin-guvenlik-durumunun-endise-verici-olmasi\\\/#primaryimage\"},\"thumbnailUrl\":\"https:\\\/\\\/shiawaves.com\\\/turkish\\\/wp-content\\\/uploads\\\/sites\\\/6\\\/2026\\\/09\\\/file_3737.jpg\",\"articleSection\":[\"Suriye\"],\"inLanguage\":\"tr\",\"potentialAction\":[{\"@type\":\"CommentAction\",\"name\":\"Comment\",\"target\":[\"https:\\\/\\\/shiawaves.com\\\/turkish\\\/2026\\\/09\\\/02\\\/idlib-suriyede-muhimmat-yuklu-bir-aracin-patlamasinda-hayatini-kaybedenlerin-sayisinda-artis-ve-vatandaslarin-guvenlik-durumunun-endise-verici-olmasi\\\/#respond\"]}]},{\"@type\":\"WebPage\",\"@id\":\"https:\\\/\\\/shiawaves.com\\\/turkish\\\/2026\\\/09\\\/02\\\/idlib-suriyede-muhimmat-yuklu-bir-aracin-patlamasinda-hayatini-kaybedenlerin-sayisinda-artis-ve-vatandaslarin-guvenlik-durumunun-endise-verici-olmasi\\\/\",\"url\":\"https:\\\/\\\/shiawaves.com\\\/turkish\\\/2026\\\/09\\\/02\\\/idlib-suriyede-muhimmat-yuklu-bir-aracin-patlamasinda-hayatini-kaybedenlerin-sayisinda-artis-ve-vatandaslarin-guvenlik-durumunun-endise-verici-olmasi\\\/\",\"name\":\"\u0130dlib, Suriye'de m\u00fchimmat y\u00fckl\u00fc bir arac\u0131n patlamas\u0131nda hayat\u0131n\u0131 kaybedenlerin say\u0131s\u0131nda art\u0131\u015f ve vatanda\u015flar\u0131n g\u00fcvenlik durumunun endi\u015fe verici olmas\u0131 - ShiaWaves Turkish - \u015eia Haberleri\",\"isPartOf\":{\"@id\":\"https:\\\/\\\/shiawaves.com\\\/turkish\\\/#website\"},\"primaryImageOfPage\":{\"@id\":\"https:\\\/\\\/shiawaves.com\\\/turkish\\\/2026\\\/09\\\/02\\\/idlib-suriyede-muhimmat-yuklu-bir-aracin-patlamasinda-hayatini-kaybedenlerin-sayisinda-artis-ve-vatandaslarin-guvenlik-durumunun-endise-verici-olmasi\\\/#primaryimage\"},\"image\":{\"@id\":\"https:\\\/\\\/shiawaves.com\\\/turkish\\\/2026\\\/09\\\/02\\\/idlib-suriyede-muhimmat-yuklu-bir-aracin-patlamasinda-hayatini-kaybedenlerin-sayisinda-artis-ve-vatandaslarin-guvenlik-durumunun-endise-verici-olmasi\\\/#primaryimage\"},\"thumbnailUrl\":\"https:\\\/\\\/shiawaves.com\\\/turkish\\\/wp-content\\\/uploads\\\/sites\\\/6\\\/2026\\\/09\\\/file_3737.jpg\",\"datePublished\":\"2026-09-02T15:01:16+00:00\",\"author\":{\"@id\":\"https:\\\/\\\/shiawaves.com\\\/turkish\\\/#\\\/schema\\\/person\\\/9f68d5023e948086b9348fba5aebd954\"},\"breadcrumb\":{\"@id\":\"https:\\\/\\\/shiawaves.com\\\/turkish\\\/2026\\\/09\\\/02\\\/idlib-suriyede-muhimmat-yuklu-bir-aracin-patlamasinda-hayatini-kaybedenlerin-sayisinda-artis-ve-vatandaslarin-guvenlik-durumunun-endise-verici-olmasi\\\/#breadcrumb\"},\"inLanguage\":\"tr\",\"potentialAction\":[{\"@type\":\"ReadAction\",\"target\":[\"https:\\\/\\\/shiawaves.com\\\/turkish\\\/2026\\\/09\\\/02\\\/idlib-suriyede-muhimmat-yuklu-bir-aracin-patlamasinda-hayatini-kaybedenlerin-sayisinda-artis-ve-vatandaslarin-guvenlik-durumunun-endise-verici-olmasi\\\/\"]}]},{\"@type\":\"ImageObject\",\"inLanguage\":\"tr\",\"@id\":\"https:\\\/\\\/shiawaves.com\\\/turkish\\\/2026\\\/09\\\/02\\\/idlib-suriyede-muhimmat-yuklu-bir-aracin-patlamasinda-hayatini-kaybedenlerin-sayisinda-artis-ve-vatandaslarin-guvenlik-durumunun-endise-verici-olmasi\\\/#primaryimage\",\"url\":\"https:\\\/\\\/shiawaves.com\\\/turkish\\\/wp-content\\\/uploads\\\/sites\\\/6\\\/2026\\\/09\\\/file_3737.jpg\",\"contentUrl\":\"https:\\\/\\\/shiawaves.com\\\/turkish\\\/wp-content\\\/uploads\\\/sites\\\/6\\\/2026\\\/09\\\/file_3737.jpg\",\"width\":780,\"height\":470},{\"@type\":\"BreadcrumbList\",\"@id\":\"https:\\\/\\\/shiawaves.com\\\/turkish\\\/2026\\\/09\\\/02\\\/idlib-suriyede-muhimmat-yuklu-bir-aracin-patlamasinda-hayatini-kaybedenlerin-sayisinda-artis-ve-vatandaslarin-guvenlik-durumunun-endise-verici-olmasi\\\/#breadcrumb\",\"itemListElement\":[{\"@type\":\"ListItem\",\"position\":1,\"name\":\"Home\",\"item\":\"https:\\\/\\\/shiawaves.com\\\/turkish\\\/\"},{\"@type\":\"ListItem\",\"position\":2,\"name\":\"\u0130dlib, Suriye&#8217;de m\u00fchimmat y\u00fckl\u00fc bir arac\u0131n patlamas\u0131nda hayat\u0131n\u0131 kaybedenlerin say\u0131s\u0131nda art\u0131\u015f ve vatanda\u015flar\u0131n g\u00fcvenlik durumunun endi\u015fe verici olmas\u0131\"}]},{\"@type\":\"WebSite\",\"@id\":\"https:\\\/\\\/shiawaves.com\\\/turkish\\\/#website\",\"url\":\"https:\\\/\\\/shiawaves.com\\\/turkish\\\/\",\"name\":\"ShiaWaves Turkish - \u015eia Haberleri\",\"description\":\"\",\"potentialAction\":[{\"@type\":\"SearchAction\",\"target\":{\"@type\":\"EntryPoint\",\"urlTemplate\":\"https:\\\/\\\/shiawaves.com\\\/turkish\\\/?s={search_term_string}\"},\"query-input\":{\"@type\":\"PropertyValueSpecification\",\"valueRequired\":true,\"valueName\":\"search_term_string\"}}],\"inLanguage\":\"tr\"},{\"@type\":\"Person\",\"@id\":\"https:\\\/\\\/shiawaves.com\\\/turkish\\\/#\\\/schema\\\/person\\\/9f68d5023e948086b9348fba5aebd954\",\"name\":\"modir\",\"image\":{\"@type\":\"ImageObject\",\"inLanguage\":\"tr\",\"@id\":\"https:\\\/\\\/secure.gravatar.com\\\/avatar\\\/8e76f93cdbdd480bd8918d1e0e1d938664c9cb1516c2a57a2b96fe50b507a6b9?s=96&d=mm&r=g\",\"url\":\"https:\\\/\\\/secure.gravatar.com\\\/avatar\\\/8e76f93cdbdd480bd8918d1e0e1d938664c9cb1516c2a57a2b96fe50b507a6b9?s=96&d=mm&r=g\",\"contentUrl\":\"https:\\\/\\\/secure.gravatar.com\\\/avatar\\\/8e76f93cdbdd480bd8918d1e0e1d938664c9cb1516c2a57a2b96fe50b507a6b9?s=96&d=mm&r=g\",\"caption\":\"modir\"},\"sameAs\":[\"https:\\\/\\\/shiawaves.com\"],\"url\":\"https:\\\/\\\/shiawaves.com\\\/turkish\\\/author\\\/modir\\\/\"}]}<\/script>\n<!-- \/ Yoast SEO plugin. -->","yoast_head_json":{"title":"\u0130dlib, Suriye'de m\u00fchimmat y\u00fckl\u00fc bir arac\u0131n patlamas\u0131nda hayat\u0131n\u0131 kaybedenlerin say\u0131s\u0131nda art\u0131\u015f ve vatanda\u015flar\u0131n g\u00fcvenlik durumunun endi\u015fe verici olmas\u0131 - ShiaWaves Turkish - \u015eia Haberleri","robots":{"index":"index","follow":"follow","max-snippet":"max-snippet:-1","max-image-preview":"max-image-preview:large","max-video-preview":"max-video-preview:-1"},"canonical":"https:\/\/shiawaves.com\/turkish\/2026\/09\/02\/idlib-suriyede-muhimmat-yuklu-bir-aracin-patlamasinda-hayatini-kaybedenlerin-sayisinda-artis-ve-vatandaslarin-guvenlik-durumunun-endise-verici-olmasi\/","og_locale":"tr_TR","og_type":"article","og_title":"\u0130dlib, Suriye'de m\u00fchimmat y\u00fckl\u00fc bir arac\u0131n patlamas\u0131nda hayat\u0131n\u0131 kaybedenlerin say\u0131s\u0131nda art\u0131\u015f ve vatanda\u015flar\u0131n g\u00fcvenlik durumunun endi\u015fe verici olmas\u0131 - ShiaWaves Turkish - \u015eia Haberleri","og_description":"\u0130dlib, Suriye&#8217;de m\u00fchimmat y\u00fckl\u00fc bir arac\u0131n patlamas\u0131nda hayat\u0131n\u0131 kaybedenlerin say\u0131s\u0131nda art\u0131\u015f ve vatanda\u015flar\u0131n g\u00fcvenlik durumunun endi\u015fe verici olmas\u0131 Kuzey Suriye&#8217;nin yerle\u015fim b\u00f6lgelerinde patlay\u0131c\u0131 maddelerin infilak\u0131, bir kez daha vatanda\u015flar\u0131n ve savunmas\u0131z gruplar\u0131n hayatlar\u0131n\u0131 ciddi tehditlerle kar\u015f\u0131 kar\u015f\u0131ya b\u0131rakm\u0131\u015ft\u0131r. Askeri te\u00e7hizat\u0131n ta\u015f\u0131nmas\u0131nda g\u00fcvenlik kurallar\u0131na uyulmamas\u0131, yerel halk i\u00e7in g\u00fcvensizli\u011fi ve ac\u0131 verici can kay\u0131plar\u0131n\u0131 beraberinde getirmektedir. &hellip;","og_url":"https:\/\/shiawaves.com\/turkish\/2026\/09\/02\/idlib-suriyede-muhimmat-yuklu-bir-aracin-patlamasinda-hayatini-kaybedenlerin-sayisinda-artis-ve-vatandaslarin-guvenlik-durumunun-endise-verici-olmasi\/","og_site_name":"ShiaWaves Turkish - \u015eia Haberleri","article_published_time":"2026-09-02T15:01:16+00:00","author":"modir","twitter_card":"summary_large_image","twitter_misc":{"Yazan:":"modir","Tahmini okuma s\u00fcresi":"1 dakika"},"schema":{"@context":"https:\/\/schema.org","@graph":[{"@type":"Article","@id":"https:\/\/shiawaves.com\/turkish\/2026\/09\/02\/idlib-suriyede-muhimmat-yuklu-bir-aracin-patlamasinda-hayatini-kaybedenlerin-sayisinda-artis-ve-vatandaslarin-guvenlik-durumunun-endise-verici-olmasi\/#article","isPartOf":{"@id":"https:\/\/shiawaves.com\/turkish\/2026\/09\/02\/idlib-suriyede-muhimmat-yuklu-bir-aracin-patlamasinda-hayatini-kaybedenlerin-sayisinda-artis-ve-vatandaslarin-guvenlik-durumunun-endise-verici-olmasi\/"},"author":{"name":"modir","@id":"https:\/\/shiawaves.com\/turkish\/#\/schema\/person\/9f68d5023e948086b9348fba5aebd954"},"headline":"\u0130dlib, Suriye&#8217;de m\u00fchimmat y\u00fckl\u00fc bir arac\u0131n patlamas\u0131nda hayat\u0131n\u0131 kaybedenlerin say\u0131s\u0131nda art\u0131\u015f ve vatanda\u015flar\u0131n g\u00fcvenlik durumunun endi\u015fe verici olmas\u0131","datePublished":"2026-09-02T15:01:16+00:00","mainEntityOfPage":{"@id":"https:\/\/shiawaves.com\/turkish\/2026\/09\/02\/idlib-suriyede-muhimmat-yuklu-bir-aracin-patlamasinda-hayatini-kaybedenlerin-sayisinda-artis-ve-vatandaslarin-guvenlik-durumunun-endise-verici-olmasi\/"},"wordCount":185,"commentCount":0,"image":{"@id":"https:\/\/shiawaves.com\/turkish\/2026\/09\/02\/idlib-suriyede-muhimmat-yuklu-bir-aracin-patlamasinda-hayatini-kaybedenlerin-sayisinda-artis-ve-vatandaslarin-guvenlik-durumunun-endise-verici-olmasi\/#primaryimage"},"thumbnailUrl":"https:\/\/shiawaves.com\/turkish\/wp-content\/uploads\/sites\/6\/2026\/09\/file_3737.jpg","articleSection":["Suriye"],"inLanguage":"tr","potentialAction":[{"@type":"CommentAction","name":"Comment","target":["https:\/\/shiawaves.com\/turkish\/2026\/09\/02\/idlib-suriyede-muhimmat-yuklu-bir-aracin-patlamasinda-hayatini-kaybedenlerin-sayisinda-artis-ve-vatandaslarin-guvenlik-durumunun-endise-verici-olmasi\/#respond"]}]},{"@type":"WebPage","@id":"https:\/\/shiawaves.com\/turkish\/2026\/09\/02\/idlib-suriyede-muhimmat-yuklu-bir-aracin-patlamasinda-hayatini-kaybedenlerin-sayisinda-artis-ve-vatandaslarin-guvenlik-durumunun-endise-verici-olmasi\/","url":"https:\/\/shiawaves.com\/turkish\/2026\/09\/02\/idlib-suriyede-muhimmat-yuklu-bir-aracin-patlamasinda-hayatini-kaybedenlerin-sayisinda-artis-ve-vatandaslarin-guvenlik-durumunun-endise-verici-olmasi\/","name":"\u0130dlib, Suriye'de m\u00fchimmat y\u00fckl\u00fc bir arac\u0131n patlamas\u0131nda hayat\u0131n\u0131 kaybedenlerin say\u0131s\u0131nda art\u0131\u015f ve vatanda\u015flar\u0131n g\u00fcvenlik durumunun endi\u015fe verici olmas\u0131 - ShiaWaves Turkish - \u015eia Haberleri","isPartOf":{"@id":"https:\/\/shiawaves.com\/turkish\/#website"},"primaryImageOfPage":{"@id":"https:\/\/shiawaves.com\/turkish\/2026\/09\/02\/idlib-suriyede-muhimmat-yuklu-bir-aracin-patlamasinda-hayatini-kaybedenlerin-sayisinda-artis-ve-vatandaslarin-guvenlik-durumunun-endise-verici-olmasi\/#primaryimage"},"image":{"@id":"https:\/\/shiawaves.com\/turkish\/2026\/09\/02\/idlib-suriyede-muhimmat-yuklu-bir-aracin-patlamasinda-hayatini-kaybedenlerin-sayisinda-artis-ve-vatandaslarin-guvenlik-durumunun-endise-verici-olmasi\/#primaryimage"},"thumbnailUrl":"https:\/\/shiawaves.com\/turkish\/wp-content\/uploads\/sites\/6\/2026\/09\/file_3737.jpg","datePublished":"2026-09-02T15:01:16+00:00","author":{"@id":"https:\/\/shiawaves.com\/turkish\/#\/schema\/person\/9f68d5023e948086b9348fba5aebd954"},"breadcrumb":{"@id":"https:\/\/shiawaves.com\/turkish\/2026\/09\/02\/idlib-suriyede-muhimmat-yuklu-bir-aracin-patlamasinda-hayatini-kaybedenlerin-sayisinda-artis-ve-vatandaslarin-guvenlik-durumunun-endise-verici-olmasi\/#breadcrumb"},"inLanguage":"tr","potentialAction":[{"@type":"ReadAction","target":["https:\/\/shiawaves.com\/turkish\/2026\/09\/02\/idlib-suriyede-muhimmat-yuklu-bir-aracin-patlamasinda-hayatini-kaybedenlerin-sayisinda-artis-ve-vatandaslarin-guvenlik-durumunun-endise-verici-olmasi\/"]}]},{"@type":"ImageObject","inLanguage":"tr","@id":"https:\/\/shiawaves.com\/turkish\/2026\/09\/02\/idlib-suriyede-muhimmat-yuklu-bir-aracin-patlamasinda-hayatini-kaybedenlerin-sayisinda-artis-ve-vatandaslarin-guvenlik-durumunun-endise-verici-olmasi\/#primaryimage","url":"https:\/\/shiawaves.com\/turkish\/wp-content\/uploads\/sites\/6\/2026\/09\/file_3737.jpg","contentUrl":"https:\/\/shiawaves.com\/turkish\/wp-content\/uploads\/sites\/6\/2026\/09\/file_3737.jpg","width":780,"height":470},{"@type":"BreadcrumbList","@id":"https:\/\/shiawaves.com\/turkish\/2026\/09\/02\/idlib-suriyede-muhimmat-yuklu-bir-aracin-patlamasinda-hayatini-kaybedenlerin-sayisinda-artis-ve-vatandaslarin-guvenlik-durumunun-endise-verici-olmasi\/#breadcrumb","itemListElement":[{"@type":"ListItem","position":1,"name":"Home","item":"https:\/\/shiawaves.com\/turkish\/"},{"@type":"ListItem","position":2,"name":"\u0130dlib, Suriye&#8217;de m\u00fchimmat y\u00fckl\u00fc bir arac\u0131n patlamas\u0131nda hayat\u0131n\u0131 kaybedenlerin say\u0131s\u0131nda art\u0131\u015f ve vatanda\u015flar\u0131n g\u00fcvenlik durumunun endi\u015fe verici olmas\u0131"}]},{"@type":"WebSite","@id":"https:\/\/shiawaves.com\/turkish\/#website","url":"https:\/\/shiawaves.com\/turkish\/","name":"ShiaWaves Turkish - \u015eia Haberleri","description":"","potentialAction":[{"@type":"SearchAction","target":{"@type":"EntryPoint","urlTemplate":"https:\/\/shiawaves.com\/turkish\/?s={search_term_string}"},"query-input":{"@type":"PropertyValueSpecification","valueRequired":true,"valueName":"search_term_string"}}],"inLanguage":"tr"},{"@type":"Person","@id":"https:\/\/shiawaves.com\/turkish\/#\/schema\/person\/9f68d5023e948086b9348fba5aebd954","name":"modir","image":{"@type":"ImageObject","inLanguage":"tr","@id":"https:\/\/secure.gravatar.com\/avatar\/8e76f93cdbdd480bd8918d1e0e1d938664c9cb1516c2a57a2b96fe50b507a6b9?s=96&d=mm&r=g","url":"https:\/\/secure.gravatar.com\/avatar\/8e76f93cdbdd480bd8918d1e0e1d938664c9cb1516c2a57a2b96fe50b507a6b9?s=96&d=mm&r=g","contentUrl":"https:\/\/secure.gravatar.com\/avatar\/8e76f93cdbdd480bd8918d1e0e1d938664c9cb1516c2a57a2b96fe50b507a6b9?s=96&d=mm&r=g","caption":"modir"},"sameAs":["https:\/\/shiawaves.com"],"url":"https:\/\/shiawaves.com\/turkish\/author\/modir\/"}]}},"_links":{"self":[{"href":"https:\/\/shiawaves.com\/turkish\/wp-json\/wp\/v2\/posts\/121529","targetHints":{"allow":["GET"]}}],"collection":[{"href":"https:\/\/shiawaves.com\/turkish\/wp-json\/wp\/v2\/posts"}],"about":[{"href":"https:\/\/shiawaves.com\/turkish\/wp-json\/wp\/v2\/types\/post"}],"author":[{"embeddable":true,"href":"https:\/\/shiawaves.com\/turkish\/wp-json\/wp\/v2\/users\/1"}],"replies":[{"embeddable":true,"href":"https:\/\/shiawaves.com\/turkish\/wp-json\/wp\/v2\/comments?post=121529"}],"version-history":[{"count":0,"href":"https:\/\/shiawaves.com\/turkish\/wp-json\/wp\/v2\/posts\/121529\/revisions"}],"wp:featuredmedia":[{"embeddable":true,"href":"https:\/\/shiawaves.com\/turkish\/wp-json\/wp\/v2\/media\/121528"}],"wp:attachment":[{"href":"https:\/\/shiawaves.com\/turkish\/wp-json\/wp\/v2\/media?parent=121529"}],"wp:term":[{"taxonomy":"category","embeddable":true,"href":"https:\/\/shiawaves.com\/turkish\/wp-json\/wp\/v2\/categories?post=121529"},{"taxonomy":"post_tag","embeddable":true,"href":"https:\/\/shiawaves.com\/turkish\/wp-json\/wp\/v2\/tags?post=121529"}],"curies":[{"name":"wp","href":"https:\/\/api.w.org\/{rel}","templated":true}]}}