{"id":121527,"date":"2026-09-02T17:01:27","date_gmt":"2026-09-02T14:01:27","guid":{"rendered":"https:\/\/shiawaves.com\/turkish\/2026\/09\/02\/afgan-multecilerin-almanyadan-sinir-disi-edilme-surecinin-uzatilmasi-ve-iade-edilen-suclu-ile-vatandaslarin-gelecegi-konusunda-insan-haklari-kuruluslarinin-endiseleri\/"},"modified":"2026-09-02T17:01:27","modified_gmt":"2026-09-02T14:01:27","slug":"afgan-multecilerin-almanyadan-sinir-disi-edilme-surecinin-uzatilmasi-ve-iade-edilen-suclu-ile-vatandaslarin-gelecegi-konusunda-insan-haklari-kuruluslarinin-endiseleri","status":"publish","type":"post","link":"https:\/\/shiawaves.com\/turkish\/2026\/09\/02\/afgan-multecilerin-almanyadan-sinir-disi-edilme-surecinin-uzatilmasi-ve-iade-edilen-suclu-ile-vatandaslarin-gelecegi-konusunda-insan-haklari-kuruluslarinin-endiseleri\/","title":{"rendered":"Afgan M\u00fcltecilerin Almanya\u2019dan S\u0131n\u0131r D\u0131\u015f\u0131 Edilme S\u00fcrecinin Uzat\u0131lmas\u0131 ve \u0130ade Edilen Su\u00e7lu ile Vatanda\u015flar\u0131n Gelece\u011fi Konusunda \u0130nsan Haklar\u0131 Kurulu\u015flar\u0131n\u0131n Endi\u015feleri"},"content":{"rendered":"<p>Afgan M\u00fcltecilerin Almanya\u2019dan S\u0131n\u0131r D\u0131\u015f\u0131 Edilme S\u00fcrecinin Uzat\u0131lmas\u0131 ve \u0130ade Edilen Su\u00e7lu ile Vatanda\u015flar\u0131n Gelece\u011fi Konusunda \u0130nsan Haklar\u0131 Kurulu\u015flar\u0131n\u0131n Endi\u015feleri<\/p>\n<p>G\u00f6\u00e7menlik politikalar\u0131n\u0131n s\u0131k\u0131la\u015ft\u0131r\u0131lmas\u0131 ve yabanc\u0131 uyruklular\u0131n zorla geri g\u00f6nderilmesi, Avrupa \u00fclkelerinde g\u00fcvenlik ve siyasi kararlar\u0131n ana eksenlerinden biri haline gelmi\u015ftir.<\/p>\n<p>Bu s\u00fcre\u00e7, kriz i\u00e7erisindeki \u00fclkelerde m\u00fcltecilerin gelecekteki ya\u015fam ko\u015fullar\u0131 ile ilgili yeni ve karma\u015f\u0131k zorluklar yaratmaktad\u0131r.<\/p>\n<p>&#8220;Deutsche Welle&#8221; haber ajans\u0131na g\u00f6re, Almanya Federal \u0130\u00e7i\u015fleri Bakanl\u0131\u011f\u0131, 22 Afgan vatanda\u015f\u0131n\u0131 charter u\u00e7u\u015fla Kabil&#8217;e s\u0131n\u0131r d\u0131\u015f\u0131 etti\u011fini a\u00e7\u0131klad\u0131.<\/p>\n<p>Alman yetkililer, bu eylemin gerek\u00e7esi olarak bu ki\u015filerin, \u015fiddet i\u00e7eren su\u00e7lar ve di\u011fer su\u00e7 faaliyetleri de dahil olmak \u00fczere, sab\u0131ka kay\u0131tlar\u0131n\u0131n bulunmas\u0131n\u0131 g\u00f6stermi\u015ftir.<\/p>\n","protected":false},"excerpt":{"rendered":"<p>Afgan M\u00fcltecilerin Almanya\u2019dan S\u0131n\u0131r D\u0131\u015f\u0131 Edilme S\u00fcrecinin Uzat\u0131lmas\u0131 ve \u0130ade Edilen Su\u00e7lu ile Vatanda\u015flar\u0131n Gelece\u011fi Konusunda \u0130nsan Haklar\u0131 Kurulu\u015flar\u0131n\u0131n Endi\u015feleri G\u00f6\u00e7menlik politikalar\u0131n\u0131n s\u0131k\u0131la\u015ft\u0131r\u0131lmas\u0131 ve yabanc\u0131 uyruklular\u0131n zorla geri g\u00f6nderilmesi, Avrupa \u00fclkelerinde g\u00fcvenlik ve siyasi kararlar\u0131n ana eksenlerinden biri haline gelmi\u015ftir. Bu s\u00fcre\u00e7, kriz i\u00e7erisindeki \u00fclkelerde m\u00fcltecilerin gelecekteki ya\u015fam ko\u015fullar\u0131 ile ilgili yeni ve karma\u015f\u0131k zorluklar &hellip;<\/p>\n","protected":false},"author":1,"featured_media":121526,"comment_status":"open","ping_status":"open","sticky":false,"template":"","format":"standard","meta":{"rop_custom_images_group":[],"rop_custom_messages_group":[],"rop_publish_now":"initial","rop_publish_now_accounts":[],"rop_publish_now_history":[],"rop_publish_now_status":"pending","footnotes":""},"categories":[8],"tags":[],"class_list":["post-121527","post","type-post","status-publish","format-standard","has-post-thumbnail","hentry","category-afghanistan"],"_wp_page_template":null,"_wp_attached_file":null,"_wp_attachment_metadata":null,"_edit_lock":null,"yoast_head":"<!-- This site is optimized with the Yoast SEO plugin v27.9 - https:\/\/yoast.com\/product\/yoast-seo-wordpress\/ -->\n<title>Afgan M\u00fcltecilerin Almanya\u2019dan S\u0131n\u0131r D\u0131\u015f\u0131 Edilme S\u00fcrecinin Uzat\u0131lmas\u0131 ve \u0130ade Edilen Su\u00e7lu ile Vatanda\u015flar\u0131n Gelece\u011fi Konusunda \u0130nsan Haklar\u0131 Kurulu\u015flar\u0131n\u0131n Endi\u015feleri - ShiaWaves Turkish - \u015eia Haberleri<\/title>\n<meta name=\"robots\" content=\"index, follow, max-snippet:-1, max-image-preview:large, max-video-preview:-1\" \/>\n<link rel=\"canonical\" href=\"https:\/\/shiawaves.com\/turkish\/2026\/09\/02\/afgan-multecilerin-almanyadan-sinir-disi-edilme-surecinin-uzatilmasi-ve-iade-edilen-suclu-ile-vatandaslarin-gelecegi-konusunda-insan-haklari-kuruluslarinin-endiseleri\/\" \/>\n<meta property=\"og:locale\" content=\"tr_TR\" \/>\n<meta property=\"og:type\" content=\"article\" \/>\n<meta property=\"og:title\" content=\"Afgan M\u00fcltecilerin Almanya\u2019dan S\u0131n\u0131r D\u0131\u015f\u0131 Edilme S\u00fcrecinin Uzat\u0131lmas\u0131 ve \u0130ade Edilen Su\u00e7lu ile Vatanda\u015flar\u0131n Gelece\u011fi Konusunda \u0130nsan Haklar\u0131 Kurulu\u015flar\u0131n\u0131n Endi\u015feleri - ShiaWaves Turkish - \u015eia Haberleri\" \/>\n<meta property=\"og:description\" content=\"Afgan M\u00fcltecilerin Almanya\u2019dan S\u0131n\u0131r D\u0131\u015f\u0131 Edilme S\u00fcrecinin Uzat\u0131lmas\u0131 ve \u0130ade Edilen Su\u00e7lu ile Vatanda\u015flar\u0131n Gelece\u011fi Konusunda \u0130nsan Haklar\u0131 Kurulu\u015flar\u0131n\u0131n Endi\u015feleri G\u00f6\u00e7menlik politikalar\u0131n\u0131n s\u0131k\u0131la\u015ft\u0131r\u0131lmas\u0131 ve yabanc\u0131 uyruklular\u0131n zorla geri g\u00f6nderilmesi, Avrupa \u00fclkelerinde g\u00fcvenlik ve siyasi kararlar\u0131n ana eksenlerinden biri haline gelmi\u015ftir. Bu s\u00fcre\u00e7, kriz i\u00e7erisindeki \u00fclkelerde m\u00fcltecilerin gelecekteki ya\u015fam ko\u015fullar\u0131 ile ilgili yeni ve karma\u015f\u0131k zorluklar &hellip;\" \/>\n<meta property=\"og:url\" content=\"https:\/\/shiawaves.com\/turkish\/2026\/09\/02\/afgan-multecilerin-almanyadan-sinir-disi-edilme-surecinin-uzatilmasi-ve-iade-edilen-suclu-ile-vatandaslarin-gelecegi-konusunda-insan-haklari-kuruluslarinin-endiseleri\/\" \/>\n<meta property=\"og:site_name\" content=\"ShiaWaves Turkish - \u015eia Haberleri\" \/>\n<meta property=\"article:published_time\" content=\"2026-09-02T14:01:27+00:00\" \/>\n<meta name=\"author\" content=\"modir\" \/>\n<meta name=\"twitter:card\" content=\"summary_large_image\" \/>\n<meta name=\"twitter:label1\" content=\"Yazan:\" \/>\n\t<meta name=\"twitter:data1\" content=\"modir\" \/>\n\t<meta name=\"twitter:label2\" content=\"Tahmini okuma s\u00fcresi\" \/>\n\t<meta name=\"twitter:data2\" content=\"1 dakika\" \/>\n<script type=\"application\/ld+json\" class=\"yoast-schema-graph\">{\"@context\":\"https:\\\/\\\/schema.org\",\"@graph\":[{\"@type\":\"Article\",\"@id\":\"https:\\\/\\\/shiawaves.com\\\/turkish\\\/2026\\\/09\\\/02\\\/afgan-multecilerin-almanyadan-sinir-disi-edilme-surecinin-uzatilmasi-ve-iade-edilen-suclu-ile-vatandaslarin-gelecegi-konusunda-insan-haklari-kuruluslarinin-endiseleri\\\/#article\",\"isPartOf\":{\"@id\":\"https:\\\/\\\/shiawaves.com\\\/turkish\\\/2026\\\/09\\\/02\\\/afgan-multecilerin-almanyadan-sinir-disi-edilme-surecinin-uzatilmasi-ve-iade-edilen-suclu-ile-vatandaslarin-gelecegi-konusunda-insan-haklari-kuruluslarinin-endiseleri\\\/\"},\"author\":{\"name\":\"modir\",\"@id\":\"https:\\\/\\\/shiawaves.com\\\/turkish\\\/#\\\/schema\\\/person\\\/9f68d5023e948086b9348fba5aebd954\"},\"headline\":\"Afgan M\u00fcltecilerin Almanya\u2019dan S\u0131n\u0131r D\u0131\u015f\u0131 Edilme S\u00fcrecinin Uzat\u0131lmas\u0131 ve \u0130ade Edilen Su\u00e7lu ile Vatanda\u015flar\u0131n Gelece\u011fi Konusunda \u0130nsan Haklar\u0131 Kurulu\u015flar\u0131n\u0131n Endi\u015feleri\",\"datePublished\":\"2026-09-02T14:01:27+00:00\",\"mainEntityOfPage\":{\"@id\":\"https:\\\/\\\/shiawaves.com\\\/turkish\\\/2026\\\/09\\\/02\\\/afgan-multecilerin-almanyadan-sinir-disi-edilme-surecinin-uzatilmasi-ve-iade-edilen-suclu-ile-vatandaslarin-gelecegi-konusunda-insan-haklari-kuruluslarinin-endiseleri\\\/\"},\"wordCount\":188,\"commentCount\":0,\"image\":{\"@id\":\"https:\\\/\\\/shiawaves.com\\\/turkish\\\/2026\\\/09\\\/02\\\/afgan-multecilerin-almanyadan-sinir-disi-edilme-surecinin-uzatilmasi-ve-iade-edilen-suclu-ile-vatandaslarin-gelecegi-konusunda-insan-haklari-kuruluslarinin-endiseleri\\\/#primaryimage\"},\"thumbnailUrl\":\"https:\\\/\\\/shiawaves.com\\\/turkish\\\/wp-content\\\/uploads\\\/sites\\\/6\\\/2026\\\/09\\\/file_3736.jpg\",\"articleSection\":[\"Afganistan\"],\"inLanguage\":\"tr\",\"potentialAction\":[{\"@type\":\"CommentAction\",\"name\":\"Comment\",\"target\":[\"https:\\\/\\\/shiawaves.com\\\/turkish\\\/2026\\\/09\\\/02\\\/afgan-multecilerin-almanyadan-sinir-disi-edilme-surecinin-uzatilmasi-ve-iade-edilen-suclu-ile-vatandaslarin-gelecegi-konusunda-insan-haklari-kuruluslarinin-endiseleri\\\/#respond\"]}]},{\"@type\":\"WebPage\",\"@id\":\"https:\\\/\\\/shiawaves.com\\\/turkish\\\/2026\\\/09\\\/02\\\/afgan-multecilerin-almanyadan-sinir-disi-edilme-surecinin-uzatilmasi-ve-iade-edilen-suclu-ile-vatandaslarin-gelecegi-konusunda-insan-haklari-kuruluslarinin-endiseleri\\\/\",\"url\":\"https:\\\/\\\/shiawaves.com\\\/turkish\\\/2026\\\/09\\\/02\\\/afgan-multecilerin-almanyadan-sinir-disi-edilme-surecinin-uzatilmasi-ve-iade-edilen-suclu-ile-vatandaslarin-gelecegi-konusunda-insan-haklari-kuruluslarinin-endiseleri\\\/\",\"name\":\"Afgan M\u00fcltecilerin Almanya\u2019dan S\u0131n\u0131r D\u0131\u015f\u0131 Edilme S\u00fcrecinin Uzat\u0131lmas\u0131 ve \u0130ade Edilen Su\u00e7lu ile Vatanda\u015flar\u0131n Gelece\u011fi Konusunda \u0130nsan Haklar\u0131 Kurulu\u015flar\u0131n\u0131n Endi\u015feleri - ShiaWaves Turkish - \u015eia Haberleri\",\"isPartOf\":{\"@id\":\"https:\\\/\\\/shiawaves.com\\\/turkish\\\/#website\"},\"primaryImageOfPage\":{\"@id\":\"https:\\\/\\\/shiawaves.com\\\/turkish\\\/2026\\\/09\\\/02\\\/afgan-multecilerin-almanyadan-sinir-disi-edilme-surecinin-uzatilmasi-ve-iade-edilen-suclu-ile-vatandaslarin-gelecegi-konusunda-insan-haklari-kuruluslarinin-endiseleri\\\/#primaryimage\"},\"image\":{\"@id\":\"https:\\\/\\\/shiawaves.com\\\/turkish\\\/2026\\\/09\\\/02\\\/afgan-multecilerin-almanyadan-sinir-disi-edilme-surecinin-uzatilmasi-ve-iade-edilen-suclu-ile-vatandaslarin-gelecegi-konusunda-insan-haklari-kuruluslarinin-endiseleri\\\/#primaryimage\"},\"thumbnailUrl\":\"https:\\\/\\\/shiawaves.com\\\/turkish\\\/wp-content\\\/uploads\\\/sites\\\/6\\\/2026\\\/09\\\/file_3736.jpg\",\"datePublished\":\"2026-09-02T14:01:27+00:00\",\"author\":{\"@id\":\"https:\\\/\\\/shiawaves.com\\\/turkish\\\/#\\\/schema\\\/person\\\/9f68d5023e948086b9348fba5aebd954\"},\"breadcrumb\":{\"@id\":\"https:\\\/\\\/shiawaves.com\\\/turkish\\\/2026\\\/09\\\/02\\\/afgan-multecilerin-almanyadan-sinir-disi-edilme-surecinin-uzatilmasi-ve-iade-edilen-suclu-ile-vatandaslarin-gelecegi-konusunda-insan-haklari-kuruluslarinin-endiseleri\\\/#breadcrumb\"},\"inLanguage\":\"tr\",\"potentialAction\":[{\"@type\":\"ReadAction\",\"target\":[\"https:\\\/\\\/shiawaves.com\\\/turkish\\\/2026\\\/09\\\/02\\\/afgan-multecilerin-almanyadan-sinir-disi-edilme-surecinin-uzatilmasi-ve-iade-edilen-suclu-ile-vatandaslarin-gelecegi-konusunda-insan-haklari-kuruluslarinin-endiseleri\\\/\"]}]},{\"@type\":\"ImageObject\",\"inLanguage\":\"tr\",\"@id\":\"https:\\\/\\\/shiawaves.com\\\/turkish\\\/2026\\\/09\\\/02\\\/afgan-multecilerin-almanyadan-sinir-disi-edilme-surecinin-uzatilmasi-ve-iade-edilen-suclu-ile-vatandaslarin-gelecegi-konusunda-insan-haklari-kuruluslarinin-endiseleri\\\/#primaryimage\",\"url\":\"https:\\\/\\\/shiawaves.com\\\/turkish\\\/wp-content\\\/uploads\\\/sites\\\/6\\\/2026\\\/09\\\/file_3736.jpg\",\"contentUrl\":\"https:\\\/\\\/shiawaves.com\\\/turkish\\\/wp-content\\\/uploads\\\/sites\\\/6\\\/2026\\\/09\\\/file_3736.jpg\",\"width\":1280,\"height\":853},{\"@type\":\"BreadcrumbList\",\"@id\":\"https:\\\/\\\/shiawaves.com\\\/turkish\\\/2026\\\/09\\\/02\\\/afgan-multecilerin-almanyadan-sinir-disi-edilme-surecinin-uzatilmasi-ve-iade-edilen-suclu-ile-vatandaslarin-gelecegi-konusunda-insan-haklari-kuruluslarinin-endiseleri\\\/#breadcrumb\",\"itemListElement\":[{\"@type\":\"ListItem\",\"position\":1,\"name\":\"Home\",\"item\":\"https:\\\/\\\/shiawaves.com\\\/turkish\\\/\"},{\"@type\":\"ListItem\",\"position\":2,\"name\":\"Afgan M\u00fcltecilerin Almanya\u2019dan S\u0131n\u0131r D\u0131\u015f\u0131 Edilme S\u00fcrecinin Uzat\u0131lmas\u0131 ve \u0130ade Edilen Su\u00e7lu ile Vatanda\u015flar\u0131n Gelece\u011fi Konusunda \u0130nsan Haklar\u0131 Kurulu\u015flar\u0131n\u0131n Endi\u015feleri\"}]},{\"@type\":\"WebSite\",\"@id\":\"https:\\\/\\\/shiawaves.com\\\/turkish\\\/#website\",\"url\":\"https:\\\/\\\/shiawaves.com\\\/turkish\\\/\",\"name\":\"ShiaWaves Turkish - \u015eia Haberleri\",\"description\":\"\",\"potentialAction\":[{\"@type\":\"SearchAction\",\"target\":{\"@type\":\"EntryPoint\",\"urlTemplate\":\"https:\\\/\\\/shiawaves.com\\\/turkish\\\/?s={search_term_string}\"},\"query-input\":{\"@type\":\"PropertyValueSpecification\",\"valueRequired\":true,\"valueName\":\"search_term_string\"}}],\"inLanguage\":\"tr\"},{\"@type\":\"Person\",\"@id\":\"https:\\\/\\\/shiawaves.com\\\/turkish\\\/#\\\/schema\\\/person\\\/9f68d5023e948086b9348fba5aebd954\",\"name\":\"modir\",\"image\":{\"@type\":\"ImageObject\",\"inLanguage\":\"tr\",\"@id\":\"https:\\\/\\\/secure.gravatar.com\\\/avatar\\\/8e76f93cdbdd480bd8918d1e0e1d938664c9cb1516c2a57a2b96fe50b507a6b9?s=96&d=mm&r=g\",\"url\":\"https:\\\/\\\/secure.gravatar.com\\\/avatar\\\/8e76f93cdbdd480bd8918d1e0e1d938664c9cb1516c2a57a2b96fe50b507a6b9?s=96&d=mm&r=g\",\"contentUrl\":\"https:\\\/\\\/secure.gravatar.com\\\/avatar\\\/8e76f93cdbdd480bd8918d1e0e1d938664c9cb1516c2a57a2b96fe50b507a6b9?s=96&d=mm&r=g\",\"caption\":\"modir\"},\"sameAs\":[\"https:\\\/\\\/shiawaves.com\"],\"url\":\"https:\\\/\\\/shiawaves.com\\\/turkish\\\/author\\\/modir\\\/\"}]}<\/script>\n<!-- \/ Yoast SEO plugin. -->","yoast_head_json":{"title":"Afgan M\u00fcltecilerin Almanya\u2019dan S\u0131n\u0131r D\u0131\u015f\u0131 Edilme S\u00fcrecinin Uzat\u0131lmas\u0131 ve \u0130ade Edilen Su\u00e7lu ile Vatanda\u015flar\u0131n Gelece\u011fi Konusunda \u0130nsan Haklar\u0131 Kurulu\u015flar\u0131n\u0131n Endi\u015feleri - ShiaWaves Turkish - \u015eia Haberleri","robots":{"index":"index","follow":"follow","max-snippet":"max-snippet:-1","max-image-preview":"max-image-preview:large","max-video-preview":"max-video-preview:-1"},"canonical":"https:\/\/shiawaves.com\/turkish\/2026\/09\/02\/afgan-multecilerin-almanyadan-sinir-disi-edilme-surecinin-uzatilmasi-ve-iade-edilen-suclu-ile-vatandaslarin-gelecegi-konusunda-insan-haklari-kuruluslarinin-endiseleri\/","og_locale":"tr_TR","og_type":"article","og_title":"Afgan M\u00fcltecilerin Almanya\u2019dan S\u0131n\u0131r D\u0131\u015f\u0131 Edilme S\u00fcrecinin Uzat\u0131lmas\u0131 ve \u0130ade Edilen Su\u00e7lu ile Vatanda\u015flar\u0131n Gelece\u011fi Konusunda \u0130nsan Haklar\u0131 Kurulu\u015flar\u0131n\u0131n Endi\u015feleri - ShiaWaves Turkish - \u015eia Haberleri","og_description":"Afgan M\u00fcltecilerin Almanya\u2019dan S\u0131n\u0131r D\u0131\u015f\u0131 Edilme S\u00fcrecinin Uzat\u0131lmas\u0131 ve \u0130ade Edilen Su\u00e7lu ile Vatanda\u015flar\u0131n Gelece\u011fi Konusunda \u0130nsan Haklar\u0131 Kurulu\u015flar\u0131n\u0131n Endi\u015feleri G\u00f6\u00e7menlik politikalar\u0131n\u0131n s\u0131k\u0131la\u015ft\u0131r\u0131lmas\u0131 ve yabanc\u0131 uyruklular\u0131n zorla geri g\u00f6nderilmesi, Avrupa \u00fclkelerinde g\u00fcvenlik ve siyasi kararlar\u0131n ana eksenlerinden biri haline gelmi\u015ftir. Bu s\u00fcre\u00e7, kriz i\u00e7erisindeki \u00fclkelerde m\u00fcltecilerin gelecekteki ya\u015fam ko\u015fullar\u0131 ile ilgili yeni ve karma\u015f\u0131k zorluklar &hellip;","og_url":"https:\/\/shiawaves.com\/turkish\/2026\/09\/02\/afgan-multecilerin-almanyadan-sinir-disi-edilme-surecinin-uzatilmasi-ve-iade-edilen-suclu-ile-vatandaslarin-gelecegi-konusunda-insan-haklari-kuruluslarinin-endiseleri\/","og_site_name":"ShiaWaves Turkish - \u015eia Haberleri","article_published_time":"2026-09-02T14:01:27+00:00","author":"modir","twitter_card":"summary_large_image","twitter_misc":{"Yazan:":"modir","Tahmini okuma s\u00fcresi":"1 dakika"},"schema":{"@context":"https:\/\/schema.org","@graph":[{"@type":"Article","@id":"https:\/\/shiawaves.com\/turkish\/2026\/09\/02\/afgan-multecilerin-almanyadan-sinir-disi-edilme-surecinin-uzatilmasi-ve-iade-edilen-suclu-ile-vatandaslarin-gelecegi-konusunda-insan-haklari-kuruluslarinin-endiseleri\/#article","isPartOf":{"@id":"https:\/\/shiawaves.com\/turkish\/2026\/09\/02\/afgan-multecilerin-almanyadan-sinir-disi-edilme-surecinin-uzatilmasi-ve-iade-edilen-suclu-ile-vatandaslarin-gelecegi-konusunda-insan-haklari-kuruluslarinin-endiseleri\/"},"author":{"name":"modir","@id":"https:\/\/shiawaves.com\/turkish\/#\/schema\/person\/9f68d5023e948086b9348fba5aebd954"},"headline":"Afgan M\u00fcltecilerin Almanya\u2019dan S\u0131n\u0131r D\u0131\u015f\u0131 Edilme S\u00fcrecinin Uzat\u0131lmas\u0131 ve \u0130ade Edilen Su\u00e7lu ile Vatanda\u015flar\u0131n Gelece\u011fi Konusunda \u0130nsan Haklar\u0131 Kurulu\u015flar\u0131n\u0131n Endi\u015feleri","datePublished":"2026-09-02T14:01:27+00:00","mainEntityOfPage":{"@id":"https:\/\/shiawaves.com\/turkish\/2026\/09\/02\/afgan-multecilerin-almanyadan-sinir-disi-edilme-surecinin-uzatilmasi-ve-iade-edilen-suclu-ile-vatandaslarin-gelecegi-konusunda-insan-haklari-kuruluslarinin-endiseleri\/"},"wordCount":188,"commentCount":0,"image":{"@id":"https:\/\/shiawaves.com\/turkish\/2026\/09\/02\/afgan-multecilerin-almanyadan-sinir-disi-edilme-surecinin-uzatilmasi-ve-iade-edilen-suclu-ile-vatandaslarin-gelecegi-konusunda-insan-haklari-kuruluslarinin-endiseleri\/#primaryimage"},"thumbnailUrl":"https:\/\/shiawaves.com\/turkish\/wp-content\/uploads\/sites\/6\/2026\/09\/file_3736.jpg","articleSection":["Afganistan"],"inLanguage":"tr","potentialAction":[{"@type":"CommentAction","name":"Comment","target":["https:\/\/shiawaves.com\/turkish\/2026\/09\/02\/afgan-multecilerin-almanyadan-sinir-disi-edilme-surecinin-uzatilmasi-ve-iade-edilen-suclu-ile-vatandaslarin-gelecegi-konusunda-insan-haklari-kuruluslarinin-endiseleri\/#respond"]}]},{"@type":"WebPage","@id":"https:\/\/shiawaves.com\/turkish\/2026\/09\/02\/afgan-multecilerin-almanyadan-sinir-disi-edilme-surecinin-uzatilmasi-ve-iade-edilen-suclu-ile-vatandaslarin-gelecegi-konusunda-insan-haklari-kuruluslarinin-endiseleri\/","url":"https:\/\/shiawaves.com\/turkish\/2026\/09\/02\/afgan-multecilerin-almanyadan-sinir-disi-edilme-surecinin-uzatilmasi-ve-iade-edilen-suclu-ile-vatandaslarin-gelecegi-konusunda-insan-haklari-kuruluslarinin-endiseleri\/","name":"Afgan M\u00fcltecilerin Almanya\u2019dan S\u0131n\u0131r D\u0131\u015f\u0131 Edilme S\u00fcrecinin Uzat\u0131lmas\u0131 ve \u0130ade Edilen Su\u00e7lu ile Vatanda\u015flar\u0131n Gelece\u011fi Konusunda \u0130nsan Haklar\u0131 Kurulu\u015flar\u0131n\u0131n Endi\u015feleri - ShiaWaves Turkish - \u015eia Haberleri","isPartOf":{"@id":"https:\/\/shiawaves.com\/turkish\/#website"},"primaryImageOfPage":{"@id":"https:\/\/shiawaves.com\/turkish\/2026\/09\/02\/afgan-multecilerin-almanyadan-sinir-disi-edilme-surecinin-uzatilmasi-ve-iade-edilen-suclu-ile-vatandaslarin-gelecegi-konusunda-insan-haklari-kuruluslarinin-endiseleri\/#primaryimage"},"image":{"@id":"https:\/\/shiawaves.com\/turkish\/2026\/09\/02\/afgan-multecilerin-almanyadan-sinir-disi-edilme-surecinin-uzatilmasi-ve-iade-edilen-suclu-ile-vatandaslarin-gelecegi-konusunda-insan-haklari-kuruluslarinin-endiseleri\/#primaryimage"},"thumbnailUrl":"https:\/\/shiawaves.com\/turkish\/wp-content\/uploads\/sites\/6\/2026\/09\/file_3736.jpg","datePublished":"2026-09-02T14:01:27+00:00","author":{"@id":"https:\/\/shiawaves.com\/turkish\/#\/schema\/person\/9f68d5023e948086b9348fba5aebd954"},"breadcrumb":{"@id":"https:\/\/shiawaves.com\/turkish\/2026\/09\/02\/afgan-multecilerin-almanyadan-sinir-disi-edilme-surecinin-uzatilmasi-ve-iade-edilen-suclu-ile-vatandaslarin-gelecegi-konusunda-insan-haklari-kuruluslarinin-endiseleri\/#breadcrumb"},"inLanguage":"tr","potentialAction":[{"@type":"ReadAction","target":["https:\/\/shiawaves.com\/turkish\/2026\/09\/02\/afgan-multecilerin-almanyadan-sinir-disi-edilme-surecinin-uzatilmasi-ve-iade-edilen-suclu-ile-vatandaslarin-gelecegi-konusunda-insan-haklari-kuruluslarinin-endiseleri\/"]}]},{"@type":"ImageObject","inLanguage":"tr","@id":"https:\/\/shiawaves.com\/turkish\/2026\/09\/02\/afgan-multecilerin-almanyadan-sinir-disi-edilme-surecinin-uzatilmasi-ve-iade-edilen-suclu-ile-vatandaslarin-gelecegi-konusunda-insan-haklari-kuruluslarinin-endiseleri\/#primaryimage","url":"https:\/\/shiawaves.com\/turkish\/wp-content\/uploads\/sites\/6\/2026\/09\/file_3736.jpg","contentUrl":"https:\/\/shiawaves.com\/turkish\/wp-content\/uploads\/sites\/6\/2026\/09\/file_3736.jpg","width":1280,"height":853},{"@type":"BreadcrumbList","@id":"https:\/\/shiawaves.com\/turkish\/2026\/09\/02\/afgan-multecilerin-almanyadan-sinir-disi-edilme-surecinin-uzatilmasi-ve-iade-edilen-suclu-ile-vatandaslarin-gelecegi-konusunda-insan-haklari-kuruluslarinin-endiseleri\/#breadcrumb","itemListElement":[{"@type":"ListItem","position":1,"name":"Home","item":"https:\/\/shiawaves.com\/turkish\/"},{"@type":"ListItem","position":2,"name":"Afgan M\u00fcltecilerin Almanya\u2019dan S\u0131n\u0131r D\u0131\u015f\u0131 Edilme S\u00fcrecinin Uzat\u0131lmas\u0131 ve \u0130ade Edilen Su\u00e7lu ile Vatanda\u015flar\u0131n Gelece\u011fi Konusunda \u0130nsan Haklar\u0131 Kurulu\u015flar\u0131n\u0131n Endi\u015feleri"}]},{"@type":"WebSite","@id":"https:\/\/shiawaves.com\/turkish\/#website","url":"https:\/\/shiawaves.com\/turkish\/","name":"ShiaWaves Turkish - \u015eia Haberleri","description":"","potentialAction":[{"@type":"SearchAction","target":{"@type":"EntryPoint","urlTemplate":"https:\/\/shiawaves.com\/turkish\/?s={search_term_string}"},"query-input":{"@type":"PropertyValueSpecification","valueRequired":true,"valueName":"search_term_string"}}],"inLanguage":"tr"},{"@type":"Person","@id":"https:\/\/shiawaves.com\/turkish\/#\/schema\/person\/9f68d5023e948086b9348fba5aebd954","name":"modir","image":{"@type":"ImageObject","inLanguage":"tr","@id":"https:\/\/secure.gravatar.com\/avatar\/8e76f93cdbdd480bd8918d1e0e1d938664c9cb1516c2a57a2b96fe50b507a6b9?s=96&d=mm&r=g","url":"https:\/\/secure.gravatar.com\/avatar\/8e76f93cdbdd480bd8918d1e0e1d938664c9cb1516c2a57a2b96fe50b507a6b9?s=96&d=mm&r=g","contentUrl":"https:\/\/secure.gravatar.com\/avatar\/8e76f93cdbdd480bd8918d1e0e1d938664c9cb1516c2a57a2b96fe50b507a6b9?s=96&d=mm&r=g","caption":"modir"},"sameAs":["https:\/\/shiawaves.com"],"url":"https:\/\/shiawaves.com\/turkish\/author\/modir\/"}]}},"_links":{"self":[{"href":"https:\/\/shiawaves.com\/turkish\/wp-json\/wp\/v2\/posts\/121527","targetHints":{"allow":["GET"]}}],"collection":[{"href":"https:\/\/shiawaves.com\/turkish\/wp-json\/wp\/v2\/posts"}],"about":[{"href":"https:\/\/shiawaves.com\/turkish\/wp-json\/wp\/v2\/types\/post"}],"author":[{"embeddable":true,"href":"https:\/\/shiawaves.com\/turkish\/wp-json\/wp\/v2\/users\/1"}],"replies":[{"embeddable":true,"href":"https:\/\/shiawaves.com\/turkish\/wp-json\/wp\/v2\/comments?post=121527"}],"version-history":[{"count":0,"href":"https:\/\/shiawaves.com\/turkish\/wp-json\/wp\/v2\/posts\/121527\/revisions"}],"wp:featuredmedia":[{"embeddable":true,"href":"https:\/\/shiawaves.com\/turkish\/wp-json\/wp\/v2\/media\/121526"}],"wp:attachment":[{"href":"https:\/\/shiawaves.com\/turkish\/wp-json\/wp\/v2\/media?parent=121527"}],"wp:term":[{"taxonomy":"category","embeddable":true,"href":"https:\/\/shiawaves.com\/turkish\/wp-json\/wp\/v2\/categories?post=121527"},{"taxonomy":"post_tag","embeddable":true,"href":"https:\/\/shiawaves.com\/turkish\/wp-json\/wp\/v2\/tags?post=121527"}],"curies":[{"name":"wp","href":"https:\/\/api.w.org\/{rel}","templated":true}]}}