{"id":121509,"date":"2026-08-31T13:30:16","date_gmt":"2026-08-31T10:30:16","guid":{"rendered":"https:\/\/shiawaves.com\/turkish\/2026\/08\/31\/imam-cafer-sadikin-tarihi-munazarasinda-varligin-baslangicindaki-sir-evren-neden-ilk-maddeye-ihtiyac-duymadi\/"},"modified":"2026-08-31T13:30:16","modified_gmt":"2026-08-31T10:30:16","slug":"imam-cafer-sadikin-tarihi-munazarasinda-varligin-baslangicindaki-sir-evren-neden-ilk-maddeye-ihtiyac-duymadi","status":"publish","type":"post","link":"https:\/\/shiawaves.com\/turkish\/2026\/08\/31\/imam-cafer-sadikin-tarihi-munazarasinda-varligin-baslangicindaki-sir-evren-neden-ilk-maddeye-ihtiyac-duymadi\/","title":{"rendered":"\u0130mam Cafer Sad\u0131k&#8217;\u0131n Tarihi M\u00fcnazaras\u0131nda Varl\u0131\u011f\u0131n Ba\u015flang\u0131c\u0131ndaki S\u0131r; Evren Neden \u0130lk Maddeye \u0130htiya\u00e7 Duymad\u0131?"},"content":{"rendered":"<p>\u0130mam Cafer Sad\u0131k&#8217;\u0131n Tarihi M\u00fcnazaras\u0131nda Varl\u0131\u011f\u0131n Ba\u015flang\u0131c\u0131ndaki S\u0131r; Evren Neden \u0130lk Maddeye \u0130htiya\u00e7 Duymad\u0131?<\/p>\n<p>Evrenin nas\u0131l yarat\u0131ld\u0131\u011f\u0131 sorusu, insanl\u0131\u011f\u0131n en temel entelekt\u00fcel kayg\u0131lar\u0131ndan biridir. \u0130mam Cafer Sad\u0131k ile bir zendik aras\u0131ndaki tarihi m\u00fcnazara, Yarat\u0131c\u0131&#8217;n\u0131n yarat\u0131kla k\u0131yasa tabi tutulmas\u0131n\u0131n ele\u015ftirisi arac\u0131l\u0131\u011f\u0131yla &#8220;yoktan yaratma&#8221; ile &#8220;maddesel yarat\u0131m&#8221; aras\u0131ndaki temel fark\u0131 a\u00e7\u0131kl\u0131\u011fa kavu\u015fturur.<\/p>\n<p>\ud83d\udc48\u00c7al\u0131\u015fma arkada\u015f\u0131m bu konuyu raporunda incelemi\u015f, hep birlikte g\u00f6z atal\u0131m:\ud83d\udc49<\/p>\n<p>\u0130nsan zihni, g\u00fcnl\u00fck deneyimlerinde her yap\u0131t\u0131 ilk maddeye, ara\u00e7lara ve malzemelere ba\u011fl\u0131 olarak g\u00f6rmeye al\u0131\u015fm\u0131\u015ft\u0131r; t\u0131pk\u0131 bir evin tu\u011fla ve \u00e7imentodan in\u015fa edilmesi gibi.<\/p>\n<p>Bu nedenle, &#8220;evrenin ilk maddesi&#8221; sorusu daima g\u00fcndeme gelmi\u015ftir.<\/p>\n<p>Ancak \u0130mam Cafer Sad\u0131k, tanr\u0131tan\u0131maz d\u00fc\u015f\u00fcn\u00fcrlerin \u015f\u00fcphelerine yan\u0131t verirken bu yanl\u0131\u015f varsay\u0131m\u0131 sorgulad\u0131 ve ilahi yarat\u0131l\u0131\u015f ile insan \u00fcr\u00fcnleri aras\u0131ndaki temel fark\u0131 netle\u015ftirdi.<\/p>\n<p>Hadis kaynaklar\u0131nda aktar\u0131lan \u00fcnl\u00fc bir m\u00fcnazarada, bir zendik, \u0130mam Sad\u0131k&#8217;a &#8220;Y\u00fcce Tanr\u0131, nesneleri neyle yaratt\u0131?&#8221; diye sordu. \u0130mam, &#8220;Hi\u00e7bir \u015feyden&#8221; diye yan\u0131tlad\u0131.<\/p>\n<p>Bu ki\u015fi hemen, &#8220;Nas\u0131l olur da hi\u00e7bir \u015feyden bir \u015fey ortaya \u00e7\u0131kabilir?&#8221; diye itirazda bulundu.<\/p>\n<p>M\u00fcsl\u00fcmanlar\u0131n alt\u0131nc\u0131 imam\u0131, sa\u011flam bir mant\u0131kla mevcutlar\u0131n ya bir \u015feyden ya da hi\u00e7bir \u015feyden yarat\u0131ld\u0131\u011f\u0131n\u0131 ifade etti. E\u011fer \u00f6nceden var olan bir maddeden yarat\u0131lm\u0131\u015flarsa, o madde Tanr\u0131 ile birlikte ezeli olmal\u0131d\u0131r; ancak ezeli bir varl\u0131k de\u011fi\u015femez, eskiyemez veya \u00f6lemez.<\/p>\n<p>\u0130mam Sad\u0131k, evrenin yeni oldu\u011funu ve ezeli bir maddenin var olmad\u0131\u011f\u0131n\u0131 kan\u0131tlamak i\u00e7in zaman\u0131n d\u00f6n\u00fc\u015f\u00fcm\u00fc, g\u00f6k cisimlerinin hareketi, sular\u0131n kurumas\u0131 ve tatlar\u0131n de\u011fi\u015fimi gibi maddi i\u015faretlere de\u011findi.<\/p>\n<p>De\u011fi\u015fim, eskime ve yok olma \u00f6zelliklerinin, varl\u0131klar\u0131n yeni oldu\u011funun ve s\u0131n\u0131rs\u0131z bir yarat\u0131c\u0131ya ihtiya\u00e7 duyduklar\u0131n\u0131n en iyi kan\u0131t\u0131 oldu\u011funu vurgulad\u0131.<\/p>\n<p>De\u011fi\u015fen bir varl\u0131k, ezeli Tanr\u0131 veya ihtiya\u00e7s\u0131z ilk madde olamaz.<\/p>\n<p>\u0130mam Sad\u0131k&#8217;\u0131n mant\u0131\u011f\u0131ndaki temel nokta, ilahi yarat\u0131m\u0131n (ibda), \u00f6nceki maddi bir model olmadan meydana gelmesidir.<\/p>\n<p>&#8220;Hi\u00e7ten yarat\u0131lma&#8221; kavram\u0131, &#8220;hi\u00e7&#8221;i ilk madde olarak kullanmak anlam\u0131na gelmez; aksine, yarat\u0131l\u0131\u015f \u00f6ncesinde yarat\u0131klar\u0131n, Tanr\u0131&#8217;ya e\u015fde\u011fer ve ba\u011f\u0131ms\u0131z bir maddesi olmad\u0131\u011f\u0131 anlam\u0131na gelir.<\/p>\n<p>Y\u00fcce Tanr\u0131&#8217;n\u0131n insanla k\u0131yaslanmas\u0131, ink\u00e2rc\u0131lar\u0131n temel hatas\u0131d\u0131r; zira Tanr\u0131, yarat\u0131l\u0131\u015f i\u00e7in ara\u00e7 ve gere\u00e7lere ihtiya\u00e7 duymaz.<\/p>\n<p>Bu de\u011ferli m\u00fcnazara, tevhid d\u00fc\u015f\u00fcncesinin ak\u0131lc\u0131l\u0131\u011fa dayand\u0131\u011f\u0131n\u0131 g\u00f6sterir ve insan\u0131, ihtiya\u00e7s\u0131z yarat\u0131c\u0131 ile s\u0131n\u0131rl\u0131 yarat\u0131k aras\u0131ndaki mutlak fark\u0131 derinlemesine tan\u0131maya y\u00f6nlendirir.<\/p>\n","protected":false},"excerpt":{"rendered":"<p>\u0130mam Cafer Sad\u0131k&#8217;\u0131n Tarihi M\u00fcnazaras\u0131nda Varl\u0131\u011f\u0131n Ba\u015flang\u0131c\u0131ndaki S\u0131r; Evren Neden \u0130lk Maddeye \u0130htiya\u00e7 Duymad\u0131? Evrenin nas\u0131l yarat\u0131ld\u0131\u011f\u0131 sorusu, insanl\u0131\u011f\u0131n en temel entelekt\u00fcel kayg\u0131lar\u0131ndan biridir. \u0130mam Cafer Sad\u0131k ile bir zendik aras\u0131ndaki tarihi m\u00fcnazara, Yarat\u0131c\u0131&#8217;n\u0131n yarat\u0131kla k\u0131yasa tabi tutulmas\u0131n\u0131n ele\u015ftirisi arac\u0131l\u0131\u011f\u0131yla &#8220;yoktan yaratma&#8221; ile &#8220;maddesel yarat\u0131m&#8221; aras\u0131ndaki temel fark\u0131 a\u00e7\u0131kl\u0131\u011fa kavu\u015fturur. \ud83d\udc48\u00c7al\u0131\u015fma arkada\u015f\u0131m bu konuyu raporunda &hellip;<\/p>\n","protected":false},"author":1,"featured_media":121508,"comment_status":"open","ping_status":"open","sticky":false,"template":"","format":"standard","meta":{"rop_custom_images_group":[],"rop_custom_messages_group":[],"rop_publish_now":"initial","rop_publish_now_accounts":[],"rop_publish_now_history":[],"rop_publish_now_status":"pending","footnotes":""},"categories":[6],"tags":[],"class_list":["post-121509","post","type-post","status-publish","format-standard","has-post-thumbnail","hentry","category-islam"],"_wp_page_template":null,"_wp_attached_file":null,"_wp_attachment_metadata":null,"_edit_lock":null,"yoast_head":"<!-- This site is optimized with the Yoast SEO plugin v27.9 - https:\/\/yoast.com\/product\/yoast-seo-wordpress\/ -->\n<title>\u0130mam Cafer Sad\u0131k&#039;\u0131n Tarihi M\u00fcnazaras\u0131nda Varl\u0131\u011f\u0131n Ba\u015flang\u0131c\u0131ndaki S\u0131r; Evren Neden \u0130lk Maddeye \u0130htiya\u00e7 Duymad\u0131? - ShiaWaves Turkish - \u015eia Haberleri<\/title>\n<meta name=\"robots\" content=\"index, follow, max-snippet:-1, max-image-preview:large, max-video-preview:-1\" \/>\n<link rel=\"canonical\" href=\"https:\/\/shiawaves.com\/turkish\/2026\/08\/31\/imam-cafer-sadikin-tarihi-munazarasinda-varligin-baslangicindaki-sir-evren-neden-ilk-maddeye-ihtiyac-duymadi\/\" \/>\n<meta property=\"og:locale\" content=\"tr_TR\" \/>\n<meta property=\"og:type\" content=\"article\" \/>\n<meta property=\"og:title\" content=\"\u0130mam Cafer Sad\u0131k&#039;\u0131n Tarihi M\u00fcnazaras\u0131nda Varl\u0131\u011f\u0131n Ba\u015flang\u0131c\u0131ndaki S\u0131r; Evren Neden \u0130lk Maddeye \u0130htiya\u00e7 Duymad\u0131? - ShiaWaves Turkish - \u015eia Haberleri\" \/>\n<meta property=\"og:description\" content=\"\u0130mam Cafer Sad\u0131k&#8217;\u0131n Tarihi M\u00fcnazaras\u0131nda Varl\u0131\u011f\u0131n Ba\u015flang\u0131c\u0131ndaki S\u0131r; Evren Neden \u0130lk Maddeye \u0130htiya\u00e7 Duymad\u0131? Evrenin nas\u0131l yarat\u0131ld\u0131\u011f\u0131 sorusu, insanl\u0131\u011f\u0131n en temel entelekt\u00fcel kayg\u0131lar\u0131ndan biridir. \u0130mam Cafer Sad\u0131k ile bir zendik aras\u0131ndaki tarihi m\u00fcnazara, Yarat\u0131c\u0131&#8217;n\u0131n yarat\u0131kla k\u0131yasa tabi tutulmas\u0131n\u0131n ele\u015ftirisi arac\u0131l\u0131\u011f\u0131yla &#8220;yoktan yaratma&#8221; ile &#8220;maddesel yarat\u0131m&#8221; aras\u0131ndaki temel fark\u0131 a\u00e7\u0131kl\u0131\u011fa kavu\u015fturur. \ud83d\udc48\u00c7al\u0131\u015fma arkada\u015f\u0131m bu konuyu raporunda &hellip;\" \/>\n<meta property=\"og:url\" content=\"https:\/\/shiawaves.com\/turkish\/2026\/08\/31\/imam-cafer-sadikin-tarihi-munazarasinda-varligin-baslangicindaki-sir-evren-neden-ilk-maddeye-ihtiyac-duymadi\/\" \/>\n<meta property=\"og:site_name\" content=\"ShiaWaves Turkish - \u015eia Haberleri\" \/>\n<meta property=\"article:published_time\" content=\"2026-08-31T10:30:16+00:00\" \/>\n<meta name=\"author\" content=\"modir\" \/>\n<meta name=\"twitter:card\" content=\"summary_large_image\" \/>\n<meta name=\"twitter:label1\" content=\"Yazan:\" \/>\n\t<meta name=\"twitter:data1\" content=\"modir\" \/>\n\t<meta name=\"twitter:label2\" content=\"Tahmini okuma s\u00fcresi\" \/>\n\t<meta name=\"twitter:data2\" content=\"2 dakika\" \/>\n<script type=\"application\/ld+json\" class=\"yoast-schema-graph\">{\"@context\":\"https:\\\/\\\/schema.org\",\"@graph\":[{\"@type\":\"Article\",\"@id\":\"https:\\\/\\\/shiawaves.com\\\/turkish\\\/2026\\\/08\\\/31\\\/imam-cafer-sadikin-tarihi-munazarasinda-varligin-baslangicindaki-sir-evren-neden-ilk-maddeye-ihtiyac-duymadi\\\/#article\",\"isPartOf\":{\"@id\":\"https:\\\/\\\/shiawaves.com\\\/turkish\\\/2026\\\/08\\\/31\\\/imam-cafer-sadikin-tarihi-munazarasinda-varligin-baslangicindaki-sir-evren-neden-ilk-maddeye-ihtiyac-duymadi\\\/\"},\"author\":{\"name\":\"modir\",\"@id\":\"https:\\\/\\\/shiawaves.com\\\/turkish\\\/#\\\/schema\\\/person\\\/9f68d5023e948086b9348fba5aebd954\"},\"headline\":\"\u0130mam Cafer Sad\u0131k&#8217;\u0131n Tarihi M\u00fcnazaras\u0131nda Varl\u0131\u011f\u0131n Ba\u015flang\u0131c\u0131ndaki S\u0131r; Evren Neden \u0130lk Maddeye \u0130htiya\u00e7 Duymad\u0131?\",\"datePublished\":\"2026-08-31T10:30:16+00:00\",\"mainEntityOfPage\":{\"@id\":\"https:\\\/\\\/shiawaves.com\\\/turkish\\\/2026\\\/08\\\/31\\\/imam-cafer-sadikin-tarihi-munazarasinda-varligin-baslangicindaki-sir-evren-neden-ilk-maddeye-ihtiyac-duymadi\\\/\"},\"wordCount\":519,\"commentCount\":0,\"image\":{\"@id\":\"https:\\\/\\\/shiawaves.com\\\/turkish\\\/2026\\\/08\\\/31\\\/imam-cafer-sadikin-tarihi-munazarasinda-varligin-baslangicindaki-sir-evren-neden-ilk-maddeye-ihtiyac-duymadi\\\/#primaryimage\"},\"thumbnailUrl\":\"https:\\\/\\\/shiawaves.com\\\/turkish\\\/wp-content\\\/uploads\\\/sites\\\/6\\\/2026\\\/08\\\/file_3727.jpg\",\"articleSection\":[\"\u0130slam D\u00fcnyas\u0131\"],\"inLanguage\":\"tr\",\"potentialAction\":[{\"@type\":\"CommentAction\",\"name\":\"Comment\",\"target\":[\"https:\\\/\\\/shiawaves.com\\\/turkish\\\/2026\\\/08\\\/31\\\/imam-cafer-sadikin-tarihi-munazarasinda-varligin-baslangicindaki-sir-evren-neden-ilk-maddeye-ihtiyac-duymadi\\\/#respond\"]}]},{\"@type\":\"WebPage\",\"@id\":\"https:\\\/\\\/shiawaves.com\\\/turkish\\\/2026\\\/08\\\/31\\\/imam-cafer-sadikin-tarihi-munazarasinda-varligin-baslangicindaki-sir-evren-neden-ilk-maddeye-ihtiyac-duymadi\\\/\",\"url\":\"https:\\\/\\\/shiawaves.com\\\/turkish\\\/2026\\\/08\\\/31\\\/imam-cafer-sadikin-tarihi-munazarasinda-varligin-baslangicindaki-sir-evren-neden-ilk-maddeye-ihtiyac-duymadi\\\/\",\"name\":\"\u0130mam Cafer Sad\u0131k'\u0131n Tarihi M\u00fcnazaras\u0131nda Varl\u0131\u011f\u0131n Ba\u015flang\u0131c\u0131ndaki S\u0131r; Evren Neden \u0130lk Maddeye \u0130htiya\u00e7 Duymad\u0131? - ShiaWaves Turkish - \u015eia Haberleri\",\"isPartOf\":{\"@id\":\"https:\\\/\\\/shiawaves.com\\\/turkish\\\/#website\"},\"primaryImageOfPage\":{\"@id\":\"https:\\\/\\\/shiawaves.com\\\/turkish\\\/2026\\\/08\\\/31\\\/imam-cafer-sadikin-tarihi-munazarasinda-varligin-baslangicindaki-sir-evren-neden-ilk-maddeye-ihtiyac-duymadi\\\/#primaryimage\"},\"image\":{\"@id\":\"https:\\\/\\\/shiawaves.com\\\/turkish\\\/2026\\\/08\\\/31\\\/imam-cafer-sadikin-tarihi-munazarasinda-varligin-baslangicindaki-sir-evren-neden-ilk-maddeye-ihtiyac-duymadi\\\/#primaryimage\"},\"thumbnailUrl\":\"https:\\\/\\\/shiawaves.com\\\/turkish\\\/wp-content\\\/uploads\\\/sites\\\/6\\\/2026\\\/08\\\/file_3727.jpg\",\"datePublished\":\"2026-08-31T10:30:16+00:00\",\"author\":{\"@id\":\"https:\\\/\\\/shiawaves.com\\\/turkish\\\/#\\\/schema\\\/person\\\/9f68d5023e948086b9348fba5aebd954\"},\"breadcrumb\":{\"@id\":\"https:\\\/\\\/shiawaves.com\\\/turkish\\\/2026\\\/08\\\/31\\\/imam-cafer-sadikin-tarihi-munazarasinda-varligin-baslangicindaki-sir-evren-neden-ilk-maddeye-ihtiyac-duymadi\\\/#breadcrumb\"},\"inLanguage\":\"tr\",\"potentialAction\":[{\"@type\":\"ReadAction\",\"target\":[\"https:\\\/\\\/shiawaves.com\\\/turkish\\\/2026\\\/08\\\/31\\\/imam-cafer-sadikin-tarihi-munazarasinda-varligin-baslangicindaki-sir-evren-neden-ilk-maddeye-ihtiyac-duymadi\\\/\"]}]},{\"@type\":\"ImageObject\",\"inLanguage\":\"tr\",\"@id\":\"https:\\\/\\\/shiawaves.com\\\/turkish\\\/2026\\\/08\\\/31\\\/imam-cafer-sadikin-tarihi-munazarasinda-varligin-baslangicindaki-sir-evren-neden-ilk-maddeye-ihtiyac-duymadi\\\/#primaryimage\",\"url\":\"https:\\\/\\\/shiawaves.com\\\/turkish\\\/wp-content\\\/uploads\\\/sites\\\/6\\\/2026\\\/08\\\/file_3727.jpg\",\"contentUrl\":\"https:\\\/\\\/shiawaves.com\\\/turkish\\\/wp-content\\\/uploads\\\/sites\\\/6\\\/2026\\\/08\\\/file_3727.jpg\",\"width\":1280,\"height\":853},{\"@type\":\"BreadcrumbList\",\"@id\":\"https:\\\/\\\/shiawaves.com\\\/turkish\\\/2026\\\/08\\\/31\\\/imam-cafer-sadikin-tarihi-munazarasinda-varligin-baslangicindaki-sir-evren-neden-ilk-maddeye-ihtiyac-duymadi\\\/#breadcrumb\",\"itemListElement\":[{\"@type\":\"ListItem\",\"position\":1,\"name\":\"Home\",\"item\":\"https:\\\/\\\/shiawaves.com\\\/turkish\\\/\"},{\"@type\":\"ListItem\",\"position\":2,\"name\":\"\u0130mam Cafer Sad\u0131k&#8217;\u0131n Tarihi M\u00fcnazaras\u0131nda Varl\u0131\u011f\u0131n Ba\u015flang\u0131c\u0131ndaki S\u0131r; Evren Neden \u0130lk Maddeye \u0130htiya\u00e7 Duymad\u0131?\"}]},{\"@type\":\"WebSite\",\"@id\":\"https:\\\/\\\/shiawaves.com\\\/turkish\\\/#website\",\"url\":\"https:\\\/\\\/shiawaves.com\\\/turkish\\\/\",\"name\":\"ShiaWaves Turkish - \u015eia Haberleri\",\"description\":\"\",\"potentialAction\":[{\"@type\":\"SearchAction\",\"target\":{\"@type\":\"EntryPoint\",\"urlTemplate\":\"https:\\\/\\\/shiawaves.com\\\/turkish\\\/?s={search_term_string}\"},\"query-input\":{\"@type\":\"PropertyValueSpecification\",\"valueRequired\":true,\"valueName\":\"search_term_string\"}}],\"inLanguage\":\"tr\"},{\"@type\":\"Person\",\"@id\":\"https:\\\/\\\/shiawaves.com\\\/turkish\\\/#\\\/schema\\\/person\\\/9f68d5023e948086b9348fba5aebd954\",\"name\":\"modir\",\"image\":{\"@type\":\"ImageObject\",\"inLanguage\":\"tr\",\"@id\":\"https:\\\/\\\/secure.gravatar.com\\\/avatar\\\/8e76f93cdbdd480bd8918d1e0e1d938664c9cb1516c2a57a2b96fe50b507a6b9?s=96&d=mm&r=g\",\"url\":\"https:\\\/\\\/secure.gravatar.com\\\/avatar\\\/8e76f93cdbdd480bd8918d1e0e1d938664c9cb1516c2a57a2b96fe50b507a6b9?s=96&d=mm&r=g\",\"contentUrl\":\"https:\\\/\\\/secure.gravatar.com\\\/avatar\\\/8e76f93cdbdd480bd8918d1e0e1d938664c9cb1516c2a57a2b96fe50b507a6b9?s=96&d=mm&r=g\",\"caption\":\"modir\"},\"sameAs\":[\"https:\\\/\\\/shiawaves.com\"],\"url\":\"https:\\\/\\\/shiawaves.com\\\/turkish\\\/author\\\/modir\\\/\"}]}<\/script>\n<!-- \/ Yoast SEO plugin. -->","yoast_head_json":{"title":"\u0130mam Cafer Sad\u0131k'\u0131n Tarihi M\u00fcnazaras\u0131nda Varl\u0131\u011f\u0131n Ba\u015flang\u0131c\u0131ndaki S\u0131r; Evren Neden \u0130lk Maddeye \u0130htiya\u00e7 Duymad\u0131? - ShiaWaves Turkish - \u015eia Haberleri","robots":{"index":"index","follow":"follow","max-snippet":"max-snippet:-1","max-image-preview":"max-image-preview:large","max-video-preview":"max-video-preview:-1"},"canonical":"https:\/\/shiawaves.com\/turkish\/2026\/08\/31\/imam-cafer-sadikin-tarihi-munazarasinda-varligin-baslangicindaki-sir-evren-neden-ilk-maddeye-ihtiyac-duymadi\/","og_locale":"tr_TR","og_type":"article","og_title":"\u0130mam Cafer Sad\u0131k'\u0131n Tarihi M\u00fcnazaras\u0131nda Varl\u0131\u011f\u0131n Ba\u015flang\u0131c\u0131ndaki S\u0131r; Evren Neden \u0130lk Maddeye \u0130htiya\u00e7 Duymad\u0131? - ShiaWaves Turkish - \u015eia Haberleri","og_description":"\u0130mam Cafer Sad\u0131k&#8217;\u0131n Tarihi M\u00fcnazaras\u0131nda Varl\u0131\u011f\u0131n Ba\u015flang\u0131c\u0131ndaki S\u0131r; Evren Neden \u0130lk Maddeye \u0130htiya\u00e7 Duymad\u0131? Evrenin nas\u0131l yarat\u0131ld\u0131\u011f\u0131 sorusu, insanl\u0131\u011f\u0131n en temel entelekt\u00fcel kayg\u0131lar\u0131ndan biridir. \u0130mam Cafer Sad\u0131k ile bir zendik aras\u0131ndaki tarihi m\u00fcnazara, Yarat\u0131c\u0131&#8217;n\u0131n yarat\u0131kla k\u0131yasa tabi tutulmas\u0131n\u0131n ele\u015ftirisi arac\u0131l\u0131\u011f\u0131yla &#8220;yoktan yaratma&#8221; ile &#8220;maddesel yarat\u0131m&#8221; aras\u0131ndaki temel fark\u0131 a\u00e7\u0131kl\u0131\u011fa kavu\u015fturur. \ud83d\udc48\u00c7al\u0131\u015fma arkada\u015f\u0131m bu konuyu raporunda &hellip;","og_url":"https:\/\/shiawaves.com\/turkish\/2026\/08\/31\/imam-cafer-sadikin-tarihi-munazarasinda-varligin-baslangicindaki-sir-evren-neden-ilk-maddeye-ihtiyac-duymadi\/","og_site_name":"ShiaWaves Turkish - \u015eia Haberleri","article_published_time":"2026-08-31T10:30:16+00:00","author":"modir","twitter_card":"summary_large_image","twitter_misc":{"Yazan:":"modir","Tahmini okuma s\u00fcresi":"2 dakika"},"schema":{"@context":"https:\/\/schema.org","@graph":[{"@type":"Article","@id":"https:\/\/shiawaves.com\/turkish\/2026\/08\/31\/imam-cafer-sadikin-tarihi-munazarasinda-varligin-baslangicindaki-sir-evren-neden-ilk-maddeye-ihtiyac-duymadi\/#article","isPartOf":{"@id":"https:\/\/shiawaves.com\/turkish\/2026\/08\/31\/imam-cafer-sadikin-tarihi-munazarasinda-varligin-baslangicindaki-sir-evren-neden-ilk-maddeye-ihtiyac-duymadi\/"},"author":{"name":"modir","@id":"https:\/\/shiawaves.com\/turkish\/#\/schema\/person\/9f68d5023e948086b9348fba5aebd954"},"headline":"\u0130mam Cafer Sad\u0131k&#8217;\u0131n Tarihi M\u00fcnazaras\u0131nda Varl\u0131\u011f\u0131n Ba\u015flang\u0131c\u0131ndaki S\u0131r; Evren Neden \u0130lk Maddeye \u0130htiya\u00e7 Duymad\u0131?","datePublished":"2026-08-31T10:30:16+00:00","mainEntityOfPage":{"@id":"https:\/\/shiawaves.com\/turkish\/2026\/08\/31\/imam-cafer-sadikin-tarihi-munazarasinda-varligin-baslangicindaki-sir-evren-neden-ilk-maddeye-ihtiyac-duymadi\/"},"wordCount":519,"commentCount":0,"image":{"@id":"https:\/\/shiawaves.com\/turkish\/2026\/08\/31\/imam-cafer-sadikin-tarihi-munazarasinda-varligin-baslangicindaki-sir-evren-neden-ilk-maddeye-ihtiyac-duymadi\/#primaryimage"},"thumbnailUrl":"https:\/\/shiawaves.com\/turkish\/wp-content\/uploads\/sites\/6\/2026\/08\/file_3727.jpg","articleSection":["\u0130slam D\u00fcnyas\u0131"],"inLanguage":"tr","potentialAction":[{"@type":"CommentAction","name":"Comment","target":["https:\/\/shiawaves.com\/turkish\/2026\/08\/31\/imam-cafer-sadikin-tarihi-munazarasinda-varligin-baslangicindaki-sir-evren-neden-ilk-maddeye-ihtiyac-duymadi\/#respond"]}]},{"@type":"WebPage","@id":"https:\/\/shiawaves.com\/turkish\/2026\/08\/31\/imam-cafer-sadikin-tarihi-munazarasinda-varligin-baslangicindaki-sir-evren-neden-ilk-maddeye-ihtiyac-duymadi\/","url":"https:\/\/shiawaves.com\/turkish\/2026\/08\/31\/imam-cafer-sadikin-tarihi-munazarasinda-varligin-baslangicindaki-sir-evren-neden-ilk-maddeye-ihtiyac-duymadi\/","name":"\u0130mam Cafer Sad\u0131k'\u0131n Tarihi M\u00fcnazaras\u0131nda Varl\u0131\u011f\u0131n Ba\u015flang\u0131c\u0131ndaki S\u0131r; Evren Neden \u0130lk Maddeye \u0130htiya\u00e7 Duymad\u0131? - ShiaWaves Turkish - \u015eia Haberleri","isPartOf":{"@id":"https:\/\/shiawaves.com\/turkish\/#website"},"primaryImageOfPage":{"@id":"https:\/\/shiawaves.com\/turkish\/2026\/08\/31\/imam-cafer-sadikin-tarihi-munazarasinda-varligin-baslangicindaki-sir-evren-neden-ilk-maddeye-ihtiyac-duymadi\/#primaryimage"},"image":{"@id":"https:\/\/shiawaves.com\/turkish\/2026\/08\/31\/imam-cafer-sadikin-tarihi-munazarasinda-varligin-baslangicindaki-sir-evren-neden-ilk-maddeye-ihtiyac-duymadi\/#primaryimage"},"thumbnailUrl":"https:\/\/shiawaves.com\/turkish\/wp-content\/uploads\/sites\/6\/2026\/08\/file_3727.jpg","datePublished":"2026-08-31T10:30:16+00:00","author":{"@id":"https:\/\/shiawaves.com\/turkish\/#\/schema\/person\/9f68d5023e948086b9348fba5aebd954"},"breadcrumb":{"@id":"https:\/\/shiawaves.com\/turkish\/2026\/08\/31\/imam-cafer-sadikin-tarihi-munazarasinda-varligin-baslangicindaki-sir-evren-neden-ilk-maddeye-ihtiyac-duymadi\/#breadcrumb"},"inLanguage":"tr","potentialAction":[{"@type":"ReadAction","target":["https:\/\/shiawaves.com\/turkish\/2026\/08\/31\/imam-cafer-sadikin-tarihi-munazarasinda-varligin-baslangicindaki-sir-evren-neden-ilk-maddeye-ihtiyac-duymadi\/"]}]},{"@type":"ImageObject","inLanguage":"tr","@id":"https:\/\/shiawaves.com\/turkish\/2026\/08\/31\/imam-cafer-sadikin-tarihi-munazarasinda-varligin-baslangicindaki-sir-evren-neden-ilk-maddeye-ihtiyac-duymadi\/#primaryimage","url":"https:\/\/shiawaves.com\/turkish\/wp-content\/uploads\/sites\/6\/2026\/08\/file_3727.jpg","contentUrl":"https:\/\/shiawaves.com\/turkish\/wp-content\/uploads\/sites\/6\/2026\/08\/file_3727.jpg","width":1280,"height":853},{"@type":"BreadcrumbList","@id":"https:\/\/shiawaves.com\/turkish\/2026\/08\/31\/imam-cafer-sadikin-tarihi-munazarasinda-varligin-baslangicindaki-sir-evren-neden-ilk-maddeye-ihtiyac-duymadi\/#breadcrumb","itemListElement":[{"@type":"ListItem","position":1,"name":"Home","item":"https:\/\/shiawaves.com\/turkish\/"},{"@type":"ListItem","position":2,"name":"\u0130mam Cafer Sad\u0131k&#8217;\u0131n Tarihi M\u00fcnazaras\u0131nda Varl\u0131\u011f\u0131n Ba\u015flang\u0131c\u0131ndaki S\u0131r; Evren Neden \u0130lk Maddeye \u0130htiya\u00e7 Duymad\u0131?"}]},{"@type":"WebSite","@id":"https:\/\/shiawaves.com\/turkish\/#website","url":"https:\/\/shiawaves.com\/turkish\/","name":"ShiaWaves Turkish - \u015eia Haberleri","description":"","potentialAction":[{"@type":"SearchAction","target":{"@type":"EntryPoint","urlTemplate":"https:\/\/shiawaves.com\/turkish\/?s={search_term_string}"},"query-input":{"@type":"PropertyValueSpecification","valueRequired":true,"valueName":"search_term_string"}}],"inLanguage":"tr"},{"@type":"Person","@id":"https:\/\/shiawaves.com\/turkish\/#\/schema\/person\/9f68d5023e948086b9348fba5aebd954","name":"modir","image":{"@type":"ImageObject","inLanguage":"tr","@id":"https:\/\/secure.gravatar.com\/avatar\/8e76f93cdbdd480bd8918d1e0e1d938664c9cb1516c2a57a2b96fe50b507a6b9?s=96&d=mm&r=g","url":"https:\/\/secure.gravatar.com\/avatar\/8e76f93cdbdd480bd8918d1e0e1d938664c9cb1516c2a57a2b96fe50b507a6b9?s=96&d=mm&r=g","contentUrl":"https:\/\/secure.gravatar.com\/avatar\/8e76f93cdbdd480bd8918d1e0e1d938664c9cb1516c2a57a2b96fe50b507a6b9?s=96&d=mm&r=g","caption":"modir"},"sameAs":["https:\/\/shiawaves.com"],"url":"https:\/\/shiawaves.com\/turkish\/author\/modir\/"}]}},"_links":{"self":[{"href":"https:\/\/shiawaves.com\/turkish\/wp-json\/wp\/v2\/posts\/121509","targetHints":{"allow":["GET"]}}],"collection":[{"href":"https:\/\/shiawaves.com\/turkish\/wp-json\/wp\/v2\/posts"}],"about":[{"href":"https:\/\/shiawaves.com\/turkish\/wp-json\/wp\/v2\/types\/post"}],"author":[{"embeddable":true,"href":"https:\/\/shiawaves.com\/turkish\/wp-json\/wp\/v2\/users\/1"}],"replies":[{"embeddable":true,"href":"https:\/\/shiawaves.com\/turkish\/wp-json\/wp\/v2\/comments?post=121509"}],"version-history":[{"count":0,"href":"https:\/\/shiawaves.com\/turkish\/wp-json\/wp\/v2\/posts\/121509\/revisions"}],"wp:featuredmedia":[{"embeddable":true,"href":"https:\/\/shiawaves.com\/turkish\/wp-json\/wp\/v2\/media\/121508"}],"wp:attachment":[{"href":"https:\/\/shiawaves.com\/turkish\/wp-json\/wp\/v2\/media?parent=121509"}],"wp:term":[{"taxonomy":"category","embeddable":true,"href":"https:\/\/shiawaves.com\/turkish\/wp-json\/wp\/v2\/categories?post=121509"},{"taxonomy":"post_tag","embeddable":true,"href":"https:\/\/shiawaves.com\/turkish\/wp-json\/wp\/v2\/tags?post=121509"}],"curies":[{"name":"wp","href":"https:\/\/api.w.org\/{rel}","templated":true}]}}