{"id":120471,"date":"2026-05-02T13:30:21","date_gmt":"2026-05-02T10:30:21","guid":{"rendered":"https:\/\/shiawaves.com\/turkish\/2026\/05\/02\/sosyal-ekonomik-ve-hukuki-baskilarin-afganistanda-artmasi-kentsel-guvensizlikten-dini-kisitlamalar-ve-gecim-krizi\/"},"modified":"2026-05-02T13:30:21","modified_gmt":"2026-05-02T10:30:21","slug":"sosyal-ekonomik-ve-hukuki-baskilarin-afganistanda-artmasi-kentsel-guvensizlikten-dini-kisitlamalar-ve-gecim-krizi","status":"publish","type":"post","link":"https:\/\/shiawaves.com\/turkish\/2026\/05\/02\/sosyal-ekonomik-ve-hukuki-baskilarin-afganistanda-artmasi-kentsel-guvensizlikten-dini-kisitlamalar-ve-gecim-krizi\/","title":{"rendered":"Sosyal, ekonomik ve hukuki bask\u0131lar\u0131n Afganistan&#8217;da artmas\u0131; Kentsel g\u00fcvensizlikten dini k\u0131s\u0131tlamalar ve ge\u00e7im krizi"},"content":{"rendered":"<p>Sosyal, ekonomik ve hukuki bask\u0131lar\u0131n Afganistan&#8217;da artmas\u0131; Kentsel g\u00fcvensizlikten dini k\u0131s\u0131tlamalar ve ge\u00e7im krizi<\/p>\n<p>Afgan vatanda\u015flar, toplumsal ve ekonomik meselelerin yo\u011funla\u015fmas\u0131 ve yeni s\u0131n\u0131rland\u0131rmalar\u0131n getirilmesiyle ge\u00e7im, g\u00fcvenlik ve hukuk alanlar\u0131nda bir dizi zorlukla kar\u015f\u0131 kar\u015f\u0131ya kalm\u0131\u015ft\u0131r.<\/p>\n<p>Bu durum, kamu ya\u015fam\u0131n\u0131n gelece\u011fiyle ilgili kayg\u0131lar\u0131 art\u0131rmaktad\u0131r.<\/p>\n<p>\ud83d\udc48Bu konuyu irdeleyen meslekta\u015f\u0131m\u0131n raporunu inceleyelim:\ud83d\udc49<\/p>\n<p>Son aylarda Afganistan&#8217;\u0131n \u00e7e\u015fitli \u015fehirlerinden gelen saha raporlar\u0131, farkl\u0131 alanlarda kamu memnuniyetsizli\u011finin art\u0131\u015f g\u00f6sterdi\u011fini i\u015faret ediyor.<\/p>\n<p>Mezar-\u0131 \u015eerif&#8217;teki baz\u0131 vatanda\u015flar, toplumsal g\u00fcvensizli\u011fin yayg\u0131nla\u015fmas\u0131ndan ve bireylerin casuslu\u011fa te\u015fvik edilmesinden \u015fikayet\u00e7i; onlar\u0131n s\u00f6yledi\u011fine g\u00f6re bu durum, ki\u015fisel anla\u015fmazl\u0131klara yol a\u00e7makta ve toplumsal gerilimleri art\u0131rmaktad\u0131r.<\/p>\n<p>Bu durumun yan\u0131 s\u0131ra, temel hizmetlere eri\u015fim de ciddi zorluklarla kar\u015f\u0131 kar\u015f\u0131ya kalmaktad\u0131r.<\/p>\n<p>Birle\u015fmi\u015f Milletler \u0130nsani Yard\u0131m Koordinasyon Ofisi&#8217;nin (OCHA) raporuna g\u00f6re, hala bir\u00e7ok vatanda\u015f\u0131n temel sa\u011fl\u0131k hizmetlerine eri\u015fimi bulunmamaktad\u0131r ve baz\u0131 hastalar, tedavi merkezlerine ula\u015fabilmek i\u00e7in uzun mesafeler kat etmektedir.<\/p>\n<p>Ge\u00e7im ve e\u011fitim alan\u0131nda, Kabil&#8217;deki baz\u0131 \u00f6\u011frenciler, \u00f6zel yurtlar\u0131n \u00fccretlerinin artmas\u0131 ve hizmet kalitesinin d\u00fc\u015fmesinden \u015fikayet\u00e7idir.<\/p>\n<p>Bu durum, aileler \u00fczerine ekonomik bask\u0131y\u0131 art\u0131rmakta ve e\u011fitim s\u00fcrecini zorla\u015ft\u0131rmaktad\u0131r.<\/p>\n<p>Ayr\u0131ca, piyasalardaki y\u0131pranm\u0131\u015f paralarla ilgili sorunlar, vatanda\u015flar aras\u0131nda g\u00fcnl\u00fck \u00e7at\u0131\u015fmalara yol a\u00e7m\u0131\u015f ve baz\u0131 durumlarda ciddi anla\u015fmazl\u0131klar\u0131 tetiklemi\u015ftir.<\/p>\n<p>8sobah medyas\u0131nda yay\u0131mlanan raporda, bu durumun yol a\u00e7t\u0131\u011f\u0131 gerilim \u00f6rneklerine de\u011finilmi\u015ftir.<\/p>\n<p>Kentsel g\u00fcvenlik alan\u0131nda, Mezar-\u0131 \u015eerif sakinlerinden baz\u0131lar\u0131 artan h\u0131rs\u0131zl\u0131k olaylar\u0131 ve azalan g\u00fcvenlik hissinden endi\u015felerini dile getirmi\u015ftir.<\/p>\n<p>Bu raporlar, k\u00fc\u00e7\u00fck \u00e7apl\u0131 g\u00fcvensizliklerin halk\u0131n g\u00fcnl\u00fck ya\u015fam\u0131na do\u011frudan etki etti\u011fini g\u00f6stermektedir.<\/p>\n<p>\u00d6te yandan, Taliban\u2019\u0131n &#8220;M\u00fcft\u00fcler Kanunu&#8221;nun yay\u0131mlanmas\u0131, Afganistan\u2019daki ve uluslararas\u0131 kamuoyunda geni\u015f tepkilere yol a\u00e7m\u0131\u015ft\u0131r.<\/p>\n<p>8sobah medyas\u0131nda yay\u0131mlanan raporlara g\u00f6re, bu yasa, dini ve medya faaliyetlerini s\u0131n\u0131rlayarak belirli bir yorumu vurgulamakta ve dini \u00e7e\u015fitlili\u011fin azalmas\u0131 endi\u015felerini ortaya \u00e7\u0131karmaktad\u0131r.<\/p>\n<p>Ayr\u0131ca, Birle\u015fmi\u015f Milletler\u2019in Afganistan\u2019daki insan haklar\u0131 \u00f6zel raport\u00f6r\u00fc de bu yasan\u0131n uluslararas\u0131 insan haklar\u0131 ilkeleriyle \u00e7eli\u015fti\u011fini a\u00e7\u0131klam\u0131\u015ft\u0131r.<\/p>\n<p>Uzmanlar, bu geli\u015fmelerin Afgan toplumunun g\u00fcvenlik, ekonomi, sosyal ve hukuki alanlarda e\u015fzamanl\u0131 bask\u0131larla kar\u015f\u0131 kar\u015f\u0131ya oldu\u011funu g\u00f6stermektedir.<\/p>\n<p>Bu durum, sosyal krizlerin yay\u0131lmas\u0131n\u0131 \u00f6nlemek amac\u0131yla, gerilimlerin azalt\u0131lmas\u0131, kamu hizmetlerinin g\u00fc\u00e7lendirilmesi ve vatanda\u015fl\u0131k haklar\u0131na sayg\u0131 g\u00f6sterilmesi i\u00e7in ciddi bir dikkat gerektirmektedir.<\/p>\n","protected":false},"excerpt":{"rendered":"<p>Sosyal, ekonomik ve hukuki bask\u0131lar\u0131n Afganistan&#8217;da artmas\u0131; Kentsel g\u00fcvensizlikten dini k\u0131s\u0131tlamalar ve ge\u00e7im krizi Afgan vatanda\u015flar, toplumsal ve ekonomik meselelerin yo\u011funla\u015fmas\u0131 ve yeni s\u0131n\u0131rland\u0131rmalar\u0131n getirilmesiyle ge\u00e7im, g\u00fcvenlik ve hukuk alanlar\u0131nda bir dizi zorlukla kar\u015f\u0131 kar\u015f\u0131ya kalm\u0131\u015ft\u0131r. Bu durum, kamu ya\u015fam\u0131n\u0131n gelece\u011fiyle ilgili kayg\u0131lar\u0131 art\u0131rmaktad\u0131r. \ud83d\udc48Bu konuyu irdeleyen meslekta\u015f\u0131m\u0131n raporunu inceleyelim:\ud83d\udc49 Son aylarda Afganistan&#8217;\u0131n \u00e7e\u015fitli \u015fehirlerinden &hellip;<\/p>\n","protected":false},"author":1,"featured_media":120470,"comment_status":"open","ping_status":"open","sticky":false,"template":"","format":"standard","meta":{"rop_custom_images_group":[],"rop_custom_messages_group":[],"rop_publish_now":"initial","rop_publish_now_accounts":[],"rop_publish_now_history":[],"rop_publish_now_status":"pending","footnotes":""},"categories":[8],"tags":[],"class_list":["post-120471","post","type-post","status-publish","format-standard","has-post-thumbnail","hentry","category-afghanistan"],"_wp_page_template":null,"_wp_attached_file":null,"_wp_attachment_metadata":null,"_edit_lock":null,"yoast_head":"<!-- This site is optimized with the Yoast SEO plugin v24.3 - https:\/\/yoast.com\/wordpress\/plugins\/seo\/ -->\n<title>Sosyal, ekonomik ve hukuki bask\u0131lar\u0131n Afganistan&#039;da artmas\u0131; Kentsel g\u00fcvensizlikten dini k\u0131s\u0131tlamalar ve ge\u00e7im krizi - ShiaWaves Turkish - \u015eia Haberleri<\/title>\n<meta name=\"robots\" content=\"index, follow, max-snippet:-1, max-image-preview:large, max-video-preview:-1\" \/>\n<link rel=\"canonical\" href=\"https:\/\/shiawaves.com\/turkish\/2026\/05\/02\/sosyal-ekonomik-ve-hukuki-baskilarin-afganistanda-artmasi-kentsel-guvensizlikten-dini-kisitlamalar-ve-gecim-krizi\/\" \/>\n<meta property=\"og:locale\" content=\"tr_TR\" \/>\n<meta property=\"og:type\" content=\"article\" \/>\n<meta property=\"og:title\" content=\"Sosyal, ekonomik ve hukuki bask\u0131lar\u0131n Afganistan&#039;da artmas\u0131; Kentsel g\u00fcvensizlikten dini k\u0131s\u0131tlamalar ve ge\u00e7im krizi - ShiaWaves Turkish - \u015eia Haberleri\" \/>\n<meta property=\"og:description\" content=\"Sosyal, ekonomik ve hukuki bask\u0131lar\u0131n Afganistan&#8217;da artmas\u0131; Kentsel g\u00fcvensizlikten dini k\u0131s\u0131tlamalar ve ge\u00e7im krizi Afgan vatanda\u015flar, toplumsal ve ekonomik meselelerin yo\u011funla\u015fmas\u0131 ve yeni s\u0131n\u0131rland\u0131rmalar\u0131n getirilmesiyle ge\u00e7im, g\u00fcvenlik ve hukuk alanlar\u0131nda bir dizi zorlukla kar\u015f\u0131 kar\u015f\u0131ya kalm\u0131\u015ft\u0131r. Bu durum, kamu ya\u015fam\u0131n\u0131n gelece\u011fiyle ilgili kayg\u0131lar\u0131 art\u0131rmaktad\u0131r. \ud83d\udc48Bu konuyu irdeleyen meslekta\u015f\u0131m\u0131n raporunu inceleyelim:\ud83d\udc49 Son aylarda Afganistan&#8217;\u0131n \u00e7e\u015fitli \u015fehirlerinden &hellip;\" \/>\n<meta property=\"og:url\" content=\"https:\/\/shiawaves.com\/turkish\/2026\/05\/02\/sosyal-ekonomik-ve-hukuki-baskilarin-afganistanda-artmasi-kentsel-guvensizlikten-dini-kisitlamalar-ve-gecim-krizi\/\" \/>\n<meta property=\"og:site_name\" content=\"ShiaWaves Turkish - \u015eia Haberleri\" \/>\n<meta property=\"article:published_time\" content=\"2026-05-02T10:30:21+00:00\" \/>\n<meta name=\"author\" content=\"modir\" \/>\n<meta name=\"twitter:card\" content=\"summary_large_image\" \/>\n<meta name=\"twitter:label1\" content=\"Yazan:\" \/>\n\t<meta name=\"twitter:data1\" content=\"modir\" \/>\n\t<meta name=\"twitter:label2\" content=\"Tahmini okuma s\u00fcresi\" \/>\n\t<meta name=\"twitter:data2\" content=\"2 dakika\" \/>\n<script type=\"application\/ld+json\" class=\"yoast-schema-graph\">{\"@context\":\"https:\/\/schema.org\",\"@graph\":[{\"@type\":\"WebPage\",\"@id\":\"https:\/\/shiawaves.com\/turkish\/2026\/05\/02\/sosyal-ekonomik-ve-hukuki-baskilarin-afganistanda-artmasi-kentsel-guvensizlikten-dini-kisitlamalar-ve-gecim-krizi\/\",\"url\":\"https:\/\/shiawaves.com\/turkish\/2026\/05\/02\/sosyal-ekonomik-ve-hukuki-baskilarin-afganistanda-artmasi-kentsel-guvensizlikten-dini-kisitlamalar-ve-gecim-krizi\/\",\"name\":\"Sosyal, ekonomik ve hukuki bask\u0131lar\u0131n Afganistan'da artmas\u0131; Kentsel g\u00fcvensizlikten dini k\u0131s\u0131tlamalar ve ge\u00e7im krizi - ShiaWaves Turkish - \u015eia Haberleri\",\"isPartOf\":{\"@id\":\"https:\/\/shiawaves.com\/turkish\/#website\"},\"primaryImageOfPage\":{\"@id\":\"https:\/\/shiawaves.com\/turkish\/2026\/05\/02\/sosyal-ekonomik-ve-hukuki-baskilarin-afganistanda-artmasi-kentsel-guvensizlikten-dini-kisitlamalar-ve-gecim-krizi\/#primaryimage\"},\"image\":{\"@id\":\"https:\/\/shiawaves.com\/turkish\/2026\/05\/02\/sosyal-ekonomik-ve-hukuki-baskilarin-afganistanda-artmasi-kentsel-guvensizlikten-dini-kisitlamalar-ve-gecim-krizi\/#primaryimage\"},\"thumbnailUrl\":\"https:\/\/shiawaves.com\/turkish\/wp-content\/uploads\/sites\/6\/2026\/05\/file_3200.jpg\",\"datePublished\":\"2026-05-02T10:30:21+00:00\",\"dateModified\":\"2026-05-02T10:30:21+00:00\",\"author\":{\"@id\":\"https:\/\/shiawaves.com\/turkish\/#\/schema\/person\/9f68d5023e948086b9348fba5aebd954\"},\"breadcrumb\":{\"@id\":\"https:\/\/shiawaves.com\/turkish\/2026\/05\/02\/sosyal-ekonomik-ve-hukuki-baskilarin-afganistanda-artmasi-kentsel-guvensizlikten-dini-kisitlamalar-ve-gecim-krizi\/#breadcrumb\"},\"inLanguage\":\"tr\",\"potentialAction\":[{\"@type\":\"ReadAction\",\"target\":[\"https:\/\/shiawaves.com\/turkish\/2026\/05\/02\/sosyal-ekonomik-ve-hukuki-baskilarin-afganistanda-artmasi-kentsel-guvensizlikten-dini-kisitlamalar-ve-gecim-krizi\/\"]}]},{\"@type\":\"ImageObject\",\"inLanguage\":\"tr\",\"@id\":\"https:\/\/shiawaves.com\/turkish\/2026\/05\/02\/sosyal-ekonomik-ve-hukuki-baskilarin-afganistanda-artmasi-kentsel-guvensizlikten-dini-kisitlamalar-ve-gecim-krizi\/#primaryimage\",\"url\":\"https:\/\/shiawaves.com\/turkish\/wp-content\/uploads\/sites\/6\/2026\/05\/file_3200.jpg\",\"contentUrl\":\"https:\/\/shiawaves.com\/turkish\/wp-content\/uploads\/sites\/6\/2026\/05\/file_3200.jpg\",\"width\":1280,\"height\":853},{\"@type\":\"BreadcrumbList\",\"@id\":\"https:\/\/shiawaves.com\/turkish\/2026\/05\/02\/sosyal-ekonomik-ve-hukuki-baskilarin-afganistanda-artmasi-kentsel-guvensizlikten-dini-kisitlamalar-ve-gecim-krizi\/#breadcrumb\",\"itemListElement\":[{\"@type\":\"ListItem\",\"position\":1,\"name\":\"Home\",\"item\":\"https:\/\/shiawaves.com\/turkish\/\"},{\"@type\":\"ListItem\",\"position\":2,\"name\":\"Sosyal, ekonomik ve hukuki bask\u0131lar\u0131n Afganistan&#8217;da artmas\u0131; Kentsel g\u00fcvensizlikten dini k\u0131s\u0131tlamalar ve ge\u00e7im krizi\"}]},{\"@type\":\"WebSite\",\"@id\":\"https:\/\/shiawaves.com\/turkish\/#website\",\"url\":\"https:\/\/shiawaves.com\/turkish\/\",\"name\":\"ShiaWaves Turkish - \u015eia Haberleri\",\"description\":\"\",\"potentialAction\":[{\"@type\":\"SearchAction\",\"target\":{\"@type\":\"EntryPoint\",\"urlTemplate\":\"https:\/\/shiawaves.com\/turkish\/?s={search_term_string}\"},\"query-input\":{\"@type\":\"PropertyValueSpecification\",\"valueRequired\":true,\"valueName\":\"search_term_string\"}}],\"inLanguage\":\"tr\"},{\"@type\":\"Person\",\"@id\":\"https:\/\/shiawaves.com\/turkish\/#\/schema\/person\/9f68d5023e948086b9348fba5aebd954\",\"name\":\"modir\",\"image\":{\"@type\":\"ImageObject\",\"inLanguage\":\"tr\",\"@id\":\"https:\/\/shiawaves.com\/turkish\/#\/schema\/person\/image\/\",\"url\":\"https:\/\/secure.gravatar.com\/avatar\/8e76f93cdbdd480bd8918d1e0e1d938664c9cb1516c2a57a2b96fe50b507a6b9?s=96&d=mm&r=g\",\"contentUrl\":\"https:\/\/secure.gravatar.com\/avatar\/8e76f93cdbdd480bd8918d1e0e1d938664c9cb1516c2a57a2b96fe50b507a6b9?s=96&d=mm&r=g\",\"caption\":\"modir\"},\"sameAs\":[\"https:\/\/shiawaves.com\"],\"url\":\"https:\/\/shiawaves.com\/turkish\/author\/modir\/\"}]}<\/script>\n<!-- \/ Yoast SEO plugin. -->","yoast_head_json":{"title":"Sosyal, ekonomik ve hukuki bask\u0131lar\u0131n Afganistan'da artmas\u0131; Kentsel g\u00fcvensizlikten dini k\u0131s\u0131tlamalar ve ge\u00e7im krizi - ShiaWaves Turkish - \u015eia Haberleri","robots":{"index":"index","follow":"follow","max-snippet":"max-snippet:-1","max-image-preview":"max-image-preview:large","max-video-preview":"max-video-preview:-1"},"canonical":"https:\/\/shiawaves.com\/turkish\/2026\/05\/02\/sosyal-ekonomik-ve-hukuki-baskilarin-afganistanda-artmasi-kentsel-guvensizlikten-dini-kisitlamalar-ve-gecim-krizi\/","og_locale":"tr_TR","og_type":"article","og_title":"Sosyal, ekonomik ve hukuki bask\u0131lar\u0131n Afganistan'da artmas\u0131; Kentsel g\u00fcvensizlikten dini k\u0131s\u0131tlamalar ve ge\u00e7im krizi - ShiaWaves Turkish - \u015eia Haberleri","og_description":"Sosyal, ekonomik ve hukuki bask\u0131lar\u0131n Afganistan&#8217;da artmas\u0131; Kentsel g\u00fcvensizlikten dini k\u0131s\u0131tlamalar ve ge\u00e7im krizi Afgan vatanda\u015flar, toplumsal ve ekonomik meselelerin yo\u011funla\u015fmas\u0131 ve yeni s\u0131n\u0131rland\u0131rmalar\u0131n getirilmesiyle ge\u00e7im, g\u00fcvenlik ve hukuk alanlar\u0131nda bir dizi zorlukla kar\u015f\u0131 kar\u015f\u0131ya kalm\u0131\u015ft\u0131r. Bu durum, kamu ya\u015fam\u0131n\u0131n gelece\u011fiyle ilgili kayg\u0131lar\u0131 art\u0131rmaktad\u0131r. \ud83d\udc48Bu konuyu irdeleyen meslekta\u015f\u0131m\u0131n raporunu inceleyelim:\ud83d\udc49 Son aylarda Afganistan&#8217;\u0131n \u00e7e\u015fitli \u015fehirlerinden &hellip;","og_url":"https:\/\/shiawaves.com\/turkish\/2026\/05\/02\/sosyal-ekonomik-ve-hukuki-baskilarin-afganistanda-artmasi-kentsel-guvensizlikten-dini-kisitlamalar-ve-gecim-krizi\/","og_site_name":"ShiaWaves Turkish - \u015eia Haberleri","article_published_time":"2026-05-02T10:30:21+00:00","author":"modir","twitter_card":"summary_large_image","twitter_misc":{"Yazan:":"modir","Tahmini okuma s\u00fcresi":"2 dakika"},"schema":{"@context":"https:\/\/schema.org","@graph":[{"@type":"WebPage","@id":"https:\/\/shiawaves.com\/turkish\/2026\/05\/02\/sosyal-ekonomik-ve-hukuki-baskilarin-afganistanda-artmasi-kentsel-guvensizlikten-dini-kisitlamalar-ve-gecim-krizi\/","url":"https:\/\/shiawaves.com\/turkish\/2026\/05\/02\/sosyal-ekonomik-ve-hukuki-baskilarin-afganistanda-artmasi-kentsel-guvensizlikten-dini-kisitlamalar-ve-gecim-krizi\/","name":"Sosyal, ekonomik ve hukuki bask\u0131lar\u0131n Afganistan'da artmas\u0131; Kentsel g\u00fcvensizlikten dini k\u0131s\u0131tlamalar ve ge\u00e7im krizi - ShiaWaves Turkish - \u015eia Haberleri","isPartOf":{"@id":"https:\/\/shiawaves.com\/turkish\/#website"},"primaryImageOfPage":{"@id":"https:\/\/shiawaves.com\/turkish\/2026\/05\/02\/sosyal-ekonomik-ve-hukuki-baskilarin-afganistanda-artmasi-kentsel-guvensizlikten-dini-kisitlamalar-ve-gecim-krizi\/#primaryimage"},"image":{"@id":"https:\/\/shiawaves.com\/turkish\/2026\/05\/02\/sosyal-ekonomik-ve-hukuki-baskilarin-afganistanda-artmasi-kentsel-guvensizlikten-dini-kisitlamalar-ve-gecim-krizi\/#primaryimage"},"thumbnailUrl":"https:\/\/shiawaves.com\/turkish\/wp-content\/uploads\/sites\/6\/2026\/05\/file_3200.jpg","datePublished":"2026-05-02T10:30:21+00:00","dateModified":"2026-05-02T10:30:21+00:00","author":{"@id":"https:\/\/shiawaves.com\/turkish\/#\/schema\/person\/9f68d5023e948086b9348fba5aebd954"},"breadcrumb":{"@id":"https:\/\/shiawaves.com\/turkish\/2026\/05\/02\/sosyal-ekonomik-ve-hukuki-baskilarin-afganistanda-artmasi-kentsel-guvensizlikten-dini-kisitlamalar-ve-gecim-krizi\/#breadcrumb"},"inLanguage":"tr","potentialAction":[{"@type":"ReadAction","target":["https:\/\/shiawaves.com\/turkish\/2026\/05\/02\/sosyal-ekonomik-ve-hukuki-baskilarin-afganistanda-artmasi-kentsel-guvensizlikten-dini-kisitlamalar-ve-gecim-krizi\/"]}]},{"@type":"ImageObject","inLanguage":"tr","@id":"https:\/\/shiawaves.com\/turkish\/2026\/05\/02\/sosyal-ekonomik-ve-hukuki-baskilarin-afganistanda-artmasi-kentsel-guvensizlikten-dini-kisitlamalar-ve-gecim-krizi\/#primaryimage","url":"https:\/\/shiawaves.com\/turkish\/wp-content\/uploads\/sites\/6\/2026\/05\/file_3200.jpg","contentUrl":"https:\/\/shiawaves.com\/turkish\/wp-content\/uploads\/sites\/6\/2026\/05\/file_3200.jpg","width":1280,"height":853},{"@type":"BreadcrumbList","@id":"https:\/\/shiawaves.com\/turkish\/2026\/05\/02\/sosyal-ekonomik-ve-hukuki-baskilarin-afganistanda-artmasi-kentsel-guvensizlikten-dini-kisitlamalar-ve-gecim-krizi\/#breadcrumb","itemListElement":[{"@type":"ListItem","position":1,"name":"Home","item":"https:\/\/shiawaves.com\/turkish\/"},{"@type":"ListItem","position":2,"name":"Sosyal, ekonomik ve hukuki bask\u0131lar\u0131n Afganistan&#8217;da artmas\u0131; Kentsel g\u00fcvensizlikten dini k\u0131s\u0131tlamalar ve ge\u00e7im krizi"}]},{"@type":"WebSite","@id":"https:\/\/shiawaves.com\/turkish\/#website","url":"https:\/\/shiawaves.com\/turkish\/","name":"ShiaWaves Turkish - \u015eia Haberleri","description":"","potentialAction":[{"@type":"SearchAction","target":{"@type":"EntryPoint","urlTemplate":"https:\/\/shiawaves.com\/turkish\/?s={search_term_string}"},"query-input":{"@type":"PropertyValueSpecification","valueRequired":true,"valueName":"search_term_string"}}],"inLanguage":"tr"},{"@type":"Person","@id":"https:\/\/shiawaves.com\/turkish\/#\/schema\/person\/9f68d5023e948086b9348fba5aebd954","name":"modir","image":{"@type":"ImageObject","inLanguage":"tr","@id":"https:\/\/shiawaves.com\/turkish\/#\/schema\/person\/image\/","url":"https:\/\/secure.gravatar.com\/avatar\/8e76f93cdbdd480bd8918d1e0e1d938664c9cb1516c2a57a2b96fe50b507a6b9?s=96&d=mm&r=g","contentUrl":"https:\/\/secure.gravatar.com\/avatar\/8e76f93cdbdd480bd8918d1e0e1d938664c9cb1516c2a57a2b96fe50b507a6b9?s=96&d=mm&r=g","caption":"modir"},"sameAs":["https:\/\/shiawaves.com"],"url":"https:\/\/shiawaves.com\/turkish\/author\/modir\/"}]}},"_links":{"self":[{"href":"https:\/\/shiawaves.com\/turkish\/wp-json\/wp\/v2\/posts\/120471","targetHints":{"allow":["GET"]}}],"collection":[{"href":"https:\/\/shiawaves.com\/turkish\/wp-json\/wp\/v2\/posts"}],"about":[{"href":"https:\/\/shiawaves.com\/turkish\/wp-json\/wp\/v2\/types\/post"}],"author":[{"embeddable":true,"href":"https:\/\/shiawaves.com\/turkish\/wp-json\/wp\/v2\/users\/1"}],"replies":[{"embeddable":true,"href":"https:\/\/shiawaves.com\/turkish\/wp-json\/wp\/v2\/comments?post=120471"}],"version-history":[{"count":0,"href":"https:\/\/shiawaves.com\/turkish\/wp-json\/wp\/v2\/posts\/120471\/revisions"}],"wp:featuredmedia":[{"embeddable":true,"href":"https:\/\/shiawaves.com\/turkish\/wp-json\/wp\/v2\/media\/120470"}],"wp:attachment":[{"href":"https:\/\/shiawaves.com\/turkish\/wp-json\/wp\/v2\/media?parent=120471"}],"wp:term":[{"taxonomy":"category","embeddable":true,"href":"https:\/\/shiawaves.com\/turkish\/wp-json\/wp\/v2\/categories?post=120471"},{"taxonomy":"post_tag","embeddable":true,"href":"https:\/\/shiawaves.com\/turkish\/wp-json\/wp\/v2\/tags?post=120471"}],"curies":[{"name":"wp","href":"https:\/\/api.w.org\/{rel}","templated":true}]}}