{"id":120469,"date":"2026-05-02T12:30:24","date_gmt":"2026-05-02T09:30:24","guid":{"rendered":"https:\/\/shiawaves.com\/turkish\/2026\/05\/02\/iranda-ekonomik-krizin-derinlestigini-gosteren-is-talebinde-esi-gorulmemis-artis-ve-ucretlerin-deger-kaybi\/"},"modified":"2026-05-02T12:30:24","modified_gmt":"2026-05-02T09:30:24","slug":"iranda-ekonomik-krizin-derinlestigini-gosteren-is-talebinde-esi-gorulmemis-artis-ve-ucretlerin-deger-kaybi","status":"publish","type":"post","link":"https:\/\/shiawaves.com\/turkish\/2026\/05\/02\/iranda-ekonomik-krizin-derinlestigini-gosteren-is-talebinde-esi-gorulmemis-artis-ve-ucretlerin-deger-kaybi\/","title":{"rendered":"\u0130ran\u2019da Ekonomik Krizin Derinle\u015fti\u011fini G\u00f6steren \u0130\u015f Talebinde E\u015fi G\u00f6r\u00fclmemi\u015f Art\u0131\u015f ve \u00dccretlerin De\u011fer Kayb\u0131"},"content":{"rendered":"<p>\u0130ran\u2019da Ekonomik Krizin Derinle\u015fti\u011fini G\u00f6steren \u0130\u015f Talebinde E\u015fi G\u00f6r\u00fclmemi\u015f Art\u0131\u015f ve \u00dccretlerin De\u011fer Kayb\u0131<\/p>\n<p>\u0130\u015f talebindeki h\u0131zl\u0131 art\u0131\u015f ile maa\u015flar\u0131n de\u011ferindeki g\u00f6zle g\u00f6r\u00fcl\u00fcr d\u00fc\u015f\u00fc\u015f, \u0130ran\u2019da i\u015f g\u00fcc\u00fc piyasas\u0131n\u0131n durumuna ve i\u015f g\u00fcc\u00fc \u00fczerindeki ekonomik bask\u0131lara ili\u015fkin endi\u015fe verici bir tablo sunuyor.<\/p>\n<p>\ud83d\udc48Kelim arkada\u015f\u0131m bu konuyu raporunda inceledi, birlikte g\u00f6z atal\u0131m:\ud83d\udc49<\/p>\n<p>Son aylarda \u0130ran i\u015f piyasas\u0131, istihdam krizi ve al\u0131m g\u00fcc\u00fcn\u00fcn azalmas\u0131na i\u015faret eden de\u011fi\u015fimlerle kar\u015f\u0131 kar\u015f\u0131ya kald\u0131.<\/p>\n<p>\u0130\u015f arayanlar\u0131n say\u0131s\u0131ndaki art\u0131\u015f, insan kayna\u011f\u0131 kapasitesinin belirgin bir de\u011fi\u015fiklik g\u00f6stermedi\u011fi bir d\u00f6nemde ya\u015fan\u0131yor ve bu durum i\u015f arz ve talebi aras\u0131nda bir bo\u015fluk olu\u015fmas\u0131na neden oluyor.<\/p>\n<p>Ekonomi Haberleri&#8217;ne g\u00f6re, yaln\u0131zca bir g\u00fcn i\u00e7inde Jobvision platformunda 318 binden fazla i\u015f ba\u015fvurusunun kaydedildi\u011fi ve bunun da talepte y\u00fczde 50&#8217;lik bir art\u0131\u015f oldu\u011funu g\u00f6sterdi\u011fi bildiriliyor.<\/p>\n<p>Buna ra\u011fmen, i\u015f ilanlar\u0131ndaki art\u0131\u015f g\u00f6r\u00fclmemekte ve bu da \u00fclkede ger\u00e7ek i\u015f olanaklar\u0131n\u0131n azald\u0131\u011f\u0131n\u0131 g\u00f6steriyor.<\/p>\n<p>Ayn\u0131 medya organ\u0131, son geli\u015fmelerin ard\u0131ndan bir milyondan fazla i\u015f kayboldu\u011funu ve yakla\u015f\u0131k iki milyon ki\u015finin do\u011frudan veya dolayl\u0131 olarak i\u015fsiz kald\u0131\u011f\u0131n\u0131 a\u00e7\u0131klad\u0131; bu rakamlar i\u015f piyasas\u0131ndaki krizin derinli\u011fini g\u00f6zler \u00f6n\u00fcne seriyor.<\/p>\n<p>Bunun yan\u0131nda, ulusal para biriminin de\u011fer kayb\u0131 da i\u015f\u00e7ilerin ge\u00e7im kaynaklar\u0131 \u00fczerinde ekstra bir bask\u0131 olu\u015fturuyor.<\/p>\n<p>Ekonomik medya organlar\u0131nda yay\u0131nlanan raporlar, bir \u0130ranl\u0131 i\u015f\u00e7inin g\u00fcnl\u00fck asgari \u00fccretinin yakla\u015f\u0131k \u00fc\u00e7 dolara ula\u015ft\u0131\u011f\u0131n\u0131 ve d\u00f6viz kuru nispeten istikrarl\u0131 olsa bile ayl\u0131k maa\u015f\u0131n 90 dolar civar\u0131nda kald\u0131\u011f\u0131n\u0131 g\u00f6steriyor.<\/p>\n<p>Oysa ki, kom\u015fu \u00fclkelerde, \u00f6rne\u011fin T\u00fcrkiye&#8217;de, asgari \u00fccret bu rakamlar\u0131n birka\u00e7 kat\u0131d\u0131r.<\/p>\n<p>Ekonomistler, yayg\u0131n i\u015fsizlik, riyalin de\u011ferindeki d\u00fc\u015f\u00fc\u015f ve al\u0131m g\u00fcc\u00fcn\u00fcn azalmas\u0131n\u0131n yoksullu\u011fun yay\u0131lmas\u0131na ve sosyal e\u015fitsizliklerin artmas\u0131na yol a\u00e7abilece\u011fine inan\u0131yor.<\/p>\n<p>Bu uzmanlara g\u00f6re, bu e\u011filimin devam etmesi sadece hane halklar\u0131n\u0131n ge\u00e7imini tehdit etmekle kalm\u0131yor, ayn\u0131 zamanda uzun vadeli sosyal ve ekonomik sonu\u00e7lar do\u011furuyor ve ekonomik ve sosyal politikalar\u0131n ciddi bir \u015fekilde g\u00f6zden ge\u00e7irilmesini gerektiriyor.<\/p>\n<p>Bu do\u011frultuda, baz\u0131 analistler, mevcut durumun devam etmesinin i\u015f g\u00fcc\u00fcn\u00fcn motivasyonunu azaltabilece\u011fi, insan kayna\u011f\u0131 g\u00f6\u00e7\u00fcn\u00fc art\u0131rabilece\u011fi ve \u00fcretim sekt\u00f6r\u00fcn\u00fc zay\u0131flatabilece\u011fi konusunda uyar\u0131yor.<\/p>\n<p>Analistler, s\u00fcrd\u00fcr\u00fclebilir i\u015f f\u0131rsatlar\u0131 yarat\u0131lmadan ve d\u00f6viz dalgalanmalar\u0131 kontrol edilmeden i\u015f piyasas\u0131nda dengenin yeniden sa\u011flanmas\u0131n\u0131n ciddi zorluklarla kar\u015f\u0131la\u015faca\u011f\u0131n\u0131 vurguluyor.<\/p>\n","protected":false},"excerpt":{"rendered":"<p>\u0130ran\u2019da Ekonomik Krizin Derinle\u015fti\u011fini G\u00f6steren \u0130\u015f Talebinde E\u015fi G\u00f6r\u00fclmemi\u015f Art\u0131\u015f ve \u00dccretlerin De\u011fer Kayb\u0131 \u0130\u015f talebindeki h\u0131zl\u0131 art\u0131\u015f ile maa\u015flar\u0131n de\u011ferindeki g\u00f6zle g\u00f6r\u00fcl\u00fcr d\u00fc\u015f\u00fc\u015f, \u0130ran\u2019da i\u015f g\u00fcc\u00fc piyasas\u0131n\u0131n durumuna ve i\u015f g\u00fcc\u00fc \u00fczerindeki ekonomik bask\u0131lara ili\u015fkin endi\u015fe verici bir tablo sunuyor. \ud83d\udc48Kelim arkada\u015f\u0131m bu konuyu raporunda inceledi, birlikte g\u00f6z atal\u0131m:\ud83d\udc49 Son aylarda \u0130ran i\u015f piyasas\u0131, &hellip;<\/p>\n","protected":false},"author":1,"featured_media":120468,"comment_status":"open","ping_status":"open","sticky":false,"template":"","format":"standard","meta":{"rop_custom_images_group":[],"rop_custom_messages_group":[],"rop_publish_now":"initial","rop_publish_now_accounts":[],"rop_publish_now_history":[],"rop_publish_now_status":"pending","footnotes":""},"categories":[9],"tags":[],"class_list":["post-120469","post","type-post","status-publish","format-standard","has-post-thumbnail","hentry","category-iran"],"_wp_page_template":null,"_wp_attached_file":null,"_wp_attachment_metadata":null,"_edit_lock":null,"yoast_head":"<!-- This site is optimized with the Yoast SEO plugin v24.3 - https:\/\/yoast.com\/wordpress\/plugins\/seo\/ -->\n<title>\u0130ran\u2019da Ekonomik Krizin Derinle\u015fti\u011fini G\u00f6steren \u0130\u015f Talebinde E\u015fi G\u00f6r\u00fclmemi\u015f Art\u0131\u015f ve \u00dccretlerin De\u011fer Kayb\u0131 - ShiaWaves Turkish - \u015eia Haberleri<\/title>\n<meta name=\"robots\" content=\"index, follow, max-snippet:-1, max-image-preview:large, max-video-preview:-1\" \/>\n<link rel=\"canonical\" href=\"https:\/\/shiawaves.com\/turkish\/2026\/05\/02\/iranda-ekonomik-krizin-derinlestigini-gosteren-is-talebinde-esi-gorulmemis-artis-ve-ucretlerin-deger-kaybi\/\" \/>\n<meta property=\"og:locale\" content=\"tr_TR\" \/>\n<meta property=\"og:type\" content=\"article\" \/>\n<meta property=\"og:title\" content=\"\u0130ran\u2019da Ekonomik Krizin Derinle\u015fti\u011fini G\u00f6steren \u0130\u015f Talebinde E\u015fi G\u00f6r\u00fclmemi\u015f Art\u0131\u015f ve \u00dccretlerin De\u011fer Kayb\u0131 - ShiaWaves Turkish - \u015eia Haberleri\" \/>\n<meta property=\"og:description\" content=\"\u0130ran\u2019da Ekonomik Krizin Derinle\u015fti\u011fini G\u00f6steren \u0130\u015f Talebinde E\u015fi G\u00f6r\u00fclmemi\u015f Art\u0131\u015f ve \u00dccretlerin De\u011fer Kayb\u0131 \u0130\u015f talebindeki h\u0131zl\u0131 art\u0131\u015f ile maa\u015flar\u0131n de\u011ferindeki g\u00f6zle g\u00f6r\u00fcl\u00fcr d\u00fc\u015f\u00fc\u015f, \u0130ran\u2019da i\u015f g\u00fcc\u00fc piyasas\u0131n\u0131n durumuna ve i\u015f g\u00fcc\u00fc \u00fczerindeki ekonomik bask\u0131lara ili\u015fkin endi\u015fe verici bir tablo sunuyor. \ud83d\udc48Kelim arkada\u015f\u0131m bu konuyu raporunda inceledi, birlikte g\u00f6z atal\u0131m:\ud83d\udc49 Son aylarda \u0130ran i\u015f piyasas\u0131, &hellip;\" \/>\n<meta property=\"og:url\" content=\"https:\/\/shiawaves.com\/turkish\/2026\/05\/02\/iranda-ekonomik-krizin-derinlestigini-gosteren-is-talebinde-esi-gorulmemis-artis-ve-ucretlerin-deger-kaybi\/\" \/>\n<meta property=\"og:site_name\" content=\"ShiaWaves Turkish - \u015eia Haberleri\" \/>\n<meta property=\"article:published_time\" content=\"2026-05-02T09:30:24+00:00\" \/>\n<meta name=\"author\" content=\"modir\" \/>\n<meta name=\"twitter:card\" content=\"summary_large_image\" \/>\n<meta name=\"twitter:label1\" content=\"Yazan:\" \/>\n\t<meta name=\"twitter:data1\" content=\"modir\" \/>\n\t<meta name=\"twitter:label2\" content=\"Tahmini okuma s\u00fcresi\" \/>\n\t<meta name=\"twitter:data2\" content=\"2 dakika\" \/>\n<script type=\"application\/ld+json\" class=\"yoast-schema-graph\">{\"@context\":\"https:\/\/schema.org\",\"@graph\":[{\"@type\":\"WebPage\",\"@id\":\"https:\/\/shiawaves.com\/turkish\/2026\/05\/02\/iranda-ekonomik-krizin-derinlestigini-gosteren-is-talebinde-esi-gorulmemis-artis-ve-ucretlerin-deger-kaybi\/\",\"url\":\"https:\/\/shiawaves.com\/turkish\/2026\/05\/02\/iranda-ekonomik-krizin-derinlestigini-gosteren-is-talebinde-esi-gorulmemis-artis-ve-ucretlerin-deger-kaybi\/\",\"name\":\"\u0130ran\u2019da Ekonomik Krizin Derinle\u015fti\u011fini G\u00f6steren \u0130\u015f Talebinde E\u015fi G\u00f6r\u00fclmemi\u015f Art\u0131\u015f ve \u00dccretlerin De\u011fer Kayb\u0131 - ShiaWaves Turkish - \u015eia Haberleri\",\"isPartOf\":{\"@id\":\"https:\/\/shiawaves.com\/turkish\/#website\"},\"primaryImageOfPage\":{\"@id\":\"https:\/\/shiawaves.com\/turkish\/2026\/05\/02\/iranda-ekonomik-krizin-derinlestigini-gosteren-is-talebinde-esi-gorulmemis-artis-ve-ucretlerin-deger-kaybi\/#primaryimage\"},\"image\":{\"@id\":\"https:\/\/shiawaves.com\/turkish\/2026\/05\/02\/iranda-ekonomik-krizin-derinlestigini-gosteren-is-talebinde-esi-gorulmemis-artis-ve-ucretlerin-deger-kaybi\/#primaryimage\"},\"thumbnailUrl\":\"https:\/\/shiawaves.com\/turkish\/wp-content\/uploads\/sites\/6\/2026\/05\/file_3199.jpg\",\"datePublished\":\"2026-05-02T09:30:24+00:00\",\"dateModified\":\"2026-05-02T09:30:24+00:00\",\"author\":{\"@id\":\"https:\/\/shiawaves.com\/turkish\/#\/schema\/person\/9f68d5023e948086b9348fba5aebd954\"},\"breadcrumb\":{\"@id\":\"https:\/\/shiawaves.com\/turkish\/2026\/05\/02\/iranda-ekonomik-krizin-derinlestigini-gosteren-is-talebinde-esi-gorulmemis-artis-ve-ucretlerin-deger-kaybi\/#breadcrumb\"},\"inLanguage\":\"tr\",\"potentialAction\":[{\"@type\":\"ReadAction\",\"target\":[\"https:\/\/shiawaves.com\/turkish\/2026\/05\/02\/iranda-ekonomik-krizin-derinlestigini-gosteren-is-talebinde-esi-gorulmemis-artis-ve-ucretlerin-deger-kaybi\/\"]}]},{\"@type\":\"ImageObject\",\"inLanguage\":\"tr\",\"@id\":\"https:\/\/shiawaves.com\/turkish\/2026\/05\/02\/iranda-ekonomik-krizin-derinlestigini-gosteren-is-talebinde-esi-gorulmemis-artis-ve-ucretlerin-deger-kaybi\/#primaryimage\",\"url\":\"https:\/\/shiawaves.com\/turkish\/wp-content\/uploads\/sites\/6\/2026\/05\/file_3199.jpg\",\"contentUrl\":\"https:\/\/shiawaves.com\/turkish\/wp-content\/uploads\/sites\/6\/2026\/05\/file_3199.jpg\",\"width\":1280,\"height\":853},{\"@type\":\"BreadcrumbList\",\"@id\":\"https:\/\/shiawaves.com\/turkish\/2026\/05\/02\/iranda-ekonomik-krizin-derinlestigini-gosteren-is-talebinde-esi-gorulmemis-artis-ve-ucretlerin-deger-kaybi\/#breadcrumb\",\"itemListElement\":[{\"@type\":\"ListItem\",\"position\":1,\"name\":\"Home\",\"item\":\"https:\/\/shiawaves.com\/turkish\/\"},{\"@type\":\"ListItem\",\"position\":2,\"name\":\"\u0130ran\u2019da Ekonomik Krizin Derinle\u015fti\u011fini G\u00f6steren \u0130\u015f Talebinde E\u015fi G\u00f6r\u00fclmemi\u015f Art\u0131\u015f ve \u00dccretlerin De\u011fer Kayb\u0131\"}]},{\"@type\":\"WebSite\",\"@id\":\"https:\/\/shiawaves.com\/turkish\/#website\",\"url\":\"https:\/\/shiawaves.com\/turkish\/\",\"name\":\"ShiaWaves Turkish - \u015eia Haberleri\",\"description\":\"\",\"potentialAction\":[{\"@type\":\"SearchAction\",\"target\":{\"@type\":\"EntryPoint\",\"urlTemplate\":\"https:\/\/shiawaves.com\/turkish\/?s={search_term_string}\"},\"query-input\":{\"@type\":\"PropertyValueSpecification\",\"valueRequired\":true,\"valueName\":\"search_term_string\"}}],\"inLanguage\":\"tr\"},{\"@type\":\"Person\",\"@id\":\"https:\/\/shiawaves.com\/turkish\/#\/schema\/person\/9f68d5023e948086b9348fba5aebd954\",\"name\":\"modir\",\"image\":{\"@type\":\"ImageObject\",\"inLanguage\":\"tr\",\"@id\":\"https:\/\/shiawaves.com\/turkish\/#\/schema\/person\/image\/\",\"url\":\"https:\/\/secure.gravatar.com\/avatar\/8e76f93cdbdd480bd8918d1e0e1d938664c9cb1516c2a57a2b96fe50b507a6b9?s=96&d=mm&r=g\",\"contentUrl\":\"https:\/\/secure.gravatar.com\/avatar\/8e76f93cdbdd480bd8918d1e0e1d938664c9cb1516c2a57a2b96fe50b507a6b9?s=96&d=mm&r=g\",\"caption\":\"modir\"},\"sameAs\":[\"https:\/\/shiawaves.com\"],\"url\":\"https:\/\/shiawaves.com\/turkish\/author\/modir\/\"}]}<\/script>\n<!-- \/ Yoast SEO plugin. -->","yoast_head_json":{"title":"\u0130ran\u2019da Ekonomik Krizin Derinle\u015fti\u011fini G\u00f6steren \u0130\u015f Talebinde E\u015fi G\u00f6r\u00fclmemi\u015f Art\u0131\u015f ve \u00dccretlerin De\u011fer Kayb\u0131 - ShiaWaves Turkish - \u015eia Haberleri","robots":{"index":"index","follow":"follow","max-snippet":"max-snippet:-1","max-image-preview":"max-image-preview:large","max-video-preview":"max-video-preview:-1"},"canonical":"https:\/\/shiawaves.com\/turkish\/2026\/05\/02\/iranda-ekonomik-krizin-derinlestigini-gosteren-is-talebinde-esi-gorulmemis-artis-ve-ucretlerin-deger-kaybi\/","og_locale":"tr_TR","og_type":"article","og_title":"\u0130ran\u2019da Ekonomik Krizin Derinle\u015fti\u011fini G\u00f6steren \u0130\u015f Talebinde E\u015fi G\u00f6r\u00fclmemi\u015f Art\u0131\u015f ve \u00dccretlerin De\u011fer Kayb\u0131 - ShiaWaves Turkish - \u015eia Haberleri","og_description":"\u0130ran\u2019da Ekonomik Krizin Derinle\u015fti\u011fini G\u00f6steren \u0130\u015f Talebinde E\u015fi G\u00f6r\u00fclmemi\u015f Art\u0131\u015f ve \u00dccretlerin De\u011fer Kayb\u0131 \u0130\u015f talebindeki h\u0131zl\u0131 art\u0131\u015f ile maa\u015flar\u0131n de\u011ferindeki g\u00f6zle g\u00f6r\u00fcl\u00fcr d\u00fc\u015f\u00fc\u015f, \u0130ran\u2019da i\u015f g\u00fcc\u00fc piyasas\u0131n\u0131n durumuna ve i\u015f g\u00fcc\u00fc \u00fczerindeki ekonomik bask\u0131lara ili\u015fkin endi\u015fe verici bir tablo sunuyor. \ud83d\udc48Kelim arkada\u015f\u0131m bu konuyu raporunda inceledi, birlikte g\u00f6z atal\u0131m:\ud83d\udc49 Son aylarda \u0130ran i\u015f piyasas\u0131, &hellip;","og_url":"https:\/\/shiawaves.com\/turkish\/2026\/05\/02\/iranda-ekonomik-krizin-derinlestigini-gosteren-is-talebinde-esi-gorulmemis-artis-ve-ucretlerin-deger-kaybi\/","og_site_name":"ShiaWaves Turkish - \u015eia Haberleri","article_published_time":"2026-05-02T09:30:24+00:00","author":"modir","twitter_card":"summary_large_image","twitter_misc":{"Yazan:":"modir","Tahmini okuma s\u00fcresi":"2 dakika"},"schema":{"@context":"https:\/\/schema.org","@graph":[{"@type":"WebPage","@id":"https:\/\/shiawaves.com\/turkish\/2026\/05\/02\/iranda-ekonomik-krizin-derinlestigini-gosteren-is-talebinde-esi-gorulmemis-artis-ve-ucretlerin-deger-kaybi\/","url":"https:\/\/shiawaves.com\/turkish\/2026\/05\/02\/iranda-ekonomik-krizin-derinlestigini-gosteren-is-talebinde-esi-gorulmemis-artis-ve-ucretlerin-deger-kaybi\/","name":"\u0130ran\u2019da Ekonomik Krizin Derinle\u015fti\u011fini G\u00f6steren \u0130\u015f Talebinde E\u015fi G\u00f6r\u00fclmemi\u015f Art\u0131\u015f ve \u00dccretlerin De\u011fer Kayb\u0131 - ShiaWaves Turkish - \u015eia Haberleri","isPartOf":{"@id":"https:\/\/shiawaves.com\/turkish\/#website"},"primaryImageOfPage":{"@id":"https:\/\/shiawaves.com\/turkish\/2026\/05\/02\/iranda-ekonomik-krizin-derinlestigini-gosteren-is-talebinde-esi-gorulmemis-artis-ve-ucretlerin-deger-kaybi\/#primaryimage"},"image":{"@id":"https:\/\/shiawaves.com\/turkish\/2026\/05\/02\/iranda-ekonomik-krizin-derinlestigini-gosteren-is-talebinde-esi-gorulmemis-artis-ve-ucretlerin-deger-kaybi\/#primaryimage"},"thumbnailUrl":"https:\/\/shiawaves.com\/turkish\/wp-content\/uploads\/sites\/6\/2026\/05\/file_3199.jpg","datePublished":"2026-05-02T09:30:24+00:00","dateModified":"2026-05-02T09:30:24+00:00","author":{"@id":"https:\/\/shiawaves.com\/turkish\/#\/schema\/person\/9f68d5023e948086b9348fba5aebd954"},"breadcrumb":{"@id":"https:\/\/shiawaves.com\/turkish\/2026\/05\/02\/iranda-ekonomik-krizin-derinlestigini-gosteren-is-talebinde-esi-gorulmemis-artis-ve-ucretlerin-deger-kaybi\/#breadcrumb"},"inLanguage":"tr","potentialAction":[{"@type":"ReadAction","target":["https:\/\/shiawaves.com\/turkish\/2026\/05\/02\/iranda-ekonomik-krizin-derinlestigini-gosteren-is-talebinde-esi-gorulmemis-artis-ve-ucretlerin-deger-kaybi\/"]}]},{"@type":"ImageObject","inLanguage":"tr","@id":"https:\/\/shiawaves.com\/turkish\/2026\/05\/02\/iranda-ekonomik-krizin-derinlestigini-gosteren-is-talebinde-esi-gorulmemis-artis-ve-ucretlerin-deger-kaybi\/#primaryimage","url":"https:\/\/shiawaves.com\/turkish\/wp-content\/uploads\/sites\/6\/2026\/05\/file_3199.jpg","contentUrl":"https:\/\/shiawaves.com\/turkish\/wp-content\/uploads\/sites\/6\/2026\/05\/file_3199.jpg","width":1280,"height":853},{"@type":"BreadcrumbList","@id":"https:\/\/shiawaves.com\/turkish\/2026\/05\/02\/iranda-ekonomik-krizin-derinlestigini-gosteren-is-talebinde-esi-gorulmemis-artis-ve-ucretlerin-deger-kaybi\/#breadcrumb","itemListElement":[{"@type":"ListItem","position":1,"name":"Home","item":"https:\/\/shiawaves.com\/turkish\/"},{"@type":"ListItem","position":2,"name":"\u0130ran\u2019da Ekonomik Krizin Derinle\u015fti\u011fini G\u00f6steren \u0130\u015f Talebinde E\u015fi G\u00f6r\u00fclmemi\u015f Art\u0131\u015f ve \u00dccretlerin De\u011fer Kayb\u0131"}]},{"@type":"WebSite","@id":"https:\/\/shiawaves.com\/turkish\/#website","url":"https:\/\/shiawaves.com\/turkish\/","name":"ShiaWaves Turkish - \u015eia Haberleri","description":"","potentialAction":[{"@type":"SearchAction","target":{"@type":"EntryPoint","urlTemplate":"https:\/\/shiawaves.com\/turkish\/?s={search_term_string}"},"query-input":{"@type":"PropertyValueSpecification","valueRequired":true,"valueName":"search_term_string"}}],"inLanguage":"tr"},{"@type":"Person","@id":"https:\/\/shiawaves.com\/turkish\/#\/schema\/person\/9f68d5023e948086b9348fba5aebd954","name":"modir","image":{"@type":"ImageObject","inLanguage":"tr","@id":"https:\/\/shiawaves.com\/turkish\/#\/schema\/person\/image\/","url":"https:\/\/secure.gravatar.com\/avatar\/8e76f93cdbdd480bd8918d1e0e1d938664c9cb1516c2a57a2b96fe50b507a6b9?s=96&d=mm&r=g","contentUrl":"https:\/\/secure.gravatar.com\/avatar\/8e76f93cdbdd480bd8918d1e0e1d938664c9cb1516c2a57a2b96fe50b507a6b9?s=96&d=mm&r=g","caption":"modir"},"sameAs":["https:\/\/shiawaves.com"],"url":"https:\/\/shiawaves.com\/turkish\/author\/modir\/"}]}},"_links":{"self":[{"href":"https:\/\/shiawaves.com\/turkish\/wp-json\/wp\/v2\/posts\/120469","targetHints":{"allow":["GET"]}}],"collection":[{"href":"https:\/\/shiawaves.com\/turkish\/wp-json\/wp\/v2\/posts"}],"about":[{"href":"https:\/\/shiawaves.com\/turkish\/wp-json\/wp\/v2\/types\/post"}],"author":[{"embeddable":true,"href":"https:\/\/shiawaves.com\/turkish\/wp-json\/wp\/v2\/users\/1"}],"replies":[{"embeddable":true,"href":"https:\/\/shiawaves.com\/turkish\/wp-json\/wp\/v2\/comments?post=120469"}],"version-history":[{"count":0,"href":"https:\/\/shiawaves.com\/turkish\/wp-json\/wp\/v2\/posts\/120469\/revisions"}],"wp:featuredmedia":[{"embeddable":true,"href":"https:\/\/shiawaves.com\/turkish\/wp-json\/wp\/v2\/media\/120468"}],"wp:attachment":[{"href":"https:\/\/shiawaves.com\/turkish\/wp-json\/wp\/v2\/media?parent=120469"}],"wp:term":[{"taxonomy":"category","embeddable":true,"href":"https:\/\/shiawaves.com\/turkish\/wp-json\/wp\/v2\/categories?post=120469"},{"taxonomy":"post_tag","embeddable":true,"href":"https:\/\/shiawaves.com\/turkish\/wp-json\/wp\/v2\/tags?post=120469"}],"curies":[{"name":"wp","href":"https:\/\/api.w.org\/{rel}","templated":true}]}}