{"id":120461,"date":"2026-04-30T18:00:29","date_gmt":"2026-04-30T15:00:29","guid":{"rendered":"https:\/\/shiawaves.com\/turkish\/2026\/04\/30\/turkiyeye-irana-yapilan-mal-tasimaciligi-icin-bir-transit-gecis-guzergahi-olusturma-ve-bolgesel-ticaret-yollarini-guclendirme-karari\/"},"modified":"2026-04-30T18:00:29","modified_gmt":"2026-04-30T15:00:29","slug":"turkiyeye-irana-yapilan-mal-tasimaciligi-icin-bir-transit-gecis-guzergahi-olusturma-ve-bolgesel-ticaret-yollarini-guclendirme-karari","status":"publish","type":"post","link":"https:\/\/shiawaves.com\/turkish\/2026\/04\/30\/turkiyeye-irana-yapilan-mal-tasimaciligi-icin-bir-transit-gecis-guzergahi-olusturma-ve-bolgesel-ticaret-yollarini-guclendirme-karari\/","title":{"rendered":"T\u00fcrkiye&#8217;ye \u0130ran&#8217;a yap\u0131lan mal ta\u015f\u0131mac\u0131l\u0131\u011f\u0131 i\u00e7in bir transit ge\u00e7i\u015f g\u00fczergah\u0131 olu\u015fturma ve b\u00f6lgesel ticaret yollar\u0131n\u0131 g\u00fc\u00e7lendirme karar\u0131"},"content":{"rendered":"<p>T\u00fcrkiye&#8217;ye \u0130ran&#8217;a yap\u0131lan mal ta\u015f\u0131mac\u0131l\u0131\u011f\u0131 i\u00e7in bir transit ge\u00e7i\u015f g\u00fczergah\u0131 olu\u015fturma ve b\u00f6lgesel ticaret yollar\u0131n\u0131 g\u00fc\u00e7lendirme karar\u0131<\/p>\n<p>Pakistan Ticaret Bakanl\u0131\u011f\u0131, ikili anla\u015fmalar ve i\u00e7 hukuk \u00e7er\u00e7evesinde bu \u00fclke topraklar\u0131 \u00fczerinden \u0130ran&#8217;a mal transit ge\u00e7i\u015fini sa\u011flayan yeni bir y\u00f6nergeyi y\u00fcr\u00fcrl\u00fc\u011fe koydu. Bu uygulama, Pakistan&#8217;\u0131n i\u00e7 yasalar\u0131nda yer alan h\u00fck\u00fcmlere g\u00f6re derhal uygulanmaya ba\u015flanm\u0131\u015ft\u0131r.<\/p>\n<p>BBC Fars\u00e7a\u2019ya g\u00f6re, bu karar 2008 tarihli anla\u015fma ve ithalat-ihracat kontrol yasalar\u0131 temelinde al\u0131nm\u0131\u015f olup, amac\u0131 mal ta\u015f\u0131mac\u0131l\u0131\u011f\u0131n\u0131 kolayla\u015ft\u0131rmak ve b\u00f6lgesel ticaret yollar\u0131n\u0131 geli\u015ftirmektir. Bu, \u00fclkeler aras\u0131nda ekonomik i\u015fbirli\u011finin g\u00fc\u00e7lendirilmesine katk\u0131da bulunabilir.<\/p>\n","protected":false},"excerpt":{"rendered":"<p>T\u00fcrkiye&#8217;ye \u0130ran&#8217;a yap\u0131lan mal ta\u015f\u0131mac\u0131l\u0131\u011f\u0131 i\u00e7in bir transit ge\u00e7i\u015f g\u00fczergah\u0131 olu\u015fturma ve b\u00f6lgesel ticaret yollar\u0131n\u0131 g\u00fc\u00e7lendirme karar\u0131 Pakistan Ticaret Bakanl\u0131\u011f\u0131, ikili anla\u015fmalar ve i\u00e7 hukuk \u00e7er\u00e7evesinde bu \u00fclke topraklar\u0131 \u00fczerinden \u0130ran&#8217;a mal transit ge\u00e7i\u015fini sa\u011flayan yeni bir y\u00f6nergeyi y\u00fcr\u00fcrl\u00fc\u011fe koydu. Bu uygulama, Pakistan&#8217;\u0131n i\u00e7 yasalar\u0131nda yer alan h\u00fck\u00fcmlere g\u00f6re derhal uygulanmaya ba\u015flanm\u0131\u015ft\u0131r. BBC Fars\u00e7a\u2019ya g\u00f6re, &hellip;<\/p>\n","protected":false},"author":1,"featured_media":120460,"comment_status":"open","ping_status":"open","sticky":false,"template":"","format":"standard","meta":{"rop_custom_images_group":[],"rop_custom_messages_group":[],"rop_publish_now":"initial","rop_publish_now_accounts":[],"rop_publish_now_history":[],"rop_publish_now_status":"pending","footnotes":""},"categories":[11],"tags":[],"class_list":["post-120461","post","type-post","status-publish","format-standard","has-post-thumbnail","hentry","category-pakistan"],"_wp_page_template":null,"_wp_attached_file":null,"_wp_attachment_metadata":null,"_edit_lock":null,"yoast_head":"<!-- This site is optimized with the Yoast SEO plugin v24.3 - https:\/\/yoast.com\/wordpress\/plugins\/seo\/ -->\n<title>T\u00fcrkiye&#039;ye \u0130ran&#039;a yap\u0131lan mal ta\u015f\u0131mac\u0131l\u0131\u011f\u0131 i\u00e7in bir transit ge\u00e7i\u015f g\u00fczergah\u0131 olu\u015fturma ve b\u00f6lgesel ticaret yollar\u0131n\u0131 g\u00fc\u00e7lendirme karar\u0131 - ShiaWaves Turkish - \u015eia Haberleri<\/title>\n<meta name=\"robots\" content=\"index, follow, max-snippet:-1, max-image-preview:large, max-video-preview:-1\" \/>\n<link rel=\"canonical\" href=\"https:\/\/shiawaves.com\/turkish\/2026\/04\/30\/turkiyeye-irana-yapilan-mal-tasimaciligi-icin-bir-transit-gecis-guzergahi-olusturma-ve-bolgesel-ticaret-yollarini-guclendirme-karari\/\" \/>\n<meta property=\"og:locale\" content=\"tr_TR\" \/>\n<meta property=\"og:type\" content=\"article\" \/>\n<meta property=\"og:title\" content=\"T\u00fcrkiye&#039;ye \u0130ran&#039;a yap\u0131lan mal ta\u015f\u0131mac\u0131l\u0131\u011f\u0131 i\u00e7in bir transit ge\u00e7i\u015f g\u00fczergah\u0131 olu\u015fturma ve b\u00f6lgesel ticaret yollar\u0131n\u0131 g\u00fc\u00e7lendirme karar\u0131 - ShiaWaves Turkish - \u015eia Haberleri\" \/>\n<meta property=\"og:description\" content=\"T\u00fcrkiye&#8217;ye \u0130ran&#8217;a yap\u0131lan mal ta\u015f\u0131mac\u0131l\u0131\u011f\u0131 i\u00e7in bir transit ge\u00e7i\u015f g\u00fczergah\u0131 olu\u015fturma ve b\u00f6lgesel ticaret yollar\u0131n\u0131 g\u00fc\u00e7lendirme karar\u0131 Pakistan Ticaret Bakanl\u0131\u011f\u0131, ikili anla\u015fmalar ve i\u00e7 hukuk \u00e7er\u00e7evesinde bu \u00fclke topraklar\u0131 \u00fczerinden \u0130ran&#8217;a mal transit ge\u00e7i\u015fini sa\u011flayan yeni bir y\u00f6nergeyi y\u00fcr\u00fcrl\u00fc\u011fe koydu. Bu uygulama, Pakistan&#8217;\u0131n i\u00e7 yasalar\u0131nda yer alan h\u00fck\u00fcmlere g\u00f6re derhal uygulanmaya ba\u015flanm\u0131\u015ft\u0131r. BBC Fars\u00e7a\u2019ya g\u00f6re, &hellip;\" \/>\n<meta property=\"og:url\" content=\"https:\/\/shiawaves.com\/turkish\/2026\/04\/30\/turkiyeye-irana-yapilan-mal-tasimaciligi-icin-bir-transit-gecis-guzergahi-olusturma-ve-bolgesel-ticaret-yollarini-guclendirme-karari\/\" \/>\n<meta property=\"og:site_name\" content=\"ShiaWaves Turkish - \u015eia Haberleri\" \/>\n<meta property=\"article:published_time\" content=\"2026-04-30T15:00:29+00:00\" \/>\n<meta name=\"author\" content=\"modir\" \/>\n<meta name=\"twitter:card\" content=\"summary_large_image\" \/>\n<meta name=\"twitter:label1\" content=\"Yazan:\" \/>\n\t<meta name=\"twitter:data1\" content=\"modir\" \/>\n\t<meta name=\"twitter:label2\" content=\"Tahmini okuma s\u00fcresi\" \/>\n\t<meta name=\"twitter:data2\" content=\"1 dakika\" \/>\n<script type=\"application\/ld+json\" class=\"yoast-schema-graph\">{\"@context\":\"https:\/\/schema.org\",\"@graph\":[{\"@type\":\"WebPage\",\"@id\":\"https:\/\/shiawaves.com\/turkish\/2026\/04\/30\/turkiyeye-irana-yapilan-mal-tasimaciligi-icin-bir-transit-gecis-guzergahi-olusturma-ve-bolgesel-ticaret-yollarini-guclendirme-karari\/\",\"url\":\"https:\/\/shiawaves.com\/turkish\/2026\/04\/30\/turkiyeye-irana-yapilan-mal-tasimaciligi-icin-bir-transit-gecis-guzergahi-olusturma-ve-bolgesel-ticaret-yollarini-guclendirme-karari\/\",\"name\":\"T\u00fcrkiye'ye \u0130ran'a yap\u0131lan mal ta\u015f\u0131mac\u0131l\u0131\u011f\u0131 i\u00e7in bir transit ge\u00e7i\u015f g\u00fczergah\u0131 olu\u015fturma ve b\u00f6lgesel ticaret yollar\u0131n\u0131 g\u00fc\u00e7lendirme karar\u0131 - ShiaWaves Turkish - \u015eia Haberleri\",\"isPartOf\":{\"@id\":\"https:\/\/shiawaves.com\/turkish\/#website\"},\"primaryImageOfPage\":{\"@id\":\"https:\/\/shiawaves.com\/turkish\/2026\/04\/30\/turkiyeye-irana-yapilan-mal-tasimaciligi-icin-bir-transit-gecis-guzergahi-olusturma-ve-bolgesel-ticaret-yollarini-guclendirme-karari\/#primaryimage\"},\"image\":{\"@id\":\"https:\/\/shiawaves.com\/turkish\/2026\/04\/30\/turkiyeye-irana-yapilan-mal-tasimaciligi-icin-bir-transit-gecis-guzergahi-olusturma-ve-bolgesel-ticaret-yollarini-guclendirme-karari\/#primaryimage\"},\"thumbnailUrl\":\"https:\/\/shiawaves.com\/turkish\/wp-content\/uploads\/sites\/6\/2026\/04\/file_3195.jpg\",\"datePublished\":\"2026-04-30T15:00:29+00:00\",\"dateModified\":\"2026-04-30T15:00:29+00:00\",\"author\":{\"@id\":\"https:\/\/shiawaves.com\/turkish\/#\/schema\/person\/9f68d5023e948086b9348fba5aebd954\"},\"breadcrumb\":{\"@id\":\"https:\/\/shiawaves.com\/turkish\/2026\/04\/30\/turkiyeye-irana-yapilan-mal-tasimaciligi-icin-bir-transit-gecis-guzergahi-olusturma-ve-bolgesel-ticaret-yollarini-guclendirme-karari\/#breadcrumb\"},\"inLanguage\":\"tr\",\"potentialAction\":[{\"@type\":\"ReadAction\",\"target\":[\"https:\/\/shiawaves.com\/turkish\/2026\/04\/30\/turkiyeye-irana-yapilan-mal-tasimaciligi-icin-bir-transit-gecis-guzergahi-olusturma-ve-bolgesel-ticaret-yollarini-guclendirme-karari\/\"]}]},{\"@type\":\"ImageObject\",\"inLanguage\":\"tr\",\"@id\":\"https:\/\/shiawaves.com\/turkish\/2026\/04\/30\/turkiyeye-irana-yapilan-mal-tasimaciligi-icin-bir-transit-gecis-guzergahi-olusturma-ve-bolgesel-ticaret-yollarini-guclendirme-karari\/#primaryimage\",\"url\":\"https:\/\/shiawaves.com\/turkish\/wp-content\/uploads\/sites\/6\/2026\/04\/file_3195.jpg\",\"contentUrl\":\"https:\/\/shiawaves.com\/turkish\/wp-content\/uploads\/sites\/6\/2026\/04\/file_3195.jpg\",\"width\":640,\"height\":360},{\"@type\":\"BreadcrumbList\",\"@id\":\"https:\/\/shiawaves.com\/turkish\/2026\/04\/30\/turkiyeye-irana-yapilan-mal-tasimaciligi-icin-bir-transit-gecis-guzergahi-olusturma-ve-bolgesel-ticaret-yollarini-guclendirme-karari\/#breadcrumb\",\"itemListElement\":[{\"@type\":\"ListItem\",\"position\":1,\"name\":\"Home\",\"item\":\"https:\/\/shiawaves.com\/turkish\/\"},{\"@type\":\"ListItem\",\"position\":2,\"name\":\"T\u00fcrkiye&#8217;ye \u0130ran&#8217;a yap\u0131lan mal ta\u015f\u0131mac\u0131l\u0131\u011f\u0131 i\u00e7in bir transit ge\u00e7i\u015f g\u00fczergah\u0131 olu\u015fturma ve b\u00f6lgesel ticaret yollar\u0131n\u0131 g\u00fc\u00e7lendirme karar\u0131\"}]},{\"@type\":\"WebSite\",\"@id\":\"https:\/\/shiawaves.com\/turkish\/#website\",\"url\":\"https:\/\/shiawaves.com\/turkish\/\",\"name\":\"ShiaWaves Turkish - \u015eia Haberleri\",\"description\":\"\",\"potentialAction\":[{\"@type\":\"SearchAction\",\"target\":{\"@type\":\"EntryPoint\",\"urlTemplate\":\"https:\/\/shiawaves.com\/turkish\/?s={search_term_string}\"},\"query-input\":{\"@type\":\"PropertyValueSpecification\",\"valueRequired\":true,\"valueName\":\"search_term_string\"}}],\"inLanguage\":\"tr\"},{\"@type\":\"Person\",\"@id\":\"https:\/\/shiawaves.com\/turkish\/#\/schema\/person\/9f68d5023e948086b9348fba5aebd954\",\"name\":\"modir\",\"image\":{\"@type\":\"ImageObject\",\"inLanguage\":\"tr\",\"@id\":\"https:\/\/shiawaves.com\/turkish\/#\/schema\/person\/image\/\",\"url\":\"https:\/\/secure.gravatar.com\/avatar\/8e76f93cdbdd480bd8918d1e0e1d938664c9cb1516c2a57a2b96fe50b507a6b9?s=96&d=mm&r=g\",\"contentUrl\":\"https:\/\/secure.gravatar.com\/avatar\/8e76f93cdbdd480bd8918d1e0e1d938664c9cb1516c2a57a2b96fe50b507a6b9?s=96&d=mm&r=g\",\"caption\":\"modir\"},\"sameAs\":[\"https:\/\/shiawaves.com\"],\"url\":\"https:\/\/shiawaves.com\/turkish\/author\/modir\/\"}]}<\/script>\n<!-- \/ Yoast SEO plugin. -->","yoast_head_json":{"title":"T\u00fcrkiye'ye \u0130ran'a yap\u0131lan mal ta\u015f\u0131mac\u0131l\u0131\u011f\u0131 i\u00e7in bir transit ge\u00e7i\u015f g\u00fczergah\u0131 olu\u015fturma ve b\u00f6lgesel ticaret yollar\u0131n\u0131 g\u00fc\u00e7lendirme karar\u0131 - ShiaWaves Turkish - \u015eia Haberleri","robots":{"index":"index","follow":"follow","max-snippet":"max-snippet:-1","max-image-preview":"max-image-preview:large","max-video-preview":"max-video-preview:-1"},"canonical":"https:\/\/shiawaves.com\/turkish\/2026\/04\/30\/turkiyeye-irana-yapilan-mal-tasimaciligi-icin-bir-transit-gecis-guzergahi-olusturma-ve-bolgesel-ticaret-yollarini-guclendirme-karari\/","og_locale":"tr_TR","og_type":"article","og_title":"T\u00fcrkiye'ye \u0130ran'a yap\u0131lan mal ta\u015f\u0131mac\u0131l\u0131\u011f\u0131 i\u00e7in bir transit ge\u00e7i\u015f g\u00fczergah\u0131 olu\u015fturma ve b\u00f6lgesel ticaret yollar\u0131n\u0131 g\u00fc\u00e7lendirme karar\u0131 - ShiaWaves Turkish - \u015eia Haberleri","og_description":"T\u00fcrkiye&#8217;ye \u0130ran&#8217;a yap\u0131lan mal ta\u015f\u0131mac\u0131l\u0131\u011f\u0131 i\u00e7in bir transit ge\u00e7i\u015f g\u00fczergah\u0131 olu\u015fturma ve b\u00f6lgesel ticaret yollar\u0131n\u0131 g\u00fc\u00e7lendirme karar\u0131 Pakistan Ticaret Bakanl\u0131\u011f\u0131, ikili anla\u015fmalar ve i\u00e7 hukuk \u00e7er\u00e7evesinde bu \u00fclke topraklar\u0131 \u00fczerinden \u0130ran&#8217;a mal transit ge\u00e7i\u015fini sa\u011flayan yeni bir y\u00f6nergeyi y\u00fcr\u00fcrl\u00fc\u011fe koydu. Bu uygulama, Pakistan&#8217;\u0131n i\u00e7 yasalar\u0131nda yer alan h\u00fck\u00fcmlere g\u00f6re derhal uygulanmaya ba\u015flanm\u0131\u015ft\u0131r. BBC Fars\u00e7a\u2019ya g\u00f6re, &hellip;","og_url":"https:\/\/shiawaves.com\/turkish\/2026\/04\/30\/turkiyeye-irana-yapilan-mal-tasimaciligi-icin-bir-transit-gecis-guzergahi-olusturma-ve-bolgesel-ticaret-yollarini-guclendirme-karari\/","og_site_name":"ShiaWaves Turkish - \u015eia Haberleri","article_published_time":"2026-04-30T15:00:29+00:00","author":"modir","twitter_card":"summary_large_image","twitter_misc":{"Yazan:":"modir","Tahmini okuma s\u00fcresi":"1 dakika"},"schema":{"@context":"https:\/\/schema.org","@graph":[{"@type":"WebPage","@id":"https:\/\/shiawaves.com\/turkish\/2026\/04\/30\/turkiyeye-irana-yapilan-mal-tasimaciligi-icin-bir-transit-gecis-guzergahi-olusturma-ve-bolgesel-ticaret-yollarini-guclendirme-karari\/","url":"https:\/\/shiawaves.com\/turkish\/2026\/04\/30\/turkiyeye-irana-yapilan-mal-tasimaciligi-icin-bir-transit-gecis-guzergahi-olusturma-ve-bolgesel-ticaret-yollarini-guclendirme-karari\/","name":"T\u00fcrkiye'ye \u0130ran'a yap\u0131lan mal ta\u015f\u0131mac\u0131l\u0131\u011f\u0131 i\u00e7in bir transit ge\u00e7i\u015f g\u00fczergah\u0131 olu\u015fturma ve b\u00f6lgesel ticaret yollar\u0131n\u0131 g\u00fc\u00e7lendirme karar\u0131 - ShiaWaves Turkish - \u015eia Haberleri","isPartOf":{"@id":"https:\/\/shiawaves.com\/turkish\/#website"},"primaryImageOfPage":{"@id":"https:\/\/shiawaves.com\/turkish\/2026\/04\/30\/turkiyeye-irana-yapilan-mal-tasimaciligi-icin-bir-transit-gecis-guzergahi-olusturma-ve-bolgesel-ticaret-yollarini-guclendirme-karari\/#primaryimage"},"image":{"@id":"https:\/\/shiawaves.com\/turkish\/2026\/04\/30\/turkiyeye-irana-yapilan-mal-tasimaciligi-icin-bir-transit-gecis-guzergahi-olusturma-ve-bolgesel-ticaret-yollarini-guclendirme-karari\/#primaryimage"},"thumbnailUrl":"https:\/\/shiawaves.com\/turkish\/wp-content\/uploads\/sites\/6\/2026\/04\/file_3195.jpg","datePublished":"2026-04-30T15:00:29+00:00","dateModified":"2026-04-30T15:00:29+00:00","author":{"@id":"https:\/\/shiawaves.com\/turkish\/#\/schema\/person\/9f68d5023e948086b9348fba5aebd954"},"breadcrumb":{"@id":"https:\/\/shiawaves.com\/turkish\/2026\/04\/30\/turkiyeye-irana-yapilan-mal-tasimaciligi-icin-bir-transit-gecis-guzergahi-olusturma-ve-bolgesel-ticaret-yollarini-guclendirme-karari\/#breadcrumb"},"inLanguage":"tr","potentialAction":[{"@type":"ReadAction","target":["https:\/\/shiawaves.com\/turkish\/2026\/04\/30\/turkiyeye-irana-yapilan-mal-tasimaciligi-icin-bir-transit-gecis-guzergahi-olusturma-ve-bolgesel-ticaret-yollarini-guclendirme-karari\/"]}]},{"@type":"ImageObject","inLanguage":"tr","@id":"https:\/\/shiawaves.com\/turkish\/2026\/04\/30\/turkiyeye-irana-yapilan-mal-tasimaciligi-icin-bir-transit-gecis-guzergahi-olusturma-ve-bolgesel-ticaret-yollarini-guclendirme-karari\/#primaryimage","url":"https:\/\/shiawaves.com\/turkish\/wp-content\/uploads\/sites\/6\/2026\/04\/file_3195.jpg","contentUrl":"https:\/\/shiawaves.com\/turkish\/wp-content\/uploads\/sites\/6\/2026\/04\/file_3195.jpg","width":640,"height":360},{"@type":"BreadcrumbList","@id":"https:\/\/shiawaves.com\/turkish\/2026\/04\/30\/turkiyeye-irana-yapilan-mal-tasimaciligi-icin-bir-transit-gecis-guzergahi-olusturma-ve-bolgesel-ticaret-yollarini-guclendirme-karari\/#breadcrumb","itemListElement":[{"@type":"ListItem","position":1,"name":"Home","item":"https:\/\/shiawaves.com\/turkish\/"},{"@type":"ListItem","position":2,"name":"T\u00fcrkiye&#8217;ye \u0130ran&#8217;a yap\u0131lan mal ta\u015f\u0131mac\u0131l\u0131\u011f\u0131 i\u00e7in bir transit ge\u00e7i\u015f g\u00fczergah\u0131 olu\u015fturma ve b\u00f6lgesel ticaret yollar\u0131n\u0131 g\u00fc\u00e7lendirme karar\u0131"}]},{"@type":"WebSite","@id":"https:\/\/shiawaves.com\/turkish\/#website","url":"https:\/\/shiawaves.com\/turkish\/","name":"ShiaWaves Turkish - \u015eia Haberleri","description":"","potentialAction":[{"@type":"SearchAction","target":{"@type":"EntryPoint","urlTemplate":"https:\/\/shiawaves.com\/turkish\/?s={search_term_string}"},"query-input":{"@type":"PropertyValueSpecification","valueRequired":true,"valueName":"search_term_string"}}],"inLanguage":"tr"},{"@type":"Person","@id":"https:\/\/shiawaves.com\/turkish\/#\/schema\/person\/9f68d5023e948086b9348fba5aebd954","name":"modir","image":{"@type":"ImageObject","inLanguage":"tr","@id":"https:\/\/shiawaves.com\/turkish\/#\/schema\/person\/image\/","url":"https:\/\/secure.gravatar.com\/avatar\/8e76f93cdbdd480bd8918d1e0e1d938664c9cb1516c2a57a2b96fe50b507a6b9?s=96&d=mm&r=g","contentUrl":"https:\/\/secure.gravatar.com\/avatar\/8e76f93cdbdd480bd8918d1e0e1d938664c9cb1516c2a57a2b96fe50b507a6b9?s=96&d=mm&r=g","caption":"modir"},"sameAs":["https:\/\/shiawaves.com"],"url":"https:\/\/shiawaves.com\/turkish\/author\/modir\/"}]}},"_links":{"self":[{"href":"https:\/\/shiawaves.com\/turkish\/wp-json\/wp\/v2\/posts\/120461","targetHints":{"allow":["GET"]}}],"collection":[{"href":"https:\/\/shiawaves.com\/turkish\/wp-json\/wp\/v2\/posts"}],"about":[{"href":"https:\/\/shiawaves.com\/turkish\/wp-json\/wp\/v2\/types\/post"}],"author":[{"embeddable":true,"href":"https:\/\/shiawaves.com\/turkish\/wp-json\/wp\/v2\/users\/1"}],"replies":[{"embeddable":true,"href":"https:\/\/shiawaves.com\/turkish\/wp-json\/wp\/v2\/comments?post=120461"}],"version-history":[{"count":0,"href":"https:\/\/shiawaves.com\/turkish\/wp-json\/wp\/v2\/posts\/120461\/revisions"}],"wp:featuredmedia":[{"embeddable":true,"href":"https:\/\/shiawaves.com\/turkish\/wp-json\/wp\/v2\/media\/120460"}],"wp:attachment":[{"href":"https:\/\/shiawaves.com\/turkish\/wp-json\/wp\/v2\/media?parent=120461"}],"wp:term":[{"taxonomy":"category","embeddable":true,"href":"https:\/\/shiawaves.com\/turkish\/wp-json\/wp\/v2\/categories?post=120461"},{"taxonomy":"post_tag","embeddable":true,"href":"https:\/\/shiawaves.com\/turkish\/wp-json\/wp\/v2\/tags?post=120461"}],"curies":[{"name":"wp","href":"https:\/\/api.w.org\/{rel}","templated":true}]}}