{"id":120455,"date":"2026-04-30T14:00:28","date_gmt":"2026-04-30T11:00:28","guid":{"rendered":"https:\/\/shiawaves.com\/turkish\/2026\/04\/30\/pakistan-ordusunun-nangarharin-gushta-ilcesine-gerceklestirdigi-topcu-saldirilari-ve-sivillerin-kitlesel-yer-degistirmesi\/"},"modified":"2026-04-30T14:00:28","modified_gmt":"2026-04-30T11:00:28","slug":"pakistan-ordusunun-nangarharin-gushta-ilcesine-gerceklestirdigi-topcu-saldirilari-ve-sivillerin-kitlesel-yer-degistirmesi","status":"publish","type":"post","link":"https:\/\/shiawaves.com\/turkish\/2026\/04\/30\/pakistan-ordusunun-nangarharin-gushta-ilcesine-gerceklestirdigi-topcu-saldirilari-ve-sivillerin-kitlesel-yer-degistirmesi\/","title":{"rendered":"Pakistan ordusunun Nangarhar&#8217;\u0131n Gushta il\u00e7esine ger\u00e7ekle\u015ftirdi\u011fi top\u00e7u sald\u0131r\u0131lar\u0131 ve sivillerin kitlesel yer de\u011fi\u015ftirmesi"},"content":{"rendered":"<p>Pakistan ordusunun Nangarhar&#8217;\u0131n Gushta il\u00e7esine ger\u00e7ekle\u015ftirdi\u011fi top\u00e7u sald\u0131r\u0131lar\u0131 ve sivillerin kitlesel yer de\u011fi\u015ftirmesi<\/p>\n<p>Pakistan ordusunun Nangarhar vilayetinin Gushta il\u00e7esine d\u00fczenledi\u011fi top\u00e7u sald\u0131r\u0131lar\u0131, Afganistan&#8217;\u0131n s\u0131n\u0131r b\u00f6lgelerinde sivil halk\u0131n geni\u015f \u00e7apl\u0131 yer de\u011fi\u015ftirmesine ve endi\u015felerin artmas\u0131na neden oldu.<\/p>\n<p>Bu sald\u0131r\u0131lar sonucunda \u00e7ok say\u0131da aile evlerini terk etti ve zorlu ko\u015fullarda ya\u015famlar\u0131n\u0131 s\u00fcrd\u00fcr\u00fcyorlar.<\/p>\n<p>&#8220;8Sobh&#8221; gazetesine g\u00f6re, baz\u0131 sakinler h\u00e2l\u00e2 evlerinde mahsur kalm\u0131\u015f durumda.<\/p>\n<p>Ayn\u0131 zamanda bu medya organ\u0131, olay\u0131n olas\u0131 kay\u0131plar\u0131na ili\u015fkin hen\u00fcz kesin bir rakam\u0131n yay\u0131nlanmad\u0131\u011f\u0131n\u0131 bildirdi.<\/p>\n","protected":false},"excerpt":{"rendered":"<p>Pakistan ordusunun Nangarhar&#8217;\u0131n Gushta il\u00e7esine ger\u00e7ekle\u015ftirdi\u011fi top\u00e7u sald\u0131r\u0131lar\u0131 ve sivillerin kitlesel yer de\u011fi\u015ftirmesi Pakistan ordusunun Nangarhar vilayetinin Gushta il\u00e7esine d\u00fczenledi\u011fi top\u00e7u sald\u0131r\u0131lar\u0131, Afganistan&#8217;\u0131n s\u0131n\u0131r b\u00f6lgelerinde sivil halk\u0131n geni\u015f \u00e7apl\u0131 yer de\u011fi\u015ftirmesine ve endi\u015felerin artmas\u0131na neden oldu. Bu sald\u0131r\u0131lar sonucunda \u00e7ok say\u0131da aile evlerini terk etti ve zorlu ko\u015fullarda ya\u015famlar\u0131n\u0131 s\u00fcrd\u00fcr\u00fcyorlar. &#8220;8Sobh&#8221; gazetesine g\u00f6re, baz\u0131 sakinler &hellip;<\/p>\n","protected":false},"author":1,"featured_media":120454,"comment_status":"open","ping_status":"open","sticky":false,"template":"","format":"standard","meta":{"rop_custom_images_group":[],"rop_custom_messages_group":[],"rop_publish_now":"initial","rop_publish_now_accounts":[],"rop_publish_now_history":[],"rop_publish_now_status":"pending","footnotes":""},"categories":[8],"tags":[],"class_list":["post-120455","post","type-post","status-publish","format-standard","has-post-thumbnail","hentry","category-afghanistan"],"_wp_page_template":null,"_wp_attached_file":null,"_wp_attachment_metadata":null,"_edit_lock":null,"yoast_head":"<!-- This site is optimized with the Yoast SEO plugin v24.3 - https:\/\/yoast.com\/wordpress\/plugins\/seo\/ -->\n<title>Pakistan ordusunun Nangarhar&#039;\u0131n Gushta il\u00e7esine ger\u00e7ekle\u015ftirdi\u011fi top\u00e7u sald\u0131r\u0131lar\u0131 ve sivillerin kitlesel yer de\u011fi\u015ftirmesi - ShiaWaves Turkish - \u015eia Haberleri<\/title>\n<meta name=\"robots\" content=\"index, follow, max-snippet:-1, max-image-preview:large, max-video-preview:-1\" \/>\n<link rel=\"canonical\" href=\"https:\/\/shiawaves.com\/turkish\/2026\/04\/30\/pakistan-ordusunun-nangarharin-gushta-ilcesine-gerceklestirdigi-topcu-saldirilari-ve-sivillerin-kitlesel-yer-degistirmesi\/\" \/>\n<meta property=\"og:locale\" content=\"tr_TR\" \/>\n<meta property=\"og:type\" content=\"article\" \/>\n<meta property=\"og:title\" content=\"Pakistan ordusunun Nangarhar&#039;\u0131n Gushta il\u00e7esine ger\u00e7ekle\u015ftirdi\u011fi top\u00e7u sald\u0131r\u0131lar\u0131 ve sivillerin kitlesel yer de\u011fi\u015ftirmesi - ShiaWaves Turkish - \u015eia Haberleri\" \/>\n<meta property=\"og:description\" content=\"Pakistan ordusunun Nangarhar&#8217;\u0131n Gushta il\u00e7esine ger\u00e7ekle\u015ftirdi\u011fi top\u00e7u sald\u0131r\u0131lar\u0131 ve sivillerin kitlesel yer de\u011fi\u015ftirmesi Pakistan ordusunun Nangarhar vilayetinin Gushta il\u00e7esine d\u00fczenledi\u011fi top\u00e7u sald\u0131r\u0131lar\u0131, Afganistan&#8217;\u0131n s\u0131n\u0131r b\u00f6lgelerinde sivil halk\u0131n geni\u015f \u00e7apl\u0131 yer de\u011fi\u015ftirmesine ve endi\u015felerin artmas\u0131na neden oldu. Bu sald\u0131r\u0131lar sonucunda \u00e7ok say\u0131da aile evlerini terk etti ve zorlu ko\u015fullarda ya\u015famlar\u0131n\u0131 s\u00fcrd\u00fcr\u00fcyorlar. &#8220;8Sobh&#8221; gazetesine g\u00f6re, baz\u0131 sakinler &hellip;\" \/>\n<meta property=\"og:url\" content=\"https:\/\/shiawaves.com\/turkish\/2026\/04\/30\/pakistan-ordusunun-nangarharin-gushta-ilcesine-gerceklestirdigi-topcu-saldirilari-ve-sivillerin-kitlesel-yer-degistirmesi\/\" \/>\n<meta property=\"og:site_name\" content=\"ShiaWaves Turkish - \u015eia Haberleri\" \/>\n<meta property=\"article:published_time\" content=\"2026-04-30T11:00:28+00:00\" \/>\n<meta name=\"author\" content=\"modir\" \/>\n<meta name=\"twitter:card\" content=\"summary_large_image\" \/>\n<meta name=\"twitter:label1\" content=\"Yazan:\" \/>\n\t<meta name=\"twitter:data1\" content=\"modir\" \/>\n\t<meta name=\"twitter:label2\" content=\"Tahmini okuma s\u00fcresi\" \/>\n\t<meta name=\"twitter:data2\" content=\"1 dakika\" \/>\n<script type=\"application\/ld+json\" class=\"yoast-schema-graph\">{\"@context\":\"https:\/\/schema.org\",\"@graph\":[{\"@type\":\"WebPage\",\"@id\":\"https:\/\/shiawaves.com\/turkish\/2026\/04\/30\/pakistan-ordusunun-nangarharin-gushta-ilcesine-gerceklestirdigi-topcu-saldirilari-ve-sivillerin-kitlesel-yer-degistirmesi\/\",\"url\":\"https:\/\/shiawaves.com\/turkish\/2026\/04\/30\/pakistan-ordusunun-nangarharin-gushta-ilcesine-gerceklestirdigi-topcu-saldirilari-ve-sivillerin-kitlesel-yer-degistirmesi\/\",\"name\":\"Pakistan ordusunun Nangarhar'\u0131n Gushta il\u00e7esine ger\u00e7ekle\u015ftirdi\u011fi top\u00e7u sald\u0131r\u0131lar\u0131 ve sivillerin kitlesel yer de\u011fi\u015ftirmesi - ShiaWaves Turkish - \u015eia Haberleri\",\"isPartOf\":{\"@id\":\"https:\/\/shiawaves.com\/turkish\/#website\"},\"primaryImageOfPage\":{\"@id\":\"https:\/\/shiawaves.com\/turkish\/2026\/04\/30\/pakistan-ordusunun-nangarharin-gushta-ilcesine-gerceklestirdigi-topcu-saldirilari-ve-sivillerin-kitlesel-yer-degistirmesi\/#primaryimage\"},\"image\":{\"@id\":\"https:\/\/shiawaves.com\/turkish\/2026\/04\/30\/pakistan-ordusunun-nangarharin-gushta-ilcesine-gerceklestirdigi-topcu-saldirilari-ve-sivillerin-kitlesel-yer-degistirmesi\/#primaryimage\"},\"thumbnailUrl\":\"https:\/\/shiawaves.com\/turkish\/wp-content\/uploads\/sites\/6\/2026\/04\/file_3192.jpg\",\"datePublished\":\"2026-04-30T11:00:28+00:00\",\"dateModified\":\"2026-04-30T11:00:28+00:00\",\"author\":{\"@id\":\"https:\/\/shiawaves.com\/turkish\/#\/schema\/person\/9f68d5023e948086b9348fba5aebd954\"},\"breadcrumb\":{\"@id\":\"https:\/\/shiawaves.com\/turkish\/2026\/04\/30\/pakistan-ordusunun-nangarharin-gushta-ilcesine-gerceklestirdigi-topcu-saldirilari-ve-sivillerin-kitlesel-yer-degistirmesi\/#breadcrumb\"},\"inLanguage\":\"tr\",\"potentialAction\":[{\"@type\":\"ReadAction\",\"target\":[\"https:\/\/shiawaves.com\/turkish\/2026\/04\/30\/pakistan-ordusunun-nangarharin-gushta-ilcesine-gerceklestirdigi-topcu-saldirilari-ve-sivillerin-kitlesel-yer-degistirmesi\/\"]}]},{\"@type\":\"ImageObject\",\"inLanguage\":\"tr\",\"@id\":\"https:\/\/shiawaves.com\/turkish\/2026\/04\/30\/pakistan-ordusunun-nangarharin-gushta-ilcesine-gerceklestirdigi-topcu-saldirilari-ve-sivillerin-kitlesel-yer-degistirmesi\/#primaryimage\",\"url\":\"https:\/\/shiawaves.com\/turkish\/wp-content\/uploads\/sites\/6\/2026\/04\/file_3192.jpg\",\"contentUrl\":\"https:\/\/shiawaves.com\/turkish\/wp-content\/uploads\/sites\/6\/2026\/04\/file_3192.jpg\",\"width\":1280,\"height\":720},{\"@type\":\"BreadcrumbList\",\"@id\":\"https:\/\/shiawaves.com\/turkish\/2026\/04\/30\/pakistan-ordusunun-nangarharin-gushta-ilcesine-gerceklestirdigi-topcu-saldirilari-ve-sivillerin-kitlesel-yer-degistirmesi\/#breadcrumb\",\"itemListElement\":[{\"@type\":\"ListItem\",\"position\":1,\"name\":\"Home\",\"item\":\"https:\/\/shiawaves.com\/turkish\/\"},{\"@type\":\"ListItem\",\"position\":2,\"name\":\"Pakistan ordusunun Nangarhar&#8217;\u0131n Gushta il\u00e7esine ger\u00e7ekle\u015ftirdi\u011fi top\u00e7u sald\u0131r\u0131lar\u0131 ve sivillerin kitlesel yer de\u011fi\u015ftirmesi\"}]},{\"@type\":\"WebSite\",\"@id\":\"https:\/\/shiawaves.com\/turkish\/#website\",\"url\":\"https:\/\/shiawaves.com\/turkish\/\",\"name\":\"ShiaWaves Turkish - \u015eia Haberleri\",\"description\":\"\",\"potentialAction\":[{\"@type\":\"SearchAction\",\"target\":{\"@type\":\"EntryPoint\",\"urlTemplate\":\"https:\/\/shiawaves.com\/turkish\/?s={search_term_string}\"},\"query-input\":{\"@type\":\"PropertyValueSpecification\",\"valueRequired\":true,\"valueName\":\"search_term_string\"}}],\"inLanguage\":\"tr\"},{\"@type\":\"Person\",\"@id\":\"https:\/\/shiawaves.com\/turkish\/#\/schema\/person\/9f68d5023e948086b9348fba5aebd954\",\"name\":\"modir\",\"image\":{\"@type\":\"ImageObject\",\"inLanguage\":\"tr\",\"@id\":\"https:\/\/shiawaves.com\/turkish\/#\/schema\/person\/image\/\",\"url\":\"https:\/\/secure.gravatar.com\/avatar\/8e76f93cdbdd480bd8918d1e0e1d938664c9cb1516c2a57a2b96fe50b507a6b9?s=96&d=mm&r=g\",\"contentUrl\":\"https:\/\/secure.gravatar.com\/avatar\/8e76f93cdbdd480bd8918d1e0e1d938664c9cb1516c2a57a2b96fe50b507a6b9?s=96&d=mm&r=g\",\"caption\":\"modir\"},\"sameAs\":[\"https:\/\/shiawaves.com\"],\"url\":\"https:\/\/shiawaves.com\/turkish\/author\/modir\/\"}]}<\/script>\n<!-- \/ Yoast SEO plugin. -->","yoast_head_json":{"title":"Pakistan ordusunun Nangarhar'\u0131n Gushta il\u00e7esine ger\u00e7ekle\u015ftirdi\u011fi top\u00e7u sald\u0131r\u0131lar\u0131 ve sivillerin kitlesel yer de\u011fi\u015ftirmesi - ShiaWaves Turkish - \u015eia Haberleri","robots":{"index":"index","follow":"follow","max-snippet":"max-snippet:-1","max-image-preview":"max-image-preview:large","max-video-preview":"max-video-preview:-1"},"canonical":"https:\/\/shiawaves.com\/turkish\/2026\/04\/30\/pakistan-ordusunun-nangarharin-gushta-ilcesine-gerceklestirdigi-topcu-saldirilari-ve-sivillerin-kitlesel-yer-degistirmesi\/","og_locale":"tr_TR","og_type":"article","og_title":"Pakistan ordusunun Nangarhar'\u0131n Gushta il\u00e7esine ger\u00e7ekle\u015ftirdi\u011fi top\u00e7u sald\u0131r\u0131lar\u0131 ve sivillerin kitlesel yer de\u011fi\u015ftirmesi - ShiaWaves Turkish - \u015eia Haberleri","og_description":"Pakistan ordusunun Nangarhar&#8217;\u0131n Gushta il\u00e7esine ger\u00e7ekle\u015ftirdi\u011fi top\u00e7u sald\u0131r\u0131lar\u0131 ve sivillerin kitlesel yer de\u011fi\u015ftirmesi Pakistan ordusunun Nangarhar vilayetinin Gushta il\u00e7esine d\u00fczenledi\u011fi top\u00e7u sald\u0131r\u0131lar\u0131, Afganistan&#8217;\u0131n s\u0131n\u0131r b\u00f6lgelerinde sivil halk\u0131n geni\u015f \u00e7apl\u0131 yer de\u011fi\u015ftirmesine ve endi\u015felerin artmas\u0131na neden oldu. Bu sald\u0131r\u0131lar sonucunda \u00e7ok say\u0131da aile evlerini terk etti ve zorlu ko\u015fullarda ya\u015famlar\u0131n\u0131 s\u00fcrd\u00fcr\u00fcyorlar. &#8220;8Sobh&#8221; gazetesine g\u00f6re, baz\u0131 sakinler &hellip;","og_url":"https:\/\/shiawaves.com\/turkish\/2026\/04\/30\/pakistan-ordusunun-nangarharin-gushta-ilcesine-gerceklestirdigi-topcu-saldirilari-ve-sivillerin-kitlesel-yer-degistirmesi\/","og_site_name":"ShiaWaves Turkish - \u015eia Haberleri","article_published_time":"2026-04-30T11:00:28+00:00","author":"modir","twitter_card":"summary_large_image","twitter_misc":{"Yazan:":"modir","Tahmini okuma s\u00fcresi":"1 dakika"},"schema":{"@context":"https:\/\/schema.org","@graph":[{"@type":"WebPage","@id":"https:\/\/shiawaves.com\/turkish\/2026\/04\/30\/pakistan-ordusunun-nangarharin-gushta-ilcesine-gerceklestirdigi-topcu-saldirilari-ve-sivillerin-kitlesel-yer-degistirmesi\/","url":"https:\/\/shiawaves.com\/turkish\/2026\/04\/30\/pakistan-ordusunun-nangarharin-gushta-ilcesine-gerceklestirdigi-topcu-saldirilari-ve-sivillerin-kitlesel-yer-degistirmesi\/","name":"Pakistan ordusunun Nangarhar'\u0131n Gushta il\u00e7esine ger\u00e7ekle\u015ftirdi\u011fi top\u00e7u sald\u0131r\u0131lar\u0131 ve sivillerin kitlesel yer de\u011fi\u015ftirmesi - ShiaWaves Turkish - \u015eia Haberleri","isPartOf":{"@id":"https:\/\/shiawaves.com\/turkish\/#website"},"primaryImageOfPage":{"@id":"https:\/\/shiawaves.com\/turkish\/2026\/04\/30\/pakistan-ordusunun-nangarharin-gushta-ilcesine-gerceklestirdigi-topcu-saldirilari-ve-sivillerin-kitlesel-yer-degistirmesi\/#primaryimage"},"image":{"@id":"https:\/\/shiawaves.com\/turkish\/2026\/04\/30\/pakistan-ordusunun-nangarharin-gushta-ilcesine-gerceklestirdigi-topcu-saldirilari-ve-sivillerin-kitlesel-yer-degistirmesi\/#primaryimage"},"thumbnailUrl":"https:\/\/shiawaves.com\/turkish\/wp-content\/uploads\/sites\/6\/2026\/04\/file_3192.jpg","datePublished":"2026-04-30T11:00:28+00:00","dateModified":"2026-04-30T11:00:28+00:00","author":{"@id":"https:\/\/shiawaves.com\/turkish\/#\/schema\/person\/9f68d5023e948086b9348fba5aebd954"},"breadcrumb":{"@id":"https:\/\/shiawaves.com\/turkish\/2026\/04\/30\/pakistan-ordusunun-nangarharin-gushta-ilcesine-gerceklestirdigi-topcu-saldirilari-ve-sivillerin-kitlesel-yer-degistirmesi\/#breadcrumb"},"inLanguage":"tr","potentialAction":[{"@type":"ReadAction","target":["https:\/\/shiawaves.com\/turkish\/2026\/04\/30\/pakistan-ordusunun-nangarharin-gushta-ilcesine-gerceklestirdigi-topcu-saldirilari-ve-sivillerin-kitlesel-yer-degistirmesi\/"]}]},{"@type":"ImageObject","inLanguage":"tr","@id":"https:\/\/shiawaves.com\/turkish\/2026\/04\/30\/pakistan-ordusunun-nangarharin-gushta-ilcesine-gerceklestirdigi-topcu-saldirilari-ve-sivillerin-kitlesel-yer-degistirmesi\/#primaryimage","url":"https:\/\/shiawaves.com\/turkish\/wp-content\/uploads\/sites\/6\/2026\/04\/file_3192.jpg","contentUrl":"https:\/\/shiawaves.com\/turkish\/wp-content\/uploads\/sites\/6\/2026\/04\/file_3192.jpg","width":1280,"height":720},{"@type":"BreadcrumbList","@id":"https:\/\/shiawaves.com\/turkish\/2026\/04\/30\/pakistan-ordusunun-nangarharin-gushta-ilcesine-gerceklestirdigi-topcu-saldirilari-ve-sivillerin-kitlesel-yer-degistirmesi\/#breadcrumb","itemListElement":[{"@type":"ListItem","position":1,"name":"Home","item":"https:\/\/shiawaves.com\/turkish\/"},{"@type":"ListItem","position":2,"name":"Pakistan ordusunun Nangarhar&#8217;\u0131n Gushta il\u00e7esine ger\u00e7ekle\u015ftirdi\u011fi top\u00e7u sald\u0131r\u0131lar\u0131 ve sivillerin kitlesel yer de\u011fi\u015ftirmesi"}]},{"@type":"WebSite","@id":"https:\/\/shiawaves.com\/turkish\/#website","url":"https:\/\/shiawaves.com\/turkish\/","name":"ShiaWaves Turkish - \u015eia Haberleri","description":"","potentialAction":[{"@type":"SearchAction","target":{"@type":"EntryPoint","urlTemplate":"https:\/\/shiawaves.com\/turkish\/?s={search_term_string}"},"query-input":{"@type":"PropertyValueSpecification","valueRequired":true,"valueName":"search_term_string"}}],"inLanguage":"tr"},{"@type":"Person","@id":"https:\/\/shiawaves.com\/turkish\/#\/schema\/person\/9f68d5023e948086b9348fba5aebd954","name":"modir","image":{"@type":"ImageObject","inLanguage":"tr","@id":"https:\/\/shiawaves.com\/turkish\/#\/schema\/person\/image\/","url":"https:\/\/secure.gravatar.com\/avatar\/8e76f93cdbdd480bd8918d1e0e1d938664c9cb1516c2a57a2b96fe50b507a6b9?s=96&d=mm&r=g","contentUrl":"https:\/\/secure.gravatar.com\/avatar\/8e76f93cdbdd480bd8918d1e0e1d938664c9cb1516c2a57a2b96fe50b507a6b9?s=96&d=mm&r=g","caption":"modir"},"sameAs":["https:\/\/shiawaves.com"],"url":"https:\/\/shiawaves.com\/turkish\/author\/modir\/"}]}},"_links":{"self":[{"href":"https:\/\/shiawaves.com\/turkish\/wp-json\/wp\/v2\/posts\/120455","targetHints":{"allow":["GET"]}}],"collection":[{"href":"https:\/\/shiawaves.com\/turkish\/wp-json\/wp\/v2\/posts"}],"about":[{"href":"https:\/\/shiawaves.com\/turkish\/wp-json\/wp\/v2\/types\/post"}],"author":[{"embeddable":true,"href":"https:\/\/shiawaves.com\/turkish\/wp-json\/wp\/v2\/users\/1"}],"replies":[{"embeddable":true,"href":"https:\/\/shiawaves.com\/turkish\/wp-json\/wp\/v2\/comments?post=120455"}],"version-history":[{"count":0,"href":"https:\/\/shiawaves.com\/turkish\/wp-json\/wp\/v2\/posts\/120455\/revisions"}],"wp:featuredmedia":[{"embeddable":true,"href":"https:\/\/shiawaves.com\/turkish\/wp-json\/wp\/v2\/media\/120454"}],"wp:attachment":[{"href":"https:\/\/shiawaves.com\/turkish\/wp-json\/wp\/v2\/media?parent=120455"}],"wp:term":[{"taxonomy":"category","embeddable":true,"href":"https:\/\/shiawaves.com\/turkish\/wp-json\/wp\/v2\/categories?post=120455"},{"taxonomy":"post_tag","embeddable":true,"href":"https:\/\/shiawaves.com\/turkish\/wp-json\/wp\/v2\/tags?post=120455"}],"curies":[{"name":"wp","href":"https:\/\/api.w.org\/{rel}","templated":true}]}}