{"id":120449,"date":"2026-04-29T20:00:29","date_gmt":"2026-04-29T17:00:29","guid":{"rendered":"https:\/\/shiawaves.com\/turkish\/2026\/04\/29\/malideki-guvenlik-krizinin-artmasi-ust-duzey-bir-askeri-yetkilinin-esgudumlu-saldirida-oldurulmesiyle-sonuclandi\/"},"modified":"2026-04-29T20:00:29","modified_gmt":"2026-04-29T17:00:29","slug":"malideki-guvenlik-krizinin-artmasi-ust-duzey-bir-askeri-yetkilinin-esgudumlu-saldirida-oldurulmesiyle-sonuclandi","status":"publish","type":"post","link":"https:\/\/shiawaves.com\/turkish\/2026\/04\/29\/malideki-guvenlik-krizinin-artmasi-ust-duzey-bir-askeri-yetkilinin-esgudumlu-saldirida-oldurulmesiyle-sonuclandi\/","title":{"rendered":"Malideki g\u00fcvenlik krizinin artmas\u0131, \u00fcst d\u00fczey bir askeri yetkilinin e\u015fg\u00fcd\u00fcml\u00fc sald\u0131r\u0131da \u00f6ld\u00fcr\u00fclmesiyle sonu\u00e7land\u0131"},"content":{"rendered":"<p>Malideki g\u00fcvenlik krizinin artmas\u0131, \u00fcst d\u00fczey bir askeri yetkilinin e\u015fg\u00fcd\u00fcml\u00fc sald\u0131r\u0131da \u00f6ld\u00fcr\u00fclmesiyle sonu\u00e7land\u0131<\/p>\n<p>Mali \u00fclkesindeki g\u00fcvenlik krizinin artmas\u0131n\u0131n ard\u0131ndan ba\u015fkentte e\u015fg\u00fcd\u00fcml\u00fc bir sald\u0131r\u0131da \u00fcst d\u00fczey bir askeri yetkili hayat\u0131n\u0131 kaybetti.<\/p>\n<p>Reuters Haber Ajans\u0131, bu sald\u0131r\u0131n\u0131n silahl\u0131 ki\u015filer taraf\u0131ndan ger\u00e7ekle\u015ftirildi\u011fini ve Sahel b\u00f6lgesindeki yeni bir istikrars\u0131zl\u0131k dalgas\u0131n\u0131 g\u00f6sterdi\u011fini bildirdi.<\/p>\n<p>Ayr\u0131ca Khama Press Haber Ajans\u0131, El Kaide\u2019nin radikal S\u00fcnni gruplar\u0131na ba\u011fl\u0131 gruplar\u0131n faaliyetlerinin artt\u0131\u011f\u0131n\u0131 ve b\u00f6lgede g\u00fcvensizli\u011fin yay\u0131ld\u0131\u011f\u0131n\u0131 bildirdi.<\/p>\n<p>Bu durum, b\u00f6lgesel ve uluslararas\u0131 endi\u015felerin artmas\u0131na neden oldu.<\/p>\n","protected":false},"excerpt":{"rendered":"<p>Malideki g\u00fcvenlik krizinin artmas\u0131, \u00fcst d\u00fczey bir askeri yetkilinin e\u015fg\u00fcd\u00fcml\u00fc sald\u0131r\u0131da \u00f6ld\u00fcr\u00fclmesiyle sonu\u00e7land\u0131 Mali \u00fclkesindeki g\u00fcvenlik krizinin artmas\u0131n\u0131n ard\u0131ndan ba\u015fkentte e\u015fg\u00fcd\u00fcml\u00fc bir sald\u0131r\u0131da \u00fcst d\u00fczey bir askeri yetkili hayat\u0131n\u0131 kaybetti. Reuters Haber Ajans\u0131, bu sald\u0131r\u0131n\u0131n silahl\u0131 ki\u015filer taraf\u0131ndan ger\u00e7ekle\u015ftirildi\u011fini ve Sahel b\u00f6lgesindeki yeni bir istikrars\u0131zl\u0131k dalgas\u0131n\u0131 g\u00f6sterdi\u011fini bildirdi. Ayr\u0131ca Khama Press Haber Ajans\u0131, El Kaide\u2019nin &hellip;<\/p>\n","protected":false},"author":1,"featured_media":120448,"comment_status":"open","ping_status":"open","sticky":false,"template":"","format":"standard","meta":{"rop_custom_images_group":[],"rop_custom_messages_group":[],"rop_publish_now":"initial","rop_publish_now_accounts":[],"rop_publish_now_history":[],"rop_publish_now_status":"pending","footnotes":""},"categories":[24],"tags":[],"class_list":["post-120449","post","type-post","status-publish","format-standard","has-post-thumbnail","hentry","category-africa"],"_wp_page_template":null,"_wp_attached_file":null,"_wp_attachment_metadata":null,"_edit_lock":null,"yoast_head":"<!-- This site is optimized with the Yoast SEO plugin v24.3 - https:\/\/yoast.com\/wordpress\/plugins\/seo\/ -->\n<title>Malideki g\u00fcvenlik krizinin artmas\u0131, \u00fcst d\u00fczey bir askeri yetkilinin e\u015fg\u00fcd\u00fcml\u00fc sald\u0131r\u0131da \u00f6ld\u00fcr\u00fclmesiyle sonu\u00e7land\u0131 - ShiaWaves Turkish - \u015eia Haberleri<\/title>\n<meta name=\"robots\" content=\"index, follow, max-snippet:-1, max-image-preview:large, max-video-preview:-1\" \/>\n<link rel=\"canonical\" href=\"https:\/\/shiawaves.com\/turkish\/2026\/04\/29\/malideki-guvenlik-krizinin-artmasi-ust-duzey-bir-askeri-yetkilinin-esgudumlu-saldirida-oldurulmesiyle-sonuclandi\/\" \/>\n<meta property=\"og:locale\" content=\"tr_TR\" \/>\n<meta property=\"og:type\" content=\"article\" \/>\n<meta property=\"og:title\" content=\"Malideki g\u00fcvenlik krizinin artmas\u0131, \u00fcst d\u00fczey bir askeri yetkilinin e\u015fg\u00fcd\u00fcml\u00fc sald\u0131r\u0131da \u00f6ld\u00fcr\u00fclmesiyle sonu\u00e7land\u0131 - ShiaWaves Turkish - \u015eia Haberleri\" \/>\n<meta property=\"og:description\" content=\"Malideki g\u00fcvenlik krizinin artmas\u0131, \u00fcst d\u00fczey bir askeri yetkilinin e\u015fg\u00fcd\u00fcml\u00fc sald\u0131r\u0131da \u00f6ld\u00fcr\u00fclmesiyle sonu\u00e7land\u0131 Mali \u00fclkesindeki g\u00fcvenlik krizinin artmas\u0131n\u0131n ard\u0131ndan ba\u015fkentte e\u015fg\u00fcd\u00fcml\u00fc bir sald\u0131r\u0131da \u00fcst d\u00fczey bir askeri yetkili hayat\u0131n\u0131 kaybetti. Reuters Haber Ajans\u0131, bu sald\u0131r\u0131n\u0131n silahl\u0131 ki\u015filer taraf\u0131ndan ger\u00e7ekle\u015ftirildi\u011fini ve Sahel b\u00f6lgesindeki yeni bir istikrars\u0131zl\u0131k dalgas\u0131n\u0131 g\u00f6sterdi\u011fini bildirdi. Ayr\u0131ca Khama Press Haber Ajans\u0131, El Kaide\u2019nin &hellip;\" \/>\n<meta property=\"og:url\" content=\"https:\/\/shiawaves.com\/turkish\/2026\/04\/29\/malideki-guvenlik-krizinin-artmasi-ust-duzey-bir-askeri-yetkilinin-esgudumlu-saldirida-oldurulmesiyle-sonuclandi\/\" \/>\n<meta property=\"og:site_name\" content=\"ShiaWaves Turkish - \u015eia Haberleri\" \/>\n<meta property=\"article:published_time\" content=\"2026-04-29T17:00:29+00:00\" \/>\n<meta name=\"author\" content=\"modir\" \/>\n<meta name=\"twitter:card\" content=\"summary_large_image\" \/>\n<meta name=\"twitter:label1\" content=\"Yazan:\" \/>\n\t<meta name=\"twitter:data1\" content=\"modir\" \/>\n\t<meta name=\"twitter:label2\" content=\"Tahmini okuma s\u00fcresi\" \/>\n\t<meta name=\"twitter:data2\" content=\"1 dakika\" \/>\n<script type=\"application\/ld+json\" class=\"yoast-schema-graph\">{\"@context\":\"https:\/\/schema.org\",\"@graph\":[{\"@type\":\"WebPage\",\"@id\":\"https:\/\/shiawaves.com\/turkish\/2026\/04\/29\/malideki-guvenlik-krizinin-artmasi-ust-duzey-bir-askeri-yetkilinin-esgudumlu-saldirida-oldurulmesiyle-sonuclandi\/\",\"url\":\"https:\/\/shiawaves.com\/turkish\/2026\/04\/29\/malideki-guvenlik-krizinin-artmasi-ust-duzey-bir-askeri-yetkilinin-esgudumlu-saldirida-oldurulmesiyle-sonuclandi\/\",\"name\":\"Malideki g\u00fcvenlik krizinin artmas\u0131, \u00fcst d\u00fczey bir askeri yetkilinin e\u015fg\u00fcd\u00fcml\u00fc sald\u0131r\u0131da \u00f6ld\u00fcr\u00fclmesiyle sonu\u00e7land\u0131 - ShiaWaves Turkish - \u015eia Haberleri\",\"isPartOf\":{\"@id\":\"https:\/\/shiawaves.com\/turkish\/#website\"},\"primaryImageOfPage\":{\"@id\":\"https:\/\/shiawaves.com\/turkish\/2026\/04\/29\/malideki-guvenlik-krizinin-artmasi-ust-duzey-bir-askeri-yetkilinin-esgudumlu-saldirida-oldurulmesiyle-sonuclandi\/#primaryimage\"},\"image\":{\"@id\":\"https:\/\/shiawaves.com\/turkish\/2026\/04\/29\/malideki-guvenlik-krizinin-artmasi-ust-duzey-bir-askeri-yetkilinin-esgudumlu-saldirida-oldurulmesiyle-sonuclandi\/#primaryimage\"},\"thumbnailUrl\":\"https:\/\/shiawaves.com\/turkish\/wp-content\/uploads\/sites\/6\/2026\/04\/file_3189.jpg\",\"datePublished\":\"2026-04-29T17:00:29+00:00\",\"dateModified\":\"2026-04-29T17:00:29+00:00\",\"author\":{\"@id\":\"https:\/\/shiawaves.com\/turkish\/#\/schema\/person\/9f68d5023e948086b9348fba5aebd954\"},\"breadcrumb\":{\"@id\":\"https:\/\/shiawaves.com\/turkish\/2026\/04\/29\/malideki-guvenlik-krizinin-artmasi-ust-duzey-bir-askeri-yetkilinin-esgudumlu-saldirida-oldurulmesiyle-sonuclandi\/#breadcrumb\"},\"inLanguage\":\"tr\",\"potentialAction\":[{\"@type\":\"ReadAction\",\"target\":[\"https:\/\/shiawaves.com\/turkish\/2026\/04\/29\/malideki-guvenlik-krizinin-artmasi-ust-duzey-bir-askeri-yetkilinin-esgudumlu-saldirida-oldurulmesiyle-sonuclandi\/\"]}]},{\"@type\":\"ImageObject\",\"inLanguage\":\"tr\",\"@id\":\"https:\/\/shiawaves.com\/turkish\/2026\/04\/29\/malideki-guvenlik-krizinin-artmasi-ust-duzey-bir-askeri-yetkilinin-esgudumlu-saldirida-oldurulmesiyle-sonuclandi\/#primaryimage\",\"url\":\"https:\/\/shiawaves.com\/turkish\/wp-content\/uploads\/sites\/6\/2026\/04\/file_3189.jpg\",\"contentUrl\":\"https:\/\/shiawaves.com\/turkish\/wp-content\/uploads\/sites\/6\/2026\/04\/file_3189.jpg\",\"width\":1170,\"height\":702},{\"@type\":\"BreadcrumbList\",\"@id\":\"https:\/\/shiawaves.com\/turkish\/2026\/04\/29\/malideki-guvenlik-krizinin-artmasi-ust-duzey-bir-askeri-yetkilinin-esgudumlu-saldirida-oldurulmesiyle-sonuclandi\/#breadcrumb\",\"itemListElement\":[{\"@type\":\"ListItem\",\"position\":1,\"name\":\"Home\",\"item\":\"https:\/\/shiawaves.com\/turkish\/\"},{\"@type\":\"ListItem\",\"position\":2,\"name\":\"Malideki g\u00fcvenlik krizinin artmas\u0131, \u00fcst d\u00fczey bir askeri yetkilinin e\u015fg\u00fcd\u00fcml\u00fc sald\u0131r\u0131da \u00f6ld\u00fcr\u00fclmesiyle sonu\u00e7land\u0131\"}]},{\"@type\":\"WebSite\",\"@id\":\"https:\/\/shiawaves.com\/turkish\/#website\",\"url\":\"https:\/\/shiawaves.com\/turkish\/\",\"name\":\"ShiaWaves Turkish - \u015eia Haberleri\",\"description\":\"\",\"potentialAction\":[{\"@type\":\"SearchAction\",\"target\":{\"@type\":\"EntryPoint\",\"urlTemplate\":\"https:\/\/shiawaves.com\/turkish\/?s={search_term_string}\"},\"query-input\":{\"@type\":\"PropertyValueSpecification\",\"valueRequired\":true,\"valueName\":\"search_term_string\"}}],\"inLanguage\":\"tr\"},{\"@type\":\"Person\",\"@id\":\"https:\/\/shiawaves.com\/turkish\/#\/schema\/person\/9f68d5023e948086b9348fba5aebd954\",\"name\":\"modir\",\"image\":{\"@type\":\"ImageObject\",\"inLanguage\":\"tr\",\"@id\":\"https:\/\/shiawaves.com\/turkish\/#\/schema\/person\/image\/\",\"url\":\"https:\/\/secure.gravatar.com\/avatar\/8e76f93cdbdd480bd8918d1e0e1d938664c9cb1516c2a57a2b96fe50b507a6b9?s=96&d=mm&r=g\",\"contentUrl\":\"https:\/\/secure.gravatar.com\/avatar\/8e76f93cdbdd480bd8918d1e0e1d938664c9cb1516c2a57a2b96fe50b507a6b9?s=96&d=mm&r=g\",\"caption\":\"modir\"},\"sameAs\":[\"https:\/\/shiawaves.com\"],\"url\":\"https:\/\/shiawaves.com\/turkish\/author\/modir\/\"}]}<\/script>\n<!-- \/ Yoast SEO plugin. -->","yoast_head_json":{"title":"Malideki g\u00fcvenlik krizinin artmas\u0131, \u00fcst d\u00fczey bir askeri yetkilinin e\u015fg\u00fcd\u00fcml\u00fc sald\u0131r\u0131da \u00f6ld\u00fcr\u00fclmesiyle sonu\u00e7land\u0131 - ShiaWaves Turkish - \u015eia Haberleri","robots":{"index":"index","follow":"follow","max-snippet":"max-snippet:-1","max-image-preview":"max-image-preview:large","max-video-preview":"max-video-preview:-1"},"canonical":"https:\/\/shiawaves.com\/turkish\/2026\/04\/29\/malideki-guvenlik-krizinin-artmasi-ust-duzey-bir-askeri-yetkilinin-esgudumlu-saldirida-oldurulmesiyle-sonuclandi\/","og_locale":"tr_TR","og_type":"article","og_title":"Malideki g\u00fcvenlik krizinin artmas\u0131, \u00fcst d\u00fczey bir askeri yetkilinin e\u015fg\u00fcd\u00fcml\u00fc sald\u0131r\u0131da \u00f6ld\u00fcr\u00fclmesiyle sonu\u00e7land\u0131 - ShiaWaves Turkish - \u015eia Haberleri","og_description":"Malideki g\u00fcvenlik krizinin artmas\u0131, \u00fcst d\u00fczey bir askeri yetkilinin e\u015fg\u00fcd\u00fcml\u00fc sald\u0131r\u0131da \u00f6ld\u00fcr\u00fclmesiyle sonu\u00e7land\u0131 Mali \u00fclkesindeki g\u00fcvenlik krizinin artmas\u0131n\u0131n ard\u0131ndan ba\u015fkentte e\u015fg\u00fcd\u00fcml\u00fc bir sald\u0131r\u0131da \u00fcst d\u00fczey bir askeri yetkili hayat\u0131n\u0131 kaybetti. Reuters Haber Ajans\u0131, bu sald\u0131r\u0131n\u0131n silahl\u0131 ki\u015filer taraf\u0131ndan ger\u00e7ekle\u015ftirildi\u011fini ve Sahel b\u00f6lgesindeki yeni bir istikrars\u0131zl\u0131k dalgas\u0131n\u0131 g\u00f6sterdi\u011fini bildirdi. Ayr\u0131ca Khama Press Haber Ajans\u0131, El Kaide\u2019nin &hellip;","og_url":"https:\/\/shiawaves.com\/turkish\/2026\/04\/29\/malideki-guvenlik-krizinin-artmasi-ust-duzey-bir-askeri-yetkilinin-esgudumlu-saldirida-oldurulmesiyle-sonuclandi\/","og_site_name":"ShiaWaves Turkish - \u015eia Haberleri","article_published_time":"2026-04-29T17:00:29+00:00","author":"modir","twitter_card":"summary_large_image","twitter_misc":{"Yazan:":"modir","Tahmini okuma s\u00fcresi":"1 dakika"},"schema":{"@context":"https:\/\/schema.org","@graph":[{"@type":"WebPage","@id":"https:\/\/shiawaves.com\/turkish\/2026\/04\/29\/malideki-guvenlik-krizinin-artmasi-ust-duzey-bir-askeri-yetkilinin-esgudumlu-saldirida-oldurulmesiyle-sonuclandi\/","url":"https:\/\/shiawaves.com\/turkish\/2026\/04\/29\/malideki-guvenlik-krizinin-artmasi-ust-duzey-bir-askeri-yetkilinin-esgudumlu-saldirida-oldurulmesiyle-sonuclandi\/","name":"Malideki g\u00fcvenlik krizinin artmas\u0131, \u00fcst d\u00fczey bir askeri yetkilinin e\u015fg\u00fcd\u00fcml\u00fc sald\u0131r\u0131da \u00f6ld\u00fcr\u00fclmesiyle sonu\u00e7land\u0131 - ShiaWaves Turkish - \u015eia Haberleri","isPartOf":{"@id":"https:\/\/shiawaves.com\/turkish\/#website"},"primaryImageOfPage":{"@id":"https:\/\/shiawaves.com\/turkish\/2026\/04\/29\/malideki-guvenlik-krizinin-artmasi-ust-duzey-bir-askeri-yetkilinin-esgudumlu-saldirida-oldurulmesiyle-sonuclandi\/#primaryimage"},"image":{"@id":"https:\/\/shiawaves.com\/turkish\/2026\/04\/29\/malideki-guvenlik-krizinin-artmasi-ust-duzey-bir-askeri-yetkilinin-esgudumlu-saldirida-oldurulmesiyle-sonuclandi\/#primaryimage"},"thumbnailUrl":"https:\/\/shiawaves.com\/turkish\/wp-content\/uploads\/sites\/6\/2026\/04\/file_3189.jpg","datePublished":"2026-04-29T17:00:29+00:00","dateModified":"2026-04-29T17:00:29+00:00","author":{"@id":"https:\/\/shiawaves.com\/turkish\/#\/schema\/person\/9f68d5023e948086b9348fba5aebd954"},"breadcrumb":{"@id":"https:\/\/shiawaves.com\/turkish\/2026\/04\/29\/malideki-guvenlik-krizinin-artmasi-ust-duzey-bir-askeri-yetkilinin-esgudumlu-saldirida-oldurulmesiyle-sonuclandi\/#breadcrumb"},"inLanguage":"tr","potentialAction":[{"@type":"ReadAction","target":["https:\/\/shiawaves.com\/turkish\/2026\/04\/29\/malideki-guvenlik-krizinin-artmasi-ust-duzey-bir-askeri-yetkilinin-esgudumlu-saldirida-oldurulmesiyle-sonuclandi\/"]}]},{"@type":"ImageObject","inLanguage":"tr","@id":"https:\/\/shiawaves.com\/turkish\/2026\/04\/29\/malideki-guvenlik-krizinin-artmasi-ust-duzey-bir-askeri-yetkilinin-esgudumlu-saldirida-oldurulmesiyle-sonuclandi\/#primaryimage","url":"https:\/\/shiawaves.com\/turkish\/wp-content\/uploads\/sites\/6\/2026\/04\/file_3189.jpg","contentUrl":"https:\/\/shiawaves.com\/turkish\/wp-content\/uploads\/sites\/6\/2026\/04\/file_3189.jpg","width":1170,"height":702},{"@type":"BreadcrumbList","@id":"https:\/\/shiawaves.com\/turkish\/2026\/04\/29\/malideki-guvenlik-krizinin-artmasi-ust-duzey-bir-askeri-yetkilinin-esgudumlu-saldirida-oldurulmesiyle-sonuclandi\/#breadcrumb","itemListElement":[{"@type":"ListItem","position":1,"name":"Home","item":"https:\/\/shiawaves.com\/turkish\/"},{"@type":"ListItem","position":2,"name":"Malideki g\u00fcvenlik krizinin artmas\u0131, \u00fcst d\u00fczey bir askeri yetkilinin e\u015fg\u00fcd\u00fcml\u00fc sald\u0131r\u0131da \u00f6ld\u00fcr\u00fclmesiyle sonu\u00e7land\u0131"}]},{"@type":"WebSite","@id":"https:\/\/shiawaves.com\/turkish\/#website","url":"https:\/\/shiawaves.com\/turkish\/","name":"ShiaWaves Turkish - \u015eia Haberleri","description":"","potentialAction":[{"@type":"SearchAction","target":{"@type":"EntryPoint","urlTemplate":"https:\/\/shiawaves.com\/turkish\/?s={search_term_string}"},"query-input":{"@type":"PropertyValueSpecification","valueRequired":true,"valueName":"search_term_string"}}],"inLanguage":"tr"},{"@type":"Person","@id":"https:\/\/shiawaves.com\/turkish\/#\/schema\/person\/9f68d5023e948086b9348fba5aebd954","name":"modir","image":{"@type":"ImageObject","inLanguage":"tr","@id":"https:\/\/shiawaves.com\/turkish\/#\/schema\/person\/image\/","url":"https:\/\/secure.gravatar.com\/avatar\/8e76f93cdbdd480bd8918d1e0e1d938664c9cb1516c2a57a2b96fe50b507a6b9?s=96&d=mm&r=g","contentUrl":"https:\/\/secure.gravatar.com\/avatar\/8e76f93cdbdd480bd8918d1e0e1d938664c9cb1516c2a57a2b96fe50b507a6b9?s=96&d=mm&r=g","caption":"modir"},"sameAs":["https:\/\/shiawaves.com"],"url":"https:\/\/shiawaves.com\/turkish\/author\/modir\/"}]}},"_links":{"self":[{"href":"https:\/\/shiawaves.com\/turkish\/wp-json\/wp\/v2\/posts\/120449","targetHints":{"allow":["GET"]}}],"collection":[{"href":"https:\/\/shiawaves.com\/turkish\/wp-json\/wp\/v2\/posts"}],"about":[{"href":"https:\/\/shiawaves.com\/turkish\/wp-json\/wp\/v2\/types\/post"}],"author":[{"embeddable":true,"href":"https:\/\/shiawaves.com\/turkish\/wp-json\/wp\/v2\/users\/1"}],"replies":[{"embeddable":true,"href":"https:\/\/shiawaves.com\/turkish\/wp-json\/wp\/v2\/comments?post=120449"}],"version-history":[{"count":0,"href":"https:\/\/shiawaves.com\/turkish\/wp-json\/wp\/v2\/posts\/120449\/revisions"}],"wp:featuredmedia":[{"embeddable":true,"href":"https:\/\/shiawaves.com\/turkish\/wp-json\/wp\/v2\/media\/120448"}],"wp:attachment":[{"href":"https:\/\/shiawaves.com\/turkish\/wp-json\/wp\/v2\/media?parent=120449"}],"wp:term":[{"taxonomy":"category","embeddable":true,"href":"https:\/\/shiawaves.com\/turkish\/wp-json\/wp\/v2\/categories?post=120449"},{"taxonomy":"post_tag","embeddable":true,"href":"https:\/\/shiawaves.com\/turkish\/wp-json\/wp\/v2\/tags?post=120449"}],"curies":[{"name":"wp","href":"https:\/\/api.w.org\/{rel}","templated":true}]}}