{"id":120447,"date":"2026-04-29T19:02:32","date_gmt":"2026-04-29T16:02:32","guid":{"rendered":"https:\/\/shiawaves.com\/turkish\/2026\/04\/29\/turkiyenin-ruzgar-enerjisinde-buyuk-atilimi-fosil-yakitlarla-vedalasma-politikasi-cercevesinde-16-gigawatta-yukselis-2\/"},"modified":"2026-04-29T19:02:32","modified_gmt":"2026-04-29T16:02:32","slug":"turkiyenin-ruzgar-enerjisinde-buyuk-atilimi-fosil-yakitlarla-vedalasma-politikasi-cercevesinde-16-gigawatta-yukselis-2","status":"publish","type":"post","link":"https:\/\/shiawaves.com\/turkish\/2026\/04\/29\/turkiyenin-ruzgar-enerjisinde-buyuk-atilimi-fosil-yakitlarla-vedalasma-politikasi-cercevesinde-16-gigawatta-yukselis-2\/","title":{"rendered":"T\u00fcrkiye&#8217;nin R\u00fczgar Enerjisinde B\u00fcy\u00fck At\u0131l\u0131m\u0131; Fosil Yak\u0131tlarla Vedala\u015fma Politikas\u0131 \u00c7er\u00e7evesinde 16 Gigawatt&#8217;a Y\u00fckseli\u015f"},"content":{"rendered":"<p>T\u00fcrkiye&#8217;nin R\u00fczgar Enerjisinde B\u00fcy\u00fck At\u0131l\u0131m\u0131; Fosil Yak\u0131tlarla Vedala\u015fma Politikas\u0131 \u00c7er\u00e7evesinde 16 Gigawatt&#8217;a Y\u00fckseli\u015f<\/p>\n<p>D\u00fcnya R\u00fczgar Enerjisi Konseyi&#8217;nin son raporu, T\u00fcrkiye&#8217;nin fosil yak\u0131tlara olan ba\u011f\u0131ml\u0131l\u0131\u011f\u0131n\u0131 azaltmak ve temiz enerjileri geli\u015ftirmek i\u00e7in s\u00fcrd\u00fcrd\u00fc\u011f\u00fc politikalar \u00e7er\u00e7evesinde, r\u00fczgar enerjisi alan\u0131nda kaydetti\u011fi \u00f6nemli bir ilerlemeyle 16 gigawatt kapasiteye ula\u015ft\u0131\u011f\u0131n\u0131 g\u00f6stermektedir.<\/p>\n<p>Bu geli\u015fme, \u00fclkenin b\u00f6lgesel ve Avrupa enerji denkleminde yerini g\u00fc\u00e7lendirmi\u015ftir.<\/p>\n<p>\ud83d\udc48 Meslekta\u015f\u0131m\u0131n bu konuyu inceledi\u011fi raporu g\u00f6relim: \ud83d\udc49<\/p>\n<p>Son y\u0131llarda temiz enerjiye y\u00f6nelik politikalar\u0131n geni\u015fletilmesi ve fosil yak\u0131tlara olan ba\u011f\u0131ml\u0131l\u0131\u011f\u0131n azalt\u0131lmas\u0131 y\u00f6n\u00fcnde kademeli ge\u00e7i\u015f, T\u00fcrkiye&#8217;nin enerji programlar\u0131n\u0131n ana eksenlerinden biri haline gelmi\u015f ve \u00fclkedeki r\u00fczgar enerjisinin h\u0131zla b\u00fcy\u00fcmesine zemin haz\u0131rlam\u0131\u015ft\u0131r.<\/p>\n<p>Anadolu Ajans\u0131&#8217;n\u0131n bildirdi\u011fine g\u00f6re, D\u00fcnya R\u00fczgar Enerjisi Konseyi&#8217;nin 2026 k\u00fcresel r\u00fczgar enerji raporunda, T\u00fcrkiye&#8217;de kurulu r\u00fczgar enerjisi kapasitesinin Ocak 2026 itibar\u0131yla yakla\u015f\u0131k 16 gigawatt&#8217;a ula\u015ft\u0131\u011f\u0131 belirtilmi\u015ftir.<\/p>\n<p>Bu rakam, 2025 y\u0131l\u0131nda kaydedilen 2,1 gigawatt art\u0131\u015f sonras\u0131nda tespit edilmi\u015f olup, bu alandaki yat\u0131r\u0131mlar\u0131n h\u0131zland\u0131\u011f\u0131n\u0131 g\u00f6stermektedir.<\/p>\n<p>Raporda, Avrupa \u00fclkelerinde r\u00fczgar enerjisinin geli\u015ftirilmesi ile e\u015f zamanl\u0131 olarak, Avrupa genelinde 19,1 gigawatt yeni kapasite olu\u015fturuldu\u011fu ve bunun ge\u00e7en y\u0131la oranla %16&#8217;l\u0131k bir art\u0131\u015f\u0131 ifade etti\u011fi vurgulanm\u0131\u015ft\u0131r.<\/p>\n<p>Ayr\u0131ca, T\u00fcrkiye&#8217;nin r\u00fczgar ve g\u00fcne\u015f enerjisi toplam kapasitesi 40 gigawatt&#8217;\u0131 a\u015fm\u0131\u015ft\u0131r.<\/p>\n<p>T\u00fcrkiye R\u00fczgar Enerjisi Derne\u011fi&#8217;nin i\u015fbirli\u011fiyle haz\u0131rlanan bu rapor, T\u00fcrk h\u00fck\u00fcmetinin 2035 y\u0131l\u0131na kadar 120 gigawatt r\u00fczgar ve g\u00fcne\u015f enerjisi kapasitesine ula\u015fma hedefini ger\u00e7ekle\u015ftirmek i\u00e7in her y\u0131l 2 ila 2,5 gigawatt yeni r\u00fczgar enerji kapasitesinin devreye al\u0131nmas\u0131 gerekti\u011fini belirtmektedir.<\/p>\n<p>Bu hedef, enerji g\u00fcvenli\u011finin g\u00fc\u00e7lendirilmesi ve fosil kaynaklara ba\u011f\u0131ml\u0131l\u0131\u011f\u0131n azalt\u0131lmas\u0131 amac\u0131yla tan\u0131mlanm\u0131\u015ft\u0131r.<\/p>\n<p>Rapora g\u00f6re Marmara ve Ege b\u00f6lgeleri, r\u00fczgar enerjisi ekipmanlar\u0131n\u0131n \u00fcretimi ve montaj\u0131 i\u00e7in ana merkezler olarak tan\u0131nmakta ve son d\u00fczenleyici reformlar, bu sekt\u00f6rdeki yat\u0131r\u0131m ortam\u0131n\u0131 daha \u015feffaf ve \u00f6ng\u00f6r\u00fclebilir hale getirmi\u015ftir.<\/p>\n<p>Raporun son b\u00f6l\u00fcm\u00fcnde, r\u00fczgar enerjisi geli\u015fiminin artan elektrik talebinin kar\u015f\u0131lanmas\u0131n\u0131n yan\u0131 s\u0131ra, d\u0131\u015fa ba\u011f\u0131ml\u0131l\u0131\u011f\u0131n azalt\u0131lmas\u0131nda ve enerji g\u00fcvenli\u011finin g\u00fc\u00e7lendirilmesinde \u00f6nemli bir rol oynad\u0131\u011f\u0131 vurgulanmakta ve T\u00fcrkiye&#8217;nin Avrupa, Orta Asya ve Orta Do\u011fu&#8217;ya r\u00fczgar enerjisi ekipmanlar\u0131 ihra\u00e7 etme plan\u0131 do\u011frultusunda, bu \u00fclkeyi enerji pazar\u0131nda yeni bir konuma yerle\u015ftirmektedir.<\/p>\n","protected":false},"excerpt":{"rendered":"<p>T\u00fcrkiye&#8217;nin R\u00fczgar Enerjisinde B\u00fcy\u00fck At\u0131l\u0131m\u0131; Fosil Yak\u0131tlarla Vedala\u015fma Politikas\u0131 \u00c7er\u00e7evesinde 16 Gigawatt&#8217;a Y\u00fckseli\u015f D\u00fcnya R\u00fczgar Enerjisi Konseyi&#8217;nin son raporu, T\u00fcrkiye&#8217;nin fosil yak\u0131tlara olan ba\u011f\u0131ml\u0131l\u0131\u011f\u0131n\u0131 azaltmak ve temiz enerjileri geli\u015ftirmek i\u00e7in s\u00fcrd\u00fcrd\u00fc\u011f\u00fc politikalar \u00e7er\u00e7evesinde, r\u00fczgar enerjisi alan\u0131nda kaydetti\u011fi \u00f6nemli bir ilerlemeyle 16 gigawatt kapasiteye ula\u015ft\u0131\u011f\u0131n\u0131 g\u00f6stermektedir. Bu geli\u015fme, \u00fclkenin b\u00f6lgesel ve Avrupa enerji denkleminde yerini g\u00fc\u00e7lendirmi\u015ftir. &hellip;<\/p>\n","protected":false},"author":1,"featured_media":120445,"comment_status":"open","ping_status":"open","sticky":false,"template":"","format":"standard","meta":{"rop_custom_images_group":[],"rop_custom_messages_group":[],"rop_publish_now":"initial","rop_publish_now_accounts":[],"rop_publish_now_history":[],"rop_publish_now_status":"pending","footnotes":""},"categories":[357],"tags":[],"class_list":["post-120447","post","type-post","status-publish","format-standard","has-post-thumbnail","hentry","category-turkiye"],"_wp_page_template":null,"_wp_attached_file":null,"_wp_attachment_metadata":null,"_edit_lock":null,"yoast_head":"<!-- This site is optimized with the Yoast SEO plugin v24.3 - https:\/\/yoast.com\/wordpress\/plugins\/seo\/ -->\n<title>T\u00fcrkiye&#039;nin R\u00fczgar Enerjisinde B\u00fcy\u00fck At\u0131l\u0131m\u0131; Fosil Yak\u0131tlarla Vedala\u015fma Politikas\u0131 \u00c7er\u00e7evesinde 16 Gigawatt&#039;a Y\u00fckseli\u015f - ShiaWaves Turkish - \u015eia Haberleri<\/title>\n<meta name=\"robots\" content=\"index, follow, max-snippet:-1, max-image-preview:large, max-video-preview:-1\" \/>\n<link rel=\"canonical\" href=\"https:\/\/shiawaves.com\/turkish\/2026\/04\/29\/turkiyenin-ruzgar-enerjisinde-buyuk-atilimi-fosil-yakitlarla-vedalasma-politikasi-cercevesinde-16-gigawatta-yukselis-2\/\" \/>\n<meta property=\"og:locale\" content=\"tr_TR\" \/>\n<meta property=\"og:type\" content=\"article\" \/>\n<meta property=\"og:title\" content=\"T\u00fcrkiye&#039;nin R\u00fczgar Enerjisinde B\u00fcy\u00fck At\u0131l\u0131m\u0131; Fosil Yak\u0131tlarla Vedala\u015fma Politikas\u0131 \u00c7er\u00e7evesinde 16 Gigawatt&#039;a Y\u00fckseli\u015f - ShiaWaves Turkish - \u015eia Haberleri\" \/>\n<meta property=\"og:description\" content=\"T\u00fcrkiye&#8217;nin R\u00fczgar Enerjisinde B\u00fcy\u00fck At\u0131l\u0131m\u0131; Fosil Yak\u0131tlarla Vedala\u015fma Politikas\u0131 \u00c7er\u00e7evesinde 16 Gigawatt&#8217;a Y\u00fckseli\u015f D\u00fcnya R\u00fczgar Enerjisi Konseyi&#8217;nin son raporu, T\u00fcrkiye&#8217;nin fosil yak\u0131tlara olan ba\u011f\u0131ml\u0131l\u0131\u011f\u0131n\u0131 azaltmak ve temiz enerjileri geli\u015ftirmek i\u00e7in s\u00fcrd\u00fcrd\u00fc\u011f\u00fc politikalar \u00e7er\u00e7evesinde, r\u00fczgar enerjisi alan\u0131nda kaydetti\u011fi \u00f6nemli bir ilerlemeyle 16 gigawatt kapasiteye ula\u015ft\u0131\u011f\u0131n\u0131 g\u00f6stermektedir. Bu geli\u015fme, \u00fclkenin b\u00f6lgesel ve Avrupa enerji denkleminde yerini g\u00fc\u00e7lendirmi\u015ftir. &hellip;\" \/>\n<meta property=\"og:url\" content=\"https:\/\/shiawaves.com\/turkish\/2026\/04\/29\/turkiyenin-ruzgar-enerjisinde-buyuk-atilimi-fosil-yakitlarla-vedalasma-politikasi-cercevesinde-16-gigawatta-yukselis-2\/\" \/>\n<meta property=\"og:site_name\" content=\"ShiaWaves Turkish - \u015eia Haberleri\" \/>\n<meta property=\"article:published_time\" content=\"2026-04-29T16:02:32+00:00\" \/>\n<meta name=\"author\" content=\"modir\" \/>\n<meta name=\"twitter:card\" content=\"summary_large_image\" \/>\n<meta name=\"twitter:label1\" content=\"Yazan:\" \/>\n\t<meta name=\"twitter:data1\" content=\"modir\" \/>\n\t<meta name=\"twitter:label2\" content=\"Tahmini okuma s\u00fcresi\" \/>\n\t<meta name=\"twitter:data2\" content=\"2 dakika\" \/>\n<script type=\"application\/ld+json\" class=\"yoast-schema-graph\">{\"@context\":\"https:\/\/schema.org\",\"@graph\":[{\"@type\":\"WebPage\",\"@id\":\"https:\/\/shiawaves.com\/turkish\/2026\/04\/29\/turkiyenin-ruzgar-enerjisinde-buyuk-atilimi-fosil-yakitlarla-vedalasma-politikasi-cercevesinde-16-gigawatta-yukselis-2\/\",\"url\":\"https:\/\/shiawaves.com\/turkish\/2026\/04\/29\/turkiyenin-ruzgar-enerjisinde-buyuk-atilimi-fosil-yakitlarla-vedalasma-politikasi-cercevesinde-16-gigawatta-yukselis-2\/\",\"name\":\"T\u00fcrkiye'nin R\u00fczgar Enerjisinde B\u00fcy\u00fck At\u0131l\u0131m\u0131; Fosil Yak\u0131tlarla Vedala\u015fma Politikas\u0131 \u00c7er\u00e7evesinde 16 Gigawatt'a Y\u00fckseli\u015f - ShiaWaves Turkish - \u015eia Haberleri\",\"isPartOf\":{\"@id\":\"https:\/\/shiawaves.com\/turkish\/#website\"},\"primaryImageOfPage\":{\"@id\":\"https:\/\/shiawaves.com\/turkish\/2026\/04\/29\/turkiyenin-ruzgar-enerjisinde-buyuk-atilimi-fosil-yakitlarla-vedalasma-politikasi-cercevesinde-16-gigawatta-yukselis-2\/#primaryimage\"},\"image\":{\"@id\":\"https:\/\/shiawaves.com\/turkish\/2026\/04\/29\/turkiyenin-ruzgar-enerjisinde-buyuk-atilimi-fosil-yakitlarla-vedalasma-politikasi-cercevesinde-16-gigawatta-yukselis-2\/#primaryimage\"},\"thumbnailUrl\":\"https:\/\/shiawaves.com\/turkish\/wp-content\/uploads\/sites\/6\/2026\/04\/file_3188.jpg\",\"datePublished\":\"2026-04-29T16:02:32+00:00\",\"dateModified\":\"2026-04-29T16:02:32+00:00\",\"author\":{\"@id\":\"https:\/\/shiawaves.com\/turkish\/#\/schema\/person\/9f68d5023e948086b9348fba5aebd954\"},\"breadcrumb\":{\"@id\":\"https:\/\/shiawaves.com\/turkish\/2026\/04\/29\/turkiyenin-ruzgar-enerjisinde-buyuk-atilimi-fosil-yakitlarla-vedalasma-politikasi-cercevesinde-16-gigawatta-yukselis-2\/#breadcrumb\"},\"inLanguage\":\"tr\",\"potentialAction\":[{\"@type\":\"ReadAction\",\"target\":[\"https:\/\/shiawaves.com\/turkish\/2026\/04\/29\/turkiyenin-ruzgar-enerjisinde-buyuk-atilimi-fosil-yakitlarla-vedalasma-politikasi-cercevesinde-16-gigawatta-yukselis-2\/\"]}]},{\"@type\":\"ImageObject\",\"inLanguage\":\"tr\",\"@id\":\"https:\/\/shiawaves.com\/turkish\/2026\/04\/29\/turkiyenin-ruzgar-enerjisinde-buyuk-atilimi-fosil-yakitlarla-vedalasma-politikasi-cercevesinde-16-gigawatta-yukselis-2\/#primaryimage\",\"url\":\"https:\/\/shiawaves.com\/turkish\/wp-content\/uploads\/sites\/6\/2026\/04\/file_3188.jpg\",\"contentUrl\":\"https:\/\/shiawaves.com\/turkish\/wp-content\/uploads\/sites\/6\/2026\/04\/file_3188.jpg\",\"width\":800,\"height\":450},{\"@type\":\"BreadcrumbList\",\"@id\":\"https:\/\/shiawaves.com\/turkish\/2026\/04\/29\/turkiyenin-ruzgar-enerjisinde-buyuk-atilimi-fosil-yakitlarla-vedalasma-politikasi-cercevesinde-16-gigawatta-yukselis-2\/#breadcrumb\",\"itemListElement\":[{\"@type\":\"ListItem\",\"position\":1,\"name\":\"Home\",\"item\":\"https:\/\/shiawaves.com\/turkish\/\"},{\"@type\":\"ListItem\",\"position\":2,\"name\":\"T\u00fcrkiye&#8217;nin R\u00fczgar Enerjisinde B\u00fcy\u00fck At\u0131l\u0131m\u0131; Fosil Yak\u0131tlarla Vedala\u015fma Politikas\u0131 \u00c7er\u00e7evesinde 16 Gigawatt&#8217;a Y\u00fckseli\u015f\"}]},{\"@type\":\"WebSite\",\"@id\":\"https:\/\/shiawaves.com\/turkish\/#website\",\"url\":\"https:\/\/shiawaves.com\/turkish\/\",\"name\":\"ShiaWaves Turkish - \u015eia Haberleri\",\"description\":\"\",\"potentialAction\":[{\"@type\":\"SearchAction\",\"target\":{\"@type\":\"EntryPoint\",\"urlTemplate\":\"https:\/\/shiawaves.com\/turkish\/?s={search_term_string}\"},\"query-input\":{\"@type\":\"PropertyValueSpecification\",\"valueRequired\":true,\"valueName\":\"search_term_string\"}}],\"inLanguage\":\"tr\"},{\"@type\":\"Person\",\"@id\":\"https:\/\/shiawaves.com\/turkish\/#\/schema\/person\/9f68d5023e948086b9348fba5aebd954\",\"name\":\"modir\",\"image\":{\"@type\":\"ImageObject\",\"inLanguage\":\"tr\",\"@id\":\"https:\/\/shiawaves.com\/turkish\/#\/schema\/person\/image\/\",\"url\":\"https:\/\/secure.gravatar.com\/avatar\/8e76f93cdbdd480bd8918d1e0e1d938664c9cb1516c2a57a2b96fe50b507a6b9?s=96&d=mm&r=g\",\"contentUrl\":\"https:\/\/secure.gravatar.com\/avatar\/8e76f93cdbdd480bd8918d1e0e1d938664c9cb1516c2a57a2b96fe50b507a6b9?s=96&d=mm&r=g\",\"caption\":\"modir\"},\"sameAs\":[\"https:\/\/shiawaves.com\"],\"url\":\"https:\/\/shiawaves.com\/turkish\/author\/modir\/\"}]}<\/script>\n<!-- \/ Yoast SEO plugin. -->","yoast_head_json":{"title":"T\u00fcrkiye'nin R\u00fczgar Enerjisinde B\u00fcy\u00fck At\u0131l\u0131m\u0131; Fosil Yak\u0131tlarla Vedala\u015fma Politikas\u0131 \u00c7er\u00e7evesinde 16 Gigawatt'a Y\u00fckseli\u015f - ShiaWaves Turkish - \u015eia Haberleri","robots":{"index":"index","follow":"follow","max-snippet":"max-snippet:-1","max-image-preview":"max-image-preview:large","max-video-preview":"max-video-preview:-1"},"canonical":"https:\/\/shiawaves.com\/turkish\/2026\/04\/29\/turkiyenin-ruzgar-enerjisinde-buyuk-atilimi-fosil-yakitlarla-vedalasma-politikasi-cercevesinde-16-gigawatta-yukselis-2\/","og_locale":"tr_TR","og_type":"article","og_title":"T\u00fcrkiye'nin R\u00fczgar Enerjisinde B\u00fcy\u00fck At\u0131l\u0131m\u0131; Fosil Yak\u0131tlarla Vedala\u015fma Politikas\u0131 \u00c7er\u00e7evesinde 16 Gigawatt'a Y\u00fckseli\u015f - ShiaWaves Turkish - \u015eia Haberleri","og_description":"T\u00fcrkiye&#8217;nin R\u00fczgar Enerjisinde B\u00fcy\u00fck At\u0131l\u0131m\u0131; Fosil Yak\u0131tlarla Vedala\u015fma Politikas\u0131 \u00c7er\u00e7evesinde 16 Gigawatt&#8217;a Y\u00fckseli\u015f D\u00fcnya R\u00fczgar Enerjisi Konseyi&#8217;nin son raporu, T\u00fcrkiye&#8217;nin fosil yak\u0131tlara olan ba\u011f\u0131ml\u0131l\u0131\u011f\u0131n\u0131 azaltmak ve temiz enerjileri geli\u015ftirmek i\u00e7in s\u00fcrd\u00fcrd\u00fc\u011f\u00fc politikalar \u00e7er\u00e7evesinde, r\u00fczgar enerjisi alan\u0131nda kaydetti\u011fi \u00f6nemli bir ilerlemeyle 16 gigawatt kapasiteye ula\u015ft\u0131\u011f\u0131n\u0131 g\u00f6stermektedir. Bu geli\u015fme, \u00fclkenin b\u00f6lgesel ve Avrupa enerji denkleminde yerini g\u00fc\u00e7lendirmi\u015ftir. &hellip;","og_url":"https:\/\/shiawaves.com\/turkish\/2026\/04\/29\/turkiyenin-ruzgar-enerjisinde-buyuk-atilimi-fosil-yakitlarla-vedalasma-politikasi-cercevesinde-16-gigawatta-yukselis-2\/","og_site_name":"ShiaWaves Turkish - \u015eia Haberleri","article_published_time":"2026-04-29T16:02:32+00:00","author":"modir","twitter_card":"summary_large_image","twitter_misc":{"Yazan:":"modir","Tahmini okuma s\u00fcresi":"2 dakika"},"schema":{"@context":"https:\/\/schema.org","@graph":[{"@type":"WebPage","@id":"https:\/\/shiawaves.com\/turkish\/2026\/04\/29\/turkiyenin-ruzgar-enerjisinde-buyuk-atilimi-fosil-yakitlarla-vedalasma-politikasi-cercevesinde-16-gigawatta-yukselis-2\/","url":"https:\/\/shiawaves.com\/turkish\/2026\/04\/29\/turkiyenin-ruzgar-enerjisinde-buyuk-atilimi-fosil-yakitlarla-vedalasma-politikasi-cercevesinde-16-gigawatta-yukselis-2\/","name":"T\u00fcrkiye'nin R\u00fczgar Enerjisinde B\u00fcy\u00fck At\u0131l\u0131m\u0131; Fosil Yak\u0131tlarla Vedala\u015fma Politikas\u0131 \u00c7er\u00e7evesinde 16 Gigawatt'a Y\u00fckseli\u015f - ShiaWaves Turkish - \u015eia Haberleri","isPartOf":{"@id":"https:\/\/shiawaves.com\/turkish\/#website"},"primaryImageOfPage":{"@id":"https:\/\/shiawaves.com\/turkish\/2026\/04\/29\/turkiyenin-ruzgar-enerjisinde-buyuk-atilimi-fosil-yakitlarla-vedalasma-politikasi-cercevesinde-16-gigawatta-yukselis-2\/#primaryimage"},"image":{"@id":"https:\/\/shiawaves.com\/turkish\/2026\/04\/29\/turkiyenin-ruzgar-enerjisinde-buyuk-atilimi-fosil-yakitlarla-vedalasma-politikasi-cercevesinde-16-gigawatta-yukselis-2\/#primaryimage"},"thumbnailUrl":"https:\/\/shiawaves.com\/turkish\/wp-content\/uploads\/sites\/6\/2026\/04\/file_3188.jpg","datePublished":"2026-04-29T16:02:32+00:00","dateModified":"2026-04-29T16:02:32+00:00","author":{"@id":"https:\/\/shiawaves.com\/turkish\/#\/schema\/person\/9f68d5023e948086b9348fba5aebd954"},"breadcrumb":{"@id":"https:\/\/shiawaves.com\/turkish\/2026\/04\/29\/turkiyenin-ruzgar-enerjisinde-buyuk-atilimi-fosil-yakitlarla-vedalasma-politikasi-cercevesinde-16-gigawatta-yukselis-2\/#breadcrumb"},"inLanguage":"tr","potentialAction":[{"@type":"ReadAction","target":["https:\/\/shiawaves.com\/turkish\/2026\/04\/29\/turkiyenin-ruzgar-enerjisinde-buyuk-atilimi-fosil-yakitlarla-vedalasma-politikasi-cercevesinde-16-gigawatta-yukselis-2\/"]}]},{"@type":"ImageObject","inLanguage":"tr","@id":"https:\/\/shiawaves.com\/turkish\/2026\/04\/29\/turkiyenin-ruzgar-enerjisinde-buyuk-atilimi-fosil-yakitlarla-vedalasma-politikasi-cercevesinde-16-gigawatta-yukselis-2\/#primaryimage","url":"https:\/\/shiawaves.com\/turkish\/wp-content\/uploads\/sites\/6\/2026\/04\/file_3188.jpg","contentUrl":"https:\/\/shiawaves.com\/turkish\/wp-content\/uploads\/sites\/6\/2026\/04\/file_3188.jpg","width":800,"height":450},{"@type":"BreadcrumbList","@id":"https:\/\/shiawaves.com\/turkish\/2026\/04\/29\/turkiyenin-ruzgar-enerjisinde-buyuk-atilimi-fosil-yakitlarla-vedalasma-politikasi-cercevesinde-16-gigawatta-yukselis-2\/#breadcrumb","itemListElement":[{"@type":"ListItem","position":1,"name":"Home","item":"https:\/\/shiawaves.com\/turkish\/"},{"@type":"ListItem","position":2,"name":"T\u00fcrkiye&#8217;nin R\u00fczgar Enerjisinde B\u00fcy\u00fck At\u0131l\u0131m\u0131; Fosil Yak\u0131tlarla Vedala\u015fma Politikas\u0131 \u00c7er\u00e7evesinde 16 Gigawatt&#8217;a Y\u00fckseli\u015f"}]},{"@type":"WebSite","@id":"https:\/\/shiawaves.com\/turkish\/#website","url":"https:\/\/shiawaves.com\/turkish\/","name":"ShiaWaves Turkish - \u015eia Haberleri","description":"","potentialAction":[{"@type":"SearchAction","target":{"@type":"EntryPoint","urlTemplate":"https:\/\/shiawaves.com\/turkish\/?s={search_term_string}"},"query-input":{"@type":"PropertyValueSpecification","valueRequired":true,"valueName":"search_term_string"}}],"inLanguage":"tr"},{"@type":"Person","@id":"https:\/\/shiawaves.com\/turkish\/#\/schema\/person\/9f68d5023e948086b9348fba5aebd954","name":"modir","image":{"@type":"ImageObject","inLanguage":"tr","@id":"https:\/\/shiawaves.com\/turkish\/#\/schema\/person\/image\/","url":"https:\/\/secure.gravatar.com\/avatar\/8e76f93cdbdd480bd8918d1e0e1d938664c9cb1516c2a57a2b96fe50b507a6b9?s=96&d=mm&r=g","contentUrl":"https:\/\/secure.gravatar.com\/avatar\/8e76f93cdbdd480bd8918d1e0e1d938664c9cb1516c2a57a2b96fe50b507a6b9?s=96&d=mm&r=g","caption":"modir"},"sameAs":["https:\/\/shiawaves.com"],"url":"https:\/\/shiawaves.com\/turkish\/author\/modir\/"}]}},"_links":{"self":[{"href":"https:\/\/shiawaves.com\/turkish\/wp-json\/wp\/v2\/posts\/120447","targetHints":{"allow":["GET"]}}],"collection":[{"href":"https:\/\/shiawaves.com\/turkish\/wp-json\/wp\/v2\/posts"}],"about":[{"href":"https:\/\/shiawaves.com\/turkish\/wp-json\/wp\/v2\/types\/post"}],"author":[{"embeddable":true,"href":"https:\/\/shiawaves.com\/turkish\/wp-json\/wp\/v2\/users\/1"}],"replies":[{"embeddable":true,"href":"https:\/\/shiawaves.com\/turkish\/wp-json\/wp\/v2\/comments?post=120447"}],"version-history":[{"count":0,"href":"https:\/\/shiawaves.com\/turkish\/wp-json\/wp\/v2\/posts\/120447\/revisions"}],"wp:featuredmedia":[{"embeddable":true,"href":"https:\/\/shiawaves.com\/turkish\/wp-json\/wp\/v2\/media\/120445"}],"wp:attachment":[{"href":"https:\/\/shiawaves.com\/turkish\/wp-json\/wp\/v2\/media?parent=120447"}],"wp:term":[{"taxonomy":"category","embeddable":true,"href":"https:\/\/shiawaves.com\/turkish\/wp-json\/wp\/v2\/categories?post=120447"},{"taxonomy":"post_tag","embeddable":true,"href":"https:\/\/shiawaves.com\/turkish\/wp-json\/wp\/v2\/tags?post=120447"}],"curies":[{"name":"wp","href":"https:\/\/api.w.org\/{rel}","templated":true}]}}