{"id":120438,"date":"2026-04-29T14:30:22","date_gmt":"2026-04-29T11:30:22","guid":{"rendered":"https:\/\/shiawaves.com\/turkish\/2026\/04\/29\/emirul-mumininin-necef-i-esrefteki-mukaddes-turbesi-gorevlileri-ve-ziyaretcileri-icin-imam-rizanin-dogumu-vesilesiyle-duzenlenen-kutlama-toreni\/"},"modified":"2026-04-29T14:30:22","modified_gmt":"2026-04-29T11:30:22","slug":"emirul-mumininin-necef-i-esrefteki-mukaddes-turbesi-gorevlileri-ve-ziyaretcileri-icin-imam-rizanin-dogumu-vesilesiyle-duzenlenen-kutlama-toreni","status":"publish","type":"post","link":"https:\/\/shiawaves.com\/turkish\/2026\/04\/29\/emirul-mumininin-necef-i-esrefteki-mukaddes-turbesi-gorevlileri-ve-ziyaretcileri-icin-imam-rizanin-dogumu-vesilesiyle-duzenlenen-kutlama-toreni\/","title":{"rendered":"Emir\u00fc\u2019l-M\u00fcminin&#8217;in Necef-i E\u015fref\u2019teki Mukaddes T\u00fcrbesi G\u00f6revlileri ve Ziyaret\u00e7ileri \u0130\u00e7in \u0130mam R\u0131za&#8217;n\u0131n Do\u011fumu Vesilesiyle D\u00fczenlenen Kutlama T\u00f6reni"},"content":{"rendered":"<p>Emir\u00fc\u2019l-M\u00fcminin&#8217;in Necef-i E\u015fref\u2019teki Mukaddes T\u00fcrbesi G\u00f6revlileri ve Ziyaret\u00e7ileri \u0130\u00e7in \u0130mam R\u0131za&#8217;n\u0131n Do\u011fumu Vesilesiyle D\u00fczenlenen Kutlama T\u00f6reni<\/p>\n<p>\u0130mam R\u0131za\u2019n\u0131n kutlu do\u011fum y\u0131ld\u00f6n\u00fcm\u00fcyle e\u015f zamanl\u0131 olarak, Necef-i E\u015fref\u2019teki Emir\u00fc\u2019l-M\u00fcminin\u2019in Mukaddes T\u00fcrbesi&#8217;nin g\u00f6revlileri \u00f6zel kutlama t\u00f6renleri d\u00fczenlediler.<\/p>\n<p>Mukaddes t\u00fcrbenin avlular\u0131, dini ezgiler, tebrikler ve sevin\u00e7 ifadeleriyle dolup ta\u015farken, t\u00fcrbe g\u00f6revlileri bu anlaml\u0131 g\u00fcn\u00fc anmak i\u00e7in \u00e7e\u015fitli programlar ger\u00e7ekle\u015ftirdiler.<\/p>\n<p>\u015eii Haber Ajans\u0131\u2019n\u0131n bildirdi\u011fine g\u00f6re, ziyaret\u00e7iler de bu t\u00f6rende yo\u011fun bir \u015fekilde yer ald\u0131lar ve bu \u00f6zel g\u00fcn\u00fcn sevin\u00e7lerine ortak oldular.<\/p>\n","protected":false},"excerpt":{"rendered":"<p>Emir\u00fc\u2019l-M\u00fcminin&#8217;in Necef-i E\u015fref\u2019teki Mukaddes T\u00fcrbesi G\u00f6revlileri ve Ziyaret\u00e7ileri \u0130\u00e7in \u0130mam R\u0131za&#8217;n\u0131n Do\u011fumu Vesilesiyle D\u00fczenlenen Kutlama T\u00f6reni \u0130mam R\u0131za\u2019n\u0131n kutlu do\u011fum y\u0131ld\u00f6n\u00fcm\u00fcyle e\u015f zamanl\u0131 olarak, Necef-i E\u015fref\u2019teki Emir\u00fc\u2019l-M\u00fcminin\u2019in Mukaddes T\u00fcrbesi&#8217;nin g\u00f6revlileri \u00f6zel kutlama t\u00f6renleri d\u00fczenlediler. Mukaddes t\u00fcrbenin avlular\u0131, dini ezgiler, tebrikler ve sevin\u00e7 ifadeleriyle dolup ta\u015farken, t\u00fcrbe g\u00f6revlileri bu anlaml\u0131 g\u00fcn\u00fc anmak i\u00e7in \u00e7e\u015fitli programlar ger\u00e7ekle\u015ftirdiler. &hellip;<\/p>\n","protected":false},"author":1,"featured_media":120437,"comment_status":"open","ping_status":"open","sticky":false,"template":"","format":"standard","meta":{"rop_custom_images_group":[],"rop_custom_messages_group":[],"rop_publish_now":"initial","rop_publish_now_accounts":[],"rop_publish_now_history":[],"rop_publish_now_status":"pending","footnotes":""},"categories":[30],"tags":[],"class_list":["post-120438","post","type-post","status-publish","format-standard","has-post-thumbnail","hentry","category-atabat"],"_wp_page_template":null,"_wp_attached_file":null,"_wp_attachment_metadata":null,"_edit_lock":null,"yoast_head":"<!-- This site is optimized with the Yoast SEO plugin v24.3 - https:\/\/yoast.com\/wordpress\/plugins\/seo\/ -->\n<title>Emir\u00fc\u2019l-M\u00fcminin&#039;in Necef-i E\u015fref\u2019teki Mukaddes T\u00fcrbesi G\u00f6revlileri ve Ziyaret\u00e7ileri \u0130\u00e7in \u0130mam R\u0131za&#039;n\u0131n Do\u011fumu Vesilesiyle D\u00fczenlenen Kutlama T\u00f6reni - ShiaWaves Turkish - \u015eia Haberleri<\/title>\n<meta name=\"robots\" content=\"index, follow, max-snippet:-1, max-image-preview:large, max-video-preview:-1\" \/>\n<link rel=\"canonical\" href=\"https:\/\/shiawaves.com\/turkish\/2026\/04\/29\/emirul-mumininin-necef-i-esrefteki-mukaddes-turbesi-gorevlileri-ve-ziyaretcileri-icin-imam-rizanin-dogumu-vesilesiyle-duzenlenen-kutlama-toreni\/\" \/>\n<meta property=\"og:locale\" content=\"tr_TR\" \/>\n<meta property=\"og:type\" content=\"article\" \/>\n<meta property=\"og:title\" content=\"Emir\u00fc\u2019l-M\u00fcminin&#039;in Necef-i E\u015fref\u2019teki Mukaddes T\u00fcrbesi G\u00f6revlileri ve Ziyaret\u00e7ileri \u0130\u00e7in \u0130mam R\u0131za&#039;n\u0131n Do\u011fumu Vesilesiyle D\u00fczenlenen Kutlama T\u00f6reni - ShiaWaves Turkish - \u015eia Haberleri\" \/>\n<meta property=\"og:description\" content=\"Emir\u00fc\u2019l-M\u00fcminin&#8217;in Necef-i E\u015fref\u2019teki Mukaddes T\u00fcrbesi G\u00f6revlileri ve Ziyaret\u00e7ileri \u0130\u00e7in \u0130mam R\u0131za&#8217;n\u0131n Do\u011fumu Vesilesiyle D\u00fczenlenen Kutlama T\u00f6reni \u0130mam R\u0131za\u2019n\u0131n kutlu do\u011fum y\u0131ld\u00f6n\u00fcm\u00fcyle e\u015f zamanl\u0131 olarak, Necef-i E\u015fref\u2019teki Emir\u00fc\u2019l-M\u00fcminin\u2019in Mukaddes T\u00fcrbesi&#8217;nin g\u00f6revlileri \u00f6zel kutlama t\u00f6renleri d\u00fczenlediler. Mukaddes t\u00fcrbenin avlular\u0131, dini ezgiler, tebrikler ve sevin\u00e7 ifadeleriyle dolup ta\u015farken, t\u00fcrbe g\u00f6revlileri bu anlaml\u0131 g\u00fcn\u00fc anmak i\u00e7in \u00e7e\u015fitli programlar ger\u00e7ekle\u015ftirdiler. &hellip;\" \/>\n<meta property=\"og:url\" content=\"https:\/\/shiawaves.com\/turkish\/2026\/04\/29\/emirul-mumininin-necef-i-esrefteki-mukaddes-turbesi-gorevlileri-ve-ziyaretcileri-icin-imam-rizanin-dogumu-vesilesiyle-duzenlenen-kutlama-toreni\/\" \/>\n<meta property=\"og:site_name\" content=\"ShiaWaves Turkish - \u015eia Haberleri\" \/>\n<meta property=\"article:published_time\" content=\"2026-04-29T11:30:22+00:00\" \/>\n<meta name=\"author\" content=\"modir\" \/>\n<meta name=\"twitter:card\" content=\"summary_large_image\" \/>\n<meta name=\"twitter:label1\" content=\"Yazan:\" \/>\n\t<meta name=\"twitter:data1\" content=\"modir\" \/>\n\t<meta name=\"twitter:label2\" content=\"Tahmini okuma s\u00fcresi\" \/>\n\t<meta name=\"twitter:data2\" content=\"1 dakika\" \/>\n<script type=\"application\/ld+json\" class=\"yoast-schema-graph\">{\"@context\":\"https:\/\/schema.org\",\"@graph\":[{\"@type\":\"WebPage\",\"@id\":\"https:\/\/shiawaves.com\/turkish\/2026\/04\/29\/emirul-mumininin-necef-i-esrefteki-mukaddes-turbesi-gorevlileri-ve-ziyaretcileri-icin-imam-rizanin-dogumu-vesilesiyle-duzenlenen-kutlama-toreni\/\",\"url\":\"https:\/\/shiawaves.com\/turkish\/2026\/04\/29\/emirul-mumininin-necef-i-esrefteki-mukaddes-turbesi-gorevlileri-ve-ziyaretcileri-icin-imam-rizanin-dogumu-vesilesiyle-duzenlenen-kutlama-toreni\/\",\"name\":\"Emir\u00fc\u2019l-M\u00fcminin'in Necef-i E\u015fref\u2019teki Mukaddes T\u00fcrbesi G\u00f6revlileri ve Ziyaret\u00e7ileri \u0130\u00e7in \u0130mam R\u0131za'n\u0131n Do\u011fumu Vesilesiyle D\u00fczenlenen Kutlama T\u00f6reni - ShiaWaves Turkish - \u015eia Haberleri\",\"isPartOf\":{\"@id\":\"https:\/\/shiawaves.com\/turkish\/#website\"},\"primaryImageOfPage\":{\"@id\":\"https:\/\/shiawaves.com\/turkish\/2026\/04\/29\/emirul-mumininin-necef-i-esrefteki-mukaddes-turbesi-gorevlileri-ve-ziyaretcileri-icin-imam-rizanin-dogumu-vesilesiyle-duzenlenen-kutlama-toreni\/#primaryimage\"},\"image\":{\"@id\":\"https:\/\/shiawaves.com\/turkish\/2026\/04\/29\/emirul-mumininin-necef-i-esrefteki-mukaddes-turbesi-gorevlileri-ve-ziyaretcileri-icin-imam-rizanin-dogumu-vesilesiyle-duzenlenen-kutlama-toreni\/#primaryimage\"},\"thumbnailUrl\":\"https:\/\/shiawaves.com\/turkish\/wp-content\/uploads\/sites\/6\/2026\/04\/file_3184.jpg\",\"datePublished\":\"2026-04-29T11:30:22+00:00\",\"dateModified\":\"2026-04-29T11:30:22+00:00\",\"author\":{\"@id\":\"https:\/\/shiawaves.com\/turkish\/#\/schema\/person\/9f68d5023e948086b9348fba5aebd954\"},\"breadcrumb\":{\"@id\":\"https:\/\/shiawaves.com\/turkish\/2026\/04\/29\/emirul-mumininin-necef-i-esrefteki-mukaddes-turbesi-gorevlileri-ve-ziyaretcileri-icin-imam-rizanin-dogumu-vesilesiyle-duzenlenen-kutlama-toreni\/#breadcrumb\"},\"inLanguage\":\"tr\",\"potentialAction\":[{\"@type\":\"ReadAction\",\"target\":[\"https:\/\/shiawaves.com\/turkish\/2026\/04\/29\/emirul-mumininin-necef-i-esrefteki-mukaddes-turbesi-gorevlileri-ve-ziyaretcileri-icin-imam-rizanin-dogumu-vesilesiyle-duzenlenen-kutlama-toreni\/\"]}]},{\"@type\":\"ImageObject\",\"inLanguage\":\"tr\",\"@id\":\"https:\/\/shiawaves.com\/turkish\/2026\/04\/29\/emirul-mumininin-necef-i-esrefteki-mukaddes-turbesi-gorevlileri-ve-ziyaretcileri-icin-imam-rizanin-dogumu-vesilesiyle-duzenlenen-kutlama-toreni\/#primaryimage\",\"url\":\"https:\/\/shiawaves.com\/turkish\/wp-content\/uploads\/sites\/6\/2026\/04\/file_3184.jpg\",\"contentUrl\":\"https:\/\/shiawaves.com\/turkish\/wp-content\/uploads\/sites\/6\/2026\/04\/file_3184.jpg\",\"width\":1280,\"height\":853},{\"@type\":\"BreadcrumbList\",\"@id\":\"https:\/\/shiawaves.com\/turkish\/2026\/04\/29\/emirul-mumininin-necef-i-esrefteki-mukaddes-turbesi-gorevlileri-ve-ziyaretcileri-icin-imam-rizanin-dogumu-vesilesiyle-duzenlenen-kutlama-toreni\/#breadcrumb\",\"itemListElement\":[{\"@type\":\"ListItem\",\"position\":1,\"name\":\"Home\",\"item\":\"https:\/\/shiawaves.com\/turkish\/\"},{\"@type\":\"ListItem\",\"position\":2,\"name\":\"Emir\u00fc\u2019l-M\u00fcminin&#8217;in Necef-i E\u015fref\u2019teki Mukaddes T\u00fcrbesi G\u00f6revlileri ve Ziyaret\u00e7ileri \u0130\u00e7in \u0130mam R\u0131za&#8217;n\u0131n Do\u011fumu Vesilesiyle D\u00fczenlenen Kutlama T\u00f6reni\"}]},{\"@type\":\"WebSite\",\"@id\":\"https:\/\/shiawaves.com\/turkish\/#website\",\"url\":\"https:\/\/shiawaves.com\/turkish\/\",\"name\":\"ShiaWaves Turkish - \u015eia Haberleri\",\"description\":\"\",\"potentialAction\":[{\"@type\":\"SearchAction\",\"target\":{\"@type\":\"EntryPoint\",\"urlTemplate\":\"https:\/\/shiawaves.com\/turkish\/?s={search_term_string}\"},\"query-input\":{\"@type\":\"PropertyValueSpecification\",\"valueRequired\":true,\"valueName\":\"search_term_string\"}}],\"inLanguage\":\"tr\"},{\"@type\":\"Person\",\"@id\":\"https:\/\/shiawaves.com\/turkish\/#\/schema\/person\/9f68d5023e948086b9348fba5aebd954\",\"name\":\"modir\",\"image\":{\"@type\":\"ImageObject\",\"inLanguage\":\"tr\",\"@id\":\"https:\/\/shiawaves.com\/turkish\/#\/schema\/person\/image\/\",\"url\":\"https:\/\/secure.gravatar.com\/avatar\/8e76f93cdbdd480bd8918d1e0e1d938664c9cb1516c2a57a2b96fe50b507a6b9?s=96&d=mm&r=g\",\"contentUrl\":\"https:\/\/secure.gravatar.com\/avatar\/8e76f93cdbdd480bd8918d1e0e1d938664c9cb1516c2a57a2b96fe50b507a6b9?s=96&d=mm&r=g\",\"caption\":\"modir\"},\"sameAs\":[\"https:\/\/shiawaves.com\"],\"url\":\"https:\/\/shiawaves.com\/turkish\/author\/modir\/\"}]}<\/script>\n<!-- \/ Yoast SEO plugin. -->","yoast_head_json":{"title":"Emir\u00fc\u2019l-M\u00fcminin'in Necef-i E\u015fref\u2019teki Mukaddes T\u00fcrbesi G\u00f6revlileri ve Ziyaret\u00e7ileri \u0130\u00e7in \u0130mam R\u0131za'n\u0131n Do\u011fumu Vesilesiyle D\u00fczenlenen Kutlama T\u00f6reni - ShiaWaves Turkish - \u015eia Haberleri","robots":{"index":"index","follow":"follow","max-snippet":"max-snippet:-1","max-image-preview":"max-image-preview:large","max-video-preview":"max-video-preview:-1"},"canonical":"https:\/\/shiawaves.com\/turkish\/2026\/04\/29\/emirul-mumininin-necef-i-esrefteki-mukaddes-turbesi-gorevlileri-ve-ziyaretcileri-icin-imam-rizanin-dogumu-vesilesiyle-duzenlenen-kutlama-toreni\/","og_locale":"tr_TR","og_type":"article","og_title":"Emir\u00fc\u2019l-M\u00fcminin'in Necef-i E\u015fref\u2019teki Mukaddes T\u00fcrbesi G\u00f6revlileri ve Ziyaret\u00e7ileri \u0130\u00e7in \u0130mam R\u0131za'n\u0131n Do\u011fumu Vesilesiyle D\u00fczenlenen Kutlama T\u00f6reni - ShiaWaves Turkish - \u015eia Haberleri","og_description":"Emir\u00fc\u2019l-M\u00fcminin&#8217;in Necef-i E\u015fref\u2019teki Mukaddes T\u00fcrbesi G\u00f6revlileri ve Ziyaret\u00e7ileri \u0130\u00e7in \u0130mam R\u0131za&#8217;n\u0131n Do\u011fumu Vesilesiyle D\u00fczenlenen Kutlama T\u00f6reni \u0130mam R\u0131za\u2019n\u0131n kutlu do\u011fum y\u0131ld\u00f6n\u00fcm\u00fcyle e\u015f zamanl\u0131 olarak, Necef-i E\u015fref\u2019teki Emir\u00fc\u2019l-M\u00fcminin\u2019in Mukaddes T\u00fcrbesi&#8217;nin g\u00f6revlileri \u00f6zel kutlama t\u00f6renleri d\u00fczenlediler. Mukaddes t\u00fcrbenin avlular\u0131, dini ezgiler, tebrikler ve sevin\u00e7 ifadeleriyle dolup ta\u015farken, t\u00fcrbe g\u00f6revlileri bu anlaml\u0131 g\u00fcn\u00fc anmak i\u00e7in \u00e7e\u015fitli programlar ger\u00e7ekle\u015ftirdiler. &hellip;","og_url":"https:\/\/shiawaves.com\/turkish\/2026\/04\/29\/emirul-mumininin-necef-i-esrefteki-mukaddes-turbesi-gorevlileri-ve-ziyaretcileri-icin-imam-rizanin-dogumu-vesilesiyle-duzenlenen-kutlama-toreni\/","og_site_name":"ShiaWaves Turkish - \u015eia Haberleri","article_published_time":"2026-04-29T11:30:22+00:00","author":"modir","twitter_card":"summary_large_image","twitter_misc":{"Yazan:":"modir","Tahmini okuma s\u00fcresi":"1 dakika"},"schema":{"@context":"https:\/\/schema.org","@graph":[{"@type":"WebPage","@id":"https:\/\/shiawaves.com\/turkish\/2026\/04\/29\/emirul-mumininin-necef-i-esrefteki-mukaddes-turbesi-gorevlileri-ve-ziyaretcileri-icin-imam-rizanin-dogumu-vesilesiyle-duzenlenen-kutlama-toreni\/","url":"https:\/\/shiawaves.com\/turkish\/2026\/04\/29\/emirul-mumininin-necef-i-esrefteki-mukaddes-turbesi-gorevlileri-ve-ziyaretcileri-icin-imam-rizanin-dogumu-vesilesiyle-duzenlenen-kutlama-toreni\/","name":"Emir\u00fc\u2019l-M\u00fcminin'in Necef-i E\u015fref\u2019teki Mukaddes T\u00fcrbesi G\u00f6revlileri ve Ziyaret\u00e7ileri \u0130\u00e7in \u0130mam R\u0131za'n\u0131n Do\u011fumu Vesilesiyle D\u00fczenlenen Kutlama T\u00f6reni - ShiaWaves Turkish - \u015eia Haberleri","isPartOf":{"@id":"https:\/\/shiawaves.com\/turkish\/#website"},"primaryImageOfPage":{"@id":"https:\/\/shiawaves.com\/turkish\/2026\/04\/29\/emirul-mumininin-necef-i-esrefteki-mukaddes-turbesi-gorevlileri-ve-ziyaretcileri-icin-imam-rizanin-dogumu-vesilesiyle-duzenlenen-kutlama-toreni\/#primaryimage"},"image":{"@id":"https:\/\/shiawaves.com\/turkish\/2026\/04\/29\/emirul-mumininin-necef-i-esrefteki-mukaddes-turbesi-gorevlileri-ve-ziyaretcileri-icin-imam-rizanin-dogumu-vesilesiyle-duzenlenen-kutlama-toreni\/#primaryimage"},"thumbnailUrl":"https:\/\/shiawaves.com\/turkish\/wp-content\/uploads\/sites\/6\/2026\/04\/file_3184.jpg","datePublished":"2026-04-29T11:30:22+00:00","dateModified":"2026-04-29T11:30:22+00:00","author":{"@id":"https:\/\/shiawaves.com\/turkish\/#\/schema\/person\/9f68d5023e948086b9348fba5aebd954"},"breadcrumb":{"@id":"https:\/\/shiawaves.com\/turkish\/2026\/04\/29\/emirul-mumininin-necef-i-esrefteki-mukaddes-turbesi-gorevlileri-ve-ziyaretcileri-icin-imam-rizanin-dogumu-vesilesiyle-duzenlenen-kutlama-toreni\/#breadcrumb"},"inLanguage":"tr","potentialAction":[{"@type":"ReadAction","target":["https:\/\/shiawaves.com\/turkish\/2026\/04\/29\/emirul-mumininin-necef-i-esrefteki-mukaddes-turbesi-gorevlileri-ve-ziyaretcileri-icin-imam-rizanin-dogumu-vesilesiyle-duzenlenen-kutlama-toreni\/"]}]},{"@type":"ImageObject","inLanguage":"tr","@id":"https:\/\/shiawaves.com\/turkish\/2026\/04\/29\/emirul-mumininin-necef-i-esrefteki-mukaddes-turbesi-gorevlileri-ve-ziyaretcileri-icin-imam-rizanin-dogumu-vesilesiyle-duzenlenen-kutlama-toreni\/#primaryimage","url":"https:\/\/shiawaves.com\/turkish\/wp-content\/uploads\/sites\/6\/2026\/04\/file_3184.jpg","contentUrl":"https:\/\/shiawaves.com\/turkish\/wp-content\/uploads\/sites\/6\/2026\/04\/file_3184.jpg","width":1280,"height":853},{"@type":"BreadcrumbList","@id":"https:\/\/shiawaves.com\/turkish\/2026\/04\/29\/emirul-mumininin-necef-i-esrefteki-mukaddes-turbesi-gorevlileri-ve-ziyaretcileri-icin-imam-rizanin-dogumu-vesilesiyle-duzenlenen-kutlama-toreni\/#breadcrumb","itemListElement":[{"@type":"ListItem","position":1,"name":"Home","item":"https:\/\/shiawaves.com\/turkish\/"},{"@type":"ListItem","position":2,"name":"Emir\u00fc\u2019l-M\u00fcminin&#8217;in Necef-i E\u015fref\u2019teki Mukaddes T\u00fcrbesi G\u00f6revlileri ve Ziyaret\u00e7ileri \u0130\u00e7in \u0130mam R\u0131za&#8217;n\u0131n Do\u011fumu Vesilesiyle D\u00fczenlenen Kutlama T\u00f6reni"}]},{"@type":"WebSite","@id":"https:\/\/shiawaves.com\/turkish\/#website","url":"https:\/\/shiawaves.com\/turkish\/","name":"ShiaWaves Turkish - \u015eia Haberleri","description":"","potentialAction":[{"@type":"SearchAction","target":{"@type":"EntryPoint","urlTemplate":"https:\/\/shiawaves.com\/turkish\/?s={search_term_string}"},"query-input":{"@type":"PropertyValueSpecification","valueRequired":true,"valueName":"search_term_string"}}],"inLanguage":"tr"},{"@type":"Person","@id":"https:\/\/shiawaves.com\/turkish\/#\/schema\/person\/9f68d5023e948086b9348fba5aebd954","name":"modir","image":{"@type":"ImageObject","inLanguage":"tr","@id":"https:\/\/shiawaves.com\/turkish\/#\/schema\/person\/image\/","url":"https:\/\/secure.gravatar.com\/avatar\/8e76f93cdbdd480bd8918d1e0e1d938664c9cb1516c2a57a2b96fe50b507a6b9?s=96&d=mm&r=g","contentUrl":"https:\/\/secure.gravatar.com\/avatar\/8e76f93cdbdd480bd8918d1e0e1d938664c9cb1516c2a57a2b96fe50b507a6b9?s=96&d=mm&r=g","caption":"modir"},"sameAs":["https:\/\/shiawaves.com"],"url":"https:\/\/shiawaves.com\/turkish\/author\/modir\/"}]}},"_links":{"self":[{"href":"https:\/\/shiawaves.com\/turkish\/wp-json\/wp\/v2\/posts\/120438","targetHints":{"allow":["GET"]}}],"collection":[{"href":"https:\/\/shiawaves.com\/turkish\/wp-json\/wp\/v2\/posts"}],"about":[{"href":"https:\/\/shiawaves.com\/turkish\/wp-json\/wp\/v2\/types\/post"}],"author":[{"embeddable":true,"href":"https:\/\/shiawaves.com\/turkish\/wp-json\/wp\/v2\/users\/1"}],"replies":[{"embeddable":true,"href":"https:\/\/shiawaves.com\/turkish\/wp-json\/wp\/v2\/comments?post=120438"}],"version-history":[{"count":0,"href":"https:\/\/shiawaves.com\/turkish\/wp-json\/wp\/v2\/posts\/120438\/revisions"}],"wp:featuredmedia":[{"embeddable":true,"href":"https:\/\/shiawaves.com\/turkish\/wp-json\/wp\/v2\/media\/120437"}],"wp:attachment":[{"href":"https:\/\/shiawaves.com\/turkish\/wp-json\/wp\/v2\/media?parent=120438"}],"wp:term":[{"taxonomy":"category","embeddable":true,"href":"https:\/\/shiawaves.com\/turkish\/wp-json\/wp\/v2\/categories?post=120438"},{"taxonomy":"post_tag","embeddable":true,"href":"https:\/\/shiawaves.com\/turkish\/wp-json\/wp\/v2\/tags?post=120438"}],"curies":[{"name":"wp","href":"https:\/\/api.w.org\/{rel}","templated":true}]}}