{"id":120428,"date":"2026-04-28T20:32:53","date_gmt":"2026-04-28T17:32:53","guid":{"rendered":"https:\/\/shiawaves.com\/turkish\/2026\/04\/28\/ongorulmedik-artis-2025-yilinda-kuresel-askeri-harcamalar-ve-jeopolitik-gerilimler\/"},"modified":"2026-04-28T20:32:53","modified_gmt":"2026-04-28T17:32:53","slug":"ongorulmedik-artis-2025-yilinda-kuresel-askeri-harcamalar-ve-jeopolitik-gerilimler","status":"publish","type":"post","link":"https:\/\/shiawaves.com\/turkish\/2026\/04\/28\/ongorulmedik-artis-2025-yilinda-kuresel-askeri-harcamalar-ve-jeopolitik-gerilimler\/","title":{"rendered":"\u00d6ng\u00f6r\u00fclmedik Art\u0131\u015f: 2025 Y\u0131l\u0131nda K\u00fcresel Asker\u00ee Harcamalar ve Jeopolitik Gerilimler"},"content":{"rendered":"<p>\u00d6ng\u00f6r\u00fclmedik Art\u0131\u015f: 2025 Y\u0131l\u0131nda K\u00fcresel Asker\u00ee Harcamalar ve Jeopolitik Gerilimler<\/p>\n<p>Yeni raporlar, 2025 y\u0131l\u0131nda d\u00fcnyada asker\u00ee harcamalarda kaydade\u011fer bir art\u0131\u015f ya\u015fand\u0131\u011f\u0131n\u0131 g\u00f6stermektedir. Bu trend, sava\u015flar, b\u00fcy\u00fck g\u00fc\u00e7lerin rekabetleri ve b\u00f6lgesel istikrars\u0131zl\u0131klarla beraber yeni rekorlar k\u0131rarak, silahlanma yar\u0131\u015f\u0131n\u0131n \u015fiddetlenmesi konusunda endi\u015feleri art\u0131rm\u0131\u015ft\u0131r.<\/p>\n<p>\ud83d\udc48Konuyla ilgili haz\u0131rlad\u0131\u011f\u0131m raporu dikkatlerinize sunuyorum:\ud83d\udc49<\/p>\n<p>2025 y\u0131l\u0131nda k\u00fcresel asker\u00ee harcamalar\u0131n art\u0131\u015f e\u011filimi benzeri g\u00f6r\u00fclmemi\u015f bir seviyeye ula\u015fm\u0131\u015f ve bir\u00e7ok \u00fclke, uluslararas\u0131 arenadaki gergin duruma yan\u0131t olarak savunma b\u00fct\u00e7elerini ciddi \u00f6l\u00e7\u00fcde art\u0131rm\u0131\u015ft\u0131r. Bu durum, jeopolitik rekabetlerin yo\u011funla\u015fmakta ve d\u00fcnyan\u0131n \u00e7e\u015fitli yerlerinde g\u00fcvensizli\u011fin devam etmekte oldu\u011funun bir g\u00f6stergesidir.<\/p>\n<p>Stockholm Uluslararas\u0131 Bar\u0131\u015f Ara\u015ft\u0131rmalar\u0131 Enstit\u00fcs\u00fc (SIPRI) taraf\u0131ndan haz\u0131rlan\u0131p, Deutsche Welle arac\u0131l\u0131\u011f\u0131yla yay\u0131mlanan rapora g\u00f6re, 2025 y\u0131l\u0131nda d\u00fcnya genelindeki toplam asker\u00ee harcamalar yakla\u015f\u0131k 2,9 trilyon dolara ula\u015fm\u0131\u015ft\u0131r. Bu rakam, art arda on bir y\u0131ld\u0131r art\u0131\u015f g\u00f6sterdi\u011fini ortaya koymaktad\u0131r. Raporda, bu harcamalar\u0131n b\u00fcy\u00fck bir k\u0131sm\u0131n\u0131n birka\u00e7 b\u00fcy\u00fck k\u00fcresel g\u00fc\u00e7 taraf\u0131ndan kontrol edildi\u011fi ve bu miktar\u0131n yar\u0131s\u0131ndan fazlas\u0131n\u0131n yaln\u0131zca Amerika Birle\u015fik Devletleri, \u00c7in ve Rusya taraf\u0131ndan harcand\u0131\u011f\u0131 vurgulanmaktad\u0131r.<\/p>\n<p>Stockholm Uluslararas\u0131 Bar\u0131\u015f Ara\u015ft\u0131rmalar\u0131 Enstit\u00fcs\u00fc (SIPRI) taraf\u0131ndan haz\u0131rlanan ve Anadolu Ajans\u0131 taraf\u0131ndan da yans\u0131t\u0131lan ba\u015fka bir raporda ise, 2025 y\u0131l\u0131nda Asya-Pasifik b\u00f6lgesinde asker\u00ee harcamalar\u0131n %8,1 art\u0131\u015f g\u00f6sterdi\u011fi ve toplamda 681 milyar dolara ula\u015ft\u0131\u011f\u0131 belirtilmektedir. Bu, 2009 y\u0131l\u0131ndan bu yana g\u00f6r\u00fclen en h\u0131zl\u0131 b\u00fcy\u00fcme olmu\u015ftur. Bu art\u0131\u015f, bu stratejik b\u00f6lgede artan g\u00fcvenlik rekabetini ifade etmektedir.<\/p>\n<p>Deutsche Welle, Avrupa&#8217;da da asker\u00ee harcamalar\u0131n %14 oran\u0131nda art\u0131\u015f g\u00f6sterdi\u011fini ve Almanya gibi \u00fclkelerde belirgin bir art\u0131\u015f kaydedildi\u011fini bildirmektedir. Bu ba\u011flamda, Amerika Birle\u015fik Devletleri&#8217;nin baz\u0131 g\u00fcvenlik taahh\u00fctlerindeki rol\u00fcn\u00fcn azalmas\u0131ndan duyulan kayg\u0131, Avrupa \u00fclkelerini savunma yeteneklerini g\u00fc\u00e7lendirmeye y\u00f6neltmi\u015ftir.<\/p>\n<p>Stockholm Uluslararas\u0131 Bar\u0131\u015f Ara\u015ft\u0131rmalar\u0131 Enstit\u00fcs\u00fc (SIPRI) uzmanlar\u0131, sava\u015flar\u0131n ve b\u00f6lgesel istikrars\u0131zl\u0131klar\u0131n bu yeni asker\u00ee b\u00fct\u00e7e art\u0131\u015f\u0131 dalgas\u0131n\u0131n ba\u015fl\u0131ca nedeni oldu\u011funu d\u00fc\u015f\u00fcnmektedir. Enstit\u00fc ara\u015ft\u0131rmac\u0131lar\u0131na g\u00f6re, k\u00fcresel g\u00fc\u00e7 dengesindeki de\u011fi\u015fiklikler ve \u00fclkeler aras\u0131ndaki kar\u015f\u0131l\u0131kl\u0131 tehdit alg\u0131s\u0131, devletlerin ordular ve savunma sanayilerine daha fazla yat\u0131r\u0131m yapmas\u0131na neden olmu\u015ftur.<\/p>\n<p>\u00d6te yandan, birka\u00e7 \u00fclke \u00fczerinde yo\u011funla\u015fan asker\u00ee harcamalar, d\u00fcnyada asker\u00ee g\u00fc\u00e7 da\u011f\u0131l\u0131m\u0131nda ciddi bir e\u015fitsizlik oldu\u011funu g\u00f6stermektedir; bu konu uluslararas\u0131 g\u00fcvenlik ve \u00e7e\u015fitli b\u00f6lgelerin istikrar\u0131 \u00fczerinde uzun vadeli sonu\u00e7lar do\u011furabilir.<\/p>\n","protected":false},"excerpt":{"rendered":"<p>\u00d6ng\u00f6r\u00fclmedik Art\u0131\u015f: 2025 Y\u0131l\u0131nda K\u00fcresel Asker\u00ee Harcamalar ve Jeopolitik Gerilimler Yeni raporlar, 2025 y\u0131l\u0131nda d\u00fcnyada asker\u00ee harcamalarda kaydade\u011fer bir art\u0131\u015f ya\u015fand\u0131\u011f\u0131n\u0131 g\u00f6stermektedir. Bu trend, sava\u015flar, b\u00fcy\u00fck g\u00fc\u00e7lerin rekabetleri ve b\u00f6lgesel istikrars\u0131zl\u0131klarla beraber yeni rekorlar k\u0131rarak, silahlanma yar\u0131\u015f\u0131n\u0131n \u015fiddetlenmesi konusunda endi\u015feleri art\u0131rm\u0131\u015ft\u0131r. \ud83d\udc48Konuyla ilgili haz\u0131rlad\u0131\u011f\u0131m raporu dikkatlerinize sunuyorum:\ud83d\udc49 2025 y\u0131l\u0131nda k\u00fcresel asker\u00ee harcamalar\u0131n art\u0131\u015f e\u011filimi benzeri &hellip;<\/p>\n","protected":false},"author":1,"featured_media":120427,"comment_status":"open","ping_status":"open","sticky":false,"template":"","format":"standard","meta":{"rop_custom_images_group":[],"rop_custom_messages_group":[],"rop_publish_now":"initial","rop_publish_now_accounts":[],"rop_publish_now_history":[],"rop_publish_now_status":"pending","footnotes":""},"categories":[20],"tags":[],"class_list":["post-120428","post","type-post","status-publish","format-standard","has-post-thumbnail","hentry","category-world"],"_wp_page_template":null,"_wp_attached_file":null,"_wp_attachment_metadata":null,"_edit_lock":null,"yoast_head":"<!-- This site is optimized with the Yoast SEO plugin v24.3 - https:\/\/yoast.com\/wordpress\/plugins\/seo\/ -->\n<title>\u00d6ng\u00f6r\u00fclmedik Art\u0131\u015f: 2025 Y\u0131l\u0131nda K\u00fcresel Asker\u00ee Harcamalar ve Jeopolitik Gerilimler - ShiaWaves Turkish - \u015eia Haberleri<\/title>\n<meta name=\"robots\" content=\"index, follow, max-snippet:-1, max-image-preview:large, max-video-preview:-1\" \/>\n<link rel=\"canonical\" href=\"https:\/\/shiawaves.com\/turkish\/2026\/04\/28\/ongorulmedik-artis-2025-yilinda-kuresel-askeri-harcamalar-ve-jeopolitik-gerilimler\/\" \/>\n<meta property=\"og:locale\" content=\"tr_TR\" \/>\n<meta property=\"og:type\" content=\"article\" \/>\n<meta property=\"og:title\" content=\"\u00d6ng\u00f6r\u00fclmedik Art\u0131\u015f: 2025 Y\u0131l\u0131nda K\u00fcresel Asker\u00ee Harcamalar ve Jeopolitik Gerilimler - ShiaWaves Turkish - \u015eia Haberleri\" \/>\n<meta property=\"og:description\" content=\"\u00d6ng\u00f6r\u00fclmedik Art\u0131\u015f: 2025 Y\u0131l\u0131nda K\u00fcresel Asker\u00ee Harcamalar ve Jeopolitik Gerilimler Yeni raporlar, 2025 y\u0131l\u0131nda d\u00fcnyada asker\u00ee harcamalarda kaydade\u011fer bir art\u0131\u015f ya\u015fand\u0131\u011f\u0131n\u0131 g\u00f6stermektedir. Bu trend, sava\u015flar, b\u00fcy\u00fck g\u00fc\u00e7lerin rekabetleri ve b\u00f6lgesel istikrars\u0131zl\u0131klarla beraber yeni rekorlar k\u0131rarak, silahlanma yar\u0131\u015f\u0131n\u0131n \u015fiddetlenmesi konusunda endi\u015feleri art\u0131rm\u0131\u015ft\u0131r. \ud83d\udc48Konuyla ilgili haz\u0131rlad\u0131\u011f\u0131m raporu dikkatlerinize sunuyorum:\ud83d\udc49 2025 y\u0131l\u0131nda k\u00fcresel asker\u00ee harcamalar\u0131n art\u0131\u015f e\u011filimi benzeri &hellip;\" \/>\n<meta property=\"og:url\" content=\"https:\/\/shiawaves.com\/turkish\/2026\/04\/28\/ongorulmedik-artis-2025-yilinda-kuresel-askeri-harcamalar-ve-jeopolitik-gerilimler\/\" \/>\n<meta property=\"og:site_name\" content=\"ShiaWaves Turkish - \u015eia Haberleri\" \/>\n<meta property=\"article:published_time\" content=\"2026-04-28T17:32:53+00:00\" \/>\n<meta name=\"author\" content=\"modir\" \/>\n<meta name=\"twitter:card\" content=\"summary_large_image\" \/>\n<meta name=\"twitter:label1\" content=\"Yazan:\" \/>\n\t<meta name=\"twitter:data1\" content=\"modir\" \/>\n\t<meta name=\"twitter:label2\" content=\"Tahmini okuma s\u00fcresi\" \/>\n\t<meta name=\"twitter:data2\" content=\"2 dakika\" \/>\n<script type=\"application\/ld+json\" class=\"yoast-schema-graph\">{\"@context\":\"https:\/\/schema.org\",\"@graph\":[{\"@type\":\"WebPage\",\"@id\":\"https:\/\/shiawaves.com\/turkish\/2026\/04\/28\/ongorulmedik-artis-2025-yilinda-kuresel-askeri-harcamalar-ve-jeopolitik-gerilimler\/\",\"url\":\"https:\/\/shiawaves.com\/turkish\/2026\/04\/28\/ongorulmedik-artis-2025-yilinda-kuresel-askeri-harcamalar-ve-jeopolitik-gerilimler\/\",\"name\":\"\u00d6ng\u00f6r\u00fclmedik Art\u0131\u015f: 2025 Y\u0131l\u0131nda K\u00fcresel Asker\u00ee Harcamalar ve Jeopolitik Gerilimler - ShiaWaves Turkish - \u015eia Haberleri\",\"isPartOf\":{\"@id\":\"https:\/\/shiawaves.com\/turkish\/#website\"},\"primaryImageOfPage\":{\"@id\":\"https:\/\/shiawaves.com\/turkish\/2026\/04\/28\/ongorulmedik-artis-2025-yilinda-kuresel-askeri-harcamalar-ve-jeopolitik-gerilimler\/#primaryimage\"},\"image\":{\"@id\":\"https:\/\/shiawaves.com\/turkish\/2026\/04\/28\/ongorulmedik-artis-2025-yilinda-kuresel-askeri-harcamalar-ve-jeopolitik-gerilimler\/#primaryimage\"},\"thumbnailUrl\":\"https:\/\/shiawaves.com\/turkish\/wp-content\/uploads\/sites\/6\/2026\/04\/file_3179.jpg\",\"datePublished\":\"2026-04-28T17:32:53+00:00\",\"dateModified\":\"2026-04-28T17:32:53+00:00\",\"author\":{\"@id\":\"https:\/\/shiawaves.com\/turkish\/#\/schema\/person\/9f68d5023e948086b9348fba5aebd954\"},\"breadcrumb\":{\"@id\":\"https:\/\/shiawaves.com\/turkish\/2026\/04\/28\/ongorulmedik-artis-2025-yilinda-kuresel-askeri-harcamalar-ve-jeopolitik-gerilimler\/#breadcrumb\"},\"inLanguage\":\"tr\",\"potentialAction\":[{\"@type\":\"ReadAction\",\"target\":[\"https:\/\/shiawaves.com\/turkish\/2026\/04\/28\/ongorulmedik-artis-2025-yilinda-kuresel-askeri-harcamalar-ve-jeopolitik-gerilimler\/\"]}]},{\"@type\":\"ImageObject\",\"inLanguage\":\"tr\",\"@id\":\"https:\/\/shiawaves.com\/turkish\/2026\/04\/28\/ongorulmedik-artis-2025-yilinda-kuresel-askeri-harcamalar-ve-jeopolitik-gerilimler\/#primaryimage\",\"url\":\"https:\/\/shiawaves.com\/turkish\/wp-content\/uploads\/sites\/6\/2026\/04\/file_3179.jpg\",\"contentUrl\":\"https:\/\/shiawaves.com\/turkish\/wp-content\/uploads\/sites\/6\/2026\/04\/file_3179.jpg\",\"width\":696,\"height\":435},{\"@type\":\"BreadcrumbList\",\"@id\":\"https:\/\/shiawaves.com\/turkish\/2026\/04\/28\/ongorulmedik-artis-2025-yilinda-kuresel-askeri-harcamalar-ve-jeopolitik-gerilimler\/#breadcrumb\",\"itemListElement\":[{\"@type\":\"ListItem\",\"position\":1,\"name\":\"Home\",\"item\":\"https:\/\/shiawaves.com\/turkish\/\"},{\"@type\":\"ListItem\",\"position\":2,\"name\":\"\u00d6ng\u00f6r\u00fclmedik Art\u0131\u015f: 2025 Y\u0131l\u0131nda K\u00fcresel Asker\u00ee Harcamalar ve Jeopolitik Gerilimler\"}]},{\"@type\":\"WebSite\",\"@id\":\"https:\/\/shiawaves.com\/turkish\/#website\",\"url\":\"https:\/\/shiawaves.com\/turkish\/\",\"name\":\"ShiaWaves Turkish - \u015eia Haberleri\",\"description\":\"\",\"potentialAction\":[{\"@type\":\"SearchAction\",\"target\":{\"@type\":\"EntryPoint\",\"urlTemplate\":\"https:\/\/shiawaves.com\/turkish\/?s={search_term_string}\"},\"query-input\":{\"@type\":\"PropertyValueSpecification\",\"valueRequired\":true,\"valueName\":\"search_term_string\"}}],\"inLanguage\":\"tr\"},{\"@type\":\"Person\",\"@id\":\"https:\/\/shiawaves.com\/turkish\/#\/schema\/person\/9f68d5023e948086b9348fba5aebd954\",\"name\":\"modir\",\"image\":{\"@type\":\"ImageObject\",\"inLanguage\":\"tr\",\"@id\":\"https:\/\/shiawaves.com\/turkish\/#\/schema\/person\/image\/\",\"url\":\"https:\/\/secure.gravatar.com\/avatar\/8e76f93cdbdd480bd8918d1e0e1d938664c9cb1516c2a57a2b96fe50b507a6b9?s=96&d=mm&r=g\",\"contentUrl\":\"https:\/\/secure.gravatar.com\/avatar\/8e76f93cdbdd480bd8918d1e0e1d938664c9cb1516c2a57a2b96fe50b507a6b9?s=96&d=mm&r=g\",\"caption\":\"modir\"},\"sameAs\":[\"https:\/\/shiawaves.com\"],\"url\":\"https:\/\/shiawaves.com\/turkish\/author\/modir\/\"}]}<\/script>\n<!-- \/ Yoast SEO plugin. -->","yoast_head_json":{"title":"\u00d6ng\u00f6r\u00fclmedik Art\u0131\u015f: 2025 Y\u0131l\u0131nda K\u00fcresel Asker\u00ee Harcamalar ve Jeopolitik Gerilimler - ShiaWaves Turkish - \u015eia Haberleri","robots":{"index":"index","follow":"follow","max-snippet":"max-snippet:-1","max-image-preview":"max-image-preview:large","max-video-preview":"max-video-preview:-1"},"canonical":"https:\/\/shiawaves.com\/turkish\/2026\/04\/28\/ongorulmedik-artis-2025-yilinda-kuresel-askeri-harcamalar-ve-jeopolitik-gerilimler\/","og_locale":"tr_TR","og_type":"article","og_title":"\u00d6ng\u00f6r\u00fclmedik Art\u0131\u015f: 2025 Y\u0131l\u0131nda K\u00fcresel Asker\u00ee Harcamalar ve Jeopolitik Gerilimler - ShiaWaves Turkish - \u015eia Haberleri","og_description":"\u00d6ng\u00f6r\u00fclmedik Art\u0131\u015f: 2025 Y\u0131l\u0131nda K\u00fcresel Asker\u00ee Harcamalar ve Jeopolitik Gerilimler Yeni raporlar, 2025 y\u0131l\u0131nda d\u00fcnyada asker\u00ee harcamalarda kaydade\u011fer bir art\u0131\u015f ya\u015fand\u0131\u011f\u0131n\u0131 g\u00f6stermektedir. Bu trend, sava\u015flar, b\u00fcy\u00fck g\u00fc\u00e7lerin rekabetleri ve b\u00f6lgesel istikrars\u0131zl\u0131klarla beraber yeni rekorlar k\u0131rarak, silahlanma yar\u0131\u015f\u0131n\u0131n \u015fiddetlenmesi konusunda endi\u015feleri art\u0131rm\u0131\u015ft\u0131r. \ud83d\udc48Konuyla ilgili haz\u0131rlad\u0131\u011f\u0131m raporu dikkatlerinize sunuyorum:\ud83d\udc49 2025 y\u0131l\u0131nda k\u00fcresel asker\u00ee harcamalar\u0131n art\u0131\u015f e\u011filimi benzeri &hellip;","og_url":"https:\/\/shiawaves.com\/turkish\/2026\/04\/28\/ongorulmedik-artis-2025-yilinda-kuresel-askeri-harcamalar-ve-jeopolitik-gerilimler\/","og_site_name":"ShiaWaves Turkish - \u015eia Haberleri","article_published_time":"2026-04-28T17:32:53+00:00","author":"modir","twitter_card":"summary_large_image","twitter_misc":{"Yazan:":"modir","Tahmini okuma s\u00fcresi":"2 dakika"},"schema":{"@context":"https:\/\/schema.org","@graph":[{"@type":"WebPage","@id":"https:\/\/shiawaves.com\/turkish\/2026\/04\/28\/ongorulmedik-artis-2025-yilinda-kuresel-askeri-harcamalar-ve-jeopolitik-gerilimler\/","url":"https:\/\/shiawaves.com\/turkish\/2026\/04\/28\/ongorulmedik-artis-2025-yilinda-kuresel-askeri-harcamalar-ve-jeopolitik-gerilimler\/","name":"\u00d6ng\u00f6r\u00fclmedik Art\u0131\u015f: 2025 Y\u0131l\u0131nda K\u00fcresel Asker\u00ee Harcamalar ve Jeopolitik Gerilimler - ShiaWaves Turkish - \u015eia Haberleri","isPartOf":{"@id":"https:\/\/shiawaves.com\/turkish\/#website"},"primaryImageOfPage":{"@id":"https:\/\/shiawaves.com\/turkish\/2026\/04\/28\/ongorulmedik-artis-2025-yilinda-kuresel-askeri-harcamalar-ve-jeopolitik-gerilimler\/#primaryimage"},"image":{"@id":"https:\/\/shiawaves.com\/turkish\/2026\/04\/28\/ongorulmedik-artis-2025-yilinda-kuresel-askeri-harcamalar-ve-jeopolitik-gerilimler\/#primaryimage"},"thumbnailUrl":"https:\/\/shiawaves.com\/turkish\/wp-content\/uploads\/sites\/6\/2026\/04\/file_3179.jpg","datePublished":"2026-04-28T17:32:53+00:00","dateModified":"2026-04-28T17:32:53+00:00","author":{"@id":"https:\/\/shiawaves.com\/turkish\/#\/schema\/person\/9f68d5023e948086b9348fba5aebd954"},"breadcrumb":{"@id":"https:\/\/shiawaves.com\/turkish\/2026\/04\/28\/ongorulmedik-artis-2025-yilinda-kuresel-askeri-harcamalar-ve-jeopolitik-gerilimler\/#breadcrumb"},"inLanguage":"tr","potentialAction":[{"@type":"ReadAction","target":["https:\/\/shiawaves.com\/turkish\/2026\/04\/28\/ongorulmedik-artis-2025-yilinda-kuresel-askeri-harcamalar-ve-jeopolitik-gerilimler\/"]}]},{"@type":"ImageObject","inLanguage":"tr","@id":"https:\/\/shiawaves.com\/turkish\/2026\/04\/28\/ongorulmedik-artis-2025-yilinda-kuresel-askeri-harcamalar-ve-jeopolitik-gerilimler\/#primaryimage","url":"https:\/\/shiawaves.com\/turkish\/wp-content\/uploads\/sites\/6\/2026\/04\/file_3179.jpg","contentUrl":"https:\/\/shiawaves.com\/turkish\/wp-content\/uploads\/sites\/6\/2026\/04\/file_3179.jpg","width":696,"height":435},{"@type":"BreadcrumbList","@id":"https:\/\/shiawaves.com\/turkish\/2026\/04\/28\/ongorulmedik-artis-2025-yilinda-kuresel-askeri-harcamalar-ve-jeopolitik-gerilimler\/#breadcrumb","itemListElement":[{"@type":"ListItem","position":1,"name":"Home","item":"https:\/\/shiawaves.com\/turkish\/"},{"@type":"ListItem","position":2,"name":"\u00d6ng\u00f6r\u00fclmedik Art\u0131\u015f: 2025 Y\u0131l\u0131nda K\u00fcresel Asker\u00ee Harcamalar ve Jeopolitik Gerilimler"}]},{"@type":"WebSite","@id":"https:\/\/shiawaves.com\/turkish\/#website","url":"https:\/\/shiawaves.com\/turkish\/","name":"ShiaWaves Turkish - \u015eia Haberleri","description":"","potentialAction":[{"@type":"SearchAction","target":{"@type":"EntryPoint","urlTemplate":"https:\/\/shiawaves.com\/turkish\/?s={search_term_string}"},"query-input":{"@type":"PropertyValueSpecification","valueRequired":true,"valueName":"search_term_string"}}],"inLanguage":"tr"},{"@type":"Person","@id":"https:\/\/shiawaves.com\/turkish\/#\/schema\/person\/9f68d5023e948086b9348fba5aebd954","name":"modir","image":{"@type":"ImageObject","inLanguage":"tr","@id":"https:\/\/shiawaves.com\/turkish\/#\/schema\/person\/image\/","url":"https:\/\/secure.gravatar.com\/avatar\/8e76f93cdbdd480bd8918d1e0e1d938664c9cb1516c2a57a2b96fe50b507a6b9?s=96&d=mm&r=g","contentUrl":"https:\/\/secure.gravatar.com\/avatar\/8e76f93cdbdd480bd8918d1e0e1d938664c9cb1516c2a57a2b96fe50b507a6b9?s=96&d=mm&r=g","caption":"modir"},"sameAs":["https:\/\/shiawaves.com"],"url":"https:\/\/shiawaves.com\/turkish\/author\/modir\/"}]}},"_links":{"self":[{"href":"https:\/\/shiawaves.com\/turkish\/wp-json\/wp\/v2\/posts\/120428","targetHints":{"allow":["GET"]}}],"collection":[{"href":"https:\/\/shiawaves.com\/turkish\/wp-json\/wp\/v2\/posts"}],"about":[{"href":"https:\/\/shiawaves.com\/turkish\/wp-json\/wp\/v2\/types\/post"}],"author":[{"embeddable":true,"href":"https:\/\/shiawaves.com\/turkish\/wp-json\/wp\/v2\/users\/1"}],"replies":[{"embeddable":true,"href":"https:\/\/shiawaves.com\/turkish\/wp-json\/wp\/v2\/comments?post=120428"}],"version-history":[{"count":0,"href":"https:\/\/shiawaves.com\/turkish\/wp-json\/wp\/v2\/posts\/120428\/revisions"}],"wp:featuredmedia":[{"embeddable":true,"href":"https:\/\/shiawaves.com\/turkish\/wp-json\/wp\/v2\/media\/120427"}],"wp:attachment":[{"href":"https:\/\/shiawaves.com\/turkish\/wp-json\/wp\/v2\/media?parent=120428"}],"wp:term":[{"taxonomy":"category","embeddable":true,"href":"https:\/\/shiawaves.com\/turkish\/wp-json\/wp\/v2\/categories?post=120428"},{"taxonomy":"post_tag","embeddable":true,"href":"https:\/\/shiawaves.com\/turkish\/wp-json\/wp\/v2\/tags?post=120428"}],"curies":[{"name":"wp","href":"https:\/\/api.w.org\/{rel}","templated":true}]}}