{"id":120416,"date":"2026-04-28T13:30:25","date_gmt":"2026-04-28T10:30:25","guid":{"rendered":"https:\/\/shiawaves.com\/turkish\/2026\/04\/28\/sekiz-yasinda-bir-cocugun-nangarharda-bogulmasi-afganistanin-kirsal-bolgelerinde-uzucu-olaylarin-devami\/"},"modified":"2026-04-28T13:30:25","modified_gmt":"2026-04-28T10:30:25","slug":"sekiz-yasinda-bir-cocugun-nangarharda-bogulmasi-afganistanin-kirsal-bolgelerinde-uzucu-olaylarin-devami","status":"publish","type":"post","link":"https:\/\/shiawaves.com\/turkish\/2026\/04\/28\/sekiz-yasinda-bir-cocugun-nangarharda-bogulmasi-afganistanin-kirsal-bolgelerinde-uzucu-olaylarin-devami\/","title":{"rendered":"Sekiz Ya\u015f\u0131nda Bir \u00c7ocu\u011fun Nangarhar&#8217;da Bo\u011fulmas\u0131; Afganistan&#8217;\u0131n K\u0131rsal B\u00f6lgelerinde \u00dcz\u00fcc\u00fc Olaylar\u0131n Devam\u0131"},"content":{"rendered":"<p>Sekiz Ya\u015f\u0131nda Bir \u00c7ocu\u011fun Nangarhar&#8217;da Bo\u011fulmas\u0131; Afganistan&#8217;\u0131n K\u0131rsal B\u00f6lgelerinde \u00dcz\u00fcc\u00fc Olaylar\u0131n Devam\u0131<\/p>\n<p>Nangarhar vilayetinin Bati Kot il\u00e7esinde sekiz ya\u015f\u0131nda bir \u00e7ocuk, bo\u011fulma sonucu hayat\u0131n\u0131 kaybetti.<\/p>\n<p>Bu olay, k\u0131rsal b\u00f6lgelerdeki g\u00fcvenlik altyap\u0131s\u0131n\u0131n zay\u0131fl\u0131\u011f\u0131n\u0131 bir kez daha g\u00f6zler \u00f6n\u00fcne serdi.<\/p>\n<p>8Sobh, Kabil gazetesi raporuna g\u00f6re, bu olay &#8220;Hicretabad&#8221; k\u00f6y\u00fcnde meydana geldi ve cesedin aileye teslim edilmesi i\u00e7in \u00e7al\u0131\u015fmalar s\u00fcrd\u00fcr\u00fcl\u00fcyor.<\/p>\n<p>Uzmanlar, bu durumu Afganistan&#8217;\u0131n yoksun b\u00f6lgelerinde koruyucu imkanlar\u0131n eksikli\u011fi olarak de\u011ferlendiriyor.<\/p>\n","protected":false},"excerpt":{"rendered":"<p>Sekiz Ya\u015f\u0131nda Bir \u00c7ocu\u011fun Nangarhar&#8217;da Bo\u011fulmas\u0131; Afganistan&#8217;\u0131n K\u0131rsal B\u00f6lgelerinde \u00dcz\u00fcc\u00fc Olaylar\u0131n Devam\u0131 Nangarhar vilayetinin Bati Kot il\u00e7esinde sekiz ya\u015f\u0131nda bir \u00e7ocuk, bo\u011fulma sonucu hayat\u0131n\u0131 kaybetti. Bu olay, k\u0131rsal b\u00f6lgelerdeki g\u00fcvenlik altyap\u0131s\u0131n\u0131n zay\u0131fl\u0131\u011f\u0131n\u0131 bir kez daha g\u00f6zler \u00f6n\u00fcne serdi. 8Sobh, Kabil gazetesi raporuna g\u00f6re, bu olay &#8220;Hicretabad&#8221; k\u00f6y\u00fcnde meydana geldi ve cesedin aileye teslim edilmesi i\u00e7in &hellip;<\/p>\n","protected":false},"author":1,"featured_media":120415,"comment_status":"open","ping_status":"open","sticky":false,"template":"","format":"standard","meta":{"rop_custom_images_group":[],"rop_custom_messages_group":[],"rop_publish_now":"initial","rop_publish_now_accounts":[],"rop_publish_now_history":[],"rop_publish_now_status":"pending","footnotes":""},"categories":[8],"tags":[],"class_list":["post-120416","post","type-post","status-publish","format-standard","has-post-thumbnail","hentry","category-afghanistan"],"_wp_page_template":null,"_wp_attached_file":null,"_wp_attachment_metadata":null,"_edit_lock":null,"yoast_head":"<!-- This site is optimized with the Yoast SEO plugin v24.3 - https:\/\/yoast.com\/wordpress\/plugins\/seo\/ -->\n<title>Sekiz Ya\u015f\u0131nda Bir \u00c7ocu\u011fun Nangarhar&#039;da Bo\u011fulmas\u0131; Afganistan&#039;\u0131n K\u0131rsal B\u00f6lgelerinde \u00dcz\u00fcc\u00fc Olaylar\u0131n Devam\u0131 - ShiaWaves Turkish - \u015eia Haberleri<\/title>\n<meta name=\"robots\" content=\"index, follow, max-snippet:-1, max-image-preview:large, max-video-preview:-1\" \/>\n<link rel=\"canonical\" href=\"https:\/\/shiawaves.com\/turkish\/2026\/04\/28\/sekiz-yasinda-bir-cocugun-nangarharda-bogulmasi-afganistanin-kirsal-bolgelerinde-uzucu-olaylarin-devami\/\" \/>\n<meta property=\"og:locale\" content=\"tr_TR\" \/>\n<meta property=\"og:type\" content=\"article\" \/>\n<meta property=\"og:title\" content=\"Sekiz Ya\u015f\u0131nda Bir \u00c7ocu\u011fun Nangarhar&#039;da Bo\u011fulmas\u0131; Afganistan&#039;\u0131n K\u0131rsal B\u00f6lgelerinde \u00dcz\u00fcc\u00fc Olaylar\u0131n Devam\u0131 - ShiaWaves Turkish - \u015eia Haberleri\" \/>\n<meta property=\"og:description\" content=\"Sekiz Ya\u015f\u0131nda Bir \u00c7ocu\u011fun Nangarhar&#8217;da Bo\u011fulmas\u0131; Afganistan&#8217;\u0131n K\u0131rsal B\u00f6lgelerinde \u00dcz\u00fcc\u00fc Olaylar\u0131n Devam\u0131 Nangarhar vilayetinin Bati Kot il\u00e7esinde sekiz ya\u015f\u0131nda bir \u00e7ocuk, bo\u011fulma sonucu hayat\u0131n\u0131 kaybetti. Bu olay, k\u0131rsal b\u00f6lgelerdeki g\u00fcvenlik altyap\u0131s\u0131n\u0131n zay\u0131fl\u0131\u011f\u0131n\u0131 bir kez daha g\u00f6zler \u00f6n\u00fcne serdi. 8Sobh, Kabil gazetesi raporuna g\u00f6re, bu olay &#8220;Hicretabad&#8221; k\u00f6y\u00fcnde meydana geldi ve cesedin aileye teslim edilmesi i\u00e7in &hellip;\" \/>\n<meta property=\"og:url\" content=\"https:\/\/shiawaves.com\/turkish\/2026\/04\/28\/sekiz-yasinda-bir-cocugun-nangarharda-bogulmasi-afganistanin-kirsal-bolgelerinde-uzucu-olaylarin-devami\/\" \/>\n<meta property=\"og:site_name\" content=\"ShiaWaves Turkish - \u015eia Haberleri\" \/>\n<meta property=\"article:published_time\" content=\"2026-04-28T10:30:25+00:00\" \/>\n<meta name=\"author\" content=\"modir\" \/>\n<meta name=\"twitter:card\" content=\"summary_large_image\" \/>\n<meta name=\"twitter:label1\" content=\"Yazan:\" \/>\n\t<meta name=\"twitter:data1\" content=\"modir\" \/>\n\t<meta name=\"twitter:label2\" content=\"Tahmini okuma s\u00fcresi\" \/>\n\t<meta name=\"twitter:data2\" content=\"1 dakika\" \/>\n<script type=\"application\/ld+json\" class=\"yoast-schema-graph\">{\"@context\":\"https:\/\/schema.org\",\"@graph\":[{\"@type\":\"WebPage\",\"@id\":\"https:\/\/shiawaves.com\/turkish\/2026\/04\/28\/sekiz-yasinda-bir-cocugun-nangarharda-bogulmasi-afganistanin-kirsal-bolgelerinde-uzucu-olaylarin-devami\/\",\"url\":\"https:\/\/shiawaves.com\/turkish\/2026\/04\/28\/sekiz-yasinda-bir-cocugun-nangarharda-bogulmasi-afganistanin-kirsal-bolgelerinde-uzucu-olaylarin-devami\/\",\"name\":\"Sekiz Ya\u015f\u0131nda Bir \u00c7ocu\u011fun Nangarhar'da Bo\u011fulmas\u0131; Afganistan'\u0131n K\u0131rsal B\u00f6lgelerinde \u00dcz\u00fcc\u00fc Olaylar\u0131n Devam\u0131 - ShiaWaves Turkish - \u015eia Haberleri\",\"isPartOf\":{\"@id\":\"https:\/\/shiawaves.com\/turkish\/#website\"},\"primaryImageOfPage\":{\"@id\":\"https:\/\/shiawaves.com\/turkish\/2026\/04\/28\/sekiz-yasinda-bir-cocugun-nangarharda-bogulmasi-afganistanin-kirsal-bolgelerinde-uzucu-olaylarin-devami\/#primaryimage\"},\"image\":{\"@id\":\"https:\/\/shiawaves.com\/turkish\/2026\/04\/28\/sekiz-yasinda-bir-cocugun-nangarharda-bogulmasi-afganistanin-kirsal-bolgelerinde-uzucu-olaylarin-devami\/#primaryimage\"},\"thumbnailUrl\":\"https:\/\/shiawaves.com\/turkish\/wp-content\/uploads\/sites\/6\/2026\/04\/file_3173.jpg\",\"datePublished\":\"2026-04-28T10:30:25+00:00\",\"dateModified\":\"2026-04-28T10:30:25+00:00\",\"author\":{\"@id\":\"https:\/\/shiawaves.com\/turkish\/#\/schema\/person\/9f68d5023e948086b9348fba5aebd954\"},\"breadcrumb\":{\"@id\":\"https:\/\/shiawaves.com\/turkish\/2026\/04\/28\/sekiz-yasinda-bir-cocugun-nangarharda-bogulmasi-afganistanin-kirsal-bolgelerinde-uzucu-olaylarin-devami\/#breadcrumb\"},\"inLanguage\":\"tr\",\"potentialAction\":[{\"@type\":\"ReadAction\",\"target\":[\"https:\/\/shiawaves.com\/turkish\/2026\/04\/28\/sekiz-yasinda-bir-cocugun-nangarharda-bogulmasi-afganistanin-kirsal-bolgelerinde-uzucu-olaylarin-devami\/\"]}]},{\"@type\":\"ImageObject\",\"inLanguage\":\"tr\",\"@id\":\"https:\/\/shiawaves.com\/turkish\/2026\/04\/28\/sekiz-yasinda-bir-cocugun-nangarharda-bogulmasi-afganistanin-kirsal-bolgelerinde-uzucu-olaylarin-devami\/#primaryimage\",\"url\":\"https:\/\/shiawaves.com\/turkish\/wp-content\/uploads\/sites\/6\/2026\/04\/file_3173.jpg\",\"contentUrl\":\"https:\/\/shiawaves.com\/turkish\/wp-content\/uploads\/sites\/6\/2026\/04\/file_3173.jpg\",\"width\":1200,\"height\":628},{\"@type\":\"BreadcrumbList\",\"@id\":\"https:\/\/shiawaves.com\/turkish\/2026\/04\/28\/sekiz-yasinda-bir-cocugun-nangarharda-bogulmasi-afganistanin-kirsal-bolgelerinde-uzucu-olaylarin-devami\/#breadcrumb\",\"itemListElement\":[{\"@type\":\"ListItem\",\"position\":1,\"name\":\"Home\",\"item\":\"https:\/\/shiawaves.com\/turkish\/\"},{\"@type\":\"ListItem\",\"position\":2,\"name\":\"Sekiz Ya\u015f\u0131nda Bir \u00c7ocu\u011fun Nangarhar&#8217;da Bo\u011fulmas\u0131; Afganistan&#8217;\u0131n K\u0131rsal B\u00f6lgelerinde \u00dcz\u00fcc\u00fc Olaylar\u0131n Devam\u0131\"}]},{\"@type\":\"WebSite\",\"@id\":\"https:\/\/shiawaves.com\/turkish\/#website\",\"url\":\"https:\/\/shiawaves.com\/turkish\/\",\"name\":\"ShiaWaves Turkish - \u015eia Haberleri\",\"description\":\"\",\"potentialAction\":[{\"@type\":\"SearchAction\",\"target\":{\"@type\":\"EntryPoint\",\"urlTemplate\":\"https:\/\/shiawaves.com\/turkish\/?s={search_term_string}\"},\"query-input\":{\"@type\":\"PropertyValueSpecification\",\"valueRequired\":true,\"valueName\":\"search_term_string\"}}],\"inLanguage\":\"tr\"},{\"@type\":\"Person\",\"@id\":\"https:\/\/shiawaves.com\/turkish\/#\/schema\/person\/9f68d5023e948086b9348fba5aebd954\",\"name\":\"modir\",\"image\":{\"@type\":\"ImageObject\",\"inLanguage\":\"tr\",\"@id\":\"https:\/\/shiawaves.com\/turkish\/#\/schema\/person\/image\/\",\"url\":\"https:\/\/secure.gravatar.com\/avatar\/8e76f93cdbdd480bd8918d1e0e1d938664c9cb1516c2a57a2b96fe50b507a6b9?s=96&d=mm&r=g\",\"contentUrl\":\"https:\/\/secure.gravatar.com\/avatar\/8e76f93cdbdd480bd8918d1e0e1d938664c9cb1516c2a57a2b96fe50b507a6b9?s=96&d=mm&r=g\",\"caption\":\"modir\"},\"sameAs\":[\"https:\/\/shiawaves.com\"],\"url\":\"https:\/\/shiawaves.com\/turkish\/author\/modir\/\"}]}<\/script>\n<!-- \/ Yoast SEO plugin. -->","yoast_head_json":{"title":"Sekiz Ya\u015f\u0131nda Bir \u00c7ocu\u011fun Nangarhar'da Bo\u011fulmas\u0131; Afganistan'\u0131n K\u0131rsal B\u00f6lgelerinde \u00dcz\u00fcc\u00fc Olaylar\u0131n Devam\u0131 - ShiaWaves Turkish - \u015eia Haberleri","robots":{"index":"index","follow":"follow","max-snippet":"max-snippet:-1","max-image-preview":"max-image-preview:large","max-video-preview":"max-video-preview:-1"},"canonical":"https:\/\/shiawaves.com\/turkish\/2026\/04\/28\/sekiz-yasinda-bir-cocugun-nangarharda-bogulmasi-afganistanin-kirsal-bolgelerinde-uzucu-olaylarin-devami\/","og_locale":"tr_TR","og_type":"article","og_title":"Sekiz Ya\u015f\u0131nda Bir \u00c7ocu\u011fun Nangarhar'da Bo\u011fulmas\u0131; Afganistan'\u0131n K\u0131rsal B\u00f6lgelerinde \u00dcz\u00fcc\u00fc Olaylar\u0131n Devam\u0131 - ShiaWaves Turkish - \u015eia Haberleri","og_description":"Sekiz Ya\u015f\u0131nda Bir \u00c7ocu\u011fun Nangarhar&#8217;da Bo\u011fulmas\u0131; Afganistan&#8217;\u0131n K\u0131rsal B\u00f6lgelerinde \u00dcz\u00fcc\u00fc Olaylar\u0131n Devam\u0131 Nangarhar vilayetinin Bati Kot il\u00e7esinde sekiz ya\u015f\u0131nda bir \u00e7ocuk, bo\u011fulma sonucu hayat\u0131n\u0131 kaybetti. Bu olay, k\u0131rsal b\u00f6lgelerdeki g\u00fcvenlik altyap\u0131s\u0131n\u0131n zay\u0131fl\u0131\u011f\u0131n\u0131 bir kez daha g\u00f6zler \u00f6n\u00fcne serdi. 8Sobh, Kabil gazetesi raporuna g\u00f6re, bu olay &#8220;Hicretabad&#8221; k\u00f6y\u00fcnde meydana geldi ve cesedin aileye teslim edilmesi i\u00e7in &hellip;","og_url":"https:\/\/shiawaves.com\/turkish\/2026\/04\/28\/sekiz-yasinda-bir-cocugun-nangarharda-bogulmasi-afganistanin-kirsal-bolgelerinde-uzucu-olaylarin-devami\/","og_site_name":"ShiaWaves Turkish - \u015eia Haberleri","article_published_time":"2026-04-28T10:30:25+00:00","author":"modir","twitter_card":"summary_large_image","twitter_misc":{"Yazan:":"modir","Tahmini okuma s\u00fcresi":"1 dakika"},"schema":{"@context":"https:\/\/schema.org","@graph":[{"@type":"WebPage","@id":"https:\/\/shiawaves.com\/turkish\/2026\/04\/28\/sekiz-yasinda-bir-cocugun-nangarharda-bogulmasi-afganistanin-kirsal-bolgelerinde-uzucu-olaylarin-devami\/","url":"https:\/\/shiawaves.com\/turkish\/2026\/04\/28\/sekiz-yasinda-bir-cocugun-nangarharda-bogulmasi-afganistanin-kirsal-bolgelerinde-uzucu-olaylarin-devami\/","name":"Sekiz Ya\u015f\u0131nda Bir \u00c7ocu\u011fun Nangarhar'da Bo\u011fulmas\u0131; Afganistan'\u0131n K\u0131rsal B\u00f6lgelerinde \u00dcz\u00fcc\u00fc Olaylar\u0131n Devam\u0131 - ShiaWaves Turkish - \u015eia Haberleri","isPartOf":{"@id":"https:\/\/shiawaves.com\/turkish\/#website"},"primaryImageOfPage":{"@id":"https:\/\/shiawaves.com\/turkish\/2026\/04\/28\/sekiz-yasinda-bir-cocugun-nangarharda-bogulmasi-afganistanin-kirsal-bolgelerinde-uzucu-olaylarin-devami\/#primaryimage"},"image":{"@id":"https:\/\/shiawaves.com\/turkish\/2026\/04\/28\/sekiz-yasinda-bir-cocugun-nangarharda-bogulmasi-afganistanin-kirsal-bolgelerinde-uzucu-olaylarin-devami\/#primaryimage"},"thumbnailUrl":"https:\/\/shiawaves.com\/turkish\/wp-content\/uploads\/sites\/6\/2026\/04\/file_3173.jpg","datePublished":"2026-04-28T10:30:25+00:00","dateModified":"2026-04-28T10:30:25+00:00","author":{"@id":"https:\/\/shiawaves.com\/turkish\/#\/schema\/person\/9f68d5023e948086b9348fba5aebd954"},"breadcrumb":{"@id":"https:\/\/shiawaves.com\/turkish\/2026\/04\/28\/sekiz-yasinda-bir-cocugun-nangarharda-bogulmasi-afganistanin-kirsal-bolgelerinde-uzucu-olaylarin-devami\/#breadcrumb"},"inLanguage":"tr","potentialAction":[{"@type":"ReadAction","target":["https:\/\/shiawaves.com\/turkish\/2026\/04\/28\/sekiz-yasinda-bir-cocugun-nangarharda-bogulmasi-afganistanin-kirsal-bolgelerinde-uzucu-olaylarin-devami\/"]}]},{"@type":"ImageObject","inLanguage":"tr","@id":"https:\/\/shiawaves.com\/turkish\/2026\/04\/28\/sekiz-yasinda-bir-cocugun-nangarharda-bogulmasi-afganistanin-kirsal-bolgelerinde-uzucu-olaylarin-devami\/#primaryimage","url":"https:\/\/shiawaves.com\/turkish\/wp-content\/uploads\/sites\/6\/2026\/04\/file_3173.jpg","contentUrl":"https:\/\/shiawaves.com\/turkish\/wp-content\/uploads\/sites\/6\/2026\/04\/file_3173.jpg","width":1200,"height":628},{"@type":"BreadcrumbList","@id":"https:\/\/shiawaves.com\/turkish\/2026\/04\/28\/sekiz-yasinda-bir-cocugun-nangarharda-bogulmasi-afganistanin-kirsal-bolgelerinde-uzucu-olaylarin-devami\/#breadcrumb","itemListElement":[{"@type":"ListItem","position":1,"name":"Home","item":"https:\/\/shiawaves.com\/turkish\/"},{"@type":"ListItem","position":2,"name":"Sekiz Ya\u015f\u0131nda Bir \u00c7ocu\u011fun Nangarhar&#8217;da Bo\u011fulmas\u0131; Afganistan&#8217;\u0131n K\u0131rsal B\u00f6lgelerinde \u00dcz\u00fcc\u00fc Olaylar\u0131n Devam\u0131"}]},{"@type":"WebSite","@id":"https:\/\/shiawaves.com\/turkish\/#website","url":"https:\/\/shiawaves.com\/turkish\/","name":"ShiaWaves Turkish - \u015eia Haberleri","description":"","potentialAction":[{"@type":"SearchAction","target":{"@type":"EntryPoint","urlTemplate":"https:\/\/shiawaves.com\/turkish\/?s={search_term_string}"},"query-input":{"@type":"PropertyValueSpecification","valueRequired":true,"valueName":"search_term_string"}}],"inLanguage":"tr"},{"@type":"Person","@id":"https:\/\/shiawaves.com\/turkish\/#\/schema\/person\/9f68d5023e948086b9348fba5aebd954","name":"modir","image":{"@type":"ImageObject","inLanguage":"tr","@id":"https:\/\/shiawaves.com\/turkish\/#\/schema\/person\/image\/","url":"https:\/\/secure.gravatar.com\/avatar\/8e76f93cdbdd480bd8918d1e0e1d938664c9cb1516c2a57a2b96fe50b507a6b9?s=96&d=mm&r=g","contentUrl":"https:\/\/secure.gravatar.com\/avatar\/8e76f93cdbdd480bd8918d1e0e1d938664c9cb1516c2a57a2b96fe50b507a6b9?s=96&d=mm&r=g","caption":"modir"},"sameAs":["https:\/\/shiawaves.com"],"url":"https:\/\/shiawaves.com\/turkish\/author\/modir\/"}]}},"_links":{"self":[{"href":"https:\/\/shiawaves.com\/turkish\/wp-json\/wp\/v2\/posts\/120416","targetHints":{"allow":["GET"]}}],"collection":[{"href":"https:\/\/shiawaves.com\/turkish\/wp-json\/wp\/v2\/posts"}],"about":[{"href":"https:\/\/shiawaves.com\/turkish\/wp-json\/wp\/v2\/types\/post"}],"author":[{"embeddable":true,"href":"https:\/\/shiawaves.com\/turkish\/wp-json\/wp\/v2\/users\/1"}],"replies":[{"embeddable":true,"href":"https:\/\/shiawaves.com\/turkish\/wp-json\/wp\/v2\/comments?post=120416"}],"version-history":[{"count":0,"href":"https:\/\/shiawaves.com\/turkish\/wp-json\/wp\/v2\/posts\/120416\/revisions"}],"wp:featuredmedia":[{"embeddable":true,"href":"https:\/\/shiawaves.com\/turkish\/wp-json\/wp\/v2\/media\/120415"}],"wp:attachment":[{"href":"https:\/\/shiawaves.com\/turkish\/wp-json\/wp\/v2\/media?parent=120416"}],"wp:term":[{"taxonomy":"category","embeddable":true,"href":"https:\/\/shiawaves.com\/turkish\/wp-json\/wp\/v2\/categories?post=120416"},{"taxonomy":"post_tag","embeddable":true,"href":"https:\/\/shiawaves.com\/turkish\/wp-json\/wp\/v2\/tags?post=120416"}],"curies":[{"name":"wp","href":"https:\/\/api.w.org\/{rel}","templated":true}]}}