{"id":120410,"date":"2026-04-27T14:00:24","date_gmt":"2026-04-27T11:00:24","guid":{"rendered":"https:\/\/shiawaves.com\/turkish\/2026\/04\/27\/kandaharda-nufuzlu-bir-kisiligin-tutuklanmasinin-ardindan-talibanin-ic-catlaklari-ortaya-cikti-ve-afganistanin-iktidar-yapisinda-guc-rekabeti-siddetlendi\/"},"modified":"2026-04-27T14:00:24","modified_gmt":"2026-04-27T11:00:24","slug":"kandaharda-nufuzlu-bir-kisiligin-tutuklanmasinin-ardindan-talibanin-ic-catlaklari-ortaya-cikti-ve-afganistanin-iktidar-yapisinda-guc-rekabeti-siddetlendi","status":"publish","type":"post","link":"https:\/\/shiawaves.com\/turkish\/2026\/04\/27\/kandaharda-nufuzlu-bir-kisiligin-tutuklanmasinin-ardindan-talibanin-ic-catlaklari-ortaya-cikti-ve-afganistanin-iktidar-yapisinda-guc-rekabeti-siddetlendi\/","title":{"rendered":"Kandahar\u2019da n\u00fcfuzlu bir ki\u015fili\u011fin tutuklanmas\u0131n\u0131n ard\u0131ndan Taliban\u2019\u0131n i\u00e7 \u00e7atlaklar\u0131 ortaya \u00e7\u0131kt\u0131 ve Afganistan\u2019\u0131n iktidar yap\u0131s\u0131nda g\u00fc\u00e7 rekabeti \u015fiddetlendi."},"content":{"rendered":"<p>Kandahar\u2019da n\u00fcfuzlu bir ki\u015fili\u011fin tutuklanmas\u0131n\u0131n ard\u0131ndan Taliban\u2019\u0131n i\u00e7 \u00e7atlaklar\u0131 ortaya \u00e7\u0131kt\u0131 ve Afganistan\u2019\u0131n iktidar yap\u0131s\u0131nda g\u00fc\u00e7 rekabeti \u015fiddetlendi.<\/p>\n<p>Kandahar vilayetinde Taliban yap\u0131s\u0131n\u0131n en etkili isimlerinden birinin tutuklanmas\u0131, bu gruptaki i\u00e7 \u00e7atlaklar ve siyasi anla\u015fmazl\u0131klar konusunu tekrar g\u00fcndeme getirdi.<\/p>\n<p>Bu olay, h\u00fck\u00fcmetin nas\u0131l y\u00f6netilece\u011fi ve g\u00fc\u00e7 payla\u015f\u0131m\u0131 konular\u0131nda \u00e7e\u015fitli ak\u0131mlar aras\u0131ndaki rekabetin artt\u0131\u011f\u0131 bir d\u00f6nemde ger\u00e7ekle\u015fiyor ve Taliban\u2019\u0131n i\u00e7 dinamiklerinin gelece\u011fine dair bak\u0131\u015flar\u0131 \u00fczerine \u00e7ekiyor.<\/p>\n<p>\ud83d\udc48 Meslekta\u015f\u0131m\u0131n bu konuda haz\u0131rlad\u0131\u011f\u0131 raporu \u015fimdi g\u00f6relim: \ud83d\udc49<\/p>\n<p>Kandahar vilayetinde Taliban yap\u0131s\u0131n\u0131n en etkili isimlerinden birinin tutuklanmas\u0131, bu gruptaki i\u00e7 \u00e7atlaklar ve siyasi anla\u015fmazl\u0131klar konusunu tekrar g\u00f6zler \u00f6n\u00fcne serdi.<\/p>\n<p>Molla Muttasim Agha Jan, Taliban\u2019\u0131n eski ve etkili \u00fcyelerinden biridir ve Taliban\u2019\u0131n ilk h\u00fck\u00fcmetinde (1375&#8217;ten 1380&#8217;e kadar) Maliye Bakan\u0131 olarak g\u00f6rev yapm\u0131\u015ft\u0131r. 1380\u2019de Taliban\u2019\u0131n iktidardan d\u00fc\u015fmesinin ard\u0131ndan, \u201cKetta \u015euras\u0131\u201dn\u0131n siyasi komitesinin ba\u015fkanl\u0131\u011f\u0131n\u0131 yapm\u0131\u015ft\u0131r.<\/p>\n<p>O, Taliban\u2019\u0131n kurucusu Molla \u00d6mer\u2019in ailesiyle yak\u0131n ili\u015fkiler kurmu\u015f ve nispeten \u0131l\u0131ml\u0131 bir fig\u00fcr olarak bilinmektedir.<\/p>\n<p>Molla Agha Jan\u2019\u0131n Taliban liderli\u011fiyle aras\u0131ndaki anla\u015fmazl\u0131k, Hamed Karzai h\u00fck\u00fcmetiyle bar\u0131\u015f g\u00f6r\u00fc\u015fmeleri konusunun g\u00fcndeme geldi\u011fi d\u00f6nemde ba\u015flam\u0131\u015ft\u0131r.<\/p>\n<p>Molla Muttasim Agha Jan, 1390 y\u0131l\u0131nda Pakistan\u2019da bir suikaste hedef olmu\u015f ve baz\u0131 kaynaklar bunu Taliban liderli\u011fine atfetmi\u015ftir.<\/p>\n<p>Molla Agha Jan\u2019\u0131n tutuklanmas\u0131n\u0131n sebebi, Afganistan ve Pakistan dini bilginleri aras\u0131nda ba\u011f\u0131ms\u0131z bir i\u015fbirli\u011fi yap\u0131s\u0131 kurma te\u015febb\u00fcs\u00fc su\u00e7lamas\u0131d\u0131r.<\/p>\n<p>Bu olay, h\u00fck\u00fcmetin nas\u0131l y\u00f6netilece\u011fi ve g\u00fc\u00e7 payla\u015f\u0131m\u0131n\u0131n derecesi konular\u0131nda \u00e7e\u015fitli ak\u0131mlar aras\u0131ndaki rekabetin artt\u0131\u011f\u0131 bir d\u00f6nemde ger\u00e7ekle\u015fiyor ve Taliban\u2019\u0131n i\u00e7 dinamiklerinin gelece\u011fine dair bak\u0131\u015flar\u0131 \u00fczerine \u00e7ekiyor.<\/p>\n<p>Islam Times\u2019a g\u00f6re, Taliban\u2019\u0131n Kandahar\u2019daki eski liderlerinden birinin tutukland\u0131\u011f\u0131na dair do\u011frulanmam\u0131\u015f haberlerin yay\u0131lmas\u0131, bu grubun siyasi ortam\u0131n\u0131 etkilerken, Kandahar ve Kabil kanatlar\u0131 aras\u0131nda \u00e7atlaklar var oldu\u011funa dair spek\u00fclasyonlar\u0131 art\u0131rm\u0131\u015ft\u0131r.<\/p>\n<p>Bu medya kurulu\u015fu, mevcut anla\u015fmazl\u0131klar\u0131n, \u00fcst d\u00fczey liderler aras\u0131nda y\u00f6netim tarz\u0131 ve g\u00fc\u00e7 payla\u015f\u0131m\u0131n\u0131n derecesi konusunda ya\u015fand\u0131\u011f\u0131n\u0131 belirtmi\u015ftir.<\/p>\n<p>Bu ki\u015finin tutuklanmas\u0131n\u0131n ard\u0131ndaki gerek\u00e7elerden biri, Taliban liderli\u011finin resm\u00ee \u00e7er\u00e7evenin d\u0131\u015f\u0131ndaki ba\u011f\u0131ms\u0131z siyasi ve dini faaliyetlere kar\u015f\u0131 duydu\u011fu hassasiyet olarak g\u00f6sterilmektedir.<\/p>\n<p>Ba\u011f\u0131ms\u0131z b\u00f6lgesel i\u015fbirlikleri veya paralel yap\u0131lar kurman\u0131n, bu grup taraf\u0131ndan i\u00e7 b\u00fct\u00fcnl\u00fc\u011fe y\u00f6nelik bir tehdit olarak alg\u0131land\u0131\u011f\u0131 s\u00f6ylenmektedir.<\/p>\n<p>Uzmanlar, bu olay\u0131n, i\u00e7 rekabetin artt\u0131\u011f\u0131n\u0131n ve liderlik d\u00fczeyinde daha fazla g\u00fc\u00e7 odaklanma \u00e7abalar\u0131n\u0131n g\u00f6stergesi oldu\u011funu d\u00fc\u015f\u00fcnmektedir; bu durum gelecekte bu grubun i\u00e7 ve d\u0131\u015f ili\u015fkilerini de etkileyebilir.<\/p>\n<p>Bu \u015fartlar alt\u0131nda, baz\u0131 g\u00f6zlemciler, bu anla\u015fmazl\u0131klar\u0131n s\u00fcrmesinin Kabil\u2019deki siyasi karar alma s\u00fcre\u00e7lerini daha da karma\u015f\u0131kla\u015ft\u0131rabilece\u011fi ve iktidar yap\u0131s\u0131n\u0131n i\u00e7 istikrar\u0131n\u0131 etkileyebilece\u011fine inanmaktad\u0131rlar.<\/p>\n","protected":false},"excerpt":{"rendered":"<p>Kandahar\u2019da n\u00fcfuzlu bir ki\u015fili\u011fin tutuklanmas\u0131n\u0131n ard\u0131ndan Taliban\u2019\u0131n i\u00e7 \u00e7atlaklar\u0131 ortaya \u00e7\u0131kt\u0131 ve Afganistan\u2019\u0131n iktidar yap\u0131s\u0131nda g\u00fc\u00e7 rekabeti \u015fiddetlendi. Kandahar vilayetinde Taliban yap\u0131s\u0131n\u0131n en etkili isimlerinden birinin tutuklanmas\u0131, bu gruptaki i\u00e7 \u00e7atlaklar ve siyasi anla\u015fmazl\u0131klar konusunu tekrar g\u00fcndeme getirdi. Bu olay, h\u00fck\u00fcmetin nas\u0131l y\u00f6netilece\u011fi ve g\u00fc\u00e7 payla\u015f\u0131m\u0131 konular\u0131nda \u00e7e\u015fitli ak\u0131mlar aras\u0131ndaki rekabetin artt\u0131\u011f\u0131 bir d\u00f6nemde ger\u00e7ekle\u015fiyor &hellip;<\/p>\n","protected":false},"author":1,"featured_media":120409,"comment_status":"open","ping_status":"open","sticky":false,"template":"","format":"standard","meta":{"rop_custom_images_group":[],"rop_custom_messages_group":[],"rop_publish_now":"initial","rop_publish_now_accounts":[],"rop_publish_now_history":[],"rop_publish_now_status":"pending","footnotes":""},"categories":[8],"tags":[],"class_list":["post-120410","post","type-post","status-publish","format-standard","has-post-thumbnail","hentry","category-afghanistan"],"_wp_page_template":null,"_wp_attached_file":null,"_wp_attachment_metadata":null,"_edit_lock":null,"yoast_head":"<!-- This site is optimized with the Yoast SEO plugin v24.3 - https:\/\/yoast.com\/wordpress\/plugins\/seo\/ -->\n<title>Kandahar\u2019da n\u00fcfuzlu bir ki\u015fili\u011fin tutuklanmas\u0131n\u0131n ard\u0131ndan Taliban\u2019\u0131n i\u00e7 \u00e7atlaklar\u0131 ortaya \u00e7\u0131kt\u0131 ve Afganistan\u2019\u0131n iktidar yap\u0131s\u0131nda g\u00fc\u00e7 rekabeti \u015fiddetlendi. - ShiaWaves Turkish - \u015eia Haberleri<\/title>\n<meta name=\"robots\" content=\"index, follow, max-snippet:-1, max-image-preview:large, max-video-preview:-1\" \/>\n<link rel=\"canonical\" href=\"https:\/\/shiawaves.com\/turkish\/2026\/04\/27\/kandaharda-nufuzlu-bir-kisiligin-tutuklanmasinin-ardindan-talibanin-ic-catlaklari-ortaya-cikti-ve-afganistanin-iktidar-yapisinda-guc-rekabeti-siddetlendi\/\" \/>\n<meta property=\"og:locale\" content=\"tr_TR\" \/>\n<meta property=\"og:type\" content=\"article\" \/>\n<meta property=\"og:title\" content=\"Kandahar\u2019da n\u00fcfuzlu bir ki\u015fili\u011fin tutuklanmas\u0131n\u0131n ard\u0131ndan Taliban\u2019\u0131n i\u00e7 \u00e7atlaklar\u0131 ortaya \u00e7\u0131kt\u0131 ve Afganistan\u2019\u0131n iktidar yap\u0131s\u0131nda g\u00fc\u00e7 rekabeti \u015fiddetlendi. - ShiaWaves Turkish - \u015eia Haberleri\" \/>\n<meta property=\"og:description\" content=\"Kandahar\u2019da n\u00fcfuzlu bir ki\u015fili\u011fin tutuklanmas\u0131n\u0131n ard\u0131ndan Taliban\u2019\u0131n i\u00e7 \u00e7atlaklar\u0131 ortaya \u00e7\u0131kt\u0131 ve Afganistan\u2019\u0131n iktidar yap\u0131s\u0131nda g\u00fc\u00e7 rekabeti \u015fiddetlendi. Kandahar vilayetinde Taliban yap\u0131s\u0131n\u0131n en etkili isimlerinden birinin tutuklanmas\u0131, bu gruptaki i\u00e7 \u00e7atlaklar ve siyasi anla\u015fmazl\u0131klar konusunu tekrar g\u00fcndeme getirdi. Bu olay, h\u00fck\u00fcmetin nas\u0131l y\u00f6netilece\u011fi ve g\u00fc\u00e7 payla\u015f\u0131m\u0131 konular\u0131nda \u00e7e\u015fitli ak\u0131mlar aras\u0131ndaki rekabetin artt\u0131\u011f\u0131 bir d\u00f6nemde ger\u00e7ekle\u015fiyor &hellip;\" \/>\n<meta property=\"og:url\" content=\"https:\/\/shiawaves.com\/turkish\/2026\/04\/27\/kandaharda-nufuzlu-bir-kisiligin-tutuklanmasinin-ardindan-talibanin-ic-catlaklari-ortaya-cikti-ve-afganistanin-iktidar-yapisinda-guc-rekabeti-siddetlendi\/\" \/>\n<meta property=\"og:site_name\" content=\"ShiaWaves Turkish - \u015eia Haberleri\" \/>\n<meta property=\"article:published_time\" content=\"2026-04-27T11:00:24+00:00\" \/>\n<meta name=\"author\" content=\"modir\" \/>\n<meta name=\"twitter:card\" content=\"summary_large_image\" \/>\n<meta name=\"twitter:label1\" content=\"Yazan:\" \/>\n\t<meta name=\"twitter:data1\" content=\"modir\" \/>\n\t<meta name=\"twitter:label2\" content=\"Tahmini okuma s\u00fcresi\" \/>\n\t<meta name=\"twitter:data2\" content=\"3 dakika\" \/>\n<script type=\"application\/ld+json\" class=\"yoast-schema-graph\">{\"@context\":\"https:\/\/schema.org\",\"@graph\":[{\"@type\":\"WebPage\",\"@id\":\"https:\/\/shiawaves.com\/turkish\/2026\/04\/27\/kandaharda-nufuzlu-bir-kisiligin-tutuklanmasinin-ardindan-talibanin-ic-catlaklari-ortaya-cikti-ve-afganistanin-iktidar-yapisinda-guc-rekabeti-siddetlendi\/\",\"url\":\"https:\/\/shiawaves.com\/turkish\/2026\/04\/27\/kandaharda-nufuzlu-bir-kisiligin-tutuklanmasinin-ardindan-talibanin-ic-catlaklari-ortaya-cikti-ve-afganistanin-iktidar-yapisinda-guc-rekabeti-siddetlendi\/\",\"name\":\"Kandahar\u2019da n\u00fcfuzlu bir ki\u015fili\u011fin tutuklanmas\u0131n\u0131n ard\u0131ndan Taliban\u2019\u0131n i\u00e7 \u00e7atlaklar\u0131 ortaya \u00e7\u0131kt\u0131 ve Afganistan\u2019\u0131n iktidar yap\u0131s\u0131nda g\u00fc\u00e7 rekabeti \u015fiddetlendi. - ShiaWaves Turkish - \u015eia Haberleri\",\"isPartOf\":{\"@id\":\"https:\/\/shiawaves.com\/turkish\/#website\"},\"primaryImageOfPage\":{\"@id\":\"https:\/\/shiawaves.com\/turkish\/2026\/04\/27\/kandaharda-nufuzlu-bir-kisiligin-tutuklanmasinin-ardindan-talibanin-ic-catlaklari-ortaya-cikti-ve-afganistanin-iktidar-yapisinda-guc-rekabeti-siddetlendi\/#primaryimage\"},\"image\":{\"@id\":\"https:\/\/shiawaves.com\/turkish\/2026\/04\/27\/kandaharda-nufuzlu-bir-kisiligin-tutuklanmasinin-ardindan-talibanin-ic-catlaklari-ortaya-cikti-ve-afganistanin-iktidar-yapisinda-guc-rekabeti-siddetlendi\/#primaryimage\"},\"thumbnailUrl\":\"https:\/\/shiawaves.com\/turkish\/wp-content\/uploads\/sites\/6\/2026\/04\/file_3170.jpg\",\"datePublished\":\"2026-04-27T11:00:24+00:00\",\"dateModified\":\"2026-04-27T11:00:24+00:00\",\"author\":{\"@id\":\"https:\/\/shiawaves.com\/turkish\/#\/schema\/person\/9f68d5023e948086b9348fba5aebd954\"},\"breadcrumb\":{\"@id\":\"https:\/\/shiawaves.com\/turkish\/2026\/04\/27\/kandaharda-nufuzlu-bir-kisiligin-tutuklanmasinin-ardindan-talibanin-ic-catlaklari-ortaya-cikti-ve-afganistanin-iktidar-yapisinda-guc-rekabeti-siddetlendi\/#breadcrumb\"},\"inLanguage\":\"tr\",\"potentialAction\":[{\"@type\":\"ReadAction\",\"target\":[\"https:\/\/shiawaves.com\/turkish\/2026\/04\/27\/kandaharda-nufuzlu-bir-kisiligin-tutuklanmasinin-ardindan-talibanin-ic-catlaklari-ortaya-cikti-ve-afganistanin-iktidar-yapisinda-guc-rekabeti-siddetlendi\/\"]}]},{\"@type\":\"ImageObject\",\"inLanguage\":\"tr\",\"@id\":\"https:\/\/shiawaves.com\/turkish\/2026\/04\/27\/kandaharda-nufuzlu-bir-kisiligin-tutuklanmasinin-ardindan-talibanin-ic-catlaklari-ortaya-cikti-ve-afganistanin-iktidar-yapisinda-guc-rekabeti-siddetlendi\/#primaryimage\",\"url\":\"https:\/\/shiawaves.com\/turkish\/wp-content\/uploads\/sites\/6\/2026\/04\/file_3170.jpg\",\"contentUrl\":\"https:\/\/shiawaves.com\/turkish\/wp-content\/uploads\/sites\/6\/2026\/04\/file_3170.jpg\",\"width\":800,\"height\":575},{\"@type\":\"BreadcrumbList\",\"@id\":\"https:\/\/shiawaves.com\/turkish\/2026\/04\/27\/kandaharda-nufuzlu-bir-kisiligin-tutuklanmasinin-ardindan-talibanin-ic-catlaklari-ortaya-cikti-ve-afganistanin-iktidar-yapisinda-guc-rekabeti-siddetlendi\/#breadcrumb\",\"itemListElement\":[{\"@type\":\"ListItem\",\"position\":1,\"name\":\"Home\",\"item\":\"https:\/\/shiawaves.com\/turkish\/\"},{\"@type\":\"ListItem\",\"position\":2,\"name\":\"Kandahar\u2019da n\u00fcfuzlu bir ki\u015fili\u011fin tutuklanmas\u0131n\u0131n ard\u0131ndan Taliban\u2019\u0131n i\u00e7 \u00e7atlaklar\u0131 ortaya \u00e7\u0131kt\u0131 ve Afganistan\u2019\u0131n iktidar yap\u0131s\u0131nda g\u00fc\u00e7 rekabeti \u015fiddetlendi.\"}]},{\"@type\":\"WebSite\",\"@id\":\"https:\/\/shiawaves.com\/turkish\/#website\",\"url\":\"https:\/\/shiawaves.com\/turkish\/\",\"name\":\"ShiaWaves Turkish - \u015eia Haberleri\",\"description\":\"\",\"potentialAction\":[{\"@type\":\"SearchAction\",\"target\":{\"@type\":\"EntryPoint\",\"urlTemplate\":\"https:\/\/shiawaves.com\/turkish\/?s={search_term_string}\"},\"query-input\":{\"@type\":\"PropertyValueSpecification\",\"valueRequired\":true,\"valueName\":\"search_term_string\"}}],\"inLanguage\":\"tr\"},{\"@type\":\"Person\",\"@id\":\"https:\/\/shiawaves.com\/turkish\/#\/schema\/person\/9f68d5023e948086b9348fba5aebd954\",\"name\":\"modir\",\"image\":{\"@type\":\"ImageObject\",\"inLanguage\":\"tr\",\"@id\":\"https:\/\/shiawaves.com\/turkish\/#\/schema\/person\/image\/\",\"url\":\"https:\/\/secure.gravatar.com\/avatar\/8e76f93cdbdd480bd8918d1e0e1d938664c9cb1516c2a57a2b96fe50b507a6b9?s=96&d=mm&r=g\",\"contentUrl\":\"https:\/\/secure.gravatar.com\/avatar\/8e76f93cdbdd480bd8918d1e0e1d938664c9cb1516c2a57a2b96fe50b507a6b9?s=96&d=mm&r=g\",\"caption\":\"modir\"},\"sameAs\":[\"https:\/\/shiawaves.com\"],\"url\":\"https:\/\/shiawaves.com\/turkish\/author\/modir\/\"}]}<\/script>\n<!-- \/ Yoast SEO plugin. -->","yoast_head_json":{"title":"Kandahar\u2019da n\u00fcfuzlu bir ki\u015fili\u011fin tutuklanmas\u0131n\u0131n ard\u0131ndan Taliban\u2019\u0131n i\u00e7 \u00e7atlaklar\u0131 ortaya \u00e7\u0131kt\u0131 ve Afganistan\u2019\u0131n iktidar yap\u0131s\u0131nda g\u00fc\u00e7 rekabeti \u015fiddetlendi. - ShiaWaves Turkish - \u015eia Haberleri","robots":{"index":"index","follow":"follow","max-snippet":"max-snippet:-1","max-image-preview":"max-image-preview:large","max-video-preview":"max-video-preview:-1"},"canonical":"https:\/\/shiawaves.com\/turkish\/2026\/04\/27\/kandaharda-nufuzlu-bir-kisiligin-tutuklanmasinin-ardindan-talibanin-ic-catlaklari-ortaya-cikti-ve-afganistanin-iktidar-yapisinda-guc-rekabeti-siddetlendi\/","og_locale":"tr_TR","og_type":"article","og_title":"Kandahar\u2019da n\u00fcfuzlu bir ki\u015fili\u011fin tutuklanmas\u0131n\u0131n ard\u0131ndan Taliban\u2019\u0131n i\u00e7 \u00e7atlaklar\u0131 ortaya \u00e7\u0131kt\u0131 ve Afganistan\u2019\u0131n iktidar yap\u0131s\u0131nda g\u00fc\u00e7 rekabeti \u015fiddetlendi. - ShiaWaves Turkish - \u015eia Haberleri","og_description":"Kandahar\u2019da n\u00fcfuzlu bir ki\u015fili\u011fin tutuklanmas\u0131n\u0131n ard\u0131ndan Taliban\u2019\u0131n i\u00e7 \u00e7atlaklar\u0131 ortaya \u00e7\u0131kt\u0131 ve Afganistan\u2019\u0131n iktidar yap\u0131s\u0131nda g\u00fc\u00e7 rekabeti \u015fiddetlendi. Kandahar vilayetinde Taliban yap\u0131s\u0131n\u0131n en etkili isimlerinden birinin tutuklanmas\u0131, bu gruptaki i\u00e7 \u00e7atlaklar ve siyasi anla\u015fmazl\u0131klar konusunu tekrar g\u00fcndeme getirdi. Bu olay, h\u00fck\u00fcmetin nas\u0131l y\u00f6netilece\u011fi ve g\u00fc\u00e7 payla\u015f\u0131m\u0131 konular\u0131nda \u00e7e\u015fitli ak\u0131mlar aras\u0131ndaki rekabetin artt\u0131\u011f\u0131 bir d\u00f6nemde ger\u00e7ekle\u015fiyor &hellip;","og_url":"https:\/\/shiawaves.com\/turkish\/2026\/04\/27\/kandaharda-nufuzlu-bir-kisiligin-tutuklanmasinin-ardindan-talibanin-ic-catlaklari-ortaya-cikti-ve-afganistanin-iktidar-yapisinda-guc-rekabeti-siddetlendi\/","og_site_name":"ShiaWaves Turkish - \u015eia Haberleri","article_published_time":"2026-04-27T11:00:24+00:00","author":"modir","twitter_card":"summary_large_image","twitter_misc":{"Yazan:":"modir","Tahmini okuma s\u00fcresi":"3 dakika"},"schema":{"@context":"https:\/\/schema.org","@graph":[{"@type":"WebPage","@id":"https:\/\/shiawaves.com\/turkish\/2026\/04\/27\/kandaharda-nufuzlu-bir-kisiligin-tutuklanmasinin-ardindan-talibanin-ic-catlaklari-ortaya-cikti-ve-afganistanin-iktidar-yapisinda-guc-rekabeti-siddetlendi\/","url":"https:\/\/shiawaves.com\/turkish\/2026\/04\/27\/kandaharda-nufuzlu-bir-kisiligin-tutuklanmasinin-ardindan-talibanin-ic-catlaklari-ortaya-cikti-ve-afganistanin-iktidar-yapisinda-guc-rekabeti-siddetlendi\/","name":"Kandahar\u2019da n\u00fcfuzlu bir ki\u015fili\u011fin tutuklanmas\u0131n\u0131n ard\u0131ndan Taliban\u2019\u0131n i\u00e7 \u00e7atlaklar\u0131 ortaya \u00e7\u0131kt\u0131 ve Afganistan\u2019\u0131n iktidar yap\u0131s\u0131nda g\u00fc\u00e7 rekabeti \u015fiddetlendi. - ShiaWaves Turkish - \u015eia Haberleri","isPartOf":{"@id":"https:\/\/shiawaves.com\/turkish\/#website"},"primaryImageOfPage":{"@id":"https:\/\/shiawaves.com\/turkish\/2026\/04\/27\/kandaharda-nufuzlu-bir-kisiligin-tutuklanmasinin-ardindan-talibanin-ic-catlaklari-ortaya-cikti-ve-afganistanin-iktidar-yapisinda-guc-rekabeti-siddetlendi\/#primaryimage"},"image":{"@id":"https:\/\/shiawaves.com\/turkish\/2026\/04\/27\/kandaharda-nufuzlu-bir-kisiligin-tutuklanmasinin-ardindan-talibanin-ic-catlaklari-ortaya-cikti-ve-afganistanin-iktidar-yapisinda-guc-rekabeti-siddetlendi\/#primaryimage"},"thumbnailUrl":"https:\/\/shiawaves.com\/turkish\/wp-content\/uploads\/sites\/6\/2026\/04\/file_3170.jpg","datePublished":"2026-04-27T11:00:24+00:00","dateModified":"2026-04-27T11:00:24+00:00","author":{"@id":"https:\/\/shiawaves.com\/turkish\/#\/schema\/person\/9f68d5023e948086b9348fba5aebd954"},"breadcrumb":{"@id":"https:\/\/shiawaves.com\/turkish\/2026\/04\/27\/kandaharda-nufuzlu-bir-kisiligin-tutuklanmasinin-ardindan-talibanin-ic-catlaklari-ortaya-cikti-ve-afganistanin-iktidar-yapisinda-guc-rekabeti-siddetlendi\/#breadcrumb"},"inLanguage":"tr","potentialAction":[{"@type":"ReadAction","target":["https:\/\/shiawaves.com\/turkish\/2026\/04\/27\/kandaharda-nufuzlu-bir-kisiligin-tutuklanmasinin-ardindan-talibanin-ic-catlaklari-ortaya-cikti-ve-afganistanin-iktidar-yapisinda-guc-rekabeti-siddetlendi\/"]}]},{"@type":"ImageObject","inLanguage":"tr","@id":"https:\/\/shiawaves.com\/turkish\/2026\/04\/27\/kandaharda-nufuzlu-bir-kisiligin-tutuklanmasinin-ardindan-talibanin-ic-catlaklari-ortaya-cikti-ve-afganistanin-iktidar-yapisinda-guc-rekabeti-siddetlendi\/#primaryimage","url":"https:\/\/shiawaves.com\/turkish\/wp-content\/uploads\/sites\/6\/2026\/04\/file_3170.jpg","contentUrl":"https:\/\/shiawaves.com\/turkish\/wp-content\/uploads\/sites\/6\/2026\/04\/file_3170.jpg","width":800,"height":575},{"@type":"BreadcrumbList","@id":"https:\/\/shiawaves.com\/turkish\/2026\/04\/27\/kandaharda-nufuzlu-bir-kisiligin-tutuklanmasinin-ardindan-talibanin-ic-catlaklari-ortaya-cikti-ve-afganistanin-iktidar-yapisinda-guc-rekabeti-siddetlendi\/#breadcrumb","itemListElement":[{"@type":"ListItem","position":1,"name":"Home","item":"https:\/\/shiawaves.com\/turkish\/"},{"@type":"ListItem","position":2,"name":"Kandahar\u2019da n\u00fcfuzlu bir ki\u015fili\u011fin tutuklanmas\u0131n\u0131n ard\u0131ndan Taliban\u2019\u0131n i\u00e7 \u00e7atlaklar\u0131 ortaya \u00e7\u0131kt\u0131 ve Afganistan\u2019\u0131n iktidar yap\u0131s\u0131nda g\u00fc\u00e7 rekabeti \u015fiddetlendi."}]},{"@type":"WebSite","@id":"https:\/\/shiawaves.com\/turkish\/#website","url":"https:\/\/shiawaves.com\/turkish\/","name":"ShiaWaves Turkish - \u015eia Haberleri","description":"","potentialAction":[{"@type":"SearchAction","target":{"@type":"EntryPoint","urlTemplate":"https:\/\/shiawaves.com\/turkish\/?s={search_term_string}"},"query-input":{"@type":"PropertyValueSpecification","valueRequired":true,"valueName":"search_term_string"}}],"inLanguage":"tr"},{"@type":"Person","@id":"https:\/\/shiawaves.com\/turkish\/#\/schema\/person\/9f68d5023e948086b9348fba5aebd954","name":"modir","image":{"@type":"ImageObject","inLanguage":"tr","@id":"https:\/\/shiawaves.com\/turkish\/#\/schema\/person\/image\/","url":"https:\/\/secure.gravatar.com\/avatar\/8e76f93cdbdd480bd8918d1e0e1d938664c9cb1516c2a57a2b96fe50b507a6b9?s=96&d=mm&r=g","contentUrl":"https:\/\/secure.gravatar.com\/avatar\/8e76f93cdbdd480bd8918d1e0e1d938664c9cb1516c2a57a2b96fe50b507a6b9?s=96&d=mm&r=g","caption":"modir"},"sameAs":["https:\/\/shiawaves.com"],"url":"https:\/\/shiawaves.com\/turkish\/author\/modir\/"}]}},"_links":{"self":[{"href":"https:\/\/shiawaves.com\/turkish\/wp-json\/wp\/v2\/posts\/120410","targetHints":{"allow":["GET"]}}],"collection":[{"href":"https:\/\/shiawaves.com\/turkish\/wp-json\/wp\/v2\/posts"}],"about":[{"href":"https:\/\/shiawaves.com\/turkish\/wp-json\/wp\/v2\/types\/post"}],"author":[{"embeddable":true,"href":"https:\/\/shiawaves.com\/turkish\/wp-json\/wp\/v2\/users\/1"}],"replies":[{"embeddable":true,"href":"https:\/\/shiawaves.com\/turkish\/wp-json\/wp\/v2\/comments?post=120410"}],"version-history":[{"count":0,"href":"https:\/\/shiawaves.com\/turkish\/wp-json\/wp\/v2\/posts\/120410\/revisions"}],"wp:featuredmedia":[{"embeddable":true,"href":"https:\/\/shiawaves.com\/turkish\/wp-json\/wp\/v2\/media\/120409"}],"wp:attachment":[{"href":"https:\/\/shiawaves.com\/turkish\/wp-json\/wp\/v2\/media?parent=120410"}],"wp:term":[{"taxonomy":"category","embeddable":true,"href":"https:\/\/shiawaves.com\/turkish\/wp-json\/wp\/v2\/categories?post=120410"},{"taxonomy":"post_tag","embeddable":true,"href":"https:\/\/shiawaves.com\/turkish\/wp-json\/wp\/v2\/tags?post=120410"}],"curies":[{"name":"wp","href":"https:\/\/api.w.org\/{rel}","templated":true}]}}