{"id":120408,"date":"2026-04-27T13:00:30","date_gmt":"2026-04-27T10:00:30","guid":{"rendered":"https:\/\/shiawaves.com\/turkish\/2026\/04\/27\/tarihi-sii-varligi-ve-avrupanin-bu-ulkesinin-kulturel-dokusunda-asure-ayinlerinin-devami-rapor\/"},"modified":"2026-04-27T13:00:30","modified_gmt":"2026-04-27T10:00:30","slug":"tarihi-sii-varligi-ve-avrupanin-bu-ulkesinin-kulturel-dokusunda-asure-ayinlerinin-devami-rapor","status":"publish","type":"post","link":"https:\/\/shiawaves.com\/turkish\/2026\/04\/27\/tarihi-sii-varligi-ve-avrupanin-bu-ulkesinin-kulturel-dokusunda-asure-ayinlerinin-devami-rapor\/","title":{"rendered":"Tarih\u00ee \u015ei\u00ee Varl\u0131\u011f\u0131 ve Avrupa\u2019n\u0131n Bu \u00dclkesinin K\u00fclt\u00fcrel Dokusunda A\u015fure Ayinlerinin Devam\u0131 &#8211; Rapor"},"content":{"rendered":"<p>Tarih\u00ee \u015ei\u00ee Varl\u0131\u011f\u0131 ve Avrupa\u2019n\u0131n Bu \u00dclkesinin K\u00fclt\u00fcrel Dokusunda A\u015fure Ayinlerinin Devam\u0131 &#8211; Rapor<\/p>\n<p>Arnavutluk\u2019taki \u015ei\u00ee toplulu\u011fu, birka\u00e7 y\u00fczy\u0131ll\u0131k bir ge\u00e7mi\u015fe sahip olup, bu \u00fclkenin din\u00ee ve k\u00fclt\u00fcrel kimli\u011finin etkili bir par\u00e7as\u0131 olarak kabul edilmektedir. <\/p>\n<p>Bu varl\u0131k, Muharrem ayinlerinde, yerel edebiyatta ve din\u00ee merkezlerde h\u00e2l\u00e2 belirgin bir \u015fekilde kendini g\u00f6stermekte ve kom\u00fcnist rejimin sona ermesinin ard\u0131ndan yeniden bir canlanma ya\u015fam\u0131\u015ft\u0131r.<\/p>\n<p>\ud83d\udc48Meslekta\u015f\u0131m bu konuya ili\u015fkin bir rapor haz\u0131rlad\u0131 ve birlikte inceleyece\u011fiz:\ud83d\udc49<\/p>\n<p>Arnavutluk&#8217;taki \u015ei\u00eeler, bu Avrupa \u00fclkesinin k\u00f6kl\u00fc mezhep ak\u0131mlar\u0131ndan biri olup, di\u011fer M\u00fcsl\u00fcmanlarla birlikte Arnavutluk toplumunun k\u00fclt\u00fcrel ve sosyal kimli\u011finin \u015fekillenmesinde \u00f6nemli bir rol oynam\u0131\u015flard\u0131r. <\/p>\n<p>Bu varl\u0131\u011f\u0131n i\u015faretlerini din\u00ee ayinlerde, edeb\u00ee eserlerde ve halk geleneklerinde g\u00f6rmek m\u00fcmk\u00fcnd\u00fcr. \u00d6zellikle Muharrem ve Safer aylar\u0131na ait bu ayinler \u00fclkenin \u00e7e\u015fitli b\u00f6lgelerinde ger\u00e7ekle\u015ftirilmektedir.<\/p>\n<p>Tarih\u00ee ve k\u00fclt\u00fcrel kaynaklara g\u00f6re, \u0130slam, Arnavutluk\u2019a as\u0131rlar \u00f6nce t\u00fcccarlar, din\u00ee misyonerler ve din adamlar\u0131 arac\u0131l\u0131\u011f\u0131yla girmi\u015ftir. Bu misyonerlerin baz\u0131lar\u0131n\u0131n Ehl-i Beyt\u2019e mensup oldu\u011fu ve bu durumun Ehl-i Beyt\u2019e olan sevginin yay\u0131lmas\u0131 ve halk aras\u0131nda \u015ei\u00eeli\u011fe y\u00f6nelimin artmas\u0131nda etkili oldu\u011fu belirtilmektedir.<\/p>\n<p>Baz\u0131 tahminlere g\u00f6re, M\u00fcsl\u00fcmanlar, Arnavutluk n\u00fcfusunun \u00e7o\u011funlu\u011funu olu\u015fturmaktad\u0131r ve bunlar\u0131n bir k\u0131sm\u0131 Ehl-i Beyt mektebine mensuptur.<\/p>\n<p>Arnavutluk&#8217;taki A\u015fura ayinlerinin \u00f6nemli bir yeri vard\u0131r. <\/p>\n<p>Ara\u015ft\u0131rmac\u0131lara g\u00f6re, Muharrem g\u00fcnlerinde tekke ve din\u00ee merkezlerde yas meclisleri, a\u011f\u0131t okuma ve din\u00ee toplanmalar ger\u00e7ekle\u015ftirilmektedir. Bir\u00e7ok insan da basit bir ya\u015fam tarz\u0131 benimseyerek, sevin\u00e7 g\u00f6sterilerinden ka\u00e7\u0131narak ve ihtiya\u00e7 sahiplerine yard\u0131m ederek Kerbela olay\u0131n\u0131 canl\u0131 tutmaktad\u0131r.<\/p>\n<p>Arnavutluk edebiyat\u0131 da A\u015fura k\u00fclt\u00fcr\u00fcnden etkilenmi\u015ftir. K\u00fclt\u00fcrel kaynaklara g\u00f6re, baz\u0131 Arnavut \u015fairleri eserlerinde Kerbela destan\u0131ndan bahsetmi\u015flerdir. Bu eserlerin en tan\u0131nm\u0131\u015f \u00f6rneklerinden biri ise Arnavut edebiyat\u0131nda \u00f6nemli bir yere sahip olan Na\u00eem Bey Frasheri\u2019nin \u201cKerbela\u201d manzumesidir.<\/p>\n<p>Kom\u00fcnist rejim d\u00f6neminde, din\u00ee faaliyetler k\u0131s\u0131tlanm\u0131\u015f ve bir\u00e7ok din\u00ee merkez kapat\u0131lm\u0131\u015ft\u0131r. Ancak 1990\u2019l\u0131 y\u0131llardan sonra din\u00ee ortam yeniden canlanm\u0131\u015ft\u0131r. <\/p>\n<p>K\u00fclt\u00fcrel medyaya g\u00f6re, camilerin, tekkelerin ve \u0130slami merkezlerin yeniden a\u00e7\u0131lmas\u0131yla birlikte, din\u00ee kitaplar\u0131n yay\u0131nlanmas\u0131 ve Ehl-i Beyt ile ilgili eserlerin terc\u00fcmesi de yeniden ba\u015flam\u0131\u015ft\u0131r.<\/p>\n<p>Uzmanlar, Arnavutluk\u2019taki \u015ei\u00eelerin tecr\u00fcbesinin, Avrupa\u2019daki \u0130slami toplumlar\u0131n siyasi ve tarih\u00ee bask\u0131lara ra\u011fmen, din\u00ee inan\u00e7lar\u0131 ve manevi miraslar\u0131yla olan ba\u011flar\u0131n\u0131 koruyabilece\u011fini g\u00f6sterdi\u011fini d\u00fc\u015f\u00fcnmektedir.<\/p>\n","protected":false},"excerpt":{"rendered":"<p>Tarih\u00ee \u015ei\u00ee Varl\u0131\u011f\u0131 ve Avrupa\u2019n\u0131n Bu \u00dclkesinin K\u00fclt\u00fcrel Dokusunda A\u015fure Ayinlerinin Devam\u0131 &#8211; Rapor Arnavutluk\u2019taki \u015ei\u00ee toplulu\u011fu, birka\u00e7 y\u00fczy\u0131ll\u0131k bir ge\u00e7mi\u015fe sahip olup, bu \u00fclkenin din\u00ee ve k\u00fclt\u00fcrel kimli\u011finin etkili bir par\u00e7as\u0131 olarak kabul edilmektedir. Bu varl\u0131k, Muharrem ayinlerinde, yerel edebiyatta ve din\u00ee merkezlerde h\u00e2l\u00e2 belirgin bir \u015fekilde kendini g\u00f6stermekte ve kom\u00fcnist rejimin sona ermesinin &hellip;<\/p>\n","protected":false},"author":1,"featured_media":120407,"comment_status":"open","ping_status":"open","sticky":false,"template":"","format":"standard","meta":{"rop_custom_images_group":[],"rop_custom_messages_group":[],"rop_publish_now":"initial","rop_publish_now_accounts":[],"rop_publish_now_history":[],"rop_publish_now_status":"pending","footnotes":""},"categories":[23],"tags":[],"class_list":["post-120408","post","type-post","status-publish","format-standard","has-post-thumbnail","hentry","category-europe"],"_wp_page_template":null,"_wp_attached_file":null,"_wp_attachment_metadata":null,"_edit_lock":null,"yoast_head":"<!-- This site is optimized with the Yoast SEO plugin v24.3 - https:\/\/yoast.com\/wordpress\/plugins\/seo\/ -->\n<title>Tarih\u00ee \u015ei\u00ee Varl\u0131\u011f\u0131 ve Avrupa\u2019n\u0131n Bu \u00dclkesinin K\u00fclt\u00fcrel Dokusunda A\u015fure Ayinlerinin Devam\u0131 - Rapor - ShiaWaves Turkish - \u015eia Haberleri<\/title>\n<meta name=\"robots\" content=\"index, follow, max-snippet:-1, max-image-preview:large, max-video-preview:-1\" \/>\n<link rel=\"canonical\" href=\"https:\/\/shiawaves.com\/turkish\/2026\/04\/27\/tarihi-sii-varligi-ve-avrupanin-bu-ulkesinin-kulturel-dokusunda-asure-ayinlerinin-devami-rapor\/\" \/>\n<meta property=\"og:locale\" content=\"tr_TR\" \/>\n<meta property=\"og:type\" content=\"article\" \/>\n<meta property=\"og:title\" content=\"Tarih\u00ee \u015ei\u00ee Varl\u0131\u011f\u0131 ve Avrupa\u2019n\u0131n Bu \u00dclkesinin K\u00fclt\u00fcrel Dokusunda A\u015fure Ayinlerinin Devam\u0131 - Rapor - ShiaWaves Turkish - \u015eia Haberleri\" \/>\n<meta property=\"og:description\" content=\"Tarih\u00ee \u015ei\u00ee Varl\u0131\u011f\u0131 ve Avrupa\u2019n\u0131n Bu \u00dclkesinin K\u00fclt\u00fcrel Dokusunda A\u015fure Ayinlerinin Devam\u0131 &#8211; Rapor Arnavutluk\u2019taki \u015ei\u00ee toplulu\u011fu, birka\u00e7 y\u00fczy\u0131ll\u0131k bir ge\u00e7mi\u015fe sahip olup, bu \u00fclkenin din\u00ee ve k\u00fclt\u00fcrel kimli\u011finin etkili bir par\u00e7as\u0131 olarak kabul edilmektedir. Bu varl\u0131k, Muharrem ayinlerinde, yerel edebiyatta ve din\u00ee merkezlerde h\u00e2l\u00e2 belirgin bir \u015fekilde kendini g\u00f6stermekte ve kom\u00fcnist rejimin sona ermesinin &hellip;\" \/>\n<meta property=\"og:url\" content=\"https:\/\/shiawaves.com\/turkish\/2026\/04\/27\/tarihi-sii-varligi-ve-avrupanin-bu-ulkesinin-kulturel-dokusunda-asure-ayinlerinin-devami-rapor\/\" \/>\n<meta property=\"og:site_name\" content=\"ShiaWaves Turkish - \u015eia Haberleri\" \/>\n<meta property=\"article:published_time\" content=\"2026-04-27T10:00:30+00:00\" \/>\n<meta name=\"author\" content=\"modir\" \/>\n<meta name=\"twitter:card\" content=\"summary_large_image\" \/>\n<meta name=\"twitter:label1\" content=\"Yazan:\" \/>\n\t<meta name=\"twitter:data1\" content=\"modir\" \/>\n\t<meta name=\"twitter:label2\" content=\"Tahmini okuma s\u00fcresi\" \/>\n\t<meta name=\"twitter:data2\" content=\"2 dakika\" \/>\n<script type=\"application\/ld+json\" class=\"yoast-schema-graph\">{\"@context\":\"https:\/\/schema.org\",\"@graph\":[{\"@type\":\"WebPage\",\"@id\":\"https:\/\/shiawaves.com\/turkish\/2026\/04\/27\/tarihi-sii-varligi-ve-avrupanin-bu-ulkesinin-kulturel-dokusunda-asure-ayinlerinin-devami-rapor\/\",\"url\":\"https:\/\/shiawaves.com\/turkish\/2026\/04\/27\/tarihi-sii-varligi-ve-avrupanin-bu-ulkesinin-kulturel-dokusunda-asure-ayinlerinin-devami-rapor\/\",\"name\":\"Tarih\u00ee \u015ei\u00ee Varl\u0131\u011f\u0131 ve Avrupa\u2019n\u0131n Bu \u00dclkesinin K\u00fclt\u00fcrel Dokusunda A\u015fure Ayinlerinin Devam\u0131 - Rapor - ShiaWaves Turkish - \u015eia Haberleri\",\"isPartOf\":{\"@id\":\"https:\/\/shiawaves.com\/turkish\/#website\"},\"primaryImageOfPage\":{\"@id\":\"https:\/\/shiawaves.com\/turkish\/2026\/04\/27\/tarihi-sii-varligi-ve-avrupanin-bu-ulkesinin-kulturel-dokusunda-asure-ayinlerinin-devami-rapor\/#primaryimage\"},\"image\":{\"@id\":\"https:\/\/shiawaves.com\/turkish\/2026\/04\/27\/tarihi-sii-varligi-ve-avrupanin-bu-ulkesinin-kulturel-dokusunda-asure-ayinlerinin-devami-rapor\/#primaryimage\"},\"thumbnailUrl\":\"https:\/\/shiawaves.com\/turkish\/wp-content\/uploads\/sites\/6\/2026\/04\/file_3169.jpg\",\"datePublished\":\"2026-04-27T10:00:30+00:00\",\"dateModified\":\"2026-04-27T10:00:30+00:00\",\"author\":{\"@id\":\"https:\/\/shiawaves.com\/turkish\/#\/schema\/person\/9f68d5023e948086b9348fba5aebd954\"},\"breadcrumb\":{\"@id\":\"https:\/\/shiawaves.com\/turkish\/2026\/04\/27\/tarihi-sii-varligi-ve-avrupanin-bu-ulkesinin-kulturel-dokusunda-asure-ayinlerinin-devami-rapor\/#breadcrumb\"},\"inLanguage\":\"tr\",\"potentialAction\":[{\"@type\":\"ReadAction\",\"target\":[\"https:\/\/shiawaves.com\/turkish\/2026\/04\/27\/tarihi-sii-varligi-ve-avrupanin-bu-ulkesinin-kulturel-dokusunda-asure-ayinlerinin-devami-rapor\/\"]}]},{\"@type\":\"ImageObject\",\"inLanguage\":\"tr\",\"@id\":\"https:\/\/shiawaves.com\/turkish\/2026\/04\/27\/tarihi-sii-varligi-ve-avrupanin-bu-ulkesinin-kulturel-dokusunda-asure-ayinlerinin-devami-rapor\/#primaryimage\",\"url\":\"https:\/\/shiawaves.com\/turkish\/wp-content\/uploads\/sites\/6\/2026\/04\/file_3169.jpg\",\"contentUrl\":\"https:\/\/shiawaves.com\/turkish\/wp-content\/uploads\/sites\/6\/2026\/04\/file_3169.jpg\",\"width\":1280,\"height\":853},{\"@type\":\"BreadcrumbList\",\"@id\":\"https:\/\/shiawaves.com\/turkish\/2026\/04\/27\/tarihi-sii-varligi-ve-avrupanin-bu-ulkesinin-kulturel-dokusunda-asure-ayinlerinin-devami-rapor\/#breadcrumb\",\"itemListElement\":[{\"@type\":\"ListItem\",\"position\":1,\"name\":\"Home\",\"item\":\"https:\/\/shiawaves.com\/turkish\/\"},{\"@type\":\"ListItem\",\"position\":2,\"name\":\"Tarih\u00ee \u015ei\u00ee Varl\u0131\u011f\u0131 ve Avrupa\u2019n\u0131n Bu \u00dclkesinin K\u00fclt\u00fcrel Dokusunda A\u015fure Ayinlerinin Devam\u0131 &#8211; Rapor\"}]},{\"@type\":\"WebSite\",\"@id\":\"https:\/\/shiawaves.com\/turkish\/#website\",\"url\":\"https:\/\/shiawaves.com\/turkish\/\",\"name\":\"ShiaWaves Turkish - \u015eia Haberleri\",\"description\":\"\",\"potentialAction\":[{\"@type\":\"SearchAction\",\"target\":{\"@type\":\"EntryPoint\",\"urlTemplate\":\"https:\/\/shiawaves.com\/turkish\/?s={search_term_string}\"},\"query-input\":{\"@type\":\"PropertyValueSpecification\",\"valueRequired\":true,\"valueName\":\"search_term_string\"}}],\"inLanguage\":\"tr\"},{\"@type\":\"Person\",\"@id\":\"https:\/\/shiawaves.com\/turkish\/#\/schema\/person\/9f68d5023e948086b9348fba5aebd954\",\"name\":\"modir\",\"image\":{\"@type\":\"ImageObject\",\"inLanguage\":\"tr\",\"@id\":\"https:\/\/shiawaves.com\/turkish\/#\/schema\/person\/image\/\",\"url\":\"https:\/\/secure.gravatar.com\/avatar\/8e76f93cdbdd480bd8918d1e0e1d938664c9cb1516c2a57a2b96fe50b507a6b9?s=96&d=mm&r=g\",\"contentUrl\":\"https:\/\/secure.gravatar.com\/avatar\/8e76f93cdbdd480bd8918d1e0e1d938664c9cb1516c2a57a2b96fe50b507a6b9?s=96&d=mm&r=g\",\"caption\":\"modir\"},\"sameAs\":[\"https:\/\/shiawaves.com\"],\"url\":\"https:\/\/shiawaves.com\/turkish\/author\/modir\/\"}]}<\/script>\n<!-- \/ Yoast SEO plugin. -->","yoast_head_json":{"title":"Tarih\u00ee \u015ei\u00ee Varl\u0131\u011f\u0131 ve Avrupa\u2019n\u0131n Bu \u00dclkesinin K\u00fclt\u00fcrel Dokusunda A\u015fure Ayinlerinin Devam\u0131 - Rapor - ShiaWaves Turkish - \u015eia Haberleri","robots":{"index":"index","follow":"follow","max-snippet":"max-snippet:-1","max-image-preview":"max-image-preview:large","max-video-preview":"max-video-preview:-1"},"canonical":"https:\/\/shiawaves.com\/turkish\/2026\/04\/27\/tarihi-sii-varligi-ve-avrupanin-bu-ulkesinin-kulturel-dokusunda-asure-ayinlerinin-devami-rapor\/","og_locale":"tr_TR","og_type":"article","og_title":"Tarih\u00ee \u015ei\u00ee Varl\u0131\u011f\u0131 ve Avrupa\u2019n\u0131n Bu \u00dclkesinin K\u00fclt\u00fcrel Dokusunda A\u015fure Ayinlerinin Devam\u0131 - Rapor - ShiaWaves Turkish - \u015eia Haberleri","og_description":"Tarih\u00ee \u015ei\u00ee Varl\u0131\u011f\u0131 ve Avrupa\u2019n\u0131n Bu \u00dclkesinin K\u00fclt\u00fcrel Dokusunda A\u015fure Ayinlerinin Devam\u0131 &#8211; Rapor Arnavutluk\u2019taki \u015ei\u00ee toplulu\u011fu, birka\u00e7 y\u00fczy\u0131ll\u0131k bir ge\u00e7mi\u015fe sahip olup, bu \u00fclkenin din\u00ee ve k\u00fclt\u00fcrel kimli\u011finin etkili bir par\u00e7as\u0131 olarak kabul edilmektedir. Bu varl\u0131k, Muharrem ayinlerinde, yerel edebiyatta ve din\u00ee merkezlerde h\u00e2l\u00e2 belirgin bir \u015fekilde kendini g\u00f6stermekte ve kom\u00fcnist rejimin sona ermesinin &hellip;","og_url":"https:\/\/shiawaves.com\/turkish\/2026\/04\/27\/tarihi-sii-varligi-ve-avrupanin-bu-ulkesinin-kulturel-dokusunda-asure-ayinlerinin-devami-rapor\/","og_site_name":"ShiaWaves Turkish - \u015eia Haberleri","article_published_time":"2026-04-27T10:00:30+00:00","author":"modir","twitter_card":"summary_large_image","twitter_misc":{"Yazan:":"modir","Tahmini okuma s\u00fcresi":"2 dakika"},"schema":{"@context":"https:\/\/schema.org","@graph":[{"@type":"WebPage","@id":"https:\/\/shiawaves.com\/turkish\/2026\/04\/27\/tarihi-sii-varligi-ve-avrupanin-bu-ulkesinin-kulturel-dokusunda-asure-ayinlerinin-devami-rapor\/","url":"https:\/\/shiawaves.com\/turkish\/2026\/04\/27\/tarihi-sii-varligi-ve-avrupanin-bu-ulkesinin-kulturel-dokusunda-asure-ayinlerinin-devami-rapor\/","name":"Tarih\u00ee \u015ei\u00ee Varl\u0131\u011f\u0131 ve Avrupa\u2019n\u0131n Bu \u00dclkesinin K\u00fclt\u00fcrel Dokusunda A\u015fure Ayinlerinin Devam\u0131 - Rapor - ShiaWaves Turkish - \u015eia Haberleri","isPartOf":{"@id":"https:\/\/shiawaves.com\/turkish\/#website"},"primaryImageOfPage":{"@id":"https:\/\/shiawaves.com\/turkish\/2026\/04\/27\/tarihi-sii-varligi-ve-avrupanin-bu-ulkesinin-kulturel-dokusunda-asure-ayinlerinin-devami-rapor\/#primaryimage"},"image":{"@id":"https:\/\/shiawaves.com\/turkish\/2026\/04\/27\/tarihi-sii-varligi-ve-avrupanin-bu-ulkesinin-kulturel-dokusunda-asure-ayinlerinin-devami-rapor\/#primaryimage"},"thumbnailUrl":"https:\/\/shiawaves.com\/turkish\/wp-content\/uploads\/sites\/6\/2026\/04\/file_3169.jpg","datePublished":"2026-04-27T10:00:30+00:00","dateModified":"2026-04-27T10:00:30+00:00","author":{"@id":"https:\/\/shiawaves.com\/turkish\/#\/schema\/person\/9f68d5023e948086b9348fba5aebd954"},"breadcrumb":{"@id":"https:\/\/shiawaves.com\/turkish\/2026\/04\/27\/tarihi-sii-varligi-ve-avrupanin-bu-ulkesinin-kulturel-dokusunda-asure-ayinlerinin-devami-rapor\/#breadcrumb"},"inLanguage":"tr","potentialAction":[{"@type":"ReadAction","target":["https:\/\/shiawaves.com\/turkish\/2026\/04\/27\/tarihi-sii-varligi-ve-avrupanin-bu-ulkesinin-kulturel-dokusunda-asure-ayinlerinin-devami-rapor\/"]}]},{"@type":"ImageObject","inLanguage":"tr","@id":"https:\/\/shiawaves.com\/turkish\/2026\/04\/27\/tarihi-sii-varligi-ve-avrupanin-bu-ulkesinin-kulturel-dokusunda-asure-ayinlerinin-devami-rapor\/#primaryimage","url":"https:\/\/shiawaves.com\/turkish\/wp-content\/uploads\/sites\/6\/2026\/04\/file_3169.jpg","contentUrl":"https:\/\/shiawaves.com\/turkish\/wp-content\/uploads\/sites\/6\/2026\/04\/file_3169.jpg","width":1280,"height":853},{"@type":"BreadcrumbList","@id":"https:\/\/shiawaves.com\/turkish\/2026\/04\/27\/tarihi-sii-varligi-ve-avrupanin-bu-ulkesinin-kulturel-dokusunda-asure-ayinlerinin-devami-rapor\/#breadcrumb","itemListElement":[{"@type":"ListItem","position":1,"name":"Home","item":"https:\/\/shiawaves.com\/turkish\/"},{"@type":"ListItem","position":2,"name":"Tarih\u00ee \u015ei\u00ee Varl\u0131\u011f\u0131 ve Avrupa\u2019n\u0131n Bu \u00dclkesinin K\u00fclt\u00fcrel Dokusunda A\u015fure Ayinlerinin Devam\u0131 &#8211; Rapor"}]},{"@type":"WebSite","@id":"https:\/\/shiawaves.com\/turkish\/#website","url":"https:\/\/shiawaves.com\/turkish\/","name":"ShiaWaves Turkish - \u015eia Haberleri","description":"","potentialAction":[{"@type":"SearchAction","target":{"@type":"EntryPoint","urlTemplate":"https:\/\/shiawaves.com\/turkish\/?s={search_term_string}"},"query-input":{"@type":"PropertyValueSpecification","valueRequired":true,"valueName":"search_term_string"}}],"inLanguage":"tr"},{"@type":"Person","@id":"https:\/\/shiawaves.com\/turkish\/#\/schema\/person\/9f68d5023e948086b9348fba5aebd954","name":"modir","image":{"@type":"ImageObject","inLanguage":"tr","@id":"https:\/\/shiawaves.com\/turkish\/#\/schema\/person\/image\/","url":"https:\/\/secure.gravatar.com\/avatar\/8e76f93cdbdd480bd8918d1e0e1d938664c9cb1516c2a57a2b96fe50b507a6b9?s=96&d=mm&r=g","contentUrl":"https:\/\/secure.gravatar.com\/avatar\/8e76f93cdbdd480bd8918d1e0e1d938664c9cb1516c2a57a2b96fe50b507a6b9?s=96&d=mm&r=g","caption":"modir"},"sameAs":["https:\/\/shiawaves.com"],"url":"https:\/\/shiawaves.com\/turkish\/author\/modir\/"}]}},"_links":{"self":[{"href":"https:\/\/shiawaves.com\/turkish\/wp-json\/wp\/v2\/posts\/120408","targetHints":{"allow":["GET"]}}],"collection":[{"href":"https:\/\/shiawaves.com\/turkish\/wp-json\/wp\/v2\/posts"}],"about":[{"href":"https:\/\/shiawaves.com\/turkish\/wp-json\/wp\/v2\/types\/post"}],"author":[{"embeddable":true,"href":"https:\/\/shiawaves.com\/turkish\/wp-json\/wp\/v2\/users\/1"}],"replies":[{"embeddable":true,"href":"https:\/\/shiawaves.com\/turkish\/wp-json\/wp\/v2\/comments?post=120408"}],"version-history":[{"count":0,"href":"https:\/\/shiawaves.com\/turkish\/wp-json\/wp\/v2\/posts\/120408\/revisions"}],"wp:featuredmedia":[{"embeddable":true,"href":"https:\/\/shiawaves.com\/turkish\/wp-json\/wp\/v2\/media\/120407"}],"wp:attachment":[{"href":"https:\/\/shiawaves.com\/turkish\/wp-json\/wp\/v2\/media?parent=120408"}],"wp:term":[{"taxonomy":"category","embeddable":true,"href":"https:\/\/shiawaves.com\/turkish\/wp-json\/wp\/v2\/categories?post=120408"},{"taxonomy":"post_tag","embeddable":true,"href":"https:\/\/shiawaves.com\/turkish\/wp-json\/wp\/v2\/tags?post=120408"}],"curies":[{"name":"wp","href":"https:\/\/api.w.org\/{rel}","templated":true}]}}