{"id":120406,"date":"2026-04-27T12:00:24","date_gmt":"2026-04-27T09:00:24","guid":{"rendered":"https:\/\/shiawaves.com\/turkish\/2026\/04\/27\/son-durum-ortadogu-ve-dunya-askeri-gerilimlerin-golgesinde-krizin-yayilmasindan-endiseler-artarken-catismalarin-engellenmesine-yonelik-diplomatik-cabalar-suruyor\/"},"modified":"2026-04-27T12:00:24","modified_gmt":"2026-04-27T09:00:24","slug":"son-durum-ortadogu-ve-dunya-askeri-gerilimlerin-golgesinde-krizin-yayilmasindan-endiseler-artarken-catismalarin-engellenmesine-yonelik-diplomatik-cabalar-suruyor","status":"publish","type":"post","link":"https:\/\/shiawaves.com\/turkish\/2026\/04\/27\/son-durum-ortadogu-ve-dunya-askeri-gerilimlerin-golgesinde-krizin-yayilmasindan-endiseler-artarken-catismalarin-engellenmesine-yonelik-diplomatik-cabalar-suruyor\/","title":{"rendered":"Son Durum: Ortado\u011fu ve D\u00fcnya Askeri Gerilimlerin G\u00f6lgesinde; Krizin Yay\u0131lmas\u0131ndan Endi\u015feler Artarken, \u00c7at\u0131\u015fmalar\u0131n Engellenmesine Y\u00f6nelik Diplomatik \u00c7abalar S\u00fcr\u00fcyor"},"content":{"rendered":"<p>Son Durum: Ortado\u011fu ve D\u00fcnya Askeri Gerilimlerin G\u00f6lgesinde; Krizin Yay\u0131lmas\u0131ndan Endi\u015feler Artarken, \u00c7at\u0131\u015fmalar\u0131n Engellenmesine Y\u00f6nelik Diplomatik \u00c7abalar S\u00fcr\u00fcyor<\/p>\n<p>Son g\u00fcnlerdeki geli\u015fmeler, Ortado\u011fu&#8217;nun g\u00fcvenlik ve askeri gerilimlerin odak noktas\u0131 olmaya devam etti\u011fini ve bu durumun b\u00f6lgenin \u00f6tesinde k\u00fcresel dengeleri de etkiledi\u011fini g\u00f6stermektedir.<\/p>\n<p>Baz\u0131 \u00fclkelerdeki alarm seviyesinin y\u00fckselmesi ve devam eden da\u011f\u0131n\u0131k \u00e7at\u0131\u015fmalar, krizin tekrar geni\u015fleme olas\u0131l\u0131\u011f\u0131na ili\u015fkin endi\u015feleri art\u0131rm\u0131\u015ft\u0131r.<\/p>\n<p>Bu \u015fartlar alt\u0131nda, gerilimi azaltmak ve \u00e7at\u0131\u015fmalar\u0131n \u015fiddetlenmesini \u00f6nlemek i\u00e7in diplomatik \u00e7abalar s\u00fcrd\u00fcr\u00fclmektedir.<\/p>\n<p>B\u00f6lgesel ve uluslararas\u0131 akt\u00f6rler, yo\u011fun siyasi temaslar ve isti\u015farelerde, itidalin korunmas\u0131 ve diyalog yoluna d\u00f6n\u00fclmesi gereklili\u011fini vurgulam\u0131\u015flard\u0131r.<\/p>\n<p>Ekonomi alan\u0131nda ise, d\u00fcnya piyasalar\u0131 geli\u015fmelere kar\u015f\u0131 duyarl\u0131 olmu\u015flard\u0131r.<\/p>\n<p>Enerji fiyatlar\u0131ndaki dalgalanma, ta\u015f\u0131ma maliyetlerindeki art\u0131\u015f ve ticaret yollar\u0131n\u0131n g\u00fcvenli\u011fine ili\u015fkin endi\u015feler, bu durumun dikkate de\u011fer sonu\u00e7lar\u0131 aras\u0131nda yer almaktad\u0131r.<\/p>\n<p>\u0130nsani boyutta da, devam eden g\u00fcvensizlikler sivil halk\u0131n ko\u015fullar\u0131n\u0131 etkilemi\u015f ve insani yard\u0131m ile temel hizmetlere olan ihtiyac\u0131 art\u0131rm\u0131\u015ft\u0131r.<\/p>\n<p>Uluslararas\u0131 kurulu\u015flar da, krizin yerinden etti\u011fi insani sonu\u00e7lar\u0131na kar\u015f\u0131 uyar\u0131lar\u0131n\u0131 dile getirmi\u015flerdir.<\/p>\n<p>Genel olarak, b\u00f6lge hassas bir durumda bulunmaktad\u0131r ve gelece\u011fi, siyasi geli\u015fmelerin seyrine ve gerilimi azaltma \u00e7abalar\u0131n\u0131n ba\u015far\u0131s\u0131na ba\u011fl\u0131d\u0131r.<\/p>\n","protected":false},"excerpt":{"rendered":"<p>Son Durum: Ortado\u011fu ve D\u00fcnya Askeri Gerilimlerin G\u00f6lgesinde; Krizin Yay\u0131lmas\u0131ndan Endi\u015feler Artarken, \u00c7at\u0131\u015fmalar\u0131n Engellenmesine Y\u00f6nelik Diplomatik \u00c7abalar S\u00fcr\u00fcyor Son g\u00fcnlerdeki geli\u015fmeler, Ortado\u011fu&#8217;nun g\u00fcvenlik ve askeri gerilimlerin odak noktas\u0131 olmaya devam etti\u011fini ve bu durumun b\u00f6lgenin \u00f6tesinde k\u00fcresel dengeleri de etkiledi\u011fini g\u00f6stermektedir. Baz\u0131 \u00fclkelerdeki alarm seviyesinin y\u00fckselmesi ve devam eden da\u011f\u0131n\u0131k \u00e7at\u0131\u015fmalar, krizin tekrar geni\u015fleme olas\u0131l\u0131\u011f\u0131na &hellip;<\/p>\n","protected":false},"author":1,"featured_media":120405,"comment_status":"open","ping_status":"open","sticky":false,"template":"","format":"standard","meta":{"rop_custom_images_group":[],"rop_custom_messages_group":[],"rop_publish_now":"initial","rop_publish_now_accounts":[],"rop_publish_now_history":[],"rop_publish_now_status":"pending","footnotes":""},"categories":[20],"tags":[],"class_list":["post-120406","post","type-post","status-publish","format-standard","has-post-thumbnail","hentry","category-world"],"_wp_page_template":null,"_wp_attached_file":null,"_wp_attachment_metadata":null,"_edit_lock":null,"yoast_head":"<!-- This site is optimized with the Yoast SEO plugin v24.3 - https:\/\/yoast.com\/wordpress\/plugins\/seo\/ -->\n<title>Son Durum: Ortado\u011fu ve D\u00fcnya Askeri Gerilimlerin G\u00f6lgesinde; Krizin Yay\u0131lmas\u0131ndan Endi\u015feler Artarken, \u00c7at\u0131\u015fmalar\u0131n Engellenmesine Y\u00f6nelik Diplomatik \u00c7abalar S\u00fcr\u00fcyor - ShiaWaves Turkish - \u015eia Haberleri<\/title>\n<meta name=\"robots\" content=\"index, follow, max-snippet:-1, max-image-preview:large, max-video-preview:-1\" \/>\n<link rel=\"canonical\" href=\"https:\/\/shiawaves.com\/turkish\/2026\/04\/27\/son-durum-ortadogu-ve-dunya-askeri-gerilimlerin-golgesinde-krizin-yayilmasindan-endiseler-artarken-catismalarin-engellenmesine-yonelik-diplomatik-cabalar-suruyor\/\" \/>\n<meta property=\"og:locale\" content=\"tr_TR\" \/>\n<meta property=\"og:type\" content=\"article\" \/>\n<meta property=\"og:title\" content=\"Son Durum: Ortado\u011fu ve D\u00fcnya Askeri Gerilimlerin G\u00f6lgesinde; Krizin Yay\u0131lmas\u0131ndan Endi\u015feler Artarken, \u00c7at\u0131\u015fmalar\u0131n Engellenmesine Y\u00f6nelik Diplomatik \u00c7abalar S\u00fcr\u00fcyor - ShiaWaves Turkish - \u015eia Haberleri\" \/>\n<meta property=\"og:description\" content=\"Son Durum: Ortado\u011fu ve D\u00fcnya Askeri Gerilimlerin G\u00f6lgesinde; Krizin Yay\u0131lmas\u0131ndan Endi\u015feler Artarken, \u00c7at\u0131\u015fmalar\u0131n Engellenmesine Y\u00f6nelik Diplomatik \u00c7abalar S\u00fcr\u00fcyor Son g\u00fcnlerdeki geli\u015fmeler, Ortado\u011fu&#8217;nun g\u00fcvenlik ve askeri gerilimlerin odak noktas\u0131 olmaya devam etti\u011fini ve bu durumun b\u00f6lgenin \u00f6tesinde k\u00fcresel dengeleri de etkiledi\u011fini g\u00f6stermektedir. Baz\u0131 \u00fclkelerdeki alarm seviyesinin y\u00fckselmesi ve devam eden da\u011f\u0131n\u0131k \u00e7at\u0131\u015fmalar, krizin tekrar geni\u015fleme olas\u0131l\u0131\u011f\u0131na &hellip;\" \/>\n<meta property=\"og:url\" content=\"https:\/\/shiawaves.com\/turkish\/2026\/04\/27\/son-durum-ortadogu-ve-dunya-askeri-gerilimlerin-golgesinde-krizin-yayilmasindan-endiseler-artarken-catismalarin-engellenmesine-yonelik-diplomatik-cabalar-suruyor\/\" \/>\n<meta property=\"og:site_name\" content=\"ShiaWaves Turkish - \u015eia Haberleri\" \/>\n<meta property=\"article:published_time\" content=\"2026-04-27T09:00:24+00:00\" \/>\n<meta name=\"author\" content=\"modir\" \/>\n<meta name=\"twitter:card\" content=\"summary_large_image\" \/>\n<meta name=\"twitter:label1\" content=\"Yazan:\" \/>\n\t<meta name=\"twitter:data1\" content=\"modir\" \/>\n\t<meta name=\"twitter:label2\" content=\"Tahmini okuma s\u00fcresi\" \/>\n\t<meta name=\"twitter:data2\" content=\"1 dakika\" \/>\n<script type=\"application\/ld+json\" class=\"yoast-schema-graph\">{\"@context\":\"https:\/\/schema.org\",\"@graph\":[{\"@type\":\"WebPage\",\"@id\":\"https:\/\/shiawaves.com\/turkish\/2026\/04\/27\/son-durum-ortadogu-ve-dunya-askeri-gerilimlerin-golgesinde-krizin-yayilmasindan-endiseler-artarken-catismalarin-engellenmesine-yonelik-diplomatik-cabalar-suruyor\/\",\"url\":\"https:\/\/shiawaves.com\/turkish\/2026\/04\/27\/son-durum-ortadogu-ve-dunya-askeri-gerilimlerin-golgesinde-krizin-yayilmasindan-endiseler-artarken-catismalarin-engellenmesine-yonelik-diplomatik-cabalar-suruyor\/\",\"name\":\"Son Durum: Ortado\u011fu ve D\u00fcnya Askeri Gerilimlerin G\u00f6lgesinde; Krizin Yay\u0131lmas\u0131ndan Endi\u015feler Artarken, \u00c7at\u0131\u015fmalar\u0131n Engellenmesine Y\u00f6nelik Diplomatik \u00c7abalar S\u00fcr\u00fcyor - ShiaWaves Turkish - \u015eia Haberleri\",\"isPartOf\":{\"@id\":\"https:\/\/shiawaves.com\/turkish\/#website\"},\"primaryImageOfPage\":{\"@id\":\"https:\/\/shiawaves.com\/turkish\/2026\/04\/27\/son-durum-ortadogu-ve-dunya-askeri-gerilimlerin-golgesinde-krizin-yayilmasindan-endiseler-artarken-catismalarin-engellenmesine-yonelik-diplomatik-cabalar-suruyor\/#primaryimage\"},\"image\":{\"@id\":\"https:\/\/shiawaves.com\/turkish\/2026\/04\/27\/son-durum-ortadogu-ve-dunya-askeri-gerilimlerin-golgesinde-krizin-yayilmasindan-endiseler-artarken-catismalarin-engellenmesine-yonelik-diplomatik-cabalar-suruyor\/#primaryimage\"},\"thumbnailUrl\":\"https:\/\/shiawaves.com\/turkish\/wp-content\/uploads\/sites\/6\/2026\/04\/file_3168.jpg\",\"datePublished\":\"2026-04-27T09:00:24+00:00\",\"dateModified\":\"2026-04-27T09:00:24+00:00\",\"author\":{\"@id\":\"https:\/\/shiawaves.com\/turkish\/#\/schema\/person\/9f68d5023e948086b9348fba5aebd954\"},\"breadcrumb\":{\"@id\":\"https:\/\/shiawaves.com\/turkish\/2026\/04\/27\/son-durum-ortadogu-ve-dunya-askeri-gerilimlerin-golgesinde-krizin-yayilmasindan-endiseler-artarken-catismalarin-engellenmesine-yonelik-diplomatik-cabalar-suruyor\/#breadcrumb\"},\"inLanguage\":\"tr\",\"potentialAction\":[{\"@type\":\"ReadAction\",\"target\":[\"https:\/\/shiawaves.com\/turkish\/2026\/04\/27\/son-durum-ortadogu-ve-dunya-askeri-gerilimlerin-golgesinde-krizin-yayilmasindan-endiseler-artarken-catismalarin-engellenmesine-yonelik-diplomatik-cabalar-suruyor\/\"]}]},{\"@type\":\"ImageObject\",\"inLanguage\":\"tr\",\"@id\":\"https:\/\/shiawaves.com\/turkish\/2026\/04\/27\/son-durum-ortadogu-ve-dunya-askeri-gerilimlerin-golgesinde-krizin-yayilmasindan-endiseler-artarken-catismalarin-engellenmesine-yonelik-diplomatik-cabalar-suruyor\/#primaryimage\",\"url\":\"https:\/\/shiawaves.com\/turkish\/wp-content\/uploads\/sites\/6\/2026\/04\/file_3168.jpg\",\"contentUrl\":\"https:\/\/shiawaves.com\/turkish\/wp-content\/uploads\/sites\/6\/2026\/04\/file_3168.jpg\",\"width\":1280,\"height\":720},{\"@type\":\"BreadcrumbList\",\"@id\":\"https:\/\/shiawaves.com\/turkish\/2026\/04\/27\/son-durum-ortadogu-ve-dunya-askeri-gerilimlerin-golgesinde-krizin-yayilmasindan-endiseler-artarken-catismalarin-engellenmesine-yonelik-diplomatik-cabalar-suruyor\/#breadcrumb\",\"itemListElement\":[{\"@type\":\"ListItem\",\"position\":1,\"name\":\"Home\",\"item\":\"https:\/\/shiawaves.com\/turkish\/\"},{\"@type\":\"ListItem\",\"position\":2,\"name\":\"Son Durum: Ortado\u011fu ve D\u00fcnya Askeri Gerilimlerin G\u00f6lgesinde; Krizin Yay\u0131lmas\u0131ndan Endi\u015feler Artarken, \u00c7at\u0131\u015fmalar\u0131n Engellenmesine Y\u00f6nelik Diplomatik \u00c7abalar S\u00fcr\u00fcyor\"}]},{\"@type\":\"WebSite\",\"@id\":\"https:\/\/shiawaves.com\/turkish\/#website\",\"url\":\"https:\/\/shiawaves.com\/turkish\/\",\"name\":\"ShiaWaves Turkish - \u015eia Haberleri\",\"description\":\"\",\"potentialAction\":[{\"@type\":\"SearchAction\",\"target\":{\"@type\":\"EntryPoint\",\"urlTemplate\":\"https:\/\/shiawaves.com\/turkish\/?s={search_term_string}\"},\"query-input\":{\"@type\":\"PropertyValueSpecification\",\"valueRequired\":true,\"valueName\":\"search_term_string\"}}],\"inLanguage\":\"tr\"},{\"@type\":\"Person\",\"@id\":\"https:\/\/shiawaves.com\/turkish\/#\/schema\/person\/9f68d5023e948086b9348fba5aebd954\",\"name\":\"modir\",\"image\":{\"@type\":\"ImageObject\",\"inLanguage\":\"tr\",\"@id\":\"https:\/\/shiawaves.com\/turkish\/#\/schema\/person\/image\/\",\"url\":\"https:\/\/secure.gravatar.com\/avatar\/8e76f93cdbdd480bd8918d1e0e1d938664c9cb1516c2a57a2b96fe50b507a6b9?s=96&d=mm&r=g\",\"contentUrl\":\"https:\/\/secure.gravatar.com\/avatar\/8e76f93cdbdd480bd8918d1e0e1d938664c9cb1516c2a57a2b96fe50b507a6b9?s=96&d=mm&r=g\",\"caption\":\"modir\"},\"sameAs\":[\"https:\/\/shiawaves.com\"],\"url\":\"https:\/\/shiawaves.com\/turkish\/author\/modir\/\"}]}<\/script>\n<!-- \/ Yoast SEO plugin. -->","yoast_head_json":{"title":"Son Durum: Ortado\u011fu ve D\u00fcnya Askeri Gerilimlerin G\u00f6lgesinde; Krizin Yay\u0131lmas\u0131ndan Endi\u015feler Artarken, \u00c7at\u0131\u015fmalar\u0131n Engellenmesine Y\u00f6nelik Diplomatik \u00c7abalar S\u00fcr\u00fcyor - ShiaWaves Turkish - \u015eia Haberleri","robots":{"index":"index","follow":"follow","max-snippet":"max-snippet:-1","max-image-preview":"max-image-preview:large","max-video-preview":"max-video-preview:-1"},"canonical":"https:\/\/shiawaves.com\/turkish\/2026\/04\/27\/son-durum-ortadogu-ve-dunya-askeri-gerilimlerin-golgesinde-krizin-yayilmasindan-endiseler-artarken-catismalarin-engellenmesine-yonelik-diplomatik-cabalar-suruyor\/","og_locale":"tr_TR","og_type":"article","og_title":"Son Durum: Ortado\u011fu ve D\u00fcnya Askeri Gerilimlerin G\u00f6lgesinde; Krizin Yay\u0131lmas\u0131ndan Endi\u015feler Artarken, \u00c7at\u0131\u015fmalar\u0131n Engellenmesine Y\u00f6nelik Diplomatik \u00c7abalar S\u00fcr\u00fcyor - ShiaWaves Turkish - \u015eia Haberleri","og_description":"Son Durum: Ortado\u011fu ve D\u00fcnya Askeri Gerilimlerin G\u00f6lgesinde; Krizin Yay\u0131lmas\u0131ndan Endi\u015feler Artarken, \u00c7at\u0131\u015fmalar\u0131n Engellenmesine Y\u00f6nelik Diplomatik \u00c7abalar S\u00fcr\u00fcyor Son g\u00fcnlerdeki geli\u015fmeler, Ortado\u011fu&#8217;nun g\u00fcvenlik ve askeri gerilimlerin odak noktas\u0131 olmaya devam etti\u011fini ve bu durumun b\u00f6lgenin \u00f6tesinde k\u00fcresel dengeleri de etkiledi\u011fini g\u00f6stermektedir. Baz\u0131 \u00fclkelerdeki alarm seviyesinin y\u00fckselmesi ve devam eden da\u011f\u0131n\u0131k \u00e7at\u0131\u015fmalar, krizin tekrar geni\u015fleme olas\u0131l\u0131\u011f\u0131na &hellip;","og_url":"https:\/\/shiawaves.com\/turkish\/2026\/04\/27\/son-durum-ortadogu-ve-dunya-askeri-gerilimlerin-golgesinde-krizin-yayilmasindan-endiseler-artarken-catismalarin-engellenmesine-yonelik-diplomatik-cabalar-suruyor\/","og_site_name":"ShiaWaves Turkish - \u015eia Haberleri","article_published_time":"2026-04-27T09:00:24+00:00","author":"modir","twitter_card":"summary_large_image","twitter_misc":{"Yazan:":"modir","Tahmini okuma s\u00fcresi":"1 dakika"},"schema":{"@context":"https:\/\/schema.org","@graph":[{"@type":"WebPage","@id":"https:\/\/shiawaves.com\/turkish\/2026\/04\/27\/son-durum-ortadogu-ve-dunya-askeri-gerilimlerin-golgesinde-krizin-yayilmasindan-endiseler-artarken-catismalarin-engellenmesine-yonelik-diplomatik-cabalar-suruyor\/","url":"https:\/\/shiawaves.com\/turkish\/2026\/04\/27\/son-durum-ortadogu-ve-dunya-askeri-gerilimlerin-golgesinde-krizin-yayilmasindan-endiseler-artarken-catismalarin-engellenmesine-yonelik-diplomatik-cabalar-suruyor\/","name":"Son Durum: Ortado\u011fu ve D\u00fcnya Askeri Gerilimlerin G\u00f6lgesinde; Krizin Yay\u0131lmas\u0131ndan Endi\u015feler Artarken, \u00c7at\u0131\u015fmalar\u0131n Engellenmesine Y\u00f6nelik Diplomatik \u00c7abalar S\u00fcr\u00fcyor - ShiaWaves Turkish - \u015eia Haberleri","isPartOf":{"@id":"https:\/\/shiawaves.com\/turkish\/#website"},"primaryImageOfPage":{"@id":"https:\/\/shiawaves.com\/turkish\/2026\/04\/27\/son-durum-ortadogu-ve-dunya-askeri-gerilimlerin-golgesinde-krizin-yayilmasindan-endiseler-artarken-catismalarin-engellenmesine-yonelik-diplomatik-cabalar-suruyor\/#primaryimage"},"image":{"@id":"https:\/\/shiawaves.com\/turkish\/2026\/04\/27\/son-durum-ortadogu-ve-dunya-askeri-gerilimlerin-golgesinde-krizin-yayilmasindan-endiseler-artarken-catismalarin-engellenmesine-yonelik-diplomatik-cabalar-suruyor\/#primaryimage"},"thumbnailUrl":"https:\/\/shiawaves.com\/turkish\/wp-content\/uploads\/sites\/6\/2026\/04\/file_3168.jpg","datePublished":"2026-04-27T09:00:24+00:00","dateModified":"2026-04-27T09:00:24+00:00","author":{"@id":"https:\/\/shiawaves.com\/turkish\/#\/schema\/person\/9f68d5023e948086b9348fba5aebd954"},"breadcrumb":{"@id":"https:\/\/shiawaves.com\/turkish\/2026\/04\/27\/son-durum-ortadogu-ve-dunya-askeri-gerilimlerin-golgesinde-krizin-yayilmasindan-endiseler-artarken-catismalarin-engellenmesine-yonelik-diplomatik-cabalar-suruyor\/#breadcrumb"},"inLanguage":"tr","potentialAction":[{"@type":"ReadAction","target":["https:\/\/shiawaves.com\/turkish\/2026\/04\/27\/son-durum-ortadogu-ve-dunya-askeri-gerilimlerin-golgesinde-krizin-yayilmasindan-endiseler-artarken-catismalarin-engellenmesine-yonelik-diplomatik-cabalar-suruyor\/"]}]},{"@type":"ImageObject","inLanguage":"tr","@id":"https:\/\/shiawaves.com\/turkish\/2026\/04\/27\/son-durum-ortadogu-ve-dunya-askeri-gerilimlerin-golgesinde-krizin-yayilmasindan-endiseler-artarken-catismalarin-engellenmesine-yonelik-diplomatik-cabalar-suruyor\/#primaryimage","url":"https:\/\/shiawaves.com\/turkish\/wp-content\/uploads\/sites\/6\/2026\/04\/file_3168.jpg","contentUrl":"https:\/\/shiawaves.com\/turkish\/wp-content\/uploads\/sites\/6\/2026\/04\/file_3168.jpg","width":1280,"height":720},{"@type":"BreadcrumbList","@id":"https:\/\/shiawaves.com\/turkish\/2026\/04\/27\/son-durum-ortadogu-ve-dunya-askeri-gerilimlerin-golgesinde-krizin-yayilmasindan-endiseler-artarken-catismalarin-engellenmesine-yonelik-diplomatik-cabalar-suruyor\/#breadcrumb","itemListElement":[{"@type":"ListItem","position":1,"name":"Home","item":"https:\/\/shiawaves.com\/turkish\/"},{"@type":"ListItem","position":2,"name":"Son Durum: Ortado\u011fu ve D\u00fcnya Askeri Gerilimlerin G\u00f6lgesinde; Krizin Yay\u0131lmas\u0131ndan Endi\u015feler Artarken, \u00c7at\u0131\u015fmalar\u0131n Engellenmesine Y\u00f6nelik Diplomatik \u00c7abalar S\u00fcr\u00fcyor"}]},{"@type":"WebSite","@id":"https:\/\/shiawaves.com\/turkish\/#website","url":"https:\/\/shiawaves.com\/turkish\/","name":"ShiaWaves Turkish - \u015eia Haberleri","description":"","potentialAction":[{"@type":"SearchAction","target":{"@type":"EntryPoint","urlTemplate":"https:\/\/shiawaves.com\/turkish\/?s={search_term_string}"},"query-input":{"@type":"PropertyValueSpecification","valueRequired":true,"valueName":"search_term_string"}}],"inLanguage":"tr"},{"@type":"Person","@id":"https:\/\/shiawaves.com\/turkish\/#\/schema\/person\/9f68d5023e948086b9348fba5aebd954","name":"modir","image":{"@type":"ImageObject","inLanguage":"tr","@id":"https:\/\/shiawaves.com\/turkish\/#\/schema\/person\/image\/","url":"https:\/\/secure.gravatar.com\/avatar\/8e76f93cdbdd480bd8918d1e0e1d938664c9cb1516c2a57a2b96fe50b507a6b9?s=96&d=mm&r=g","contentUrl":"https:\/\/secure.gravatar.com\/avatar\/8e76f93cdbdd480bd8918d1e0e1d938664c9cb1516c2a57a2b96fe50b507a6b9?s=96&d=mm&r=g","caption":"modir"},"sameAs":["https:\/\/shiawaves.com"],"url":"https:\/\/shiawaves.com\/turkish\/author\/modir\/"}]}},"_links":{"self":[{"href":"https:\/\/shiawaves.com\/turkish\/wp-json\/wp\/v2\/posts\/120406","targetHints":{"allow":["GET"]}}],"collection":[{"href":"https:\/\/shiawaves.com\/turkish\/wp-json\/wp\/v2\/posts"}],"about":[{"href":"https:\/\/shiawaves.com\/turkish\/wp-json\/wp\/v2\/types\/post"}],"author":[{"embeddable":true,"href":"https:\/\/shiawaves.com\/turkish\/wp-json\/wp\/v2\/users\/1"}],"replies":[{"embeddable":true,"href":"https:\/\/shiawaves.com\/turkish\/wp-json\/wp\/v2\/comments?post=120406"}],"version-history":[{"count":0,"href":"https:\/\/shiawaves.com\/turkish\/wp-json\/wp\/v2\/posts\/120406\/revisions"}],"wp:featuredmedia":[{"embeddable":true,"href":"https:\/\/shiawaves.com\/turkish\/wp-json\/wp\/v2\/media\/120405"}],"wp:attachment":[{"href":"https:\/\/shiawaves.com\/turkish\/wp-json\/wp\/v2\/media?parent=120406"}],"wp:term":[{"taxonomy":"category","embeddable":true,"href":"https:\/\/shiawaves.com\/turkish\/wp-json\/wp\/v2\/categories?post=120406"},{"taxonomy":"post_tag","embeddable":true,"href":"https:\/\/shiawaves.com\/turkish\/wp-json\/wp\/v2\/tags?post=120406"}],"curies":[{"name":"wp","href":"https:\/\/api.w.org\/{rel}","templated":true}]}}