{"id":120404,"date":"2026-04-27T11:00:19","date_gmt":"2026-04-27T08:00:19","guid":{"rendered":"https:\/\/shiawaves.com\/turkish\/2026\/04\/27\/liverpool-camiinde-irkci-hakaret-birlesik-krallik-ve-avrupada-islam-dusmanliginin-artisi-yeniden-endise-yaratti\/"},"modified":"2026-04-27T11:00:19","modified_gmt":"2026-04-27T08:00:19","slug":"liverpool-camiinde-irkci-hakaret-birlesik-krallik-ve-avrupada-islam-dusmanliginin-artisi-yeniden-endise-yaratti","status":"publish","type":"post","link":"https:\/\/shiawaves.com\/turkish\/2026\/04\/27\/liverpool-camiinde-irkci-hakaret-birlesik-krallik-ve-avrupada-islam-dusmanliginin-artisi-yeniden-endise-yaratti\/","title":{"rendered":"Liverpool Camii&#8217;nde Irk\u00e7\u0131 Hakaret; Birle\u015fik Krall\u0131k ve Avrupa&#8217;da \u0130slam d\u00fc\u015fmanl\u0131\u011f\u0131n\u0131n Art\u0131\u015f\u0131 Yeniden Endi\u015fe Yaratt\u0131"},"content":{"rendered":"<p>Liverpool Camii&#8217;nde Irk\u00e7\u0131 Hakaret; Birle\u015fik Krall\u0131k ve Avrupa&#8217;da \u0130slam d\u00fc\u015fmanl\u0131\u011f\u0131n\u0131n Art\u0131\u015f\u0131 Yeniden Endi\u015fe Yaratt\u0131<\/p>\n<p>Liverpool \u015fehrindeki bir camide cemaatin \u0131rk\u00e7\u0131 hakaretlere ve tehditlere maruz kalmas\u0131, Birle\u015fik Krall\u0131k ve Avrupa&#8217;da \u0130slam d\u00fc\u015fmanl\u0131\u011f\u0131n\u0131n ve M\u00fcsl\u00fcman ibadet merkezlerinin g\u00fcvensizli\u011finin artmas\u0131na ili\u015fkin endi\u015feleri yeniden art\u0131rd\u0131.<\/p>\n<p>Bu olay, bir\u00e7ok insan haklar\u0131 kurulu\u015funun \u00f6zellikle M\u00fcsl\u00fcmanlara kar\u015f\u0131 nefret s\u00f6yleminin yay\u0131lmas\u0131na dair uyar\u0131larda bulundu\u011fu bir d\u00f6nemde meydana geldi.<\/p>\n<p>Merseyside Polisi&#8217;ne g\u00f6re, Liverpool&#8217;daki Abdullah Quilliam Camii&#8217;ne giren 58 ya\u015f\u0131ndaki bir adam, \u0131rk\u00e7\u0131 ve tehditkar bir \u015fekilde cemaatle kar\u015f\u0131 kar\u015f\u0131ya gelmi\u015f ve birka\u00e7 saat sonra g\u00f6zalt\u0131na al\u0131nm\u0131\u015ft\u0131r.<\/p>\n<p>Polis ayr\u0131ca cami \u00e7evresindeki g\u00fcvenlik devriyelerinin art\u0131r\u0131ld\u0131\u011f\u0131n\u0131 bildirdi.<\/p>\n<p>TRT Fars\u00e7a\u2019n\u0131n yay\u0131mlad\u0131\u011f\u0131 bir rapora g\u00f6re bu ki\u015fi, caminin a\u00e7\u0131k kap\u0131s\u0131ndan i\u00e7eri girmek isteyen M\u00fcsl\u00fcmanlar\u0131 \u00f6l\u00fcmle tehdit etmi\u015f ve hakaret dolu ifadeler kullanm\u0131\u015ft\u0131r.<\/p>\n<p>Bu hadise, sosyal aktivistlerin ve nefret kar\u015f\u0131t\u0131 kurulu\u015flar\u0131n geni\u015f tepkisini \u00e7ekti.<\/p>\n<p>Son y\u0131llarda, \u0130ngiltere, Fransa, Almanya, \u0130sve\u00e7 ve Hollanda gibi \u00fclkelerde bu t\u00fcr \u0130slam d\u00fc\u015fman\u0131 davran\u0131\u015flar\u0131n benzer \u00f6rnekleri kaydedilmi\u015ftir.<\/p>\n<p>Bu olaylar aras\u0131nda camilere sald\u0131r\u0131lar, \u0130slam merkezlerinin ate\u015fe verilmesi, ba\u015f\u00f6rt\u00fcl\u00fc kad\u0131nlara hakaret edilmesi ve cemaatin tehdit edilmesi de yer almaktad\u0131r.<\/p>\n<p>Kanada, Amerika ve Avustralya&#8217;n\u0131n baz\u0131 \u015fehirlerinde de M\u00fcsl\u00fcmanlar benzer ayr\u0131mc\u0131 ve \u0130slam kar\u015f\u0131t\u0131 davran\u0131\u015flarla y\u00fczle\u015fmektedir.<\/p>\n<p>Sosyal bilim uzmanlar\u0131, nefret s\u00f6ylemleriyle m\u00fccadelede yasa uygulamalar\u0131, kamusal e\u011fitim, din \u00f6zg\u00fcrl\u00fc\u011f\u00fcn\u00fcn desteklenmesi ve \u015fiddeti te\u015fvik edenlerle kararl\u0131 bir \u015fekilde m\u00fccadele edilmesi gerekti\u011fini vurgulamaktad\u0131r; zira bu t\u00fcr olaylar\u0131n tekrar\u0131, toplumsal bar\u0131\u015f i\u00e7inde birlikte ya\u015fama ortam\u0131n\u0131 tehdit edebilir.<\/p>\n","protected":false},"excerpt":{"rendered":"<p>Liverpool Camii&#8217;nde Irk\u00e7\u0131 Hakaret; Birle\u015fik Krall\u0131k ve Avrupa&#8217;da \u0130slam d\u00fc\u015fmanl\u0131\u011f\u0131n\u0131n Art\u0131\u015f\u0131 Yeniden Endi\u015fe Yaratt\u0131 Liverpool \u015fehrindeki bir camide cemaatin \u0131rk\u00e7\u0131 hakaretlere ve tehditlere maruz kalmas\u0131, Birle\u015fik Krall\u0131k ve Avrupa&#8217;da \u0130slam d\u00fc\u015fmanl\u0131\u011f\u0131n\u0131n ve M\u00fcsl\u00fcman ibadet merkezlerinin g\u00fcvensizli\u011finin artmas\u0131na ili\u015fkin endi\u015feleri yeniden art\u0131rd\u0131. Bu olay, bir\u00e7ok insan haklar\u0131 kurulu\u015funun \u00f6zellikle M\u00fcsl\u00fcmanlara kar\u015f\u0131 nefret s\u00f6yleminin yay\u0131lmas\u0131na dair uyar\u0131larda &hellip;<\/p>\n","protected":false},"author":1,"featured_media":120403,"comment_status":"open","ping_status":"open","sticky":false,"template":"","format":"standard","meta":{"rop_custom_images_group":[],"rop_custom_messages_group":[],"rop_publish_now":"initial","rop_publish_now_accounts":[],"rop_publish_now_history":[],"rop_publish_now_status":"pending","footnotes":""},"categories":[23],"tags":[],"class_list":["post-120404","post","type-post","status-publish","format-standard","has-post-thumbnail","hentry","category-europe"],"_wp_page_template":null,"_wp_attached_file":null,"_wp_attachment_metadata":null,"_edit_lock":null,"yoast_head":"<!-- This site is optimized with the Yoast SEO plugin v24.3 - https:\/\/yoast.com\/wordpress\/plugins\/seo\/ -->\n<title>Liverpool Camii&#039;nde Irk\u00e7\u0131 Hakaret; Birle\u015fik Krall\u0131k ve Avrupa&#039;da \u0130slam d\u00fc\u015fmanl\u0131\u011f\u0131n\u0131n Art\u0131\u015f\u0131 Yeniden Endi\u015fe Yaratt\u0131 - ShiaWaves Turkish - \u015eia Haberleri<\/title>\n<meta name=\"robots\" content=\"index, follow, max-snippet:-1, max-image-preview:large, max-video-preview:-1\" \/>\n<link rel=\"canonical\" href=\"https:\/\/shiawaves.com\/turkish\/2026\/04\/27\/liverpool-camiinde-irkci-hakaret-birlesik-krallik-ve-avrupada-islam-dusmanliginin-artisi-yeniden-endise-yaratti\/\" \/>\n<meta property=\"og:locale\" content=\"tr_TR\" \/>\n<meta property=\"og:type\" content=\"article\" \/>\n<meta property=\"og:title\" content=\"Liverpool Camii&#039;nde Irk\u00e7\u0131 Hakaret; Birle\u015fik Krall\u0131k ve Avrupa&#039;da \u0130slam d\u00fc\u015fmanl\u0131\u011f\u0131n\u0131n Art\u0131\u015f\u0131 Yeniden Endi\u015fe Yaratt\u0131 - ShiaWaves Turkish - \u015eia Haberleri\" \/>\n<meta property=\"og:description\" content=\"Liverpool Camii&#8217;nde Irk\u00e7\u0131 Hakaret; Birle\u015fik Krall\u0131k ve Avrupa&#8217;da \u0130slam d\u00fc\u015fmanl\u0131\u011f\u0131n\u0131n Art\u0131\u015f\u0131 Yeniden Endi\u015fe Yaratt\u0131 Liverpool \u015fehrindeki bir camide cemaatin \u0131rk\u00e7\u0131 hakaretlere ve tehditlere maruz kalmas\u0131, Birle\u015fik Krall\u0131k ve Avrupa&#8217;da \u0130slam d\u00fc\u015fmanl\u0131\u011f\u0131n\u0131n ve M\u00fcsl\u00fcman ibadet merkezlerinin g\u00fcvensizli\u011finin artmas\u0131na ili\u015fkin endi\u015feleri yeniden art\u0131rd\u0131. Bu olay, bir\u00e7ok insan haklar\u0131 kurulu\u015funun \u00f6zellikle M\u00fcsl\u00fcmanlara kar\u015f\u0131 nefret s\u00f6yleminin yay\u0131lmas\u0131na dair uyar\u0131larda &hellip;\" \/>\n<meta property=\"og:url\" content=\"https:\/\/shiawaves.com\/turkish\/2026\/04\/27\/liverpool-camiinde-irkci-hakaret-birlesik-krallik-ve-avrupada-islam-dusmanliginin-artisi-yeniden-endise-yaratti\/\" \/>\n<meta property=\"og:site_name\" content=\"ShiaWaves Turkish - \u015eia Haberleri\" \/>\n<meta property=\"article:published_time\" content=\"2026-04-27T08:00:19+00:00\" \/>\n<meta name=\"author\" content=\"modir\" \/>\n<meta name=\"twitter:card\" content=\"summary_large_image\" \/>\n<meta name=\"twitter:label1\" content=\"Yazan:\" \/>\n\t<meta name=\"twitter:data1\" content=\"modir\" \/>\n\t<meta name=\"twitter:label2\" content=\"Tahmini okuma s\u00fcresi\" \/>\n\t<meta name=\"twitter:data2\" content=\"2 dakika\" \/>\n<script type=\"application\/ld+json\" class=\"yoast-schema-graph\">{\"@context\":\"https:\/\/schema.org\",\"@graph\":[{\"@type\":\"WebPage\",\"@id\":\"https:\/\/shiawaves.com\/turkish\/2026\/04\/27\/liverpool-camiinde-irkci-hakaret-birlesik-krallik-ve-avrupada-islam-dusmanliginin-artisi-yeniden-endise-yaratti\/\",\"url\":\"https:\/\/shiawaves.com\/turkish\/2026\/04\/27\/liverpool-camiinde-irkci-hakaret-birlesik-krallik-ve-avrupada-islam-dusmanliginin-artisi-yeniden-endise-yaratti\/\",\"name\":\"Liverpool Camii'nde Irk\u00e7\u0131 Hakaret; Birle\u015fik Krall\u0131k ve Avrupa'da \u0130slam d\u00fc\u015fmanl\u0131\u011f\u0131n\u0131n Art\u0131\u015f\u0131 Yeniden Endi\u015fe Yaratt\u0131 - ShiaWaves Turkish - \u015eia Haberleri\",\"isPartOf\":{\"@id\":\"https:\/\/shiawaves.com\/turkish\/#website\"},\"primaryImageOfPage\":{\"@id\":\"https:\/\/shiawaves.com\/turkish\/2026\/04\/27\/liverpool-camiinde-irkci-hakaret-birlesik-krallik-ve-avrupada-islam-dusmanliginin-artisi-yeniden-endise-yaratti\/#primaryimage\"},\"image\":{\"@id\":\"https:\/\/shiawaves.com\/turkish\/2026\/04\/27\/liverpool-camiinde-irkci-hakaret-birlesik-krallik-ve-avrupada-islam-dusmanliginin-artisi-yeniden-endise-yaratti\/#primaryimage\"},\"thumbnailUrl\":\"https:\/\/shiawaves.com\/turkish\/wp-content\/uploads\/sites\/6\/2026\/04\/file_3167.jpg\",\"datePublished\":\"2026-04-27T08:00:19+00:00\",\"dateModified\":\"2026-04-27T08:00:19+00:00\",\"author\":{\"@id\":\"https:\/\/shiawaves.com\/turkish\/#\/schema\/person\/9f68d5023e948086b9348fba5aebd954\"},\"breadcrumb\":{\"@id\":\"https:\/\/shiawaves.com\/turkish\/2026\/04\/27\/liverpool-camiinde-irkci-hakaret-birlesik-krallik-ve-avrupada-islam-dusmanliginin-artisi-yeniden-endise-yaratti\/#breadcrumb\"},\"inLanguage\":\"tr\",\"potentialAction\":[{\"@type\":\"ReadAction\",\"target\":[\"https:\/\/shiawaves.com\/turkish\/2026\/04\/27\/liverpool-camiinde-irkci-hakaret-birlesik-krallik-ve-avrupada-islam-dusmanliginin-artisi-yeniden-endise-yaratti\/\"]}]},{\"@type\":\"ImageObject\",\"inLanguage\":\"tr\",\"@id\":\"https:\/\/shiawaves.com\/turkish\/2026\/04\/27\/liverpool-camiinde-irkci-hakaret-birlesik-krallik-ve-avrupada-islam-dusmanliginin-artisi-yeniden-endise-yaratti\/#primaryimage\",\"url\":\"https:\/\/shiawaves.com\/turkish\/wp-content\/uploads\/sites\/6\/2026\/04\/file_3167.jpg\",\"contentUrl\":\"https:\/\/shiawaves.com\/turkish\/wp-content\/uploads\/sites\/6\/2026\/04\/file_3167.jpg\",\"width\":1280,\"height\":720},{\"@type\":\"BreadcrumbList\",\"@id\":\"https:\/\/shiawaves.com\/turkish\/2026\/04\/27\/liverpool-camiinde-irkci-hakaret-birlesik-krallik-ve-avrupada-islam-dusmanliginin-artisi-yeniden-endise-yaratti\/#breadcrumb\",\"itemListElement\":[{\"@type\":\"ListItem\",\"position\":1,\"name\":\"Home\",\"item\":\"https:\/\/shiawaves.com\/turkish\/\"},{\"@type\":\"ListItem\",\"position\":2,\"name\":\"Liverpool Camii&#8217;nde Irk\u00e7\u0131 Hakaret; Birle\u015fik Krall\u0131k ve Avrupa&#8217;da \u0130slam d\u00fc\u015fmanl\u0131\u011f\u0131n\u0131n Art\u0131\u015f\u0131 Yeniden Endi\u015fe Yaratt\u0131\"}]},{\"@type\":\"WebSite\",\"@id\":\"https:\/\/shiawaves.com\/turkish\/#website\",\"url\":\"https:\/\/shiawaves.com\/turkish\/\",\"name\":\"ShiaWaves Turkish - \u015eia Haberleri\",\"description\":\"\",\"potentialAction\":[{\"@type\":\"SearchAction\",\"target\":{\"@type\":\"EntryPoint\",\"urlTemplate\":\"https:\/\/shiawaves.com\/turkish\/?s={search_term_string}\"},\"query-input\":{\"@type\":\"PropertyValueSpecification\",\"valueRequired\":true,\"valueName\":\"search_term_string\"}}],\"inLanguage\":\"tr\"},{\"@type\":\"Person\",\"@id\":\"https:\/\/shiawaves.com\/turkish\/#\/schema\/person\/9f68d5023e948086b9348fba5aebd954\",\"name\":\"modir\",\"image\":{\"@type\":\"ImageObject\",\"inLanguage\":\"tr\",\"@id\":\"https:\/\/shiawaves.com\/turkish\/#\/schema\/person\/image\/\",\"url\":\"https:\/\/secure.gravatar.com\/avatar\/8e76f93cdbdd480bd8918d1e0e1d938664c9cb1516c2a57a2b96fe50b507a6b9?s=96&d=mm&r=g\",\"contentUrl\":\"https:\/\/secure.gravatar.com\/avatar\/8e76f93cdbdd480bd8918d1e0e1d938664c9cb1516c2a57a2b96fe50b507a6b9?s=96&d=mm&r=g\",\"caption\":\"modir\"},\"sameAs\":[\"https:\/\/shiawaves.com\"],\"url\":\"https:\/\/shiawaves.com\/turkish\/author\/modir\/\"}]}<\/script>\n<!-- \/ Yoast SEO plugin. -->","yoast_head_json":{"title":"Liverpool Camii'nde Irk\u00e7\u0131 Hakaret; Birle\u015fik Krall\u0131k ve Avrupa'da \u0130slam d\u00fc\u015fmanl\u0131\u011f\u0131n\u0131n Art\u0131\u015f\u0131 Yeniden Endi\u015fe Yaratt\u0131 - ShiaWaves Turkish - \u015eia Haberleri","robots":{"index":"index","follow":"follow","max-snippet":"max-snippet:-1","max-image-preview":"max-image-preview:large","max-video-preview":"max-video-preview:-1"},"canonical":"https:\/\/shiawaves.com\/turkish\/2026\/04\/27\/liverpool-camiinde-irkci-hakaret-birlesik-krallik-ve-avrupada-islam-dusmanliginin-artisi-yeniden-endise-yaratti\/","og_locale":"tr_TR","og_type":"article","og_title":"Liverpool Camii'nde Irk\u00e7\u0131 Hakaret; Birle\u015fik Krall\u0131k ve Avrupa'da \u0130slam d\u00fc\u015fmanl\u0131\u011f\u0131n\u0131n Art\u0131\u015f\u0131 Yeniden Endi\u015fe Yaratt\u0131 - ShiaWaves Turkish - \u015eia Haberleri","og_description":"Liverpool Camii&#8217;nde Irk\u00e7\u0131 Hakaret; Birle\u015fik Krall\u0131k ve Avrupa&#8217;da \u0130slam d\u00fc\u015fmanl\u0131\u011f\u0131n\u0131n Art\u0131\u015f\u0131 Yeniden Endi\u015fe Yaratt\u0131 Liverpool \u015fehrindeki bir camide cemaatin \u0131rk\u00e7\u0131 hakaretlere ve tehditlere maruz kalmas\u0131, Birle\u015fik Krall\u0131k ve Avrupa&#8217;da \u0130slam d\u00fc\u015fmanl\u0131\u011f\u0131n\u0131n ve M\u00fcsl\u00fcman ibadet merkezlerinin g\u00fcvensizli\u011finin artmas\u0131na ili\u015fkin endi\u015feleri yeniden art\u0131rd\u0131. Bu olay, bir\u00e7ok insan haklar\u0131 kurulu\u015funun \u00f6zellikle M\u00fcsl\u00fcmanlara kar\u015f\u0131 nefret s\u00f6yleminin yay\u0131lmas\u0131na dair uyar\u0131larda &hellip;","og_url":"https:\/\/shiawaves.com\/turkish\/2026\/04\/27\/liverpool-camiinde-irkci-hakaret-birlesik-krallik-ve-avrupada-islam-dusmanliginin-artisi-yeniden-endise-yaratti\/","og_site_name":"ShiaWaves Turkish - \u015eia Haberleri","article_published_time":"2026-04-27T08:00:19+00:00","author":"modir","twitter_card":"summary_large_image","twitter_misc":{"Yazan:":"modir","Tahmini okuma s\u00fcresi":"2 dakika"},"schema":{"@context":"https:\/\/schema.org","@graph":[{"@type":"WebPage","@id":"https:\/\/shiawaves.com\/turkish\/2026\/04\/27\/liverpool-camiinde-irkci-hakaret-birlesik-krallik-ve-avrupada-islam-dusmanliginin-artisi-yeniden-endise-yaratti\/","url":"https:\/\/shiawaves.com\/turkish\/2026\/04\/27\/liverpool-camiinde-irkci-hakaret-birlesik-krallik-ve-avrupada-islam-dusmanliginin-artisi-yeniden-endise-yaratti\/","name":"Liverpool Camii'nde Irk\u00e7\u0131 Hakaret; Birle\u015fik Krall\u0131k ve Avrupa'da \u0130slam d\u00fc\u015fmanl\u0131\u011f\u0131n\u0131n Art\u0131\u015f\u0131 Yeniden Endi\u015fe Yaratt\u0131 - ShiaWaves Turkish - \u015eia Haberleri","isPartOf":{"@id":"https:\/\/shiawaves.com\/turkish\/#website"},"primaryImageOfPage":{"@id":"https:\/\/shiawaves.com\/turkish\/2026\/04\/27\/liverpool-camiinde-irkci-hakaret-birlesik-krallik-ve-avrupada-islam-dusmanliginin-artisi-yeniden-endise-yaratti\/#primaryimage"},"image":{"@id":"https:\/\/shiawaves.com\/turkish\/2026\/04\/27\/liverpool-camiinde-irkci-hakaret-birlesik-krallik-ve-avrupada-islam-dusmanliginin-artisi-yeniden-endise-yaratti\/#primaryimage"},"thumbnailUrl":"https:\/\/shiawaves.com\/turkish\/wp-content\/uploads\/sites\/6\/2026\/04\/file_3167.jpg","datePublished":"2026-04-27T08:00:19+00:00","dateModified":"2026-04-27T08:00:19+00:00","author":{"@id":"https:\/\/shiawaves.com\/turkish\/#\/schema\/person\/9f68d5023e948086b9348fba5aebd954"},"breadcrumb":{"@id":"https:\/\/shiawaves.com\/turkish\/2026\/04\/27\/liverpool-camiinde-irkci-hakaret-birlesik-krallik-ve-avrupada-islam-dusmanliginin-artisi-yeniden-endise-yaratti\/#breadcrumb"},"inLanguage":"tr","potentialAction":[{"@type":"ReadAction","target":["https:\/\/shiawaves.com\/turkish\/2026\/04\/27\/liverpool-camiinde-irkci-hakaret-birlesik-krallik-ve-avrupada-islam-dusmanliginin-artisi-yeniden-endise-yaratti\/"]}]},{"@type":"ImageObject","inLanguage":"tr","@id":"https:\/\/shiawaves.com\/turkish\/2026\/04\/27\/liverpool-camiinde-irkci-hakaret-birlesik-krallik-ve-avrupada-islam-dusmanliginin-artisi-yeniden-endise-yaratti\/#primaryimage","url":"https:\/\/shiawaves.com\/turkish\/wp-content\/uploads\/sites\/6\/2026\/04\/file_3167.jpg","contentUrl":"https:\/\/shiawaves.com\/turkish\/wp-content\/uploads\/sites\/6\/2026\/04\/file_3167.jpg","width":1280,"height":720},{"@type":"BreadcrumbList","@id":"https:\/\/shiawaves.com\/turkish\/2026\/04\/27\/liverpool-camiinde-irkci-hakaret-birlesik-krallik-ve-avrupada-islam-dusmanliginin-artisi-yeniden-endise-yaratti\/#breadcrumb","itemListElement":[{"@type":"ListItem","position":1,"name":"Home","item":"https:\/\/shiawaves.com\/turkish\/"},{"@type":"ListItem","position":2,"name":"Liverpool Camii&#8217;nde Irk\u00e7\u0131 Hakaret; Birle\u015fik Krall\u0131k ve Avrupa&#8217;da \u0130slam d\u00fc\u015fmanl\u0131\u011f\u0131n\u0131n Art\u0131\u015f\u0131 Yeniden Endi\u015fe Yaratt\u0131"}]},{"@type":"WebSite","@id":"https:\/\/shiawaves.com\/turkish\/#website","url":"https:\/\/shiawaves.com\/turkish\/","name":"ShiaWaves Turkish - \u015eia Haberleri","description":"","potentialAction":[{"@type":"SearchAction","target":{"@type":"EntryPoint","urlTemplate":"https:\/\/shiawaves.com\/turkish\/?s={search_term_string}"},"query-input":{"@type":"PropertyValueSpecification","valueRequired":true,"valueName":"search_term_string"}}],"inLanguage":"tr"},{"@type":"Person","@id":"https:\/\/shiawaves.com\/turkish\/#\/schema\/person\/9f68d5023e948086b9348fba5aebd954","name":"modir","image":{"@type":"ImageObject","inLanguage":"tr","@id":"https:\/\/shiawaves.com\/turkish\/#\/schema\/person\/image\/","url":"https:\/\/secure.gravatar.com\/avatar\/8e76f93cdbdd480bd8918d1e0e1d938664c9cb1516c2a57a2b96fe50b507a6b9?s=96&d=mm&r=g","contentUrl":"https:\/\/secure.gravatar.com\/avatar\/8e76f93cdbdd480bd8918d1e0e1d938664c9cb1516c2a57a2b96fe50b507a6b9?s=96&d=mm&r=g","caption":"modir"},"sameAs":["https:\/\/shiawaves.com"],"url":"https:\/\/shiawaves.com\/turkish\/author\/modir\/"}]}},"_links":{"self":[{"href":"https:\/\/shiawaves.com\/turkish\/wp-json\/wp\/v2\/posts\/120404","targetHints":{"allow":["GET"]}}],"collection":[{"href":"https:\/\/shiawaves.com\/turkish\/wp-json\/wp\/v2\/posts"}],"about":[{"href":"https:\/\/shiawaves.com\/turkish\/wp-json\/wp\/v2\/types\/post"}],"author":[{"embeddable":true,"href":"https:\/\/shiawaves.com\/turkish\/wp-json\/wp\/v2\/users\/1"}],"replies":[{"embeddable":true,"href":"https:\/\/shiawaves.com\/turkish\/wp-json\/wp\/v2\/comments?post=120404"}],"version-history":[{"count":0,"href":"https:\/\/shiawaves.com\/turkish\/wp-json\/wp\/v2\/posts\/120404\/revisions"}],"wp:featuredmedia":[{"embeddable":true,"href":"https:\/\/shiawaves.com\/turkish\/wp-json\/wp\/v2\/media\/120403"}],"wp:attachment":[{"href":"https:\/\/shiawaves.com\/turkish\/wp-json\/wp\/v2\/media?parent=120404"}],"wp:term":[{"taxonomy":"category","embeddable":true,"href":"https:\/\/shiawaves.com\/turkish\/wp-json\/wp\/v2\/categories?post=120404"},{"taxonomy":"post_tag","embeddable":true,"href":"https:\/\/shiawaves.com\/turkish\/wp-json\/wp\/v2\/tags?post=120404"}],"curies":[{"name":"wp","href":"https:\/\/api.w.org\/{rel}","templated":true}]}}