{"id":120402,"date":"2026-04-26T22:30:27","date_gmt":"2026-04-26T19:30:27","guid":{"rendered":"https:\/\/shiawaves.com\/turkish\/2026\/04\/26\/irak-sivi-gaz-platformunu-kullanima-acti-yaz-aylarinda-elektrik-istikrarini-guclendirme-hedefi\/"},"modified":"2026-04-26T22:30:27","modified_gmt":"2026-04-26T19:30:27","slug":"irak-sivi-gaz-platformunu-kullanima-acti-yaz-aylarinda-elektrik-istikrarini-guclendirme-hedefi","status":"publish","type":"post","link":"https:\/\/shiawaves.com\/turkish\/2026\/04\/26\/irak-sivi-gaz-platformunu-kullanima-acti-yaz-aylarinda-elektrik-istikrarini-guclendirme-hedefi\/","title":{"rendered":"Irak S\u0131v\u0131 Gaz Platformu&#8217;nu Kullan\u0131ma A\u00e7t\u0131: Yaz Aylar\u0131nda Elektrik \u0130stikrar\u0131n\u0131 G\u00fc\u00e7lendirme Hedefi"},"content":{"rendered":"<p>Irak S\u0131v\u0131 Gaz Platformu&#8217;nu Kullan\u0131ma A\u00e7t\u0131: Yaz Aylar\u0131nda Elektrik \u0130stikrar\u0131n\u0131 G\u00fc\u00e7lendirme Hedefi<\/p>\n<p>Irak Elektrik Bakanl\u0131\u011f\u0131, elektrik santrallerine yak\u0131t sa\u011flamak ve yaz aylar\u0131nda ya\u015fanan elektrik krizini azaltmak i\u00e7in \u00f6nemli bir rol oynayacak y\u00fcksek kapasiteli s\u0131v\u0131 gaz platformu projesinin tamamland\u0131\u011f\u0131n\u0131 duyurdu. Bu projenin, enerji a\u011f\u0131n\u0131n istikrar\u0131n\u0131 art\u0131rmaya katk\u0131da bulunmas\u0131 bekleniyor.<\/p>\n<p>Middle East News&#8217;in raporuna g\u00f6re, g\u00fcnde 750 milyon ayak k\u00fcp kapasiteye sahip bu s\u0131v\u0131 gaz platformu, Haziran ay\u0131 ba\u015flar\u0131nda faaliyete ge\u00e7ecek ve Irak&#8217;\u0131n elektrik santralleri i\u00e7in \u00f6nemli bir enerji kayna\u011f\u0131 olarak hizmet verecek.<\/p>\n<p>Ayr\u0131ca, bu projenin ithalat yak\u0131tlara ba\u011f\u0131ml\u0131l\u0131\u011f\u0131 azaltma \u00e7abalar\u0131n\u0131n bir par\u00e7as\u0131 oldu\u011fu belirtilmi\u015ftir.<\/p>\n","protected":false},"excerpt":{"rendered":"<p>Irak S\u0131v\u0131 Gaz Platformu&#8217;nu Kullan\u0131ma A\u00e7t\u0131: Yaz Aylar\u0131nda Elektrik \u0130stikrar\u0131n\u0131 G\u00fc\u00e7lendirme Hedefi Irak Elektrik Bakanl\u0131\u011f\u0131, elektrik santrallerine yak\u0131t sa\u011flamak ve yaz aylar\u0131nda ya\u015fanan elektrik krizini azaltmak i\u00e7in \u00f6nemli bir rol oynayacak y\u00fcksek kapasiteli s\u0131v\u0131 gaz platformu projesinin tamamland\u0131\u011f\u0131n\u0131 duyurdu. Bu projenin, enerji a\u011f\u0131n\u0131n istikrar\u0131n\u0131 art\u0131rmaya katk\u0131da bulunmas\u0131 bekleniyor. Middle East News&#8217;in raporuna g\u00f6re, g\u00fcnde 750 &hellip;<\/p>\n","protected":false},"author":1,"featured_media":120401,"comment_status":"open","ping_status":"open","sticky":false,"template":"","format":"standard","meta":{"rop_custom_images_group":[],"rop_custom_messages_group":[],"rop_publish_now":"initial","rop_publish_now_accounts":[],"rop_publish_now_history":[],"rop_publish_now_status":"pending","footnotes":""},"categories":[14],"tags":[],"class_list":["post-120402","post","type-post","status-publish","format-standard","has-post-thumbnail","hentry","category-iraq"],"_wp_page_template":null,"_wp_attached_file":null,"_wp_attachment_metadata":null,"_edit_lock":null,"yoast_head":"<!-- This site is optimized with the Yoast SEO plugin v24.3 - https:\/\/yoast.com\/wordpress\/plugins\/seo\/ -->\n<title>Irak S\u0131v\u0131 Gaz Platformu&#039;nu Kullan\u0131ma A\u00e7t\u0131: Yaz Aylar\u0131nda Elektrik \u0130stikrar\u0131n\u0131 G\u00fc\u00e7lendirme Hedefi - ShiaWaves Turkish - \u015eia Haberleri<\/title>\n<meta name=\"robots\" content=\"index, follow, max-snippet:-1, max-image-preview:large, max-video-preview:-1\" \/>\n<link rel=\"canonical\" href=\"https:\/\/shiawaves.com\/turkish\/2026\/04\/26\/irak-sivi-gaz-platformunu-kullanima-acti-yaz-aylarinda-elektrik-istikrarini-guclendirme-hedefi\/\" \/>\n<meta property=\"og:locale\" content=\"tr_TR\" \/>\n<meta property=\"og:type\" content=\"article\" \/>\n<meta property=\"og:title\" content=\"Irak S\u0131v\u0131 Gaz Platformu&#039;nu Kullan\u0131ma A\u00e7t\u0131: Yaz Aylar\u0131nda Elektrik \u0130stikrar\u0131n\u0131 G\u00fc\u00e7lendirme Hedefi - ShiaWaves Turkish - \u015eia Haberleri\" \/>\n<meta property=\"og:description\" content=\"Irak S\u0131v\u0131 Gaz Platformu&#8217;nu Kullan\u0131ma A\u00e7t\u0131: Yaz Aylar\u0131nda Elektrik \u0130stikrar\u0131n\u0131 G\u00fc\u00e7lendirme Hedefi Irak Elektrik Bakanl\u0131\u011f\u0131, elektrik santrallerine yak\u0131t sa\u011flamak ve yaz aylar\u0131nda ya\u015fanan elektrik krizini azaltmak i\u00e7in \u00f6nemli bir rol oynayacak y\u00fcksek kapasiteli s\u0131v\u0131 gaz platformu projesinin tamamland\u0131\u011f\u0131n\u0131 duyurdu. Bu projenin, enerji a\u011f\u0131n\u0131n istikrar\u0131n\u0131 art\u0131rmaya katk\u0131da bulunmas\u0131 bekleniyor. Middle East News&#8217;in raporuna g\u00f6re, g\u00fcnde 750 &hellip;\" \/>\n<meta property=\"og:url\" content=\"https:\/\/shiawaves.com\/turkish\/2026\/04\/26\/irak-sivi-gaz-platformunu-kullanima-acti-yaz-aylarinda-elektrik-istikrarini-guclendirme-hedefi\/\" \/>\n<meta property=\"og:site_name\" content=\"ShiaWaves Turkish - \u015eia Haberleri\" \/>\n<meta property=\"article:published_time\" content=\"2026-04-26T19:30:27+00:00\" \/>\n<meta name=\"author\" content=\"modir\" \/>\n<meta name=\"twitter:card\" content=\"summary_large_image\" \/>\n<meta name=\"twitter:label1\" content=\"Yazan:\" \/>\n\t<meta name=\"twitter:data1\" content=\"modir\" \/>\n\t<meta name=\"twitter:label2\" content=\"Tahmini okuma s\u00fcresi\" \/>\n\t<meta name=\"twitter:data2\" content=\"1 dakika\" \/>\n<script type=\"application\/ld+json\" class=\"yoast-schema-graph\">{\"@context\":\"https:\/\/schema.org\",\"@graph\":[{\"@type\":\"WebPage\",\"@id\":\"https:\/\/shiawaves.com\/turkish\/2026\/04\/26\/irak-sivi-gaz-platformunu-kullanima-acti-yaz-aylarinda-elektrik-istikrarini-guclendirme-hedefi\/\",\"url\":\"https:\/\/shiawaves.com\/turkish\/2026\/04\/26\/irak-sivi-gaz-platformunu-kullanima-acti-yaz-aylarinda-elektrik-istikrarini-guclendirme-hedefi\/\",\"name\":\"Irak S\u0131v\u0131 Gaz Platformu'nu Kullan\u0131ma A\u00e7t\u0131: Yaz Aylar\u0131nda Elektrik \u0130stikrar\u0131n\u0131 G\u00fc\u00e7lendirme Hedefi - ShiaWaves Turkish - \u015eia Haberleri\",\"isPartOf\":{\"@id\":\"https:\/\/shiawaves.com\/turkish\/#website\"},\"primaryImageOfPage\":{\"@id\":\"https:\/\/shiawaves.com\/turkish\/2026\/04\/26\/irak-sivi-gaz-platformunu-kullanima-acti-yaz-aylarinda-elektrik-istikrarini-guclendirme-hedefi\/#primaryimage\"},\"image\":{\"@id\":\"https:\/\/shiawaves.com\/turkish\/2026\/04\/26\/irak-sivi-gaz-platformunu-kullanima-acti-yaz-aylarinda-elektrik-istikrarini-guclendirme-hedefi\/#primaryimage\"},\"thumbnailUrl\":\"https:\/\/shiawaves.com\/turkish\/wp-content\/uploads\/sites\/6\/2026\/04\/file_3166.jpg\",\"datePublished\":\"2026-04-26T19:30:27+00:00\",\"dateModified\":\"2026-04-26T19:30:27+00:00\",\"author\":{\"@id\":\"https:\/\/shiawaves.com\/turkish\/#\/schema\/person\/9f68d5023e948086b9348fba5aebd954\"},\"breadcrumb\":{\"@id\":\"https:\/\/shiawaves.com\/turkish\/2026\/04\/26\/irak-sivi-gaz-platformunu-kullanima-acti-yaz-aylarinda-elektrik-istikrarini-guclendirme-hedefi\/#breadcrumb\"},\"inLanguage\":\"tr\",\"potentialAction\":[{\"@type\":\"ReadAction\",\"target\":[\"https:\/\/shiawaves.com\/turkish\/2026\/04\/26\/irak-sivi-gaz-platformunu-kullanima-acti-yaz-aylarinda-elektrik-istikrarini-guclendirme-hedefi\/\"]}]},{\"@type\":\"ImageObject\",\"inLanguage\":\"tr\",\"@id\":\"https:\/\/shiawaves.com\/turkish\/2026\/04\/26\/irak-sivi-gaz-platformunu-kullanima-acti-yaz-aylarinda-elektrik-istikrarini-guclendirme-hedefi\/#primaryimage\",\"url\":\"https:\/\/shiawaves.com\/turkish\/wp-content\/uploads\/sites\/6\/2026\/04\/file_3166.jpg\",\"contentUrl\":\"https:\/\/shiawaves.com\/turkish\/wp-content\/uploads\/sites\/6\/2026\/04\/file_3166.jpg\",\"width\":685,\"height\":393},{\"@type\":\"BreadcrumbList\",\"@id\":\"https:\/\/shiawaves.com\/turkish\/2026\/04\/26\/irak-sivi-gaz-platformunu-kullanima-acti-yaz-aylarinda-elektrik-istikrarini-guclendirme-hedefi\/#breadcrumb\",\"itemListElement\":[{\"@type\":\"ListItem\",\"position\":1,\"name\":\"Home\",\"item\":\"https:\/\/shiawaves.com\/turkish\/\"},{\"@type\":\"ListItem\",\"position\":2,\"name\":\"Irak S\u0131v\u0131 Gaz Platformu&#8217;nu Kullan\u0131ma A\u00e7t\u0131: Yaz Aylar\u0131nda Elektrik \u0130stikrar\u0131n\u0131 G\u00fc\u00e7lendirme Hedefi\"}]},{\"@type\":\"WebSite\",\"@id\":\"https:\/\/shiawaves.com\/turkish\/#website\",\"url\":\"https:\/\/shiawaves.com\/turkish\/\",\"name\":\"ShiaWaves Turkish - \u015eia Haberleri\",\"description\":\"\",\"potentialAction\":[{\"@type\":\"SearchAction\",\"target\":{\"@type\":\"EntryPoint\",\"urlTemplate\":\"https:\/\/shiawaves.com\/turkish\/?s={search_term_string}\"},\"query-input\":{\"@type\":\"PropertyValueSpecification\",\"valueRequired\":true,\"valueName\":\"search_term_string\"}}],\"inLanguage\":\"tr\"},{\"@type\":\"Person\",\"@id\":\"https:\/\/shiawaves.com\/turkish\/#\/schema\/person\/9f68d5023e948086b9348fba5aebd954\",\"name\":\"modir\",\"image\":{\"@type\":\"ImageObject\",\"inLanguage\":\"tr\",\"@id\":\"https:\/\/shiawaves.com\/turkish\/#\/schema\/person\/image\/\",\"url\":\"https:\/\/secure.gravatar.com\/avatar\/8e76f93cdbdd480bd8918d1e0e1d938664c9cb1516c2a57a2b96fe50b507a6b9?s=96&d=mm&r=g\",\"contentUrl\":\"https:\/\/secure.gravatar.com\/avatar\/8e76f93cdbdd480bd8918d1e0e1d938664c9cb1516c2a57a2b96fe50b507a6b9?s=96&d=mm&r=g\",\"caption\":\"modir\"},\"sameAs\":[\"https:\/\/shiawaves.com\"],\"url\":\"https:\/\/shiawaves.com\/turkish\/author\/modir\/\"}]}<\/script>\n<!-- \/ Yoast SEO plugin. -->","yoast_head_json":{"title":"Irak S\u0131v\u0131 Gaz Platformu'nu Kullan\u0131ma A\u00e7t\u0131: Yaz Aylar\u0131nda Elektrik \u0130stikrar\u0131n\u0131 G\u00fc\u00e7lendirme Hedefi - ShiaWaves Turkish - \u015eia Haberleri","robots":{"index":"index","follow":"follow","max-snippet":"max-snippet:-1","max-image-preview":"max-image-preview:large","max-video-preview":"max-video-preview:-1"},"canonical":"https:\/\/shiawaves.com\/turkish\/2026\/04\/26\/irak-sivi-gaz-platformunu-kullanima-acti-yaz-aylarinda-elektrik-istikrarini-guclendirme-hedefi\/","og_locale":"tr_TR","og_type":"article","og_title":"Irak S\u0131v\u0131 Gaz Platformu'nu Kullan\u0131ma A\u00e7t\u0131: Yaz Aylar\u0131nda Elektrik \u0130stikrar\u0131n\u0131 G\u00fc\u00e7lendirme Hedefi - ShiaWaves Turkish - \u015eia Haberleri","og_description":"Irak S\u0131v\u0131 Gaz Platformu&#8217;nu Kullan\u0131ma A\u00e7t\u0131: Yaz Aylar\u0131nda Elektrik \u0130stikrar\u0131n\u0131 G\u00fc\u00e7lendirme Hedefi Irak Elektrik Bakanl\u0131\u011f\u0131, elektrik santrallerine yak\u0131t sa\u011flamak ve yaz aylar\u0131nda ya\u015fanan elektrik krizini azaltmak i\u00e7in \u00f6nemli bir rol oynayacak y\u00fcksek kapasiteli s\u0131v\u0131 gaz platformu projesinin tamamland\u0131\u011f\u0131n\u0131 duyurdu. Bu projenin, enerji a\u011f\u0131n\u0131n istikrar\u0131n\u0131 art\u0131rmaya katk\u0131da bulunmas\u0131 bekleniyor. Middle East News&#8217;in raporuna g\u00f6re, g\u00fcnde 750 &hellip;","og_url":"https:\/\/shiawaves.com\/turkish\/2026\/04\/26\/irak-sivi-gaz-platformunu-kullanima-acti-yaz-aylarinda-elektrik-istikrarini-guclendirme-hedefi\/","og_site_name":"ShiaWaves Turkish - \u015eia Haberleri","article_published_time":"2026-04-26T19:30:27+00:00","author":"modir","twitter_card":"summary_large_image","twitter_misc":{"Yazan:":"modir","Tahmini okuma s\u00fcresi":"1 dakika"},"schema":{"@context":"https:\/\/schema.org","@graph":[{"@type":"WebPage","@id":"https:\/\/shiawaves.com\/turkish\/2026\/04\/26\/irak-sivi-gaz-platformunu-kullanima-acti-yaz-aylarinda-elektrik-istikrarini-guclendirme-hedefi\/","url":"https:\/\/shiawaves.com\/turkish\/2026\/04\/26\/irak-sivi-gaz-platformunu-kullanima-acti-yaz-aylarinda-elektrik-istikrarini-guclendirme-hedefi\/","name":"Irak S\u0131v\u0131 Gaz Platformu'nu Kullan\u0131ma A\u00e7t\u0131: Yaz Aylar\u0131nda Elektrik \u0130stikrar\u0131n\u0131 G\u00fc\u00e7lendirme Hedefi - ShiaWaves Turkish - \u015eia Haberleri","isPartOf":{"@id":"https:\/\/shiawaves.com\/turkish\/#website"},"primaryImageOfPage":{"@id":"https:\/\/shiawaves.com\/turkish\/2026\/04\/26\/irak-sivi-gaz-platformunu-kullanima-acti-yaz-aylarinda-elektrik-istikrarini-guclendirme-hedefi\/#primaryimage"},"image":{"@id":"https:\/\/shiawaves.com\/turkish\/2026\/04\/26\/irak-sivi-gaz-platformunu-kullanima-acti-yaz-aylarinda-elektrik-istikrarini-guclendirme-hedefi\/#primaryimage"},"thumbnailUrl":"https:\/\/shiawaves.com\/turkish\/wp-content\/uploads\/sites\/6\/2026\/04\/file_3166.jpg","datePublished":"2026-04-26T19:30:27+00:00","dateModified":"2026-04-26T19:30:27+00:00","author":{"@id":"https:\/\/shiawaves.com\/turkish\/#\/schema\/person\/9f68d5023e948086b9348fba5aebd954"},"breadcrumb":{"@id":"https:\/\/shiawaves.com\/turkish\/2026\/04\/26\/irak-sivi-gaz-platformunu-kullanima-acti-yaz-aylarinda-elektrik-istikrarini-guclendirme-hedefi\/#breadcrumb"},"inLanguage":"tr","potentialAction":[{"@type":"ReadAction","target":["https:\/\/shiawaves.com\/turkish\/2026\/04\/26\/irak-sivi-gaz-platformunu-kullanima-acti-yaz-aylarinda-elektrik-istikrarini-guclendirme-hedefi\/"]}]},{"@type":"ImageObject","inLanguage":"tr","@id":"https:\/\/shiawaves.com\/turkish\/2026\/04\/26\/irak-sivi-gaz-platformunu-kullanima-acti-yaz-aylarinda-elektrik-istikrarini-guclendirme-hedefi\/#primaryimage","url":"https:\/\/shiawaves.com\/turkish\/wp-content\/uploads\/sites\/6\/2026\/04\/file_3166.jpg","contentUrl":"https:\/\/shiawaves.com\/turkish\/wp-content\/uploads\/sites\/6\/2026\/04\/file_3166.jpg","width":685,"height":393},{"@type":"BreadcrumbList","@id":"https:\/\/shiawaves.com\/turkish\/2026\/04\/26\/irak-sivi-gaz-platformunu-kullanima-acti-yaz-aylarinda-elektrik-istikrarini-guclendirme-hedefi\/#breadcrumb","itemListElement":[{"@type":"ListItem","position":1,"name":"Home","item":"https:\/\/shiawaves.com\/turkish\/"},{"@type":"ListItem","position":2,"name":"Irak S\u0131v\u0131 Gaz Platformu&#8217;nu Kullan\u0131ma A\u00e7t\u0131: Yaz Aylar\u0131nda Elektrik \u0130stikrar\u0131n\u0131 G\u00fc\u00e7lendirme Hedefi"}]},{"@type":"WebSite","@id":"https:\/\/shiawaves.com\/turkish\/#website","url":"https:\/\/shiawaves.com\/turkish\/","name":"ShiaWaves Turkish - \u015eia Haberleri","description":"","potentialAction":[{"@type":"SearchAction","target":{"@type":"EntryPoint","urlTemplate":"https:\/\/shiawaves.com\/turkish\/?s={search_term_string}"},"query-input":{"@type":"PropertyValueSpecification","valueRequired":true,"valueName":"search_term_string"}}],"inLanguage":"tr"},{"@type":"Person","@id":"https:\/\/shiawaves.com\/turkish\/#\/schema\/person\/9f68d5023e948086b9348fba5aebd954","name":"modir","image":{"@type":"ImageObject","inLanguage":"tr","@id":"https:\/\/shiawaves.com\/turkish\/#\/schema\/person\/image\/","url":"https:\/\/secure.gravatar.com\/avatar\/8e76f93cdbdd480bd8918d1e0e1d938664c9cb1516c2a57a2b96fe50b507a6b9?s=96&d=mm&r=g","contentUrl":"https:\/\/secure.gravatar.com\/avatar\/8e76f93cdbdd480bd8918d1e0e1d938664c9cb1516c2a57a2b96fe50b507a6b9?s=96&d=mm&r=g","caption":"modir"},"sameAs":["https:\/\/shiawaves.com"],"url":"https:\/\/shiawaves.com\/turkish\/author\/modir\/"}]}},"_links":{"self":[{"href":"https:\/\/shiawaves.com\/turkish\/wp-json\/wp\/v2\/posts\/120402","targetHints":{"allow":["GET"]}}],"collection":[{"href":"https:\/\/shiawaves.com\/turkish\/wp-json\/wp\/v2\/posts"}],"about":[{"href":"https:\/\/shiawaves.com\/turkish\/wp-json\/wp\/v2\/types\/post"}],"author":[{"embeddable":true,"href":"https:\/\/shiawaves.com\/turkish\/wp-json\/wp\/v2\/users\/1"}],"replies":[{"embeddable":true,"href":"https:\/\/shiawaves.com\/turkish\/wp-json\/wp\/v2\/comments?post=120402"}],"version-history":[{"count":0,"href":"https:\/\/shiawaves.com\/turkish\/wp-json\/wp\/v2\/posts\/120402\/revisions"}],"wp:featuredmedia":[{"embeddable":true,"href":"https:\/\/shiawaves.com\/turkish\/wp-json\/wp\/v2\/media\/120401"}],"wp:attachment":[{"href":"https:\/\/shiawaves.com\/turkish\/wp-json\/wp\/v2\/media?parent=120402"}],"wp:term":[{"taxonomy":"category","embeddable":true,"href":"https:\/\/shiawaves.com\/turkish\/wp-json\/wp\/v2\/categories?post=120402"},{"taxonomy":"post_tag","embeddable":true,"href":"https:\/\/shiawaves.com\/turkish\/wp-json\/wp\/v2\/tags?post=120402"}],"curies":[{"name":"wp","href":"https:\/\/api.w.org\/{rel}","templated":true}]}}