{"id":120394,"date":"2026-04-26T18:30:32","date_gmt":"2026-04-26T15:30:32","guid":{"rendered":"https:\/\/shiawaves.com\/turkish\/2026\/04\/26\/muminlerin-cocuklarinin-ailelerinden-katolik-liderine-okullara-yonelik-siddeti-durdurun\/"},"modified":"2026-04-26T18:30:32","modified_gmt":"2026-04-26T15:30:32","slug":"muminlerin-cocuklarinin-ailelerinden-katolik-liderine-okullara-yonelik-siddeti-durdurun","status":"publish","type":"post","link":"https:\/\/shiawaves.com\/turkish\/2026\/04\/26\/muminlerin-cocuklarinin-ailelerinden-katolik-liderine-okullara-yonelik-siddeti-durdurun\/","title":{"rendered":"M\u00fcminlerin \u00c7ocuklar\u0131n\u0131n Aileleri&#8217;nden Katolik Lideri&#8217;ne: Okullara Y\u00f6nelik \u015eiddeti Durdurun"},"content":{"rendered":"<p>M\u00fcminlerin \u00c7ocuklar\u0131n\u0131n Aileleri&#8217;nden Katolik Lideri&#8217;ne: Okullara Y\u00f6nelik \u015eiddeti Durdurun<\/p>\n<p>M\u00fcmin \u015fehrindeki &#8220;\u015eeceret\u00fc&#8217;t-Tayyibe&#8221; ilkokuluna yap\u0131lan sald\u0131r\u0131da hayat\u0131n\u0131 kaybeden \u00e7ocuklar\u0131n aileleri, Katoliklerin lideri Papa&#8217;ya hitaben kaleme ald\u0131klar\u0131 bir mektupta, uluslararas\u0131 arenada &#8220;sessiz \u00e7ocuklar\u0131n&#8221; sesi olmas\u0131n\u0131 ve benzer olaylar\u0131n tekrarlanmamas\u0131 i\u00e7in ad\u0131m atmas\u0131n\u0131 istemi\u015flerdir.<\/p>\n<p>\u0130RNA Haber Ajans\u0131&#8217;n\u0131n bildirdi\u011fine g\u00f6re, bu aileler mektuplar\u0131nda bar\u0131\u015f yanl\u0131s\u0131 tutumlar\u0131ndan dolay\u0131 te\u015fekk\u00fcr ettiklerini dile getirirken, &#8220;titreyen eller ve ac\u0131 dolu kalplerle&#8221; bu talebi ilettiklerini, \u00e7ocuklar\u0131ndan kalan tek \u015feyin \u015fimdi sadece onlar\u0131n hat\u0131ralar\u0131 oldu\u011funu vurgulam\u0131\u015flard\u0131r.<\/p>\n<p>Mektupta ayr\u0131ca bar\u0131\u015f mesajlar\u0131n\u0131n, hayatta kalanlar i\u00e7in derin yaralara merhem olabilece\u011fi vurgulanm\u0131\u015ft\u0131r.<\/p>\n<p>\u0130ndependent Fars\u00e7a&#8217;n\u0131n haberine g\u00f6re s\u00f6z konusu okul, sald\u0131r\u0131n\u0131n ilk g\u00fcn\u00fc \u0130ran hedef al\u0131nm\u0131\u015f ve sonucunda bir\u00e7ok \u00e7ocuk hayat\u0131n\u0131 kaybetmi\u015ftir.<\/p>\n<p>Aileler mektubun devam\u0131nda, kal\u0131c\u0131 bar\u0131\u015f\u0131n diyalog yolu ile sa\u011flanabilece\u011fine dikkat \u00e7ekmi\u015fler ve dini ile uluslararas\u0131 fig\u00fcrlerden, d\u00fcnyada benzeri olaylar\u0131n tekrarlanmamas\u0131 i\u00e7in daha aktif bir rol \u00fcstlenmelerini ve kriz b\u00f6lgelerindeki \u00e7ocuklar\u0131n haklar\u0131n\u0131 daha ciddi bir \u015fekilde savunmalar\u0131n\u0131 talep etmi\u015flerdir.<\/p>\n","protected":false},"excerpt":{"rendered":"<p>M\u00fcminlerin \u00c7ocuklar\u0131n\u0131n Aileleri&#8217;nden Katolik Lideri&#8217;ne: Okullara Y\u00f6nelik \u015eiddeti Durdurun M\u00fcmin \u015fehrindeki &#8220;\u015eeceret\u00fc&#8217;t-Tayyibe&#8221; ilkokuluna yap\u0131lan sald\u0131r\u0131da hayat\u0131n\u0131 kaybeden \u00e7ocuklar\u0131n aileleri, Katoliklerin lideri Papa&#8217;ya hitaben kaleme ald\u0131klar\u0131 bir mektupta, uluslararas\u0131 arenada &#8220;sessiz \u00e7ocuklar\u0131n&#8221; sesi olmas\u0131n\u0131 ve benzer olaylar\u0131n tekrarlanmamas\u0131 i\u00e7in ad\u0131m atmas\u0131n\u0131 istemi\u015flerdir. \u0130RNA Haber Ajans\u0131&#8217;n\u0131n bildirdi\u011fine g\u00f6re, bu aileler mektuplar\u0131nda bar\u0131\u015f yanl\u0131s\u0131 tutumlar\u0131ndan dolay\u0131 te\u015fekk\u00fcr ettiklerini &hellip;<\/p>\n","protected":false},"author":1,"featured_media":120393,"comment_status":"open","ping_status":"open","sticky":false,"template":"","format":"standard","meta":{"rop_custom_images_group":[],"rop_custom_messages_group":[],"rop_publish_now":"initial","rop_publish_now_accounts":[],"rop_publish_now_history":[],"rop_publish_now_status":"pending","footnotes":""},"categories":[9],"tags":[],"class_list":["post-120394","post","type-post","status-publish","format-standard","has-post-thumbnail","hentry","category-iran"],"_wp_page_template":null,"_wp_attached_file":null,"_wp_attachment_metadata":null,"_edit_lock":null,"yoast_head":"<!-- This site is optimized with the Yoast SEO plugin v24.3 - https:\/\/yoast.com\/wordpress\/plugins\/seo\/ -->\n<title>M\u00fcminlerin \u00c7ocuklar\u0131n\u0131n Aileleri&#039;nden Katolik Lideri&#039;ne: Okullara Y\u00f6nelik \u015eiddeti Durdurun - ShiaWaves Turkish - \u015eia Haberleri<\/title>\n<meta name=\"robots\" content=\"index, follow, max-snippet:-1, max-image-preview:large, max-video-preview:-1\" \/>\n<link rel=\"canonical\" href=\"https:\/\/shiawaves.com\/turkish\/2026\/04\/26\/muminlerin-cocuklarinin-ailelerinden-katolik-liderine-okullara-yonelik-siddeti-durdurun\/\" \/>\n<meta property=\"og:locale\" content=\"tr_TR\" \/>\n<meta property=\"og:type\" content=\"article\" \/>\n<meta property=\"og:title\" content=\"M\u00fcminlerin \u00c7ocuklar\u0131n\u0131n Aileleri&#039;nden Katolik Lideri&#039;ne: Okullara Y\u00f6nelik \u015eiddeti Durdurun - ShiaWaves Turkish - \u015eia Haberleri\" \/>\n<meta property=\"og:description\" content=\"M\u00fcminlerin \u00c7ocuklar\u0131n\u0131n Aileleri&#8217;nden Katolik Lideri&#8217;ne: Okullara Y\u00f6nelik \u015eiddeti Durdurun M\u00fcmin \u015fehrindeki &#8220;\u015eeceret\u00fc&#8217;t-Tayyibe&#8221; ilkokuluna yap\u0131lan sald\u0131r\u0131da hayat\u0131n\u0131 kaybeden \u00e7ocuklar\u0131n aileleri, Katoliklerin lideri Papa&#8217;ya hitaben kaleme ald\u0131klar\u0131 bir mektupta, uluslararas\u0131 arenada &#8220;sessiz \u00e7ocuklar\u0131n&#8221; sesi olmas\u0131n\u0131 ve benzer olaylar\u0131n tekrarlanmamas\u0131 i\u00e7in ad\u0131m atmas\u0131n\u0131 istemi\u015flerdir. \u0130RNA Haber Ajans\u0131&#8217;n\u0131n bildirdi\u011fine g\u00f6re, bu aileler mektuplar\u0131nda bar\u0131\u015f yanl\u0131s\u0131 tutumlar\u0131ndan dolay\u0131 te\u015fekk\u00fcr ettiklerini &hellip;\" \/>\n<meta property=\"og:url\" content=\"https:\/\/shiawaves.com\/turkish\/2026\/04\/26\/muminlerin-cocuklarinin-ailelerinden-katolik-liderine-okullara-yonelik-siddeti-durdurun\/\" \/>\n<meta property=\"og:site_name\" content=\"ShiaWaves Turkish - \u015eia Haberleri\" \/>\n<meta property=\"article:published_time\" content=\"2026-04-26T15:30:32+00:00\" \/>\n<meta name=\"author\" content=\"modir\" \/>\n<meta name=\"twitter:card\" content=\"summary_large_image\" \/>\n<meta name=\"twitter:label1\" content=\"Yazan:\" \/>\n\t<meta name=\"twitter:data1\" content=\"modir\" \/>\n\t<meta name=\"twitter:label2\" content=\"Tahmini okuma s\u00fcresi\" \/>\n\t<meta name=\"twitter:data2\" content=\"1 dakika\" \/>\n<script type=\"application\/ld+json\" class=\"yoast-schema-graph\">{\"@context\":\"https:\/\/schema.org\",\"@graph\":[{\"@type\":\"WebPage\",\"@id\":\"https:\/\/shiawaves.com\/turkish\/2026\/04\/26\/muminlerin-cocuklarinin-ailelerinden-katolik-liderine-okullara-yonelik-siddeti-durdurun\/\",\"url\":\"https:\/\/shiawaves.com\/turkish\/2026\/04\/26\/muminlerin-cocuklarinin-ailelerinden-katolik-liderine-okullara-yonelik-siddeti-durdurun\/\",\"name\":\"M\u00fcminlerin \u00c7ocuklar\u0131n\u0131n Aileleri'nden Katolik Lideri'ne: Okullara Y\u00f6nelik \u015eiddeti Durdurun - ShiaWaves Turkish - \u015eia Haberleri\",\"isPartOf\":{\"@id\":\"https:\/\/shiawaves.com\/turkish\/#website\"},\"primaryImageOfPage\":{\"@id\":\"https:\/\/shiawaves.com\/turkish\/2026\/04\/26\/muminlerin-cocuklarinin-ailelerinden-katolik-liderine-okullara-yonelik-siddeti-durdurun\/#primaryimage\"},\"image\":{\"@id\":\"https:\/\/shiawaves.com\/turkish\/2026\/04\/26\/muminlerin-cocuklarinin-ailelerinden-katolik-liderine-okullara-yonelik-siddeti-durdurun\/#primaryimage\"},\"thumbnailUrl\":\"https:\/\/shiawaves.com\/turkish\/wp-content\/uploads\/sites\/6\/2026\/04\/file_3162.jpg\",\"datePublished\":\"2026-04-26T15:30:32+00:00\",\"dateModified\":\"2026-04-26T15:30:32+00:00\",\"author\":{\"@id\":\"https:\/\/shiawaves.com\/turkish\/#\/schema\/person\/9f68d5023e948086b9348fba5aebd954\"},\"breadcrumb\":{\"@id\":\"https:\/\/shiawaves.com\/turkish\/2026\/04\/26\/muminlerin-cocuklarinin-ailelerinden-katolik-liderine-okullara-yonelik-siddeti-durdurun\/#breadcrumb\"},\"inLanguage\":\"tr\",\"potentialAction\":[{\"@type\":\"ReadAction\",\"target\":[\"https:\/\/shiawaves.com\/turkish\/2026\/04\/26\/muminlerin-cocuklarinin-ailelerinden-katolik-liderine-okullara-yonelik-siddeti-durdurun\/\"]}]},{\"@type\":\"ImageObject\",\"inLanguage\":\"tr\",\"@id\":\"https:\/\/shiawaves.com\/turkish\/2026\/04\/26\/muminlerin-cocuklarinin-ailelerinden-katolik-liderine-okullara-yonelik-siddeti-durdurun\/#primaryimage\",\"url\":\"https:\/\/shiawaves.com\/turkish\/wp-content\/uploads\/sites\/6\/2026\/04\/file_3162.jpg\",\"contentUrl\":\"https:\/\/shiawaves.com\/turkish\/wp-content\/uploads\/sites\/6\/2026\/04\/file_3162.jpg\",\"width\":800,\"height\":447},{\"@type\":\"BreadcrumbList\",\"@id\":\"https:\/\/shiawaves.com\/turkish\/2026\/04\/26\/muminlerin-cocuklarinin-ailelerinden-katolik-liderine-okullara-yonelik-siddeti-durdurun\/#breadcrumb\",\"itemListElement\":[{\"@type\":\"ListItem\",\"position\":1,\"name\":\"Home\",\"item\":\"https:\/\/shiawaves.com\/turkish\/\"},{\"@type\":\"ListItem\",\"position\":2,\"name\":\"M\u00fcminlerin \u00c7ocuklar\u0131n\u0131n Aileleri&#8217;nden Katolik Lideri&#8217;ne: Okullara Y\u00f6nelik \u015eiddeti Durdurun\"}]},{\"@type\":\"WebSite\",\"@id\":\"https:\/\/shiawaves.com\/turkish\/#website\",\"url\":\"https:\/\/shiawaves.com\/turkish\/\",\"name\":\"ShiaWaves Turkish - \u015eia Haberleri\",\"description\":\"\",\"potentialAction\":[{\"@type\":\"SearchAction\",\"target\":{\"@type\":\"EntryPoint\",\"urlTemplate\":\"https:\/\/shiawaves.com\/turkish\/?s={search_term_string}\"},\"query-input\":{\"@type\":\"PropertyValueSpecification\",\"valueRequired\":true,\"valueName\":\"search_term_string\"}}],\"inLanguage\":\"tr\"},{\"@type\":\"Person\",\"@id\":\"https:\/\/shiawaves.com\/turkish\/#\/schema\/person\/9f68d5023e948086b9348fba5aebd954\",\"name\":\"modir\",\"image\":{\"@type\":\"ImageObject\",\"inLanguage\":\"tr\",\"@id\":\"https:\/\/shiawaves.com\/turkish\/#\/schema\/person\/image\/\",\"url\":\"https:\/\/secure.gravatar.com\/avatar\/8e76f93cdbdd480bd8918d1e0e1d938664c9cb1516c2a57a2b96fe50b507a6b9?s=96&d=mm&r=g\",\"contentUrl\":\"https:\/\/secure.gravatar.com\/avatar\/8e76f93cdbdd480bd8918d1e0e1d938664c9cb1516c2a57a2b96fe50b507a6b9?s=96&d=mm&r=g\",\"caption\":\"modir\"},\"sameAs\":[\"https:\/\/shiawaves.com\"],\"url\":\"https:\/\/shiawaves.com\/turkish\/author\/modir\/\"}]}<\/script>\n<!-- \/ Yoast SEO plugin. -->","yoast_head_json":{"title":"M\u00fcminlerin \u00c7ocuklar\u0131n\u0131n Aileleri'nden Katolik Lideri'ne: Okullara Y\u00f6nelik \u015eiddeti Durdurun - ShiaWaves Turkish - \u015eia Haberleri","robots":{"index":"index","follow":"follow","max-snippet":"max-snippet:-1","max-image-preview":"max-image-preview:large","max-video-preview":"max-video-preview:-1"},"canonical":"https:\/\/shiawaves.com\/turkish\/2026\/04\/26\/muminlerin-cocuklarinin-ailelerinden-katolik-liderine-okullara-yonelik-siddeti-durdurun\/","og_locale":"tr_TR","og_type":"article","og_title":"M\u00fcminlerin \u00c7ocuklar\u0131n\u0131n Aileleri'nden Katolik Lideri'ne: Okullara Y\u00f6nelik \u015eiddeti Durdurun - ShiaWaves Turkish - \u015eia Haberleri","og_description":"M\u00fcminlerin \u00c7ocuklar\u0131n\u0131n Aileleri&#8217;nden Katolik Lideri&#8217;ne: Okullara Y\u00f6nelik \u015eiddeti Durdurun M\u00fcmin \u015fehrindeki &#8220;\u015eeceret\u00fc&#8217;t-Tayyibe&#8221; ilkokuluna yap\u0131lan sald\u0131r\u0131da hayat\u0131n\u0131 kaybeden \u00e7ocuklar\u0131n aileleri, Katoliklerin lideri Papa&#8217;ya hitaben kaleme ald\u0131klar\u0131 bir mektupta, uluslararas\u0131 arenada &#8220;sessiz \u00e7ocuklar\u0131n&#8221; sesi olmas\u0131n\u0131 ve benzer olaylar\u0131n tekrarlanmamas\u0131 i\u00e7in ad\u0131m atmas\u0131n\u0131 istemi\u015flerdir. \u0130RNA Haber Ajans\u0131&#8217;n\u0131n bildirdi\u011fine g\u00f6re, bu aileler mektuplar\u0131nda bar\u0131\u015f yanl\u0131s\u0131 tutumlar\u0131ndan dolay\u0131 te\u015fekk\u00fcr ettiklerini &hellip;","og_url":"https:\/\/shiawaves.com\/turkish\/2026\/04\/26\/muminlerin-cocuklarinin-ailelerinden-katolik-liderine-okullara-yonelik-siddeti-durdurun\/","og_site_name":"ShiaWaves Turkish - \u015eia Haberleri","article_published_time":"2026-04-26T15:30:32+00:00","author":"modir","twitter_card":"summary_large_image","twitter_misc":{"Yazan:":"modir","Tahmini okuma s\u00fcresi":"1 dakika"},"schema":{"@context":"https:\/\/schema.org","@graph":[{"@type":"WebPage","@id":"https:\/\/shiawaves.com\/turkish\/2026\/04\/26\/muminlerin-cocuklarinin-ailelerinden-katolik-liderine-okullara-yonelik-siddeti-durdurun\/","url":"https:\/\/shiawaves.com\/turkish\/2026\/04\/26\/muminlerin-cocuklarinin-ailelerinden-katolik-liderine-okullara-yonelik-siddeti-durdurun\/","name":"M\u00fcminlerin \u00c7ocuklar\u0131n\u0131n Aileleri'nden Katolik Lideri'ne: Okullara Y\u00f6nelik \u015eiddeti Durdurun - ShiaWaves Turkish - \u015eia Haberleri","isPartOf":{"@id":"https:\/\/shiawaves.com\/turkish\/#website"},"primaryImageOfPage":{"@id":"https:\/\/shiawaves.com\/turkish\/2026\/04\/26\/muminlerin-cocuklarinin-ailelerinden-katolik-liderine-okullara-yonelik-siddeti-durdurun\/#primaryimage"},"image":{"@id":"https:\/\/shiawaves.com\/turkish\/2026\/04\/26\/muminlerin-cocuklarinin-ailelerinden-katolik-liderine-okullara-yonelik-siddeti-durdurun\/#primaryimage"},"thumbnailUrl":"https:\/\/shiawaves.com\/turkish\/wp-content\/uploads\/sites\/6\/2026\/04\/file_3162.jpg","datePublished":"2026-04-26T15:30:32+00:00","dateModified":"2026-04-26T15:30:32+00:00","author":{"@id":"https:\/\/shiawaves.com\/turkish\/#\/schema\/person\/9f68d5023e948086b9348fba5aebd954"},"breadcrumb":{"@id":"https:\/\/shiawaves.com\/turkish\/2026\/04\/26\/muminlerin-cocuklarinin-ailelerinden-katolik-liderine-okullara-yonelik-siddeti-durdurun\/#breadcrumb"},"inLanguage":"tr","potentialAction":[{"@type":"ReadAction","target":["https:\/\/shiawaves.com\/turkish\/2026\/04\/26\/muminlerin-cocuklarinin-ailelerinden-katolik-liderine-okullara-yonelik-siddeti-durdurun\/"]}]},{"@type":"ImageObject","inLanguage":"tr","@id":"https:\/\/shiawaves.com\/turkish\/2026\/04\/26\/muminlerin-cocuklarinin-ailelerinden-katolik-liderine-okullara-yonelik-siddeti-durdurun\/#primaryimage","url":"https:\/\/shiawaves.com\/turkish\/wp-content\/uploads\/sites\/6\/2026\/04\/file_3162.jpg","contentUrl":"https:\/\/shiawaves.com\/turkish\/wp-content\/uploads\/sites\/6\/2026\/04\/file_3162.jpg","width":800,"height":447},{"@type":"BreadcrumbList","@id":"https:\/\/shiawaves.com\/turkish\/2026\/04\/26\/muminlerin-cocuklarinin-ailelerinden-katolik-liderine-okullara-yonelik-siddeti-durdurun\/#breadcrumb","itemListElement":[{"@type":"ListItem","position":1,"name":"Home","item":"https:\/\/shiawaves.com\/turkish\/"},{"@type":"ListItem","position":2,"name":"M\u00fcminlerin \u00c7ocuklar\u0131n\u0131n Aileleri&#8217;nden Katolik Lideri&#8217;ne: Okullara Y\u00f6nelik \u015eiddeti Durdurun"}]},{"@type":"WebSite","@id":"https:\/\/shiawaves.com\/turkish\/#website","url":"https:\/\/shiawaves.com\/turkish\/","name":"ShiaWaves Turkish - \u015eia Haberleri","description":"","potentialAction":[{"@type":"SearchAction","target":{"@type":"EntryPoint","urlTemplate":"https:\/\/shiawaves.com\/turkish\/?s={search_term_string}"},"query-input":{"@type":"PropertyValueSpecification","valueRequired":true,"valueName":"search_term_string"}}],"inLanguage":"tr"},{"@type":"Person","@id":"https:\/\/shiawaves.com\/turkish\/#\/schema\/person\/9f68d5023e948086b9348fba5aebd954","name":"modir","image":{"@type":"ImageObject","inLanguage":"tr","@id":"https:\/\/shiawaves.com\/turkish\/#\/schema\/person\/image\/","url":"https:\/\/secure.gravatar.com\/avatar\/8e76f93cdbdd480bd8918d1e0e1d938664c9cb1516c2a57a2b96fe50b507a6b9?s=96&d=mm&r=g","contentUrl":"https:\/\/secure.gravatar.com\/avatar\/8e76f93cdbdd480bd8918d1e0e1d938664c9cb1516c2a57a2b96fe50b507a6b9?s=96&d=mm&r=g","caption":"modir"},"sameAs":["https:\/\/shiawaves.com"],"url":"https:\/\/shiawaves.com\/turkish\/author\/modir\/"}]}},"_links":{"self":[{"href":"https:\/\/shiawaves.com\/turkish\/wp-json\/wp\/v2\/posts\/120394","targetHints":{"allow":["GET"]}}],"collection":[{"href":"https:\/\/shiawaves.com\/turkish\/wp-json\/wp\/v2\/posts"}],"about":[{"href":"https:\/\/shiawaves.com\/turkish\/wp-json\/wp\/v2\/types\/post"}],"author":[{"embeddable":true,"href":"https:\/\/shiawaves.com\/turkish\/wp-json\/wp\/v2\/users\/1"}],"replies":[{"embeddable":true,"href":"https:\/\/shiawaves.com\/turkish\/wp-json\/wp\/v2\/comments?post=120394"}],"version-history":[{"count":0,"href":"https:\/\/shiawaves.com\/turkish\/wp-json\/wp\/v2\/posts\/120394\/revisions"}],"wp:featuredmedia":[{"embeddable":true,"href":"https:\/\/shiawaves.com\/turkish\/wp-json\/wp\/v2\/media\/120393"}],"wp:attachment":[{"href":"https:\/\/shiawaves.com\/turkish\/wp-json\/wp\/v2\/media?parent=120394"}],"wp:term":[{"taxonomy":"category","embeddable":true,"href":"https:\/\/shiawaves.com\/turkish\/wp-json\/wp\/v2\/categories?post=120394"},{"taxonomy":"post_tag","embeddable":true,"href":"https:\/\/shiawaves.com\/turkish\/wp-json\/wp\/v2\/tags?post=120394"}],"curies":[{"name":"wp","href":"https:\/\/api.w.org\/{rel}","templated":true}]}}