{"id":120152,"date":"2026-04-02T20:00:32","date_gmt":"2026-04-02T17:00:32","guid":{"rendered":"https:\/\/shiawaves.com\/turkish\/2026\/04\/02\/almanya-israil-hukumetini-kudusteki-kutsal-mekanlara-erisimi-kisitlamanin-gerilimi-artirabilecegi-konusunda-uyardi\/"},"modified":"2026-04-02T20:00:32","modified_gmt":"2026-04-02T17:00:32","slug":"almanya-israil-hukumetini-kudusteki-kutsal-mekanlara-erisimi-kisitlamanin-gerilimi-artirabilecegi-konusunda-uyardi","status":"publish","type":"post","link":"https:\/\/shiawaves.com\/turkish\/2026\/04\/02\/almanya-israil-hukumetini-kudusteki-kutsal-mekanlara-erisimi-kisitlamanin-gerilimi-artirabilecegi-konusunda-uyardi\/","title":{"rendered":"Almanya, \u0130srail H\u00fck\u00fcmetini Kud\u00fcs&#8217;teki Kutsal Mekanlara Eri\u015fimi K\u0131s\u0131tlaman\u0131n Gerilimi Art\u0131rabilece\u011fi Konusunda Uyard\u0131"},"content":{"rendered":"<p>Almanya, \u0130srail H\u00fck\u00fcmetini Kud\u00fcs&#8217;teki Kutsal Mekanlara Eri\u015fimi K\u0131s\u0131tlaman\u0131n Gerilimi Art\u0131rabilece\u011fi Konusunda Uyard\u0131<\/p>\n<p>Almanya D\u0131\u015fi\u015fleri Bakanl\u0131\u011f\u0131, \u00c7ar\u015famba g\u00fcn\u00fc yapt\u0131\u011f\u0131 a\u00e7\u0131klamada, Kud\u00fcs&#8217;teki kutsal mekanlara eri\u015fimin k\u0131s\u0131tlanmas\u0131n\u0131n b\u00f6lgedeki gerilimleri art\u0131rabilece\u011fini ve mevcut durumu daha da karma\u015f\u0131k hale getirebilece\u011fini belirtti.<\/p>\n<p>Bu uyar\u0131, dini ve sosyal gerilimlerin \u015fiddetlenmesini \u00f6nlemek amac\u0131yla yap\u0131lm\u0131\u015ft\u0131r.<\/p>\n<p>France24&#8217;\u00fcn haberine g\u00f6re, Alman H\u00fck\u00fcmeti s\u00f6zc\u00fcs\u00fc \u00fclkesinin bu konudaki tutumunun net oldu\u011funu ve bu g\u00f6r\u00fc\u015f\u00fcn \u0130srail h\u00fck\u00fcmetine, i\u00e7 diyaloglarda da iletildi\u011fini vurgulad\u0131.<\/p>\n<p>S\u00f6zc\u00fc ayr\u0131ca, kutsal mekanlara eri\u015fimdeki engellemelerin yerel istikrar ve g\u00fcvenlik i\u00e7in ciddi bir tehdit olu\u015fturdu\u011funu ekledi.<\/p>\n<p>France24, bu uyar\u0131n\u0131n Kud\u00fcs&#8217;teki dini mekanlara giri\u015fle ilgili son k\u0131s\u0131tlamalar\u0131n ard\u0131ndan yap\u0131ld\u0131\u011f\u0131n\u0131 belirtti.<\/p>\n<p>Uluslararas\u0131 uzmanlar, bu k\u0131s\u0131tlamalar\u0131n geni\u015f \u00e7apl\u0131 huzursuzluklara, diplomatik tepkilere ve k\u00fcresel bask\u0131lara yol a\u00e7abilece\u011fi ve yerel ile b\u00f6lgesel toplumun g\u00fcvenli\u011fini etkileyebilece\u011fi g\u00f6r\u00fc\u015f\u00fcndeler.<\/p>\n","protected":false},"excerpt":{"rendered":"<p>Almanya, \u0130srail H\u00fck\u00fcmetini Kud\u00fcs&#8217;teki Kutsal Mekanlara Eri\u015fimi K\u0131s\u0131tlaman\u0131n Gerilimi Art\u0131rabilece\u011fi Konusunda Uyard\u0131 Almanya D\u0131\u015fi\u015fleri Bakanl\u0131\u011f\u0131, \u00c7ar\u015famba g\u00fcn\u00fc yapt\u0131\u011f\u0131 a\u00e7\u0131klamada, Kud\u00fcs&#8217;teki kutsal mekanlara eri\u015fimin k\u0131s\u0131tlanmas\u0131n\u0131n b\u00f6lgedeki gerilimleri art\u0131rabilece\u011fini ve mevcut durumu daha da karma\u015f\u0131k hale getirebilece\u011fini belirtti. Bu uyar\u0131, dini ve sosyal gerilimlerin \u015fiddetlenmesini \u00f6nlemek amac\u0131yla yap\u0131lm\u0131\u015ft\u0131r. France24&#8217;\u00fcn haberine g\u00f6re, Alman H\u00fck\u00fcmeti s\u00f6zc\u00fcs\u00fc \u00fclkesinin bu konudaki &hellip;<\/p>\n","protected":false},"author":1,"featured_media":120151,"comment_status":"open","ping_status":"open","sticky":false,"template":"","format":"standard","meta":{"rop_custom_images_group":[],"rop_custom_messages_group":[],"rop_publish_now":"initial","rop_publish_now_accounts":[],"rop_publish_now_history":[],"rop_publish_now_status":"pending","footnotes":""},"categories":[71],"tags":[],"class_list":["post-120152","post","type-post","status-publish","format-standard","has-post-thumbnail","hentry","category-germany"],"_wp_page_template":null,"_wp_attached_file":null,"_wp_attachment_metadata":null,"_edit_lock":null,"yoast_head":"<!-- This site is optimized with the Yoast SEO plugin v24.3 - https:\/\/yoast.com\/wordpress\/plugins\/seo\/ -->\n<title>Almanya, \u0130srail H\u00fck\u00fcmetini Kud\u00fcs&#039;teki Kutsal Mekanlara Eri\u015fimi K\u0131s\u0131tlaman\u0131n Gerilimi Art\u0131rabilece\u011fi Konusunda Uyard\u0131 - ShiaWaves Turkish - \u015eia Haberleri<\/title>\n<meta name=\"robots\" content=\"index, follow, max-snippet:-1, max-image-preview:large, max-video-preview:-1\" \/>\n<link rel=\"canonical\" href=\"https:\/\/shiawaves.com\/turkish\/2026\/04\/02\/almanya-israil-hukumetini-kudusteki-kutsal-mekanlara-erisimi-kisitlamanin-gerilimi-artirabilecegi-konusunda-uyardi\/\" \/>\n<meta property=\"og:locale\" content=\"tr_TR\" \/>\n<meta property=\"og:type\" content=\"article\" \/>\n<meta property=\"og:title\" content=\"Almanya, \u0130srail H\u00fck\u00fcmetini Kud\u00fcs&#039;teki Kutsal Mekanlara Eri\u015fimi K\u0131s\u0131tlaman\u0131n Gerilimi Art\u0131rabilece\u011fi Konusunda Uyard\u0131 - ShiaWaves Turkish - \u015eia Haberleri\" \/>\n<meta property=\"og:description\" content=\"Almanya, \u0130srail H\u00fck\u00fcmetini Kud\u00fcs&#8217;teki Kutsal Mekanlara Eri\u015fimi K\u0131s\u0131tlaman\u0131n Gerilimi Art\u0131rabilece\u011fi Konusunda Uyard\u0131 Almanya D\u0131\u015fi\u015fleri Bakanl\u0131\u011f\u0131, \u00c7ar\u015famba g\u00fcn\u00fc yapt\u0131\u011f\u0131 a\u00e7\u0131klamada, Kud\u00fcs&#8217;teki kutsal mekanlara eri\u015fimin k\u0131s\u0131tlanmas\u0131n\u0131n b\u00f6lgedeki gerilimleri art\u0131rabilece\u011fini ve mevcut durumu daha da karma\u015f\u0131k hale getirebilece\u011fini belirtti. Bu uyar\u0131, dini ve sosyal gerilimlerin \u015fiddetlenmesini \u00f6nlemek amac\u0131yla yap\u0131lm\u0131\u015ft\u0131r. France24&#8217;\u00fcn haberine g\u00f6re, Alman H\u00fck\u00fcmeti s\u00f6zc\u00fcs\u00fc \u00fclkesinin bu konudaki &hellip;\" \/>\n<meta property=\"og:url\" content=\"https:\/\/shiawaves.com\/turkish\/2026\/04\/02\/almanya-israil-hukumetini-kudusteki-kutsal-mekanlara-erisimi-kisitlamanin-gerilimi-artirabilecegi-konusunda-uyardi\/\" \/>\n<meta property=\"og:site_name\" content=\"ShiaWaves Turkish - \u015eia Haberleri\" \/>\n<meta property=\"article:published_time\" content=\"2026-04-02T17:00:32+00:00\" \/>\n<meta name=\"author\" content=\"modir\" \/>\n<meta name=\"twitter:card\" content=\"summary_large_image\" \/>\n<meta name=\"twitter:label1\" content=\"Yazan:\" \/>\n\t<meta name=\"twitter:data1\" content=\"modir\" \/>\n\t<meta name=\"twitter:label2\" content=\"Tahmini okuma s\u00fcresi\" \/>\n\t<meta name=\"twitter:data2\" content=\"1 dakika\" \/>\n<script type=\"application\/ld+json\" class=\"yoast-schema-graph\">{\"@context\":\"https:\/\/schema.org\",\"@graph\":[{\"@type\":\"WebPage\",\"@id\":\"https:\/\/shiawaves.com\/turkish\/2026\/04\/02\/almanya-israil-hukumetini-kudusteki-kutsal-mekanlara-erisimi-kisitlamanin-gerilimi-artirabilecegi-konusunda-uyardi\/\",\"url\":\"https:\/\/shiawaves.com\/turkish\/2026\/04\/02\/almanya-israil-hukumetini-kudusteki-kutsal-mekanlara-erisimi-kisitlamanin-gerilimi-artirabilecegi-konusunda-uyardi\/\",\"name\":\"Almanya, \u0130srail H\u00fck\u00fcmetini Kud\u00fcs'teki Kutsal Mekanlara Eri\u015fimi K\u0131s\u0131tlaman\u0131n Gerilimi Art\u0131rabilece\u011fi Konusunda Uyard\u0131 - ShiaWaves Turkish - \u015eia Haberleri\",\"isPartOf\":{\"@id\":\"https:\/\/shiawaves.com\/turkish\/#website\"},\"primaryImageOfPage\":{\"@id\":\"https:\/\/shiawaves.com\/turkish\/2026\/04\/02\/almanya-israil-hukumetini-kudusteki-kutsal-mekanlara-erisimi-kisitlamanin-gerilimi-artirabilecegi-konusunda-uyardi\/#primaryimage\"},\"image\":{\"@id\":\"https:\/\/shiawaves.com\/turkish\/2026\/04\/02\/almanya-israil-hukumetini-kudusteki-kutsal-mekanlara-erisimi-kisitlamanin-gerilimi-artirabilecegi-konusunda-uyardi\/#primaryimage\"},\"thumbnailUrl\":\"https:\/\/shiawaves.com\/turkish\/wp-content\/uploads\/sites\/6\/2026\/04\/file_3039.jpg\",\"datePublished\":\"2026-04-02T17:00:32+00:00\",\"dateModified\":\"2026-04-02T17:00:32+00:00\",\"author\":{\"@id\":\"https:\/\/shiawaves.com\/turkish\/#\/schema\/person\/9f68d5023e948086b9348fba5aebd954\"},\"breadcrumb\":{\"@id\":\"https:\/\/shiawaves.com\/turkish\/2026\/04\/02\/almanya-israil-hukumetini-kudusteki-kutsal-mekanlara-erisimi-kisitlamanin-gerilimi-artirabilecegi-konusunda-uyardi\/#breadcrumb\"},\"inLanguage\":\"tr\",\"potentialAction\":[{\"@type\":\"ReadAction\",\"target\":[\"https:\/\/shiawaves.com\/turkish\/2026\/04\/02\/almanya-israil-hukumetini-kudusteki-kutsal-mekanlara-erisimi-kisitlamanin-gerilimi-artirabilecegi-konusunda-uyardi\/\"]}]},{\"@type\":\"ImageObject\",\"inLanguage\":\"tr\",\"@id\":\"https:\/\/shiawaves.com\/turkish\/2026\/04\/02\/almanya-israil-hukumetini-kudusteki-kutsal-mekanlara-erisimi-kisitlamanin-gerilimi-artirabilecegi-konusunda-uyardi\/#primaryimage\",\"url\":\"https:\/\/shiawaves.com\/turkish\/wp-content\/uploads\/sites\/6\/2026\/04\/file_3039.jpg\",\"contentUrl\":\"https:\/\/shiawaves.com\/turkish\/wp-content\/uploads\/sites\/6\/2026\/04\/file_3039.jpg\",\"width\":1280,\"height\":853},{\"@type\":\"BreadcrumbList\",\"@id\":\"https:\/\/shiawaves.com\/turkish\/2026\/04\/02\/almanya-israil-hukumetini-kudusteki-kutsal-mekanlara-erisimi-kisitlamanin-gerilimi-artirabilecegi-konusunda-uyardi\/#breadcrumb\",\"itemListElement\":[{\"@type\":\"ListItem\",\"position\":1,\"name\":\"Home\",\"item\":\"https:\/\/shiawaves.com\/turkish\/\"},{\"@type\":\"ListItem\",\"position\":2,\"name\":\"Almanya, \u0130srail H\u00fck\u00fcmetini Kud\u00fcs&#8217;teki Kutsal Mekanlara Eri\u015fimi K\u0131s\u0131tlaman\u0131n Gerilimi Art\u0131rabilece\u011fi Konusunda Uyard\u0131\"}]},{\"@type\":\"WebSite\",\"@id\":\"https:\/\/shiawaves.com\/turkish\/#website\",\"url\":\"https:\/\/shiawaves.com\/turkish\/\",\"name\":\"ShiaWaves Turkish - \u015eia Haberleri\",\"description\":\"\",\"potentialAction\":[{\"@type\":\"SearchAction\",\"target\":{\"@type\":\"EntryPoint\",\"urlTemplate\":\"https:\/\/shiawaves.com\/turkish\/?s={search_term_string}\"},\"query-input\":{\"@type\":\"PropertyValueSpecification\",\"valueRequired\":true,\"valueName\":\"search_term_string\"}}],\"inLanguage\":\"tr\"},{\"@type\":\"Person\",\"@id\":\"https:\/\/shiawaves.com\/turkish\/#\/schema\/person\/9f68d5023e948086b9348fba5aebd954\",\"name\":\"modir\",\"image\":{\"@type\":\"ImageObject\",\"inLanguage\":\"tr\",\"@id\":\"https:\/\/shiawaves.com\/turkish\/#\/schema\/person\/image\/\",\"url\":\"https:\/\/secure.gravatar.com\/avatar\/8e76f93cdbdd480bd8918d1e0e1d938664c9cb1516c2a57a2b96fe50b507a6b9?s=96&d=mm&r=g\",\"contentUrl\":\"https:\/\/secure.gravatar.com\/avatar\/8e76f93cdbdd480bd8918d1e0e1d938664c9cb1516c2a57a2b96fe50b507a6b9?s=96&d=mm&r=g\",\"caption\":\"modir\"},\"sameAs\":[\"https:\/\/shiawaves.com\"],\"url\":\"https:\/\/shiawaves.com\/turkish\/author\/modir\/\"}]}<\/script>\n<!-- \/ Yoast SEO plugin. -->","yoast_head_json":{"title":"Almanya, \u0130srail H\u00fck\u00fcmetini Kud\u00fcs'teki Kutsal Mekanlara Eri\u015fimi K\u0131s\u0131tlaman\u0131n Gerilimi Art\u0131rabilece\u011fi Konusunda Uyard\u0131 - ShiaWaves Turkish - \u015eia Haberleri","robots":{"index":"index","follow":"follow","max-snippet":"max-snippet:-1","max-image-preview":"max-image-preview:large","max-video-preview":"max-video-preview:-1"},"canonical":"https:\/\/shiawaves.com\/turkish\/2026\/04\/02\/almanya-israil-hukumetini-kudusteki-kutsal-mekanlara-erisimi-kisitlamanin-gerilimi-artirabilecegi-konusunda-uyardi\/","og_locale":"tr_TR","og_type":"article","og_title":"Almanya, \u0130srail H\u00fck\u00fcmetini Kud\u00fcs'teki Kutsal Mekanlara Eri\u015fimi K\u0131s\u0131tlaman\u0131n Gerilimi Art\u0131rabilece\u011fi Konusunda Uyard\u0131 - ShiaWaves Turkish - \u015eia Haberleri","og_description":"Almanya, \u0130srail H\u00fck\u00fcmetini Kud\u00fcs&#8217;teki Kutsal Mekanlara Eri\u015fimi K\u0131s\u0131tlaman\u0131n Gerilimi Art\u0131rabilece\u011fi Konusunda Uyard\u0131 Almanya D\u0131\u015fi\u015fleri Bakanl\u0131\u011f\u0131, \u00c7ar\u015famba g\u00fcn\u00fc yapt\u0131\u011f\u0131 a\u00e7\u0131klamada, Kud\u00fcs&#8217;teki kutsal mekanlara eri\u015fimin k\u0131s\u0131tlanmas\u0131n\u0131n b\u00f6lgedeki gerilimleri art\u0131rabilece\u011fini ve mevcut durumu daha da karma\u015f\u0131k hale getirebilece\u011fini belirtti. Bu uyar\u0131, dini ve sosyal gerilimlerin \u015fiddetlenmesini \u00f6nlemek amac\u0131yla yap\u0131lm\u0131\u015ft\u0131r. France24&#8217;\u00fcn haberine g\u00f6re, Alman H\u00fck\u00fcmeti s\u00f6zc\u00fcs\u00fc \u00fclkesinin bu konudaki &hellip;","og_url":"https:\/\/shiawaves.com\/turkish\/2026\/04\/02\/almanya-israil-hukumetini-kudusteki-kutsal-mekanlara-erisimi-kisitlamanin-gerilimi-artirabilecegi-konusunda-uyardi\/","og_site_name":"ShiaWaves Turkish - \u015eia Haberleri","article_published_time":"2026-04-02T17:00:32+00:00","author":"modir","twitter_card":"summary_large_image","twitter_misc":{"Yazan:":"modir","Tahmini okuma s\u00fcresi":"1 dakika"},"schema":{"@context":"https:\/\/schema.org","@graph":[{"@type":"WebPage","@id":"https:\/\/shiawaves.com\/turkish\/2026\/04\/02\/almanya-israil-hukumetini-kudusteki-kutsal-mekanlara-erisimi-kisitlamanin-gerilimi-artirabilecegi-konusunda-uyardi\/","url":"https:\/\/shiawaves.com\/turkish\/2026\/04\/02\/almanya-israil-hukumetini-kudusteki-kutsal-mekanlara-erisimi-kisitlamanin-gerilimi-artirabilecegi-konusunda-uyardi\/","name":"Almanya, \u0130srail H\u00fck\u00fcmetini Kud\u00fcs'teki Kutsal Mekanlara Eri\u015fimi K\u0131s\u0131tlaman\u0131n Gerilimi Art\u0131rabilece\u011fi Konusunda Uyard\u0131 - ShiaWaves Turkish - \u015eia Haberleri","isPartOf":{"@id":"https:\/\/shiawaves.com\/turkish\/#website"},"primaryImageOfPage":{"@id":"https:\/\/shiawaves.com\/turkish\/2026\/04\/02\/almanya-israil-hukumetini-kudusteki-kutsal-mekanlara-erisimi-kisitlamanin-gerilimi-artirabilecegi-konusunda-uyardi\/#primaryimage"},"image":{"@id":"https:\/\/shiawaves.com\/turkish\/2026\/04\/02\/almanya-israil-hukumetini-kudusteki-kutsal-mekanlara-erisimi-kisitlamanin-gerilimi-artirabilecegi-konusunda-uyardi\/#primaryimage"},"thumbnailUrl":"https:\/\/shiawaves.com\/turkish\/wp-content\/uploads\/sites\/6\/2026\/04\/file_3039.jpg","datePublished":"2026-04-02T17:00:32+00:00","dateModified":"2026-04-02T17:00:32+00:00","author":{"@id":"https:\/\/shiawaves.com\/turkish\/#\/schema\/person\/9f68d5023e948086b9348fba5aebd954"},"breadcrumb":{"@id":"https:\/\/shiawaves.com\/turkish\/2026\/04\/02\/almanya-israil-hukumetini-kudusteki-kutsal-mekanlara-erisimi-kisitlamanin-gerilimi-artirabilecegi-konusunda-uyardi\/#breadcrumb"},"inLanguage":"tr","potentialAction":[{"@type":"ReadAction","target":["https:\/\/shiawaves.com\/turkish\/2026\/04\/02\/almanya-israil-hukumetini-kudusteki-kutsal-mekanlara-erisimi-kisitlamanin-gerilimi-artirabilecegi-konusunda-uyardi\/"]}]},{"@type":"ImageObject","inLanguage":"tr","@id":"https:\/\/shiawaves.com\/turkish\/2026\/04\/02\/almanya-israil-hukumetini-kudusteki-kutsal-mekanlara-erisimi-kisitlamanin-gerilimi-artirabilecegi-konusunda-uyardi\/#primaryimage","url":"https:\/\/shiawaves.com\/turkish\/wp-content\/uploads\/sites\/6\/2026\/04\/file_3039.jpg","contentUrl":"https:\/\/shiawaves.com\/turkish\/wp-content\/uploads\/sites\/6\/2026\/04\/file_3039.jpg","width":1280,"height":853},{"@type":"BreadcrumbList","@id":"https:\/\/shiawaves.com\/turkish\/2026\/04\/02\/almanya-israil-hukumetini-kudusteki-kutsal-mekanlara-erisimi-kisitlamanin-gerilimi-artirabilecegi-konusunda-uyardi\/#breadcrumb","itemListElement":[{"@type":"ListItem","position":1,"name":"Home","item":"https:\/\/shiawaves.com\/turkish\/"},{"@type":"ListItem","position":2,"name":"Almanya, \u0130srail H\u00fck\u00fcmetini Kud\u00fcs&#8217;teki Kutsal Mekanlara Eri\u015fimi K\u0131s\u0131tlaman\u0131n Gerilimi Art\u0131rabilece\u011fi Konusunda Uyard\u0131"}]},{"@type":"WebSite","@id":"https:\/\/shiawaves.com\/turkish\/#website","url":"https:\/\/shiawaves.com\/turkish\/","name":"ShiaWaves Turkish - \u015eia Haberleri","description":"","potentialAction":[{"@type":"SearchAction","target":{"@type":"EntryPoint","urlTemplate":"https:\/\/shiawaves.com\/turkish\/?s={search_term_string}"},"query-input":{"@type":"PropertyValueSpecification","valueRequired":true,"valueName":"search_term_string"}}],"inLanguage":"tr"},{"@type":"Person","@id":"https:\/\/shiawaves.com\/turkish\/#\/schema\/person\/9f68d5023e948086b9348fba5aebd954","name":"modir","image":{"@type":"ImageObject","inLanguage":"tr","@id":"https:\/\/shiawaves.com\/turkish\/#\/schema\/person\/image\/","url":"https:\/\/secure.gravatar.com\/avatar\/8e76f93cdbdd480bd8918d1e0e1d938664c9cb1516c2a57a2b96fe50b507a6b9?s=96&d=mm&r=g","contentUrl":"https:\/\/secure.gravatar.com\/avatar\/8e76f93cdbdd480bd8918d1e0e1d938664c9cb1516c2a57a2b96fe50b507a6b9?s=96&d=mm&r=g","caption":"modir"},"sameAs":["https:\/\/shiawaves.com"],"url":"https:\/\/shiawaves.com\/turkish\/author\/modir\/"}]}},"_links":{"self":[{"href":"https:\/\/shiawaves.com\/turkish\/wp-json\/wp\/v2\/posts\/120152","targetHints":{"allow":["GET"]}}],"collection":[{"href":"https:\/\/shiawaves.com\/turkish\/wp-json\/wp\/v2\/posts"}],"about":[{"href":"https:\/\/shiawaves.com\/turkish\/wp-json\/wp\/v2\/types\/post"}],"author":[{"embeddable":true,"href":"https:\/\/shiawaves.com\/turkish\/wp-json\/wp\/v2\/users\/1"}],"replies":[{"embeddable":true,"href":"https:\/\/shiawaves.com\/turkish\/wp-json\/wp\/v2\/comments?post=120152"}],"version-history":[{"count":0,"href":"https:\/\/shiawaves.com\/turkish\/wp-json\/wp\/v2\/posts\/120152\/revisions"}],"wp:featuredmedia":[{"embeddable":true,"href":"https:\/\/shiawaves.com\/turkish\/wp-json\/wp\/v2\/media\/120151"}],"wp:attachment":[{"href":"https:\/\/shiawaves.com\/turkish\/wp-json\/wp\/v2\/media?parent=120152"}],"wp:term":[{"taxonomy":"category","embeddable":true,"href":"https:\/\/shiawaves.com\/turkish\/wp-json\/wp\/v2\/categories?post=120152"},{"taxonomy":"post_tag","embeddable":true,"href":"https:\/\/shiawaves.com\/turkish\/wp-json\/wp\/v2\/tags?post=120152"}],"curies":[{"name":"wp","href":"https:\/\/api.w.org\/{rel}","templated":true}]}}