{"id":119830,"date":"2026-03-03T15:00:57","date_gmt":"2026-03-03T12:00:57","guid":{"rendered":"https:\/\/shiawaves.com\/turkish\/2026\/03\/03\/orta-asyada-mubarek-ramazan-ayi-cesitli-ulkelerdeki-siilerin-ibadet-toplu-iftarlar-ve-sosyal-dayanismasini-gosteren-ornekler\/"},"modified":"2026-03-03T15:00:57","modified_gmt":"2026-03-03T12:00:57","slug":"orta-asyada-mubarek-ramazan-ayi-cesitli-ulkelerdeki-siilerin-ibadet-toplu-iftarlar-ve-sosyal-dayanismasini-gosteren-ornekler","status":"publish","type":"post","link":"https:\/\/shiawaves.com\/turkish\/2026\/03\/03\/orta-asyada-mubarek-ramazan-ayi-cesitli-ulkelerdeki-siilerin-ibadet-toplu-iftarlar-ve-sosyal-dayanismasini-gosteren-ornekler\/","title":{"rendered":"Orta Asya&#8217;da M\u00fcbarek Ramazan Ay\u0131; \u00c7e\u015fitli \u00dclkelerdeki \u015eiilerin \u0130badet, Toplu \u0130ftarlar ve Sosyal Dayan\u0131\u015fmas\u0131n\u0131 G\u00f6steren \u00d6rnekler"},"content":{"rendered":"<p>Orta Asya&#8217;da M\u00fcbarek Ramazan Ay\u0131; \u00c7e\u015fitli \u00dclkelerdeki \u015eiilerin \u0130badet, Toplu \u0130ftarlar ve Sosyal Dayan\u0131\u015fmas\u0131n\u0131 G\u00f6steren \u00d6rnekler<\/p>\n<p>Orta Asya&#8217;daki \u015eiiler, M\u00fcbarek Ramazan ay\u0131nda camileri ziyaret ederek, toplu iftar d\u00fczenleyerek ve k\u00fclt\u00fcrel etkinlikler ger\u00e7ekle\u015ftirerek maneviyat dolu anlar ya\u015farken sosyal ba\u011flar\u0131n\u0131 g\u00fc\u00e7lendiriyorlar.<\/p>\n<p>\u0130\u015fte meslekta\u015f\u0131m\u0131n bu konuyu ele ald\u0131\u011f\u0131 haber:<\/p>\n<p>Orta Asya \u00fclkeleri, \u00d6zbekistan, Tacikistan ve K\u0131rg\u0131zistan&#8217;da Ramazan ay\u0131, \u015eiilere, ailelerin ve gen\u00e7lerin kat\u0131l\u0131m\u0131yla ibadet, dua ve toplu iftar etkinliklerini deneyimleme imk\u00e2n\u0131 sunuyor.<\/p>\n<p>Semerkant ve Buhara \u015fehirlerinde camiler, ibadet edenler ve iftar merasimine kat\u0131lanlarla doluyor ve manevi bir atmosfer, ayd\u0131nlat\u0131lm\u0131\u015f sokaklar, Kuran okunmas\u0131 ve toplu dualarla olu\u015fuyor.<\/p>\n<p>Mosque.ir haberine g\u00f6re, Orta Asya\u2019n\u0131n bir\u00e7ok yerinde iftar sofralar\u0131 geleneksel yemeklerle s\u00fcsleniyor ve ailelerin ve gen\u00e7lerin varl\u0131\u011f\u0131, toplumda dayan\u0131\u015fma ve i\u015fbirli\u011fi ruhunu g\u00fc\u00e7lendiriyor.<\/p>\n<p>Gen\u00e7ler ve gen\u00e7 yeti\u015fkinler, oru\u00e7 tutman\u0131n yan\u0131 s\u0131ra dini ve k\u00fclt\u00fcrel de\u011ferlerle tan\u0131\u015fmak i\u00e7in e\u011fitim ve Kuran oturumlar\u0131na aktif olarak kat\u0131lmaktad\u0131rlar.<\/p>\n<p>Tacikistan&#8217;da iftar etkinlikleri dostluk ve ba\u011f\u0131\u015flama \u00fczerine odaklan\u0131yor ve insanlar iftar sonras\u0131nda camilerde ve mahallelerde bir araya gelerek sohbet ediyor, yemek ikram ediyor ve dini \u015fiirler okuyor.<\/p>\n<p>\u0130Film TV Fars\u00e7a haber sitesi, bir\u00e7ok \u015fehir ve k\u00f6yde gen\u00e7 neslin Ramazan&#8217;\u0131n k\u00f6kl\u00fc gelenekleriyle tan\u0131\u015fmas\u0131 i\u00e7in &#8220;Rub\u0131-Khani&#8221; ayinlerinin ger\u00e7ekle\u015ftirildi\u011fini g\u00f6steriyor.<\/p>\n<p>Rub\u0131-Khani, Orta Asya\u2019daki \u015eiiler aras\u0131nda geleneksel bir ayindir. Bu rit\u00fcel s\u0131ras\u0131nda Kuran-\u0131 Kerim\u2019den b\u00f6l\u00fcmler, camilerde ve evlerde toplu halde ve ezgili bir \u015fekilde seslendirilir.<\/p>\n<p>Bu t\u00f6ren, M\u00fcbarek Ramazan ay\u0131nda ger\u00e7ekle\u015ftirilir ve Allah ile manevi ba\u011flant\u0131y\u0131 g\u00fc\u00e7lendirmenin yan\u0131 s\u0131ra, ailevi ve sosyal ba\u011flar\u0131 sa\u011flamla\u015ft\u0131r\u0131r ve gen\u00e7 nesilleri k\u00f6kl\u00fc geleneklerle tan\u0131\u015ft\u0131r\u0131r.<\/p>\n<p>K\u0131rg\u0131zistan&#8217;da camiler, namaz k\u0131lanlar\u0131 ve dua edenleri a\u011f\u0131rl\u0131yor ve iftar merasimi, dini ve k\u00fclt\u00fcrel geleneklere uygun bir \u015fekilde ger\u00e7ekle\u015ftiriliyor.<\/p>\n<p>Bu etkinlikler, yaln\u0131zca oru\u00e7 tutmaya y\u00f6nelik bir f\u0131rsat sunmakla kalm\u0131yor, ayn\u0131 zamanda sosyal dayan\u0131\u015fmay\u0131 ve aile ba\u011flar\u0131n\u0131 g\u00fc\u00e7lendirmek i\u00e7in bir f\u0131rsat sunuyor.<\/p>\n<p>Bu \u00fclkelerdeki toplu iftarlar ve ak\u015fam ziyafetleri, Ramazan ay\u0131n\u0131 sadece bir ibadet deneyimi olmaktan \u00e7\u0131kar\u0131p, Orta Asya \u015eiileri aras\u0131nda dayan\u0131\u015fma olu\u015fturmak, insani de\u011ferleri g\u00fc\u00e7lendirmek ve sosyal duyarl\u0131l\u0131\u011f\u0131 artt\u0131rmak i\u00e7in bir f\u0131rsat haline getiriyor.<\/p>\n<p>Yerel medya, bu etkinlikleri haberle\u015ftirerek, \u0130slam k\u00fclt\u00fcr\u00fcn\u00fc ve toplumun manevi rit\u00fcellerini tan\u0131tmakta \u00f6nemli bir rol oynamakta ve M\u00fcbarek Ramazan ay\u0131n\u0131 ortak, manevi ve sosyal bir deneyim haline getirmektedir.<\/p>\n","protected":false},"excerpt":{"rendered":"<p>Orta Asya&#8217;da M\u00fcbarek Ramazan Ay\u0131; \u00c7e\u015fitli \u00dclkelerdeki \u015eiilerin \u0130badet, Toplu \u0130ftarlar ve Sosyal Dayan\u0131\u015fmas\u0131n\u0131 G\u00f6steren \u00d6rnekler Orta Asya&#8217;daki \u015eiiler, M\u00fcbarek Ramazan ay\u0131nda camileri ziyaret ederek, toplu iftar d\u00fczenleyerek ve k\u00fclt\u00fcrel etkinlikler ger\u00e7ekle\u015ftirerek maneviyat dolu anlar ya\u015farken sosyal ba\u011flar\u0131n\u0131 g\u00fc\u00e7lendiriyorlar. \u0130\u015fte meslekta\u015f\u0131m\u0131n bu konuyu ele ald\u0131\u011f\u0131 haber: Orta Asya \u00fclkeleri, \u00d6zbekistan, Tacikistan ve K\u0131rg\u0131zistan&#8217;da Ramazan ay\u0131, &hellip;<\/p>\n","protected":false},"author":1,"featured_media":119829,"comment_status":"open","ping_status":"open","sticky":false,"template":"","format":"standard","meta":{"rop_custom_images_group":[],"rop_custom_messages_group":[],"rop_publish_now":"initial","rop_publish_now_accounts":[],"rop_publish_now_history":[],"rop_publish_now_status":"pending","footnotes":""},"categories":[6],"tags":[],"class_list":["post-119830","post","type-post","status-publish","format-standard","has-post-thumbnail","hentry","category-islam"],"_wp_page_template":null,"_wp_attached_file":null,"_wp_attachment_metadata":null,"_edit_lock":null,"yoast_head":"<!-- This site is optimized with the Yoast SEO plugin v24.3 - https:\/\/yoast.com\/wordpress\/plugins\/seo\/ -->\n<title>Orta Asya&#039;da M\u00fcbarek Ramazan Ay\u0131; \u00c7e\u015fitli \u00dclkelerdeki \u015eiilerin \u0130badet, Toplu \u0130ftarlar ve Sosyal Dayan\u0131\u015fmas\u0131n\u0131 G\u00f6steren \u00d6rnekler - ShiaWaves Turkish - \u015eia Haberleri<\/title>\n<meta name=\"robots\" content=\"index, follow, max-snippet:-1, max-image-preview:large, max-video-preview:-1\" \/>\n<link rel=\"canonical\" href=\"https:\/\/shiawaves.com\/turkish\/2026\/03\/03\/orta-asyada-mubarek-ramazan-ayi-cesitli-ulkelerdeki-siilerin-ibadet-toplu-iftarlar-ve-sosyal-dayanismasini-gosteren-ornekler\/\" \/>\n<meta property=\"og:locale\" content=\"tr_TR\" \/>\n<meta property=\"og:type\" content=\"article\" \/>\n<meta property=\"og:title\" content=\"Orta Asya&#039;da M\u00fcbarek Ramazan Ay\u0131; \u00c7e\u015fitli \u00dclkelerdeki \u015eiilerin \u0130badet, Toplu \u0130ftarlar ve Sosyal Dayan\u0131\u015fmas\u0131n\u0131 G\u00f6steren \u00d6rnekler - ShiaWaves Turkish - \u015eia Haberleri\" \/>\n<meta property=\"og:description\" content=\"Orta Asya&#8217;da M\u00fcbarek Ramazan Ay\u0131; \u00c7e\u015fitli \u00dclkelerdeki \u015eiilerin \u0130badet, Toplu \u0130ftarlar ve Sosyal Dayan\u0131\u015fmas\u0131n\u0131 G\u00f6steren \u00d6rnekler Orta Asya&#8217;daki \u015eiiler, M\u00fcbarek Ramazan ay\u0131nda camileri ziyaret ederek, toplu iftar d\u00fczenleyerek ve k\u00fclt\u00fcrel etkinlikler ger\u00e7ekle\u015ftirerek maneviyat dolu anlar ya\u015farken sosyal ba\u011flar\u0131n\u0131 g\u00fc\u00e7lendiriyorlar. \u0130\u015fte meslekta\u015f\u0131m\u0131n bu konuyu ele ald\u0131\u011f\u0131 haber: Orta Asya \u00fclkeleri, \u00d6zbekistan, Tacikistan ve K\u0131rg\u0131zistan&#8217;da Ramazan ay\u0131, &hellip;\" \/>\n<meta property=\"og:url\" content=\"https:\/\/shiawaves.com\/turkish\/2026\/03\/03\/orta-asyada-mubarek-ramazan-ayi-cesitli-ulkelerdeki-siilerin-ibadet-toplu-iftarlar-ve-sosyal-dayanismasini-gosteren-ornekler\/\" \/>\n<meta property=\"og:site_name\" content=\"ShiaWaves Turkish - \u015eia Haberleri\" \/>\n<meta property=\"article:published_time\" content=\"2026-03-03T12:00:57+00:00\" \/>\n<meta name=\"author\" content=\"modir\" \/>\n<meta name=\"twitter:card\" content=\"summary_large_image\" \/>\n<meta name=\"twitter:label1\" content=\"Yazan:\" \/>\n\t<meta name=\"twitter:data1\" content=\"modir\" \/>\n\t<meta name=\"twitter:label2\" content=\"Tahmini okuma s\u00fcresi\" \/>\n\t<meta name=\"twitter:data2\" content=\"2 dakika\" \/>\n<script type=\"application\/ld+json\" class=\"yoast-schema-graph\">{\"@context\":\"https:\/\/schema.org\",\"@graph\":[{\"@type\":\"WebPage\",\"@id\":\"https:\/\/shiawaves.com\/turkish\/2026\/03\/03\/orta-asyada-mubarek-ramazan-ayi-cesitli-ulkelerdeki-siilerin-ibadet-toplu-iftarlar-ve-sosyal-dayanismasini-gosteren-ornekler\/\",\"url\":\"https:\/\/shiawaves.com\/turkish\/2026\/03\/03\/orta-asyada-mubarek-ramazan-ayi-cesitli-ulkelerdeki-siilerin-ibadet-toplu-iftarlar-ve-sosyal-dayanismasini-gosteren-ornekler\/\",\"name\":\"Orta Asya'da M\u00fcbarek Ramazan Ay\u0131; \u00c7e\u015fitli \u00dclkelerdeki \u015eiilerin \u0130badet, Toplu \u0130ftarlar ve Sosyal Dayan\u0131\u015fmas\u0131n\u0131 G\u00f6steren \u00d6rnekler - ShiaWaves Turkish - \u015eia Haberleri\",\"isPartOf\":{\"@id\":\"https:\/\/shiawaves.com\/turkish\/#website\"},\"primaryImageOfPage\":{\"@id\":\"https:\/\/shiawaves.com\/turkish\/2026\/03\/03\/orta-asyada-mubarek-ramazan-ayi-cesitli-ulkelerdeki-siilerin-ibadet-toplu-iftarlar-ve-sosyal-dayanismasini-gosteren-ornekler\/#primaryimage\"},\"image\":{\"@id\":\"https:\/\/shiawaves.com\/turkish\/2026\/03\/03\/orta-asyada-mubarek-ramazan-ayi-cesitli-ulkelerdeki-siilerin-ibadet-toplu-iftarlar-ve-sosyal-dayanismasini-gosteren-ornekler\/#primaryimage\"},\"thumbnailUrl\":\"https:\/\/shiawaves.com\/turkish\/wp-content\/uploads\/sites\/6\/2026\/03\/file_2874.jpg\",\"datePublished\":\"2026-03-03T12:00:57+00:00\",\"dateModified\":\"2026-03-03T12:00:57+00:00\",\"author\":{\"@id\":\"https:\/\/shiawaves.com\/turkish\/#\/schema\/person\/9f68d5023e948086b9348fba5aebd954\"},\"breadcrumb\":{\"@id\":\"https:\/\/shiawaves.com\/turkish\/2026\/03\/03\/orta-asyada-mubarek-ramazan-ayi-cesitli-ulkelerdeki-siilerin-ibadet-toplu-iftarlar-ve-sosyal-dayanismasini-gosteren-ornekler\/#breadcrumb\"},\"inLanguage\":\"tr\",\"potentialAction\":[{\"@type\":\"ReadAction\",\"target\":[\"https:\/\/shiawaves.com\/turkish\/2026\/03\/03\/orta-asyada-mubarek-ramazan-ayi-cesitli-ulkelerdeki-siilerin-ibadet-toplu-iftarlar-ve-sosyal-dayanismasini-gosteren-ornekler\/\"]}]},{\"@type\":\"ImageObject\",\"inLanguage\":\"tr\",\"@id\":\"https:\/\/shiawaves.com\/turkish\/2026\/03\/03\/orta-asyada-mubarek-ramazan-ayi-cesitli-ulkelerdeki-siilerin-ibadet-toplu-iftarlar-ve-sosyal-dayanismasini-gosteren-ornekler\/#primaryimage\",\"url\":\"https:\/\/shiawaves.com\/turkish\/wp-content\/uploads\/sites\/6\/2026\/03\/file_2874.jpg\",\"contentUrl\":\"https:\/\/shiawaves.com\/turkish\/wp-content\/uploads\/sites\/6\/2026\/03\/file_2874.jpg\",\"width\":800,\"height\":534},{\"@type\":\"BreadcrumbList\",\"@id\":\"https:\/\/shiawaves.com\/turkish\/2026\/03\/03\/orta-asyada-mubarek-ramazan-ayi-cesitli-ulkelerdeki-siilerin-ibadet-toplu-iftarlar-ve-sosyal-dayanismasini-gosteren-ornekler\/#breadcrumb\",\"itemListElement\":[{\"@type\":\"ListItem\",\"position\":1,\"name\":\"Home\",\"item\":\"https:\/\/shiawaves.com\/turkish\/\"},{\"@type\":\"ListItem\",\"position\":2,\"name\":\"Orta Asya&#8217;da M\u00fcbarek Ramazan Ay\u0131; \u00c7e\u015fitli \u00dclkelerdeki \u015eiilerin \u0130badet, Toplu \u0130ftarlar ve Sosyal Dayan\u0131\u015fmas\u0131n\u0131 G\u00f6steren \u00d6rnekler\"}]},{\"@type\":\"WebSite\",\"@id\":\"https:\/\/shiawaves.com\/turkish\/#website\",\"url\":\"https:\/\/shiawaves.com\/turkish\/\",\"name\":\"ShiaWaves Turkish - \u015eia Haberleri\",\"description\":\"\",\"potentialAction\":[{\"@type\":\"SearchAction\",\"target\":{\"@type\":\"EntryPoint\",\"urlTemplate\":\"https:\/\/shiawaves.com\/turkish\/?s={search_term_string}\"},\"query-input\":{\"@type\":\"PropertyValueSpecification\",\"valueRequired\":true,\"valueName\":\"search_term_string\"}}],\"inLanguage\":\"tr\"},{\"@type\":\"Person\",\"@id\":\"https:\/\/shiawaves.com\/turkish\/#\/schema\/person\/9f68d5023e948086b9348fba5aebd954\",\"name\":\"modir\",\"image\":{\"@type\":\"ImageObject\",\"inLanguage\":\"tr\",\"@id\":\"https:\/\/shiawaves.com\/turkish\/#\/schema\/person\/image\/\",\"url\":\"https:\/\/secure.gravatar.com\/avatar\/8e76f93cdbdd480bd8918d1e0e1d938664c9cb1516c2a57a2b96fe50b507a6b9?s=96&d=mm&r=g\",\"contentUrl\":\"https:\/\/secure.gravatar.com\/avatar\/8e76f93cdbdd480bd8918d1e0e1d938664c9cb1516c2a57a2b96fe50b507a6b9?s=96&d=mm&r=g\",\"caption\":\"modir\"},\"sameAs\":[\"https:\/\/shiawaves.com\"],\"url\":\"https:\/\/shiawaves.com\/turkish\/author\/modir\/\"}]}<\/script>\n<!-- \/ Yoast SEO plugin. -->","yoast_head_json":{"title":"Orta Asya'da M\u00fcbarek Ramazan Ay\u0131; \u00c7e\u015fitli \u00dclkelerdeki \u015eiilerin \u0130badet, Toplu \u0130ftarlar ve Sosyal Dayan\u0131\u015fmas\u0131n\u0131 G\u00f6steren \u00d6rnekler - ShiaWaves Turkish - \u015eia Haberleri","robots":{"index":"index","follow":"follow","max-snippet":"max-snippet:-1","max-image-preview":"max-image-preview:large","max-video-preview":"max-video-preview:-1"},"canonical":"https:\/\/shiawaves.com\/turkish\/2026\/03\/03\/orta-asyada-mubarek-ramazan-ayi-cesitli-ulkelerdeki-siilerin-ibadet-toplu-iftarlar-ve-sosyal-dayanismasini-gosteren-ornekler\/","og_locale":"tr_TR","og_type":"article","og_title":"Orta Asya'da M\u00fcbarek Ramazan Ay\u0131; \u00c7e\u015fitli \u00dclkelerdeki \u015eiilerin \u0130badet, Toplu \u0130ftarlar ve Sosyal Dayan\u0131\u015fmas\u0131n\u0131 G\u00f6steren \u00d6rnekler - ShiaWaves Turkish - \u015eia Haberleri","og_description":"Orta Asya&#8217;da M\u00fcbarek Ramazan Ay\u0131; \u00c7e\u015fitli \u00dclkelerdeki \u015eiilerin \u0130badet, Toplu \u0130ftarlar ve Sosyal Dayan\u0131\u015fmas\u0131n\u0131 G\u00f6steren \u00d6rnekler Orta Asya&#8217;daki \u015eiiler, M\u00fcbarek Ramazan ay\u0131nda camileri ziyaret ederek, toplu iftar d\u00fczenleyerek ve k\u00fclt\u00fcrel etkinlikler ger\u00e7ekle\u015ftirerek maneviyat dolu anlar ya\u015farken sosyal ba\u011flar\u0131n\u0131 g\u00fc\u00e7lendiriyorlar. \u0130\u015fte meslekta\u015f\u0131m\u0131n bu konuyu ele ald\u0131\u011f\u0131 haber: Orta Asya \u00fclkeleri, \u00d6zbekistan, Tacikistan ve K\u0131rg\u0131zistan&#8217;da Ramazan ay\u0131, &hellip;","og_url":"https:\/\/shiawaves.com\/turkish\/2026\/03\/03\/orta-asyada-mubarek-ramazan-ayi-cesitli-ulkelerdeki-siilerin-ibadet-toplu-iftarlar-ve-sosyal-dayanismasini-gosteren-ornekler\/","og_site_name":"ShiaWaves Turkish - \u015eia Haberleri","article_published_time":"2026-03-03T12:00:57+00:00","author":"modir","twitter_card":"summary_large_image","twitter_misc":{"Yazan:":"modir","Tahmini okuma s\u00fcresi":"2 dakika"},"schema":{"@context":"https:\/\/schema.org","@graph":[{"@type":"WebPage","@id":"https:\/\/shiawaves.com\/turkish\/2026\/03\/03\/orta-asyada-mubarek-ramazan-ayi-cesitli-ulkelerdeki-siilerin-ibadet-toplu-iftarlar-ve-sosyal-dayanismasini-gosteren-ornekler\/","url":"https:\/\/shiawaves.com\/turkish\/2026\/03\/03\/orta-asyada-mubarek-ramazan-ayi-cesitli-ulkelerdeki-siilerin-ibadet-toplu-iftarlar-ve-sosyal-dayanismasini-gosteren-ornekler\/","name":"Orta Asya'da M\u00fcbarek Ramazan Ay\u0131; \u00c7e\u015fitli \u00dclkelerdeki \u015eiilerin \u0130badet, Toplu \u0130ftarlar ve Sosyal Dayan\u0131\u015fmas\u0131n\u0131 G\u00f6steren \u00d6rnekler - ShiaWaves Turkish - \u015eia Haberleri","isPartOf":{"@id":"https:\/\/shiawaves.com\/turkish\/#website"},"primaryImageOfPage":{"@id":"https:\/\/shiawaves.com\/turkish\/2026\/03\/03\/orta-asyada-mubarek-ramazan-ayi-cesitli-ulkelerdeki-siilerin-ibadet-toplu-iftarlar-ve-sosyal-dayanismasini-gosteren-ornekler\/#primaryimage"},"image":{"@id":"https:\/\/shiawaves.com\/turkish\/2026\/03\/03\/orta-asyada-mubarek-ramazan-ayi-cesitli-ulkelerdeki-siilerin-ibadet-toplu-iftarlar-ve-sosyal-dayanismasini-gosteren-ornekler\/#primaryimage"},"thumbnailUrl":"https:\/\/shiawaves.com\/turkish\/wp-content\/uploads\/sites\/6\/2026\/03\/file_2874.jpg","datePublished":"2026-03-03T12:00:57+00:00","dateModified":"2026-03-03T12:00:57+00:00","author":{"@id":"https:\/\/shiawaves.com\/turkish\/#\/schema\/person\/9f68d5023e948086b9348fba5aebd954"},"breadcrumb":{"@id":"https:\/\/shiawaves.com\/turkish\/2026\/03\/03\/orta-asyada-mubarek-ramazan-ayi-cesitli-ulkelerdeki-siilerin-ibadet-toplu-iftarlar-ve-sosyal-dayanismasini-gosteren-ornekler\/#breadcrumb"},"inLanguage":"tr","potentialAction":[{"@type":"ReadAction","target":["https:\/\/shiawaves.com\/turkish\/2026\/03\/03\/orta-asyada-mubarek-ramazan-ayi-cesitli-ulkelerdeki-siilerin-ibadet-toplu-iftarlar-ve-sosyal-dayanismasini-gosteren-ornekler\/"]}]},{"@type":"ImageObject","inLanguage":"tr","@id":"https:\/\/shiawaves.com\/turkish\/2026\/03\/03\/orta-asyada-mubarek-ramazan-ayi-cesitli-ulkelerdeki-siilerin-ibadet-toplu-iftarlar-ve-sosyal-dayanismasini-gosteren-ornekler\/#primaryimage","url":"https:\/\/shiawaves.com\/turkish\/wp-content\/uploads\/sites\/6\/2026\/03\/file_2874.jpg","contentUrl":"https:\/\/shiawaves.com\/turkish\/wp-content\/uploads\/sites\/6\/2026\/03\/file_2874.jpg","width":800,"height":534},{"@type":"BreadcrumbList","@id":"https:\/\/shiawaves.com\/turkish\/2026\/03\/03\/orta-asyada-mubarek-ramazan-ayi-cesitli-ulkelerdeki-siilerin-ibadet-toplu-iftarlar-ve-sosyal-dayanismasini-gosteren-ornekler\/#breadcrumb","itemListElement":[{"@type":"ListItem","position":1,"name":"Home","item":"https:\/\/shiawaves.com\/turkish\/"},{"@type":"ListItem","position":2,"name":"Orta Asya&#8217;da M\u00fcbarek Ramazan Ay\u0131; \u00c7e\u015fitli \u00dclkelerdeki \u015eiilerin \u0130badet, Toplu \u0130ftarlar ve Sosyal Dayan\u0131\u015fmas\u0131n\u0131 G\u00f6steren \u00d6rnekler"}]},{"@type":"WebSite","@id":"https:\/\/shiawaves.com\/turkish\/#website","url":"https:\/\/shiawaves.com\/turkish\/","name":"ShiaWaves Turkish - \u015eia Haberleri","description":"","potentialAction":[{"@type":"SearchAction","target":{"@type":"EntryPoint","urlTemplate":"https:\/\/shiawaves.com\/turkish\/?s={search_term_string}"},"query-input":{"@type":"PropertyValueSpecification","valueRequired":true,"valueName":"search_term_string"}}],"inLanguage":"tr"},{"@type":"Person","@id":"https:\/\/shiawaves.com\/turkish\/#\/schema\/person\/9f68d5023e948086b9348fba5aebd954","name":"modir","image":{"@type":"ImageObject","inLanguage":"tr","@id":"https:\/\/shiawaves.com\/turkish\/#\/schema\/person\/image\/","url":"https:\/\/secure.gravatar.com\/avatar\/8e76f93cdbdd480bd8918d1e0e1d938664c9cb1516c2a57a2b96fe50b507a6b9?s=96&d=mm&r=g","contentUrl":"https:\/\/secure.gravatar.com\/avatar\/8e76f93cdbdd480bd8918d1e0e1d938664c9cb1516c2a57a2b96fe50b507a6b9?s=96&d=mm&r=g","caption":"modir"},"sameAs":["https:\/\/shiawaves.com"],"url":"https:\/\/shiawaves.com\/turkish\/author\/modir\/"}]}},"_links":{"self":[{"href":"https:\/\/shiawaves.com\/turkish\/wp-json\/wp\/v2\/posts\/119830","targetHints":{"allow":["GET"]}}],"collection":[{"href":"https:\/\/shiawaves.com\/turkish\/wp-json\/wp\/v2\/posts"}],"about":[{"href":"https:\/\/shiawaves.com\/turkish\/wp-json\/wp\/v2\/types\/post"}],"author":[{"embeddable":true,"href":"https:\/\/shiawaves.com\/turkish\/wp-json\/wp\/v2\/users\/1"}],"replies":[{"embeddable":true,"href":"https:\/\/shiawaves.com\/turkish\/wp-json\/wp\/v2\/comments?post=119830"}],"version-history":[{"count":0,"href":"https:\/\/shiawaves.com\/turkish\/wp-json\/wp\/v2\/posts\/119830\/revisions"}],"wp:featuredmedia":[{"embeddable":true,"href":"https:\/\/shiawaves.com\/turkish\/wp-json\/wp\/v2\/media\/119829"}],"wp:attachment":[{"href":"https:\/\/shiawaves.com\/turkish\/wp-json\/wp\/v2\/media?parent=119830"}],"wp:term":[{"taxonomy":"category","embeddable":true,"href":"https:\/\/shiawaves.com\/turkish\/wp-json\/wp\/v2\/categories?post=119830"},{"taxonomy":"post_tag","embeddable":true,"href":"https:\/\/shiawaves.com\/turkish\/wp-json\/wp\/v2\/tags?post=119830"}],"curies":[{"name":"wp","href":"https:\/\/api.w.org\/{rel}","templated":true}]}}