{"id":119828,"date":"2026-03-03T13:30:24","date_gmt":"2026-03-03T10:30:24","guid":{"rendered":"https:\/\/shiawaves.com\/turkish\/2026\/03\/03\/rapor-s\/"},"modified":"2026-03-03T13:30:24","modified_gmt":"2026-03-03T10:30:24","slug":"rapor-s","status":"publish","type":"post","link":"https:\/\/shiawaves.com\/turkish\/2026\/03\/03\/rapor-s\/","title":{"rendered":"Rapor &#8211; \u015e"},"content":{"rendered":"<p>Rapor &#8211; \u015e<\/p>\n<p>Ramazan Ay\u0131nda Yoksullarla Birlikte; Yoksullara Destek \u0130\u00e7in \u015eiilerin \u0130ftar\u0131 ve Dayan\u0131\u015fmas\u0131 Sosyal Zorluklar\u0131n Ortas\u0131nda<\/p>\n<p>M\u00fcbarek Ramazan ay\u0131nda, yoksul b\u00f6lgelerdeki \u015eiiler, sosyal dayan\u0131\u015fmay\u0131 merkeze alarak iftar sofralar\u0131 kurmakta ve muhta\u00e7lara yard\u0131m etmekte, bu ay\u0131n dini ve manevi \u00f6\u011fretisini uygulamada sergilemekte ve toplumu c\u00f6mertlik ve merhamet yolunda ilerletmektedirler.<\/p>\n<p>\ud83d\udc48Meslekta\u015f\u0131m\u0131n bu konuya ili\u015fkin raporunu izliyoruz:\ud83d\udc49<\/p>\n<p>Yoksul b\u00f6lgelerdeki \u015eiiler, sosyal dayan\u0131\u015fmaya odaklanarak iftar sofralar\u0131 kurmakta ve yemek da\u011f\u0131tarak M\u00fcbarek Ramazan ay\u0131n\u0131n \u00f6\u011fretisini fiilen g\u00f6stermekte ve bu ay\u0131n ger\u00e7ek anlam\u0131n\u0131 toplumun kalbinde canl\u0131 tutmaktad\u0131rlar.<\/p>\n<p>M\u00fcbarek Ramazan ay\u0131nda, yoksul b\u00f6lgelerdeki \u015eiiler aras\u0131nda toplumsal dayan\u0131\u015fma g\u00fc\u00e7lenmekte ve iftar sofralar\u0131 sadece manevi bir ziyafet olarak de\u011fil, ayn\u0131 zamanda yoksullara hizmet etme f\u0131rsat\u0131 olarak da rol oynamaktad\u0131r.<\/p>\n<p>Pek \u00e7ok toplumda camiler ve hay\u0131r kurumlar\u0131, yoksullara yard\u0131m eli uzatmaya \u00e7al\u0131\u015fmakta ve kamuya a\u00e7\u0131k iftarlarla oru\u00e7 tutanlar\u0131n kalplerini bir araya getirmektedir.<\/p>\n<p>D\u00fcnyan\u0131n bir\u00e7ok yerinde, Ramazan ay\u0131nda \u00fccretsiz iftar programlar\u0131 artmakta ve daha zay\u0131f kesimlere yard\u0131m etmek i\u00e7in artan bir ihtiyaca cevap vermektedir.<\/p>\n<p>M\u00fcbarek Ramazan ay\u0131nda, yoksul b\u00f6lgelerdeki iftar sofralar\u0131, \u015eiiler aras\u0131nda b\u00fct\u00fcnl\u00fc\u011f\u00fc, c\u00f6mertli\u011fi ve dayan\u0131\u015fmay\u0131 te\u015fvik eden bir yer sa\u011flamaktad\u0131r.<\/p>\n<p>\u015eiiler, sosyal dayan\u0131\u015fma ile muhta\u00e7lara ev sahipli\u011fi yapmakta ve iftar yemekleri sa\u011flayarak yoksul aileler i\u00e7in oru\u00e7 tutman\u0131n zorluklar\u0131n\u0131 hafifletmektedir.<\/p>\n<p>Yerel camiler ve \u0130slami merkezler bu programlar\u0131n merkezi olarak hareket etmekte ve \u015eiilerin aktif kat\u0131l\u0131m\u0131 Ramazan ay\u0131n\u0131 sosyal hizmet ve iyilik yapma f\u0131rsat\u0131na d\u00f6n\u00fc\u015ft\u00fcrmektedir.<\/p>\n<p>Pakistan&#8217;\u0131n Kara\u00e7i ve Lahor \u015fehirlerinde, \u015eiiler yard\u0131m kurulu\u015flar\u0131 ve sivil toplum kurulu\u015flar\u0131 ile i\u015fbirli\u011fi yaparak d\u00fc\u015f\u00fck gelirli aileler i\u00e7in iftar sofralar\u0131 d\u00fczenlemektedir.<\/p>\n<p>&#8220;Dawn News&#8221; haber web sitesine g\u00f6re, bu programlar g\u00fcnl\u00fck olarak y\u00fczlerce aileyi kapsamaktad\u0131r ve g\u0131da maddeleri d\u0131\u015f\u0131nda hayati \u00f6neme sahip di\u011fer temel ihtiya\u00e7 maddelerini de da\u011f\u0131tmaktad\u0131r.<\/p>\n<p>Irak&#8217;\u0131n g\u00fcney eyaletlerinde, \u015eiiler, camilerde ve dini merkezlerde toplu iftarlar\u0131 d\u00fczenleyerek \u00e7ocuklar\u0131n ve ya\u015fl\u0131lar\u0131n kat\u0131l\u0131m\u0131n\u0131 sa\u011flamakta ve sosyal dayan\u0131\u015fma ruhunu g\u00fc\u00e7lendirmektedir.<\/p>\n<p>&#8220;El-Masirah&#8221; medya kurulu\u015fu, bu faaliyetlerin \u0130slami geleneklerin korunmas\u0131na ve zor \u015fartlarda yoksullara yard\u0131m edilmesine katk\u0131 sa\u011flad\u0131\u011f\u0131n\u0131 bildirmektedir.<\/p>\n<p>L\u00fcbnan ve Yemen&#8217;de, \u015eii halk gruplar\u0131, fakir mahallelerde iftar sofralar\u0131 d\u00fczenlemekte ve hurma, ekmek, helim ve geleneksel i\u00e7ecekler da\u011f\u0131tarak \u0130slami c\u00f6mertlik ve dayan\u0131\u015fma \u00f6\u011fretisini uygulamaktad\u0131r.<\/p>\n<p>Bu giri\u015fimler, g\u0131da ihtiyac\u0131n\u0131 kar\u015f\u0131laman\u0131n yan\u0131 s\u0131ra, insanlar aras\u0131nda sosyal ve insani ba\u011flar\u0131 g\u00fc\u00e7lendirmektedir.<\/p>\n<p>M\u00fcbarek Ramazan ay\u0131, yoksul b\u00f6lgelerdeki \u015eiiler i\u00e7in sosyal adalet, dayan\u0131\u015fma ve merhamet f\u0131rsat\u0131d\u0131r ve bu de\u011ferler, toplu iftarlar, yemek da\u011f\u0131t\u0131m\u0131 ve hay\u0131r faaliyetleri ile en iyi \u015fekilde ortaya \u00e7\u0131kmakta ve bu ay\u0131n ger\u00e7ek anlam\u0131n\u0131 toplumda g\u00f6stermektedir.<\/p>\n","protected":false},"excerpt":{"rendered":"<p>Rapor &#8211; \u015e Ramazan Ay\u0131nda Yoksullarla Birlikte; Yoksullara Destek \u0130\u00e7in \u015eiilerin \u0130ftar\u0131 ve Dayan\u0131\u015fmas\u0131 Sosyal Zorluklar\u0131n Ortas\u0131nda M\u00fcbarek Ramazan ay\u0131nda, yoksul b\u00f6lgelerdeki \u015eiiler, sosyal dayan\u0131\u015fmay\u0131 merkeze alarak iftar sofralar\u0131 kurmakta ve muhta\u00e7lara yard\u0131m etmekte, bu ay\u0131n dini ve manevi \u00f6\u011fretisini uygulamada sergilemekte ve toplumu c\u00f6mertlik ve merhamet yolunda ilerletmektedirler. \ud83d\udc48Meslekta\u015f\u0131m\u0131n bu konuya ili\u015fkin raporunu izliyoruz:\ud83d\udc49 &hellip;<\/p>\n","protected":false},"author":1,"featured_media":119827,"comment_status":"open","ping_status":"open","sticky":false,"template":"","format":"standard","meta":{"rop_custom_images_group":[],"rop_custom_messages_group":[],"rop_publish_now":"initial","rop_publish_now_accounts":[],"rop_publish_now_history":[],"rop_publish_now_status":"pending","footnotes":""},"categories":[6],"tags":[],"class_list":["post-119828","post","type-post","status-publish","format-standard","has-post-thumbnail","hentry","category-islam"],"_wp_page_template":null,"_wp_attached_file":null,"_wp_attachment_metadata":null,"_edit_lock":null,"yoast_head":"<!-- This site is optimized with the Yoast SEO plugin v24.3 - https:\/\/yoast.com\/wordpress\/plugins\/seo\/ -->\n<title>Rapor - \u015e - ShiaWaves Turkish - \u015eia Haberleri<\/title>\n<meta name=\"robots\" content=\"index, follow, max-snippet:-1, max-image-preview:large, max-video-preview:-1\" \/>\n<link rel=\"canonical\" href=\"https:\/\/shiawaves.com\/turkish\/2026\/03\/03\/rapor-s\/\" \/>\n<meta property=\"og:locale\" content=\"tr_TR\" \/>\n<meta property=\"og:type\" content=\"article\" \/>\n<meta property=\"og:title\" content=\"Rapor - \u015e - ShiaWaves Turkish - \u015eia Haberleri\" \/>\n<meta property=\"og:description\" content=\"Rapor &#8211; \u015e Ramazan Ay\u0131nda Yoksullarla Birlikte; Yoksullara Destek \u0130\u00e7in \u015eiilerin \u0130ftar\u0131 ve Dayan\u0131\u015fmas\u0131 Sosyal Zorluklar\u0131n Ortas\u0131nda M\u00fcbarek Ramazan ay\u0131nda, yoksul b\u00f6lgelerdeki \u015eiiler, sosyal dayan\u0131\u015fmay\u0131 merkeze alarak iftar sofralar\u0131 kurmakta ve muhta\u00e7lara yard\u0131m etmekte, bu ay\u0131n dini ve manevi \u00f6\u011fretisini uygulamada sergilemekte ve toplumu c\u00f6mertlik ve merhamet yolunda ilerletmektedirler. \ud83d\udc48Meslekta\u015f\u0131m\u0131n bu konuya ili\u015fkin raporunu izliyoruz:\ud83d\udc49 &hellip;\" \/>\n<meta property=\"og:url\" content=\"https:\/\/shiawaves.com\/turkish\/2026\/03\/03\/rapor-s\/\" \/>\n<meta property=\"og:site_name\" content=\"ShiaWaves Turkish - \u015eia Haberleri\" \/>\n<meta property=\"article:published_time\" content=\"2026-03-03T10:30:24+00:00\" \/>\n<meta name=\"author\" content=\"modir\" \/>\n<meta name=\"twitter:card\" content=\"summary_large_image\" \/>\n<meta name=\"twitter:label1\" content=\"Yazan:\" \/>\n\t<meta name=\"twitter:data1\" content=\"modir\" \/>\n\t<meta name=\"twitter:label2\" content=\"Tahmini okuma s\u00fcresi\" \/>\n\t<meta name=\"twitter:data2\" content=\"3 dakika\" \/>\n<script type=\"application\/ld+json\" class=\"yoast-schema-graph\">{\"@context\":\"https:\/\/schema.org\",\"@graph\":[{\"@type\":\"WebPage\",\"@id\":\"https:\/\/shiawaves.com\/turkish\/2026\/03\/03\/rapor-s\/\",\"url\":\"https:\/\/shiawaves.com\/turkish\/2026\/03\/03\/rapor-s\/\",\"name\":\"Rapor - \u015e - ShiaWaves Turkish - \u015eia Haberleri\",\"isPartOf\":{\"@id\":\"https:\/\/shiawaves.com\/turkish\/#website\"},\"primaryImageOfPage\":{\"@id\":\"https:\/\/shiawaves.com\/turkish\/2026\/03\/03\/rapor-s\/#primaryimage\"},\"image\":{\"@id\":\"https:\/\/shiawaves.com\/turkish\/2026\/03\/03\/rapor-s\/#primaryimage\"},\"thumbnailUrl\":\"https:\/\/shiawaves.com\/turkish\/wp-content\/uploads\/sites\/6\/2026\/03\/file_2873.jpg\",\"datePublished\":\"2026-03-03T10:30:24+00:00\",\"dateModified\":\"2026-03-03T10:30:24+00:00\",\"author\":{\"@id\":\"https:\/\/shiawaves.com\/turkish\/#\/schema\/person\/9f68d5023e948086b9348fba5aebd954\"},\"breadcrumb\":{\"@id\":\"https:\/\/shiawaves.com\/turkish\/2026\/03\/03\/rapor-s\/#breadcrumb\"},\"inLanguage\":\"tr\",\"potentialAction\":[{\"@type\":\"ReadAction\",\"target\":[\"https:\/\/shiawaves.com\/turkish\/2026\/03\/03\/rapor-s\/\"]}]},{\"@type\":\"ImageObject\",\"inLanguage\":\"tr\",\"@id\":\"https:\/\/shiawaves.com\/turkish\/2026\/03\/03\/rapor-s\/#primaryimage\",\"url\":\"https:\/\/shiawaves.com\/turkish\/wp-content\/uploads\/sites\/6\/2026\/03\/file_2873.jpg\",\"contentUrl\":\"https:\/\/shiawaves.com\/turkish\/wp-content\/uploads\/sites\/6\/2026\/03\/file_2873.jpg\",\"width\":1100,\"height\":618},{\"@type\":\"BreadcrumbList\",\"@id\":\"https:\/\/shiawaves.com\/turkish\/2026\/03\/03\/rapor-s\/#breadcrumb\",\"itemListElement\":[{\"@type\":\"ListItem\",\"position\":1,\"name\":\"Home\",\"item\":\"https:\/\/shiawaves.com\/turkish\/\"},{\"@type\":\"ListItem\",\"position\":2,\"name\":\"Rapor &#8211; \u015e\"}]},{\"@type\":\"WebSite\",\"@id\":\"https:\/\/shiawaves.com\/turkish\/#website\",\"url\":\"https:\/\/shiawaves.com\/turkish\/\",\"name\":\"ShiaWaves Turkish - \u015eia Haberleri\",\"description\":\"\",\"potentialAction\":[{\"@type\":\"SearchAction\",\"target\":{\"@type\":\"EntryPoint\",\"urlTemplate\":\"https:\/\/shiawaves.com\/turkish\/?s={search_term_string}\"},\"query-input\":{\"@type\":\"PropertyValueSpecification\",\"valueRequired\":true,\"valueName\":\"search_term_string\"}}],\"inLanguage\":\"tr\"},{\"@type\":\"Person\",\"@id\":\"https:\/\/shiawaves.com\/turkish\/#\/schema\/person\/9f68d5023e948086b9348fba5aebd954\",\"name\":\"modir\",\"image\":{\"@type\":\"ImageObject\",\"inLanguage\":\"tr\",\"@id\":\"https:\/\/shiawaves.com\/turkish\/#\/schema\/person\/image\/\",\"url\":\"https:\/\/secure.gravatar.com\/avatar\/8e76f93cdbdd480bd8918d1e0e1d938664c9cb1516c2a57a2b96fe50b507a6b9?s=96&d=mm&r=g\",\"contentUrl\":\"https:\/\/secure.gravatar.com\/avatar\/8e76f93cdbdd480bd8918d1e0e1d938664c9cb1516c2a57a2b96fe50b507a6b9?s=96&d=mm&r=g\",\"caption\":\"modir\"},\"sameAs\":[\"https:\/\/shiawaves.com\"],\"url\":\"https:\/\/shiawaves.com\/turkish\/author\/modir\/\"}]}<\/script>\n<!-- \/ Yoast SEO plugin. -->","yoast_head_json":{"title":"Rapor - \u015e - ShiaWaves Turkish - \u015eia Haberleri","robots":{"index":"index","follow":"follow","max-snippet":"max-snippet:-1","max-image-preview":"max-image-preview:large","max-video-preview":"max-video-preview:-1"},"canonical":"https:\/\/shiawaves.com\/turkish\/2026\/03\/03\/rapor-s\/","og_locale":"tr_TR","og_type":"article","og_title":"Rapor - \u015e - ShiaWaves Turkish - \u015eia Haberleri","og_description":"Rapor &#8211; \u015e Ramazan Ay\u0131nda Yoksullarla Birlikte; Yoksullara Destek \u0130\u00e7in \u015eiilerin \u0130ftar\u0131 ve Dayan\u0131\u015fmas\u0131 Sosyal Zorluklar\u0131n Ortas\u0131nda M\u00fcbarek Ramazan ay\u0131nda, yoksul b\u00f6lgelerdeki \u015eiiler, sosyal dayan\u0131\u015fmay\u0131 merkeze alarak iftar sofralar\u0131 kurmakta ve muhta\u00e7lara yard\u0131m etmekte, bu ay\u0131n dini ve manevi \u00f6\u011fretisini uygulamada sergilemekte ve toplumu c\u00f6mertlik ve merhamet yolunda ilerletmektedirler. \ud83d\udc48Meslekta\u015f\u0131m\u0131n bu konuya ili\u015fkin raporunu izliyoruz:\ud83d\udc49 &hellip;","og_url":"https:\/\/shiawaves.com\/turkish\/2026\/03\/03\/rapor-s\/","og_site_name":"ShiaWaves Turkish - \u015eia Haberleri","article_published_time":"2026-03-03T10:30:24+00:00","author":"modir","twitter_card":"summary_large_image","twitter_misc":{"Yazan:":"modir","Tahmini okuma s\u00fcresi":"3 dakika"},"schema":{"@context":"https:\/\/schema.org","@graph":[{"@type":"WebPage","@id":"https:\/\/shiawaves.com\/turkish\/2026\/03\/03\/rapor-s\/","url":"https:\/\/shiawaves.com\/turkish\/2026\/03\/03\/rapor-s\/","name":"Rapor - \u015e - ShiaWaves Turkish - \u015eia Haberleri","isPartOf":{"@id":"https:\/\/shiawaves.com\/turkish\/#website"},"primaryImageOfPage":{"@id":"https:\/\/shiawaves.com\/turkish\/2026\/03\/03\/rapor-s\/#primaryimage"},"image":{"@id":"https:\/\/shiawaves.com\/turkish\/2026\/03\/03\/rapor-s\/#primaryimage"},"thumbnailUrl":"https:\/\/shiawaves.com\/turkish\/wp-content\/uploads\/sites\/6\/2026\/03\/file_2873.jpg","datePublished":"2026-03-03T10:30:24+00:00","dateModified":"2026-03-03T10:30:24+00:00","author":{"@id":"https:\/\/shiawaves.com\/turkish\/#\/schema\/person\/9f68d5023e948086b9348fba5aebd954"},"breadcrumb":{"@id":"https:\/\/shiawaves.com\/turkish\/2026\/03\/03\/rapor-s\/#breadcrumb"},"inLanguage":"tr","potentialAction":[{"@type":"ReadAction","target":["https:\/\/shiawaves.com\/turkish\/2026\/03\/03\/rapor-s\/"]}]},{"@type":"ImageObject","inLanguage":"tr","@id":"https:\/\/shiawaves.com\/turkish\/2026\/03\/03\/rapor-s\/#primaryimage","url":"https:\/\/shiawaves.com\/turkish\/wp-content\/uploads\/sites\/6\/2026\/03\/file_2873.jpg","contentUrl":"https:\/\/shiawaves.com\/turkish\/wp-content\/uploads\/sites\/6\/2026\/03\/file_2873.jpg","width":1100,"height":618},{"@type":"BreadcrumbList","@id":"https:\/\/shiawaves.com\/turkish\/2026\/03\/03\/rapor-s\/#breadcrumb","itemListElement":[{"@type":"ListItem","position":1,"name":"Home","item":"https:\/\/shiawaves.com\/turkish\/"},{"@type":"ListItem","position":2,"name":"Rapor &#8211; \u015e"}]},{"@type":"WebSite","@id":"https:\/\/shiawaves.com\/turkish\/#website","url":"https:\/\/shiawaves.com\/turkish\/","name":"ShiaWaves Turkish - \u015eia Haberleri","description":"","potentialAction":[{"@type":"SearchAction","target":{"@type":"EntryPoint","urlTemplate":"https:\/\/shiawaves.com\/turkish\/?s={search_term_string}"},"query-input":{"@type":"PropertyValueSpecification","valueRequired":true,"valueName":"search_term_string"}}],"inLanguage":"tr"},{"@type":"Person","@id":"https:\/\/shiawaves.com\/turkish\/#\/schema\/person\/9f68d5023e948086b9348fba5aebd954","name":"modir","image":{"@type":"ImageObject","inLanguage":"tr","@id":"https:\/\/shiawaves.com\/turkish\/#\/schema\/person\/image\/","url":"https:\/\/secure.gravatar.com\/avatar\/8e76f93cdbdd480bd8918d1e0e1d938664c9cb1516c2a57a2b96fe50b507a6b9?s=96&d=mm&r=g","contentUrl":"https:\/\/secure.gravatar.com\/avatar\/8e76f93cdbdd480bd8918d1e0e1d938664c9cb1516c2a57a2b96fe50b507a6b9?s=96&d=mm&r=g","caption":"modir"},"sameAs":["https:\/\/shiawaves.com"],"url":"https:\/\/shiawaves.com\/turkish\/author\/modir\/"}]}},"_links":{"self":[{"href":"https:\/\/shiawaves.com\/turkish\/wp-json\/wp\/v2\/posts\/119828","targetHints":{"allow":["GET"]}}],"collection":[{"href":"https:\/\/shiawaves.com\/turkish\/wp-json\/wp\/v2\/posts"}],"about":[{"href":"https:\/\/shiawaves.com\/turkish\/wp-json\/wp\/v2\/types\/post"}],"author":[{"embeddable":true,"href":"https:\/\/shiawaves.com\/turkish\/wp-json\/wp\/v2\/users\/1"}],"replies":[{"embeddable":true,"href":"https:\/\/shiawaves.com\/turkish\/wp-json\/wp\/v2\/comments?post=119828"}],"version-history":[{"count":0,"href":"https:\/\/shiawaves.com\/turkish\/wp-json\/wp\/v2\/posts\/119828\/revisions"}],"wp:featuredmedia":[{"embeddable":true,"href":"https:\/\/shiawaves.com\/turkish\/wp-json\/wp\/v2\/media\/119827"}],"wp:attachment":[{"href":"https:\/\/shiawaves.com\/turkish\/wp-json\/wp\/v2\/media?parent=119828"}],"wp:term":[{"taxonomy":"category","embeddable":true,"href":"https:\/\/shiawaves.com\/turkish\/wp-json\/wp\/v2\/categories?post=119828"},{"taxonomy":"post_tag","embeddable":true,"href":"https:\/\/shiawaves.com\/turkish\/wp-json\/wp\/v2\/tags?post=119828"}],"curies":[{"name":"wp","href":"https:\/\/api.w.org\/{rel}","templated":true}]}}