{"id":119796,"date":"2026-02-26T21:30:48","date_gmt":"2026-02-26T18:30:48","guid":{"rendered":"https:\/\/shiawaves.com\/turkish\/2026\/02\/26\/gazetecileri-koruma-komitesinin-raporuna-gore-2025-yilinda-toplam-129-gazeteci-ve-medya-calisani-olduruldu-bu-da-son-otuz-yilin-en-yuksek-rakami-olarak-kaydedilmistir\/"},"modified":"2026-02-26T21:30:48","modified_gmt":"2026-02-26T18:30:48","slug":"gazetecileri-koruma-komitesinin-raporuna-gore-2025-yilinda-toplam-129-gazeteci-ve-medya-calisani-olduruldu-bu-da-son-otuz-yilin-en-yuksek-rakami-olarak-kaydedilmistir","status":"publish","type":"post","link":"https:\/\/shiawaves.com\/turkish\/2026\/02\/26\/gazetecileri-koruma-komitesinin-raporuna-gore-2025-yilinda-toplam-129-gazeteci-ve-medya-calisani-olduruldu-bu-da-son-otuz-yilin-en-yuksek-rakami-olarak-kaydedilmistir\/","title":{"rendered":"Gazetecileri Koruma Komitesi&#8217;nin raporuna g\u00f6re, 2025 y\u0131l\u0131nda toplam 129 gazeteci ve medya \u00e7al\u0131\u015fan\u0131 \u00f6ld\u00fcr\u00fcld\u00fc, bu da son otuz y\u0131l\u0131n en y\u00fcksek rakam\u0131 olarak kaydedilmi\u015ftir."},"content":{"rendered":"<p>Ge\u00e7en y\u0131l, d\u00fcnyadaki medya \u00e7al\u0131\u015fanlar\u0131 i\u00e7in en zorlu d\u00f6nemlerden biri oldu.<\/p>\n<p>Bu s\u00fcre zarf\u0131nda, g\u00f6revlerini yerine getirirken \u00e7ok say\u0131da gazeteci ve medya \u00e7al\u0131\u015fan\u0131 hayat\u0131n\u0131 kaybetti.<\/p>\n<p>\u00d6zg\u00fcr bilgi yay\u0131l\u0131m\u0131n\u0131n g\u00fcvenli\u011fi konusunda endi\u015feler artm\u0131\u015ft\u0131r.<\/p>\n<p>Gazetecileri Koruma Komitesi&#8217;nin raporuna g\u00f6re, 2025 y\u0131l\u0131nda toplam 129 gazeteci ve medya \u00e7al\u0131\u015fan\u0131 \u00f6ld\u00fcr\u00fcld\u00fc, bu da son otuz y\u0131l\u0131n en y\u00fcksek rakam\u0131 olarak kaydedilmi\u015ftir.<\/p>\n<p>Bu kurulu\u015f, can kay\u0131plar\u0131n\u0131n yakla\u015f\u0131k \u00fc\u00e7te ikisinin sorumlusunun \u0130srail g\u00fc\u00e7leri oldu\u011funu a\u00e7\u0131klam\u0131\u015ft\u0131r.<\/p>\n<p>Sunulan verilere g\u00f6re, sadece Gazze&#8217;de 86 gazeteci hayat\u0131n\u0131 kaybetmi\u015ftir.<\/p>\n<p>Ayn\u0131 zamanda, Frans\u0131z Haber Ajans\u0131&#8217;n\u0131n bildirdi\u011fine g\u00f6re, Yemen&#8217;de bir medya merkezine yap\u0131lan sald\u0131r\u0131da 31 medya \u00e7al\u0131\u015fan\u0131 daha \u00f6ld\u00fcr\u00fclm\u00fc\u015ft\u00fcr.<\/p>\n<p>Bu raporda, sava\u015flarda insans\u0131z hava ara\u00e7lar\u0131n\u0131n artan kullan\u0131m\u0131n\u0131n gazeteciler i\u00e7in ciddi bir tehdit olu\u015fturdu\u011fu vurgulanm\u0131\u015ft\u0131r.<\/p>\n","protected":false},"excerpt":{"rendered":"<p>Ge\u00e7en y\u0131l, d\u00fcnyadaki medya \u00e7al\u0131\u015fanlar\u0131 i\u00e7in en zorlu d\u00f6nemlerden biri oldu. Bu s\u00fcre zarf\u0131nda, g\u00f6revlerini yerine getirirken \u00e7ok say\u0131da gazeteci ve medya \u00e7al\u0131\u015fan\u0131 hayat\u0131n\u0131 kaybetti. \u00d6zg\u00fcr bilgi yay\u0131l\u0131m\u0131n\u0131n g\u00fcvenli\u011fi konusunda endi\u015feler artm\u0131\u015ft\u0131r. Gazetecileri Koruma Komitesi&#8217;nin raporuna g\u00f6re, 2025 y\u0131l\u0131nda toplam 129 gazeteci ve medya \u00e7al\u0131\u015fan\u0131 \u00f6ld\u00fcr\u00fcld\u00fc, bu da son otuz y\u0131l\u0131n en y\u00fcksek rakam\u0131 olarak &hellip;<\/p>\n","protected":false},"author":1,"featured_media":119795,"comment_status":"open","ping_status":"open","sticky":false,"template":"","format":"standard","meta":{"rop_custom_images_group":[],"rop_custom_messages_group":[],"rop_publish_now":"initial","rop_publish_now_accounts":[],"rop_publish_now_history":[],"rop_publish_now_status":"pending","footnotes":""},"categories":[3184],"tags":[],"class_list":["post-119796","post","type-post","status-publish","format-standard","has-post-thumbnail","hentry","category-gazze"],"_wp_page_template":null,"_wp_attached_file":null,"_wp_attachment_metadata":null,"_edit_lock":null,"yoast_head":"<!-- This site is optimized with the Yoast SEO plugin v24.3 - https:\/\/yoast.com\/wordpress\/plugins\/seo\/ -->\n<title>Gazetecileri Koruma Komitesi&#039;nin raporuna g\u00f6re, 2025 y\u0131l\u0131nda toplam 129 gazeteci ve medya \u00e7al\u0131\u015fan\u0131 \u00f6ld\u00fcr\u00fcld\u00fc, bu da son otuz y\u0131l\u0131n en y\u00fcksek rakam\u0131 olarak kaydedilmi\u015ftir. - ShiaWaves Turkish - \u015eia Haberleri<\/title>\n<meta name=\"robots\" content=\"index, follow, max-snippet:-1, max-image-preview:large, max-video-preview:-1\" \/>\n<link rel=\"canonical\" href=\"https:\/\/shiawaves.com\/turkish\/2026\/02\/26\/gazetecileri-koruma-komitesinin-raporuna-gore-2025-yilinda-toplam-129-gazeteci-ve-medya-calisani-olduruldu-bu-da-son-otuz-yilin-en-yuksek-rakami-olarak-kaydedilmistir\/\" \/>\n<meta property=\"og:locale\" content=\"tr_TR\" \/>\n<meta property=\"og:type\" content=\"article\" \/>\n<meta property=\"og:title\" content=\"Gazetecileri Koruma Komitesi&#039;nin raporuna g\u00f6re, 2025 y\u0131l\u0131nda toplam 129 gazeteci ve medya \u00e7al\u0131\u015fan\u0131 \u00f6ld\u00fcr\u00fcld\u00fc, bu da son otuz y\u0131l\u0131n en y\u00fcksek rakam\u0131 olarak kaydedilmi\u015ftir. - ShiaWaves Turkish - \u015eia Haberleri\" \/>\n<meta property=\"og:description\" content=\"Ge\u00e7en y\u0131l, d\u00fcnyadaki medya \u00e7al\u0131\u015fanlar\u0131 i\u00e7in en zorlu d\u00f6nemlerden biri oldu. Bu s\u00fcre zarf\u0131nda, g\u00f6revlerini yerine getirirken \u00e7ok say\u0131da gazeteci ve medya \u00e7al\u0131\u015fan\u0131 hayat\u0131n\u0131 kaybetti. \u00d6zg\u00fcr bilgi yay\u0131l\u0131m\u0131n\u0131n g\u00fcvenli\u011fi konusunda endi\u015feler artm\u0131\u015ft\u0131r. Gazetecileri Koruma Komitesi&#8217;nin raporuna g\u00f6re, 2025 y\u0131l\u0131nda toplam 129 gazeteci ve medya \u00e7al\u0131\u015fan\u0131 \u00f6ld\u00fcr\u00fcld\u00fc, bu da son otuz y\u0131l\u0131n en y\u00fcksek rakam\u0131 olarak &hellip;\" \/>\n<meta property=\"og:url\" content=\"https:\/\/shiawaves.com\/turkish\/2026\/02\/26\/gazetecileri-koruma-komitesinin-raporuna-gore-2025-yilinda-toplam-129-gazeteci-ve-medya-calisani-olduruldu-bu-da-son-otuz-yilin-en-yuksek-rakami-olarak-kaydedilmistir\/\" \/>\n<meta property=\"og:site_name\" content=\"ShiaWaves Turkish - \u015eia Haberleri\" \/>\n<meta property=\"article:published_time\" content=\"2026-02-26T18:30:48+00:00\" \/>\n<meta name=\"author\" content=\"modir\" \/>\n<meta name=\"twitter:card\" content=\"summary_large_image\" \/>\n<meta name=\"twitter:label1\" content=\"Yazan:\" \/>\n\t<meta name=\"twitter:data1\" content=\"modir\" \/>\n\t<meta name=\"twitter:label2\" content=\"Tahmini okuma s\u00fcresi\" \/>\n\t<meta name=\"twitter:data2\" content=\"1 dakika\" \/>\n<script type=\"application\/ld+json\" class=\"yoast-schema-graph\">{\"@context\":\"https:\/\/schema.org\",\"@graph\":[{\"@type\":\"WebPage\",\"@id\":\"https:\/\/shiawaves.com\/turkish\/2026\/02\/26\/gazetecileri-koruma-komitesinin-raporuna-gore-2025-yilinda-toplam-129-gazeteci-ve-medya-calisani-olduruldu-bu-da-son-otuz-yilin-en-yuksek-rakami-olarak-kaydedilmistir\/\",\"url\":\"https:\/\/shiawaves.com\/turkish\/2026\/02\/26\/gazetecileri-koruma-komitesinin-raporuna-gore-2025-yilinda-toplam-129-gazeteci-ve-medya-calisani-olduruldu-bu-da-son-otuz-yilin-en-yuksek-rakami-olarak-kaydedilmistir\/\",\"name\":\"Gazetecileri Koruma Komitesi'nin raporuna g\u00f6re, 2025 y\u0131l\u0131nda toplam 129 gazeteci ve medya \u00e7al\u0131\u015fan\u0131 \u00f6ld\u00fcr\u00fcld\u00fc, bu da son otuz y\u0131l\u0131n en y\u00fcksek rakam\u0131 olarak kaydedilmi\u015ftir. - ShiaWaves Turkish - \u015eia Haberleri\",\"isPartOf\":{\"@id\":\"https:\/\/shiawaves.com\/turkish\/#website\"},\"primaryImageOfPage\":{\"@id\":\"https:\/\/shiawaves.com\/turkish\/2026\/02\/26\/gazetecileri-koruma-komitesinin-raporuna-gore-2025-yilinda-toplam-129-gazeteci-ve-medya-calisani-olduruldu-bu-da-son-otuz-yilin-en-yuksek-rakami-olarak-kaydedilmistir\/#primaryimage\"},\"image\":{\"@id\":\"https:\/\/shiawaves.com\/turkish\/2026\/02\/26\/gazetecileri-koruma-komitesinin-raporuna-gore-2025-yilinda-toplam-129-gazeteci-ve-medya-calisani-olduruldu-bu-da-son-otuz-yilin-en-yuksek-rakami-olarak-kaydedilmistir\/#primaryimage\"},\"thumbnailUrl\":\"https:\/\/shiawaves.com\/turkish\/wp-content\/uploads\/sites\/6\/2026\/02\/file_2857.jpg\",\"datePublished\":\"2026-02-26T18:30:48+00:00\",\"dateModified\":\"2026-02-26T18:30:48+00:00\",\"author\":{\"@id\":\"https:\/\/shiawaves.com\/turkish\/#\/schema\/person\/9f68d5023e948086b9348fba5aebd954\"},\"breadcrumb\":{\"@id\":\"https:\/\/shiawaves.com\/turkish\/2026\/02\/26\/gazetecileri-koruma-komitesinin-raporuna-gore-2025-yilinda-toplam-129-gazeteci-ve-medya-calisani-olduruldu-bu-da-son-otuz-yilin-en-yuksek-rakami-olarak-kaydedilmistir\/#breadcrumb\"},\"inLanguage\":\"tr\",\"potentialAction\":[{\"@type\":\"ReadAction\",\"target\":[\"https:\/\/shiawaves.com\/turkish\/2026\/02\/26\/gazetecileri-koruma-komitesinin-raporuna-gore-2025-yilinda-toplam-129-gazeteci-ve-medya-calisani-olduruldu-bu-da-son-otuz-yilin-en-yuksek-rakami-olarak-kaydedilmistir\/\"]}]},{\"@type\":\"ImageObject\",\"inLanguage\":\"tr\",\"@id\":\"https:\/\/shiawaves.com\/turkish\/2026\/02\/26\/gazetecileri-koruma-komitesinin-raporuna-gore-2025-yilinda-toplam-129-gazeteci-ve-medya-calisani-olduruldu-bu-da-son-otuz-yilin-en-yuksek-rakami-olarak-kaydedilmistir\/#primaryimage\",\"url\":\"https:\/\/shiawaves.com\/turkish\/wp-content\/uploads\/sites\/6\/2026\/02\/file_2857.jpg\",\"contentUrl\":\"https:\/\/shiawaves.com\/turkish\/wp-content\/uploads\/sites\/6\/2026\/02\/file_2857.jpg\",\"width\":444,\"height\":355},{\"@type\":\"BreadcrumbList\",\"@id\":\"https:\/\/shiawaves.com\/turkish\/2026\/02\/26\/gazetecileri-koruma-komitesinin-raporuna-gore-2025-yilinda-toplam-129-gazeteci-ve-medya-calisani-olduruldu-bu-da-son-otuz-yilin-en-yuksek-rakami-olarak-kaydedilmistir\/#breadcrumb\",\"itemListElement\":[{\"@type\":\"ListItem\",\"position\":1,\"name\":\"Home\",\"item\":\"https:\/\/shiawaves.com\/turkish\/\"},{\"@type\":\"ListItem\",\"position\":2,\"name\":\"Gazetecileri Koruma Komitesi&#8217;nin raporuna g\u00f6re, 2025 y\u0131l\u0131nda toplam 129 gazeteci ve medya \u00e7al\u0131\u015fan\u0131 \u00f6ld\u00fcr\u00fcld\u00fc, bu da son otuz y\u0131l\u0131n en y\u00fcksek rakam\u0131 olarak kaydedilmi\u015ftir.\"}]},{\"@type\":\"WebSite\",\"@id\":\"https:\/\/shiawaves.com\/turkish\/#website\",\"url\":\"https:\/\/shiawaves.com\/turkish\/\",\"name\":\"ShiaWaves Turkish - \u015eia Haberleri\",\"description\":\"\",\"potentialAction\":[{\"@type\":\"SearchAction\",\"target\":{\"@type\":\"EntryPoint\",\"urlTemplate\":\"https:\/\/shiawaves.com\/turkish\/?s={search_term_string}\"},\"query-input\":{\"@type\":\"PropertyValueSpecification\",\"valueRequired\":true,\"valueName\":\"search_term_string\"}}],\"inLanguage\":\"tr\"},{\"@type\":\"Person\",\"@id\":\"https:\/\/shiawaves.com\/turkish\/#\/schema\/person\/9f68d5023e948086b9348fba5aebd954\",\"name\":\"modir\",\"image\":{\"@type\":\"ImageObject\",\"inLanguage\":\"tr\",\"@id\":\"https:\/\/shiawaves.com\/turkish\/#\/schema\/person\/image\/\",\"url\":\"https:\/\/secure.gravatar.com\/avatar\/8e76f93cdbdd480bd8918d1e0e1d938664c9cb1516c2a57a2b96fe50b507a6b9?s=96&d=mm&r=g\",\"contentUrl\":\"https:\/\/secure.gravatar.com\/avatar\/8e76f93cdbdd480bd8918d1e0e1d938664c9cb1516c2a57a2b96fe50b507a6b9?s=96&d=mm&r=g\",\"caption\":\"modir\"},\"sameAs\":[\"https:\/\/shiawaves.com\"],\"url\":\"https:\/\/shiawaves.com\/turkish\/author\/modir\/\"}]}<\/script>\n<!-- \/ Yoast SEO plugin. -->","yoast_head_json":{"title":"Gazetecileri Koruma Komitesi'nin raporuna g\u00f6re, 2025 y\u0131l\u0131nda toplam 129 gazeteci ve medya \u00e7al\u0131\u015fan\u0131 \u00f6ld\u00fcr\u00fcld\u00fc, bu da son otuz y\u0131l\u0131n en y\u00fcksek rakam\u0131 olarak kaydedilmi\u015ftir. - ShiaWaves Turkish - \u015eia Haberleri","robots":{"index":"index","follow":"follow","max-snippet":"max-snippet:-1","max-image-preview":"max-image-preview:large","max-video-preview":"max-video-preview:-1"},"canonical":"https:\/\/shiawaves.com\/turkish\/2026\/02\/26\/gazetecileri-koruma-komitesinin-raporuna-gore-2025-yilinda-toplam-129-gazeteci-ve-medya-calisani-olduruldu-bu-da-son-otuz-yilin-en-yuksek-rakami-olarak-kaydedilmistir\/","og_locale":"tr_TR","og_type":"article","og_title":"Gazetecileri Koruma Komitesi'nin raporuna g\u00f6re, 2025 y\u0131l\u0131nda toplam 129 gazeteci ve medya \u00e7al\u0131\u015fan\u0131 \u00f6ld\u00fcr\u00fcld\u00fc, bu da son otuz y\u0131l\u0131n en y\u00fcksek rakam\u0131 olarak kaydedilmi\u015ftir. - ShiaWaves Turkish - \u015eia Haberleri","og_description":"Ge\u00e7en y\u0131l, d\u00fcnyadaki medya \u00e7al\u0131\u015fanlar\u0131 i\u00e7in en zorlu d\u00f6nemlerden biri oldu. Bu s\u00fcre zarf\u0131nda, g\u00f6revlerini yerine getirirken \u00e7ok say\u0131da gazeteci ve medya \u00e7al\u0131\u015fan\u0131 hayat\u0131n\u0131 kaybetti. \u00d6zg\u00fcr bilgi yay\u0131l\u0131m\u0131n\u0131n g\u00fcvenli\u011fi konusunda endi\u015feler artm\u0131\u015ft\u0131r. Gazetecileri Koruma Komitesi&#8217;nin raporuna g\u00f6re, 2025 y\u0131l\u0131nda toplam 129 gazeteci ve medya \u00e7al\u0131\u015fan\u0131 \u00f6ld\u00fcr\u00fcld\u00fc, bu da son otuz y\u0131l\u0131n en y\u00fcksek rakam\u0131 olarak &hellip;","og_url":"https:\/\/shiawaves.com\/turkish\/2026\/02\/26\/gazetecileri-koruma-komitesinin-raporuna-gore-2025-yilinda-toplam-129-gazeteci-ve-medya-calisani-olduruldu-bu-da-son-otuz-yilin-en-yuksek-rakami-olarak-kaydedilmistir\/","og_site_name":"ShiaWaves Turkish - \u015eia Haberleri","article_published_time":"2026-02-26T18:30:48+00:00","author":"modir","twitter_card":"summary_large_image","twitter_misc":{"Yazan:":"modir","Tahmini okuma s\u00fcresi":"1 dakika"},"schema":{"@context":"https:\/\/schema.org","@graph":[{"@type":"WebPage","@id":"https:\/\/shiawaves.com\/turkish\/2026\/02\/26\/gazetecileri-koruma-komitesinin-raporuna-gore-2025-yilinda-toplam-129-gazeteci-ve-medya-calisani-olduruldu-bu-da-son-otuz-yilin-en-yuksek-rakami-olarak-kaydedilmistir\/","url":"https:\/\/shiawaves.com\/turkish\/2026\/02\/26\/gazetecileri-koruma-komitesinin-raporuna-gore-2025-yilinda-toplam-129-gazeteci-ve-medya-calisani-olduruldu-bu-da-son-otuz-yilin-en-yuksek-rakami-olarak-kaydedilmistir\/","name":"Gazetecileri Koruma Komitesi'nin raporuna g\u00f6re, 2025 y\u0131l\u0131nda toplam 129 gazeteci ve medya \u00e7al\u0131\u015fan\u0131 \u00f6ld\u00fcr\u00fcld\u00fc, bu da son otuz y\u0131l\u0131n en y\u00fcksek rakam\u0131 olarak kaydedilmi\u015ftir. - ShiaWaves Turkish - \u015eia Haberleri","isPartOf":{"@id":"https:\/\/shiawaves.com\/turkish\/#website"},"primaryImageOfPage":{"@id":"https:\/\/shiawaves.com\/turkish\/2026\/02\/26\/gazetecileri-koruma-komitesinin-raporuna-gore-2025-yilinda-toplam-129-gazeteci-ve-medya-calisani-olduruldu-bu-da-son-otuz-yilin-en-yuksek-rakami-olarak-kaydedilmistir\/#primaryimage"},"image":{"@id":"https:\/\/shiawaves.com\/turkish\/2026\/02\/26\/gazetecileri-koruma-komitesinin-raporuna-gore-2025-yilinda-toplam-129-gazeteci-ve-medya-calisani-olduruldu-bu-da-son-otuz-yilin-en-yuksek-rakami-olarak-kaydedilmistir\/#primaryimage"},"thumbnailUrl":"https:\/\/shiawaves.com\/turkish\/wp-content\/uploads\/sites\/6\/2026\/02\/file_2857.jpg","datePublished":"2026-02-26T18:30:48+00:00","dateModified":"2026-02-26T18:30:48+00:00","author":{"@id":"https:\/\/shiawaves.com\/turkish\/#\/schema\/person\/9f68d5023e948086b9348fba5aebd954"},"breadcrumb":{"@id":"https:\/\/shiawaves.com\/turkish\/2026\/02\/26\/gazetecileri-koruma-komitesinin-raporuna-gore-2025-yilinda-toplam-129-gazeteci-ve-medya-calisani-olduruldu-bu-da-son-otuz-yilin-en-yuksek-rakami-olarak-kaydedilmistir\/#breadcrumb"},"inLanguage":"tr","potentialAction":[{"@type":"ReadAction","target":["https:\/\/shiawaves.com\/turkish\/2026\/02\/26\/gazetecileri-koruma-komitesinin-raporuna-gore-2025-yilinda-toplam-129-gazeteci-ve-medya-calisani-olduruldu-bu-da-son-otuz-yilin-en-yuksek-rakami-olarak-kaydedilmistir\/"]}]},{"@type":"ImageObject","inLanguage":"tr","@id":"https:\/\/shiawaves.com\/turkish\/2026\/02\/26\/gazetecileri-koruma-komitesinin-raporuna-gore-2025-yilinda-toplam-129-gazeteci-ve-medya-calisani-olduruldu-bu-da-son-otuz-yilin-en-yuksek-rakami-olarak-kaydedilmistir\/#primaryimage","url":"https:\/\/shiawaves.com\/turkish\/wp-content\/uploads\/sites\/6\/2026\/02\/file_2857.jpg","contentUrl":"https:\/\/shiawaves.com\/turkish\/wp-content\/uploads\/sites\/6\/2026\/02\/file_2857.jpg","width":444,"height":355},{"@type":"BreadcrumbList","@id":"https:\/\/shiawaves.com\/turkish\/2026\/02\/26\/gazetecileri-koruma-komitesinin-raporuna-gore-2025-yilinda-toplam-129-gazeteci-ve-medya-calisani-olduruldu-bu-da-son-otuz-yilin-en-yuksek-rakami-olarak-kaydedilmistir\/#breadcrumb","itemListElement":[{"@type":"ListItem","position":1,"name":"Home","item":"https:\/\/shiawaves.com\/turkish\/"},{"@type":"ListItem","position":2,"name":"Gazetecileri Koruma Komitesi&#8217;nin raporuna g\u00f6re, 2025 y\u0131l\u0131nda toplam 129 gazeteci ve medya \u00e7al\u0131\u015fan\u0131 \u00f6ld\u00fcr\u00fcld\u00fc, bu da son otuz y\u0131l\u0131n en y\u00fcksek rakam\u0131 olarak kaydedilmi\u015ftir."}]},{"@type":"WebSite","@id":"https:\/\/shiawaves.com\/turkish\/#website","url":"https:\/\/shiawaves.com\/turkish\/","name":"ShiaWaves Turkish - \u015eia Haberleri","description":"","potentialAction":[{"@type":"SearchAction","target":{"@type":"EntryPoint","urlTemplate":"https:\/\/shiawaves.com\/turkish\/?s={search_term_string}"},"query-input":{"@type":"PropertyValueSpecification","valueRequired":true,"valueName":"search_term_string"}}],"inLanguage":"tr"},{"@type":"Person","@id":"https:\/\/shiawaves.com\/turkish\/#\/schema\/person\/9f68d5023e948086b9348fba5aebd954","name":"modir","image":{"@type":"ImageObject","inLanguage":"tr","@id":"https:\/\/shiawaves.com\/turkish\/#\/schema\/person\/image\/","url":"https:\/\/secure.gravatar.com\/avatar\/8e76f93cdbdd480bd8918d1e0e1d938664c9cb1516c2a57a2b96fe50b507a6b9?s=96&d=mm&r=g","contentUrl":"https:\/\/secure.gravatar.com\/avatar\/8e76f93cdbdd480bd8918d1e0e1d938664c9cb1516c2a57a2b96fe50b507a6b9?s=96&d=mm&r=g","caption":"modir"},"sameAs":["https:\/\/shiawaves.com"],"url":"https:\/\/shiawaves.com\/turkish\/author\/modir\/"}]}},"_links":{"self":[{"href":"https:\/\/shiawaves.com\/turkish\/wp-json\/wp\/v2\/posts\/119796","targetHints":{"allow":["GET"]}}],"collection":[{"href":"https:\/\/shiawaves.com\/turkish\/wp-json\/wp\/v2\/posts"}],"about":[{"href":"https:\/\/shiawaves.com\/turkish\/wp-json\/wp\/v2\/types\/post"}],"author":[{"embeddable":true,"href":"https:\/\/shiawaves.com\/turkish\/wp-json\/wp\/v2\/users\/1"}],"replies":[{"embeddable":true,"href":"https:\/\/shiawaves.com\/turkish\/wp-json\/wp\/v2\/comments?post=119796"}],"version-history":[{"count":0,"href":"https:\/\/shiawaves.com\/turkish\/wp-json\/wp\/v2\/posts\/119796\/revisions"}],"wp:featuredmedia":[{"embeddable":true,"href":"https:\/\/shiawaves.com\/turkish\/wp-json\/wp\/v2\/media\/119795"}],"wp:attachment":[{"href":"https:\/\/shiawaves.com\/turkish\/wp-json\/wp\/v2\/media?parent=119796"}],"wp:term":[{"taxonomy":"category","embeddable":true,"href":"https:\/\/shiawaves.com\/turkish\/wp-json\/wp\/v2\/categories?post=119796"},{"taxonomy":"post_tag","embeddable":true,"href":"https:\/\/shiawaves.com\/turkish\/wp-json\/wp\/v2\/tags?post=119796"}],"curies":[{"name":"wp","href":"https:\/\/api.w.org\/{rel}","templated":true}]}}