{"id":119736,"date":"2026-02-21T17:30:21","date_gmt":"2026-02-21T14:30:21","guid":{"rendered":"https:\/\/shiawaves.com\/turkish\/2026\/02\/21\/mubarek-ramazan-ayinin-manevi-atmosferi-masum-imamlarin-a-s-turbelerinde-cuz-tilavetleri-ve-oruclular-icin-iftar-sofralari\/"},"modified":"2026-02-21T17:30:21","modified_gmt":"2026-02-21T14:30:21","slug":"mubarek-ramazan-ayinin-manevi-atmosferi-masum-imamlarin-a-s-turbelerinde-cuz-tilavetleri-ve-oruclular-icin-iftar-sofralari","status":"publish","type":"post","link":"https:\/\/shiawaves.com\/turkish\/2026\/02\/21\/mubarek-ramazan-ayinin-manevi-atmosferi-masum-imamlarin-a-s-turbelerinde-cuz-tilavetleri-ve-oruclular-icin-iftar-sofralari\/","title":{"rendered":"M\u00fcbarek Ramazan ay\u0131n\u0131n manev\u00ee atmosferi Masum \u0130mamlar\u0131n (a.s.) t\u00fcrbelerinde; c\u00fcz tilavetleri ve oru\u00e7lular i\u00e7in iftar sofralar\u0131"},"content":{"rendered":"<p>M\u00fcbarek Ramazan ay\u0131n\u0131n manev\u00ee atmosferi Masum \u0130mamlar\u0131n (a.s.) t\u00fcrbelerinde; c\u00fcz tilavetleri ve oru\u00e7lular i\u00e7in iftar sofralar\u0131<\/p>\n<p>M\u00fcbarek Ramazan ay\u0131n\u0131n ba\u015flamas\u0131yla birlikte Necef, Kerbel\u00e2, K\u00e2z\u0131meyn ve S\u00e2merr\u00e2\u2019daki Masum \u0130mamlar\u0131n (a.s.) mukaddes t\u00fcrbelerinde Ramazan\u2019a \u00f6zg\u00fc \u00f6zel programlar d\u00fczenleniyor.<\/p>\n<p>\u015eii Haber Ajans\u0131\u2019n\u0131n aktard\u0131\u011f\u0131na g\u00f6re bu g\u00fcnlerde, t\u00fcrbelerin avlular\u0131 ve revaklar\u0131nda Kur\u2019\u00e2n-\u0131 Ker\u00eem c\u00fcz tilavetleri ger\u00e7ekle\u015ftirilirken; tertil k\u0131raati, dua meclisleri ve ibadet programlar\u0131 da icra ediliyor.<\/p>\n<p>Ayn\u0131 zamanda oru\u00e7 tutanlar i\u00e7in iftar sofralar\u0131 kuruluyor; adaklar ve g\u00fcnl\u00fck yemek ikramlar\u0131, ziyaret\u00e7iler ve ihtiya\u00e7 sahipleri aras\u0131nda payla\u015ft\u0131r\u0131l\u0131yor.<\/p>\n","protected":false},"excerpt":{"rendered":"<p>M\u00fcbarek Ramazan ay\u0131n\u0131n manev\u00ee atmosferi Masum \u0130mamlar\u0131n (a.s.) t\u00fcrbelerinde; c\u00fcz tilavetleri ve oru\u00e7lular i\u00e7in iftar sofralar\u0131 M\u00fcbarek Ramazan ay\u0131n\u0131n ba\u015flamas\u0131yla birlikte Necef, Kerbel\u00e2, K\u00e2z\u0131meyn ve S\u00e2merr\u00e2\u2019daki Masum \u0130mamlar\u0131n (a.s.) mukaddes t\u00fcrbelerinde Ramazan\u2019a \u00f6zg\u00fc \u00f6zel programlar d\u00fczenleniyor. \u015eii Haber Ajans\u0131\u2019n\u0131n aktard\u0131\u011f\u0131na g\u00f6re bu g\u00fcnlerde, t\u00fcrbelerin avlular\u0131 ve revaklar\u0131nda Kur\u2019\u00e2n-\u0131 Ker\u00eem c\u00fcz tilavetleri ger\u00e7ekle\u015ftirilirken; tertil k\u0131raati, dua &hellip;<\/p>\n","protected":false},"author":1,"featured_media":119735,"comment_status":"open","ping_status":"open","sticky":false,"template":"","format":"standard","meta":{"rop_custom_images_group":[],"rop_custom_messages_group":[],"rop_publish_now":"initial","rop_publish_now_accounts":[],"rop_publish_now_history":[],"rop_publish_now_status":"pending","footnotes":""},"categories":[30],"tags":[],"class_list":["post-119736","post","type-post","status-publish","format-standard","has-post-thumbnail","hentry","category-atabat"],"_wp_page_template":null,"_wp_attached_file":null,"_wp_attachment_metadata":null,"_edit_lock":null,"yoast_head":"<!-- This site is optimized with the Yoast SEO plugin v24.3 - https:\/\/yoast.com\/wordpress\/plugins\/seo\/ -->\n<title>M\u00fcbarek Ramazan ay\u0131n\u0131n manev\u00ee atmosferi Masum \u0130mamlar\u0131n (a.s.) t\u00fcrbelerinde; c\u00fcz tilavetleri ve oru\u00e7lular i\u00e7in iftar sofralar\u0131 - ShiaWaves Turkish - \u015eia Haberleri<\/title>\n<meta name=\"robots\" content=\"index, follow, max-snippet:-1, max-image-preview:large, max-video-preview:-1\" \/>\n<link rel=\"canonical\" href=\"https:\/\/shiawaves.com\/turkish\/2026\/02\/21\/mubarek-ramazan-ayinin-manevi-atmosferi-masum-imamlarin-a-s-turbelerinde-cuz-tilavetleri-ve-oruclular-icin-iftar-sofralari\/\" \/>\n<meta property=\"og:locale\" content=\"tr_TR\" \/>\n<meta property=\"og:type\" content=\"article\" \/>\n<meta property=\"og:title\" content=\"M\u00fcbarek Ramazan ay\u0131n\u0131n manev\u00ee atmosferi Masum \u0130mamlar\u0131n (a.s.) t\u00fcrbelerinde; c\u00fcz tilavetleri ve oru\u00e7lular i\u00e7in iftar sofralar\u0131 - ShiaWaves Turkish - \u015eia Haberleri\" \/>\n<meta property=\"og:description\" content=\"M\u00fcbarek Ramazan ay\u0131n\u0131n manev\u00ee atmosferi Masum \u0130mamlar\u0131n (a.s.) t\u00fcrbelerinde; c\u00fcz tilavetleri ve oru\u00e7lular i\u00e7in iftar sofralar\u0131 M\u00fcbarek Ramazan ay\u0131n\u0131n ba\u015flamas\u0131yla birlikte Necef, Kerbel\u00e2, K\u00e2z\u0131meyn ve S\u00e2merr\u00e2\u2019daki Masum \u0130mamlar\u0131n (a.s.) mukaddes t\u00fcrbelerinde Ramazan\u2019a \u00f6zg\u00fc \u00f6zel programlar d\u00fczenleniyor. \u015eii Haber Ajans\u0131\u2019n\u0131n aktard\u0131\u011f\u0131na g\u00f6re bu g\u00fcnlerde, t\u00fcrbelerin avlular\u0131 ve revaklar\u0131nda Kur\u2019\u00e2n-\u0131 Ker\u00eem c\u00fcz tilavetleri ger\u00e7ekle\u015ftirilirken; tertil k\u0131raati, dua &hellip;\" \/>\n<meta property=\"og:url\" content=\"https:\/\/shiawaves.com\/turkish\/2026\/02\/21\/mubarek-ramazan-ayinin-manevi-atmosferi-masum-imamlarin-a-s-turbelerinde-cuz-tilavetleri-ve-oruclular-icin-iftar-sofralari\/\" \/>\n<meta property=\"og:site_name\" content=\"ShiaWaves Turkish - \u015eia Haberleri\" \/>\n<meta property=\"article:published_time\" content=\"2026-02-21T14:30:21+00:00\" \/>\n<meta name=\"author\" content=\"modir\" \/>\n<meta name=\"twitter:card\" content=\"summary_large_image\" \/>\n<meta name=\"twitter:label1\" content=\"Yazan:\" \/>\n\t<meta name=\"twitter:data1\" content=\"modir\" \/>\n\t<meta name=\"twitter:label2\" content=\"Tahmini okuma s\u00fcresi\" \/>\n\t<meta name=\"twitter:data2\" content=\"1 dakika\" \/>\n<script type=\"application\/ld+json\" class=\"yoast-schema-graph\">{\"@context\":\"https:\/\/schema.org\",\"@graph\":[{\"@type\":\"WebPage\",\"@id\":\"https:\/\/shiawaves.com\/turkish\/2026\/02\/21\/mubarek-ramazan-ayinin-manevi-atmosferi-masum-imamlarin-a-s-turbelerinde-cuz-tilavetleri-ve-oruclular-icin-iftar-sofralari\/\",\"url\":\"https:\/\/shiawaves.com\/turkish\/2026\/02\/21\/mubarek-ramazan-ayinin-manevi-atmosferi-masum-imamlarin-a-s-turbelerinde-cuz-tilavetleri-ve-oruclular-icin-iftar-sofralari\/\",\"name\":\"M\u00fcbarek Ramazan ay\u0131n\u0131n manev\u00ee atmosferi Masum \u0130mamlar\u0131n (a.s.) t\u00fcrbelerinde; c\u00fcz tilavetleri ve oru\u00e7lular i\u00e7in iftar sofralar\u0131 - ShiaWaves Turkish - \u015eia Haberleri\",\"isPartOf\":{\"@id\":\"https:\/\/shiawaves.com\/turkish\/#website\"},\"primaryImageOfPage\":{\"@id\":\"https:\/\/shiawaves.com\/turkish\/2026\/02\/21\/mubarek-ramazan-ayinin-manevi-atmosferi-masum-imamlarin-a-s-turbelerinde-cuz-tilavetleri-ve-oruclular-icin-iftar-sofralari\/#primaryimage\"},\"image\":{\"@id\":\"https:\/\/shiawaves.com\/turkish\/2026\/02\/21\/mubarek-ramazan-ayinin-manevi-atmosferi-masum-imamlarin-a-s-turbelerinde-cuz-tilavetleri-ve-oruclular-icin-iftar-sofralari\/#primaryimage\"},\"thumbnailUrl\":\"https:\/\/shiawaves.com\/turkish\/wp-content\/uploads\/sites\/6\/2026\/02\/file_2827.jpg\",\"datePublished\":\"2026-02-21T14:30:21+00:00\",\"dateModified\":\"2026-02-21T14:30:21+00:00\",\"author\":{\"@id\":\"https:\/\/shiawaves.com\/turkish\/#\/schema\/person\/9f68d5023e948086b9348fba5aebd954\"},\"breadcrumb\":{\"@id\":\"https:\/\/shiawaves.com\/turkish\/2026\/02\/21\/mubarek-ramazan-ayinin-manevi-atmosferi-masum-imamlarin-a-s-turbelerinde-cuz-tilavetleri-ve-oruclular-icin-iftar-sofralari\/#breadcrumb\"},\"inLanguage\":\"tr\",\"potentialAction\":[{\"@type\":\"ReadAction\",\"target\":[\"https:\/\/shiawaves.com\/turkish\/2026\/02\/21\/mubarek-ramazan-ayinin-manevi-atmosferi-masum-imamlarin-a-s-turbelerinde-cuz-tilavetleri-ve-oruclular-icin-iftar-sofralari\/\"]}]},{\"@type\":\"ImageObject\",\"inLanguage\":\"tr\",\"@id\":\"https:\/\/shiawaves.com\/turkish\/2026\/02\/21\/mubarek-ramazan-ayinin-manevi-atmosferi-masum-imamlarin-a-s-turbelerinde-cuz-tilavetleri-ve-oruclular-icin-iftar-sofralari\/#primaryimage\",\"url\":\"https:\/\/shiawaves.com\/turkish\/wp-content\/uploads\/sites\/6\/2026\/02\/file_2827.jpg\",\"contentUrl\":\"https:\/\/shiawaves.com\/turkish\/wp-content\/uploads\/sites\/6\/2026\/02\/file_2827.jpg\",\"width\":1280,\"height\":853},{\"@type\":\"BreadcrumbList\",\"@id\":\"https:\/\/shiawaves.com\/turkish\/2026\/02\/21\/mubarek-ramazan-ayinin-manevi-atmosferi-masum-imamlarin-a-s-turbelerinde-cuz-tilavetleri-ve-oruclular-icin-iftar-sofralari\/#breadcrumb\",\"itemListElement\":[{\"@type\":\"ListItem\",\"position\":1,\"name\":\"Home\",\"item\":\"https:\/\/shiawaves.com\/turkish\/\"},{\"@type\":\"ListItem\",\"position\":2,\"name\":\"M\u00fcbarek Ramazan ay\u0131n\u0131n manev\u00ee atmosferi Masum \u0130mamlar\u0131n (a.s.) t\u00fcrbelerinde; c\u00fcz tilavetleri ve oru\u00e7lular i\u00e7in iftar sofralar\u0131\"}]},{\"@type\":\"WebSite\",\"@id\":\"https:\/\/shiawaves.com\/turkish\/#website\",\"url\":\"https:\/\/shiawaves.com\/turkish\/\",\"name\":\"ShiaWaves Turkish - \u015eia Haberleri\",\"description\":\"\",\"potentialAction\":[{\"@type\":\"SearchAction\",\"target\":{\"@type\":\"EntryPoint\",\"urlTemplate\":\"https:\/\/shiawaves.com\/turkish\/?s={search_term_string}\"},\"query-input\":{\"@type\":\"PropertyValueSpecification\",\"valueRequired\":true,\"valueName\":\"search_term_string\"}}],\"inLanguage\":\"tr\"},{\"@type\":\"Person\",\"@id\":\"https:\/\/shiawaves.com\/turkish\/#\/schema\/person\/9f68d5023e948086b9348fba5aebd954\",\"name\":\"modir\",\"image\":{\"@type\":\"ImageObject\",\"inLanguage\":\"tr\",\"@id\":\"https:\/\/shiawaves.com\/turkish\/#\/schema\/person\/image\/\",\"url\":\"https:\/\/secure.gravatar.com\/avatar\/8e76f93cdbdd480bd8918d1e0e1d938664c9cb1516c2a57a2b96fe50b507a6b9?s=96&d=mm&r=g\",\"contentUrl\":\"https:\/\/secure.gravatar.com\/avatar\/8e76f93cdbdd480bd8918d1e0e1d938664c9cb1516c2a57a2b96fe50b507a6b9?s=96&d=mm&r=g\",\"caption\":\"modir\"},\"sameAs\":[\"https:\/\/shiawaves.com\"],\"url\":\"https:\/\/shiawaves.com\/turkish\/author\/modir\/\"}]}<\/script>\n<!-- \/ Yoast SEO plugin. -->","yoast_head_json":{"title":"M\u00fcbarek Ramazan ay\u0131n\u0131n manev\u00ee atmosferi Masum \u0130mamlar\u0131n (a.s.) t\u00fcrbelerinde; c\u00fcz tilavetleri ve oru\u00e7lular i\u00e7in iftar sofralar\u0131 - ShiaWaves Turkish - \u015eia Haberleri","robots":{"index":"index","follow":"follow","max-snippet":"max-snippet:-1","max-image-preview":"max-image-preview:large","max-video-preview":"max-video-preview:-1"},"canonical":"https:\/\/shiawaves.com\/turkish\/2026\/02\/21\/mubarek-ramazan-ayinin-manevi-atmosferi-masum-imamlarin-a-s-turbelerinde-cuz-tilavetleri-ve-oruclular-icin-iftar-sofralari\/","og_locale":"tr_TR","og_type":"article","og_title":"M\u00fcbarek Ramazan ay\u0131n\u0131n manev\u00ee atmosferi Masum \u0130mamlar\u0131n (a.s.) t\u00fcrbelerinde; c\u00fcz tilavetleri ve oru\u00e7lular i\u00e7in iftar sofralar\u0131 - ShiaWaves Turkish - \u015eia Haberleri","og_description":"M\u00fcbarek Ramazan ay\u0131n\u0131n manev\u00ee atmosferi Masum \u0130mamlar\u0131n (a.s.) t\u00fcrbelerinde; c\u00fcz tilavetleri ve oru\u00e7lular i\u00e7in iftar sofralar\u0131 M\u00fcbarek Ramazan ay\u0131n\u0131n ba\u015flamas\u0131yla birlikte Necef, Kerbel\u00e2, K\u00e2z\u0131meyn ve S\u00e2merr\u00e2\u2019daki Masum \u0130mamlar\u0131n (a.s.) mukaddes t\u00fcrbelerinde Ramazan\u2019a \u00f6zg\u00fc \u00f6zel programlar d\u00fczenleniyor. \u015eii Haber Ajans\u0131\u2019n\u0131n aktard\u0131\u011f\u0131na g\u00f6re bu g\u00fcnlerde, t\u00fcrbelerin avlular\u0131 ve revaklar\u0131nda Kur\u2019\u00e2n-\u0131 Ker\u00eem c\u00fcz tilavetleri ger\u00e7ekle\u015ftirilirken; tertil k\u0131raati, dua &hellip;","og_url":"https:\/\/shiawaves.com\/turkish\/2026\/02\/21\/mubarek-ramazan-ayinin-manevi-atmosferi-masum-imamlarin-a-s-turbelerinde-cuz-tilavetleri-ve-oruclular-icin-iftar-sofralari\/","og_site_name":"ShiaWaves Turkish - \u015eia Haberleri","article_published_time":"2026-02-21T14:30:21+00:00","author":"modir","twitter_card":"summary_large_image","twitter_misc":{"Yazan:":"modir","Tahmini okuma s\u00fcresi":"1 dakika"},"schema":{"@context":"https:\/\/schema.org","@graph":[{"@type":"WebPage","@id":"https:\/\/shiawaves.com\/turkish\/2026\/02\/21\/mubarek-ramazan-ayinin-manevi-atmosferi-masum-imamlarin-a-s-turbelerinde-cuz-tilavetleri-ve-oruclular-icin-iftar-sofralari\/","url":"https:\/\/shiawaves.com\/turkish\/2026\/02\/21\/mubarek-ramazan-ayinin-manevi-atmosferi-masum-imamlarin-a-s-turbelerinde-cuz-tilavetleri-ve-oruclular-icin-iftar-sofralari\/","name":"M\u00fcbarek Ramazan ay\u0131n\u0131n manev\u00ee atmosferi Masum \u0130mamlar\u0131n (a.s.) t\u00fcrbelerinde; c\u00fcz tilavetleri ve oru\u00e7lular i\u00e7in iftar sofralar\u0131 - ShiaWaves Turkish - \u015eia Haberleri","isPartOf":{"@id":"https:\/\/shiawaves.com\/turkish\/#website"},"primaryImageOfPage":{"@id":"https:\/\/shiawaves.com\/turkish\/2026\/02\/21\/mubarek-ramazan-ayinin-manevi-atmosferi-masum-imamlarin-a-s-turbelerinde-cuz-tilavetleri-ve-oruclular-icin-iftar-sofralari\/#primaryimage"},"image":{"@id":"https:\/\/shiawaves.com\/turkish\/2026\/02\/21\/mubarek-ramazan-ayinin-manevi-atmosferi-masum-imamlarin-a-s-turbelerinde-cuz-tilavetleri-ve-oruclular-icin-iftar-sofralari\/#primaryimage"},"thumbnailUrl":"https:\/\/shiawaves.com\/turkish\/wp-content\/uploads\/sites\/6\/2026\/02\/file_2827.jpg","datePublished":"2026-02-21T14:30:21+00:00","dateModified":"2026-02-21T14:30:21+00:00","author":{"@id":"https:\/\/shiawaves.com\/turkish\/#\/schema\/person\/9f68d5023e948086b9348fba5aebd954"},"breadcrumb":{"@id":"https:\/\/shiawaves.com\/turkish\/2026\/02\/21\/mubarek-ramazan-ayinin-manevi-atmosferi-masum-imamlarin-a-s-turbelerinde-cuz-tilavetleri-ve-oruclular-icin-iftar-sofralari\/#breadcrumb"},"inLanguage":"tr","potentialAction":[{"@type":"ReadAction","target":["https:\/\/shiawaves.com\/turkish\/2026\/02\/21\/mubarek-ramazan-ayinin-manevi-atmosferi-masum-imamlarin-a-s-turbelerinde-cuz-tilavetleri-ve-oruclular-icin-iftar-sofralari\/"]}]},{"@type":"ImageObject","inLanguage":"tr","@id":"https:\/\/shiawaves.com\/turkish\/2026\/02\/21\/mubarek-ramazan-ayinin-manevi-atmosferi-masum-imamlarin-a-s-turbelerinde-cuz-tilavetleri-ve-oruclular-icin-iftar-sofralari\/#primaryimage","url":"https:\/\/shiawaves.com\/turkish\/wp-content\/uploads\/sites\/6\/2026\/02\/file_2827.jpg","contentUrl":"https:\/\/shiawaves.com\/turkish\/wp-content\/uploads\/sites\/6\/2026\/02\/file_2827.jpg","width":1280,"height":853},{"@type":"BreadcrumbList","@id":"https:\/\/shiawaves.com\/turkish\/2026\/02\/21\/mubarek-ramazan-ayinin-manevi-atmosferi-masum-imamlarin-a-s-turbelerinde-cuz-tilavetleri-ve-oruclular-icin-iftar-sofralari\/#breadcrumb","itemListElement":[{"@type":"ListItem","position":1,"name":"Home","item":"https:\/\/shiawaves.com\/turkish\/"},{"@type":"ListItem","position":2,"name":"M\u00fcbarek Ramazan ay\u0131n\u0131n manev\u00ee atmosferi Masum \u0130mamlar\u0131n (a.s.) t\u00fcrbelerinde; c\u00fcz tilavetleri ve oru\u00e7lular i\u00e7in iftar sofralar\u0131"}]},{"@type":"WebSite","@id":"https:\/\/shiawaves.com\/turkish\/#website","url":"https:\/\/shiawaves.com\/turkish\/","name":"ShiaWaves Turkish - \u015eia Haberleri","description":"","potentialAction":[{"@type":"SearchAction","target":{"@type":"EntryPoint","urlTemplate":"https:\/\/shiawaves.com\/turkish\/?s={search_term_string}"},"query-input":{"@type":"PropertyValueSpecification","valueRequired":true,"valueName":"search_term_string"}}],"inLanguage":"tr"},{"@type":"Person","@id":"https:\/\/shiawaves.com\/turkish\/#\/schema\/person\/9f68d5023e948086b9348fba5aebd954","name":"modir","image":{"@type":"ImageObject","inLanguage":"tr","@id":"https:\/\/shiawaves.com\/turkish\/#\/schema\/person\/image\/","url":"https:\/\/secure.gravatar.com\/avatar\/8e76f93cdbdd480bd8918d1e0e1d938664c9cb1516c2a57a2b96fe50b507a6b9?s=96&d=mm&r=g","contentUrl":"https:\/\/secure.gravatar.com\/avatar\/8e76f93cdbdd480bd8918d1e0e1d938664c9cb1516c2a57a2b96fe50b507a6b9?s=96&d=mm&r=g","caption":"modir"},"sameAs":["https:\/\/shiawaves.com"],"url":"https:\/\/shiawaves.com\/turkish\/author\/modir\/"}]}},"_links":{"self":[{"href":"https:\/\/shiawaves.com\/turkish\/wp-json\/wp\/v2\/posts\/119736","targetHints":{"allow":["GET"]}}],"collection":[{"href":"https:\/\/shiawaves.com\/turkish\/wp-json\/wp\/v2\/posts"}],"about":[{"href":"https:\/\/shiawaves.com\/turkish\/wp-json\/wp\/v2\/types\/post"}],"author":[{"embeddable":true,"href":"https:\/\/shiawaves.com\/turkish\/wp-json\/wp\/v2\/users\/1"}],"replies":[{"embeddable":true,"href":"https:\/\/shiawaves.com\/turkish\/wp-json\/wp\/v2\/comments?post=119736"}],"version-history":[{"count":0,"href":"https:\/\/shiawaves.com\/turkish\/wp-json\/wp\/v2\/posts\/119736\/revisions"}],"wp:featuredmedia":[{"embeddable":true,"href":"https:\/\/shiawaves.com\/turkish\/wp-json\/wp\/v2\/media\/119735"}],"wp:attachment":[{"href":"https:\/\/shiawaves.com\/turkish\/wp-json\/wp\/v2\/media?parent=119736"}],"wp:term":[{"taxonomy":"category","embeddable":true,"href":"https:\/\/shiawaves.com\/turkish\/wp-json\/wp\/v2\/categories?post=119736"},{"taxonomy":"post_tag","embeddable":true,"href":"https:\/\/shiawaves.com\/turkish\/wp-json\/wp\/v2\/tags?post=119736"}],"curies":[{"name":"wp","href":"https:\/\/api.w.org\/{rel}","templated":true}]}}