{"id":119712,"date":"2026-02-19T18:30:28","date_gmt":"2026-02-19T15:30:28","guid":{"rendered":"https:\/\/shiawaves.com\/turkish\/2026\/02\/19\/suriye-gecici-donem-baskaninin-mahkumlar-icin-genel-af-ilani\/"},"modified":"2026-02-19T18:30:28","modified_gmt":"2026-02-19T15:30:28","slug":"suriye-gecici-donem-baskaninin-mahkumlar-icin-genel-af-ilani","status":"publish","type":"post","link":"https:\/\/shiawaves.com\/turkish\/2026\/02\/19\/suriye-gecici-donem-baskaninin-mahkumlar-icin-genel-af-ilani\/","title":{"rendered":"Suriye Ge\u00e7ici D\u00f6nem Ba\u015fkan\u0131&#8217;n\u0131n Mahkumlar \u0130\u00e7in Genel Af \u0130lan\u0131"},"content":{"rendered":"<p>Suriye Ge\u00e7ici D\u00f6nem Ba\u015fkan\u0131 Ahmad El-\u015eera, \u00c7ar\u015famba g\u00fcn\u00fc \u00e7e\u015fitli mahkumlar i\u00e7in genel af ilan etti.<\/p>\n<p>Bu af, \u00f6l\u00fcmc\u00fcl hastalar ve 70 ya\u015f \u00fcst\u00fc bireyleri kapsamakta ve hapishaneler \u00fczerindeki bask\u0131y\u0131 azaltmak ve toplumsal istikrar\u0131 g\u00fc\u00e7lendirmek amac\u0131yla al\u0131nm\u0131\u015ft\u0131r.<\/p>\n<p>Bu, Be\u015far Esad rejiminin d\u00fc\u015f\u00fc\u015f\u00fcnden sonra g\u00f6reve gelen Ahmad El-\u015eera taraf\u0131ndan verilen ilk aft\u0131r ve medyada ve insan haklar\u0131 \u00e7evrelerinde geni\u015f yank\u0131 bulmu\u015ftur.<\/p>\n<p>El-\u015eark El-Avsat&#8217;\u0131n haberine g\u00f6re, Suriye halk\u0131na kar\u015f\u0131 su\u00e7 i\u015fleyenler ve i\u015fkence ile ilgili h\u00fck\u00fcm giymi\u015f olanlar bu aftan muaf tutulmu\u015ftur.<\/p>\n<p>Haber kaynaklar\u0131 ayr\u0131ca Ahmad El-\u015eera&#8217;n\u0131n g\u00f6reve gelmesinden bu yana onlarca ki\u015finin eski rejimle ba\u011flant\u0131l\u0131 olma ve su\u00e7 i\u015fleme su\u00e7lamas\u0131yla tutukland\u0131\u011f\u0131n\u0131 hat\u0131rlatm\u0131\u015ft\u0131r.<\/p>\n<p>\u0130nsan haklar\u0131 uzmanlar\u0131, bu ad\u0131m\u0131 adaletin yeniden in\u015fas\u0131 ve yarg\u0131 reformlar\u0131 yolunda temkinli bir ad\u0131m olarak de\u011ferlendirmi\u015f ve \u00fclkede bar\u0131\u015f ve siyasi istikrar \u00fczerinde odaklanmak i\u00e7in bir f\u0131rsat olarak tan\u0131mlam\u0131\u015flard\u0131r.<\/p>\n","protected":false},"excerpt":{"rendered":"<p>Suriye Ge\u00e7ici D\u00f6nem Ba\u015fkan\u0131 Ahmad El-\u015eera, \u00c7ar\u015famba g\u00fcn\u00fc \u00e7e\u015fitli mahkumlar i\u00e7in genel af ilan etti. Bu af, \u00f6l\u00fcmc\u00fcl hastalar ve 70 ya\u015f \u00fcst\u00fc bireyleri kapsamakta ve hapishaneler \u00fczerindeki bask\u0131y\u0131 azaltmak ve toplumsal istikrar\u0131 g\u00fc\u00e7lendirmek amac\u0131yla al\u0131nm\u0131\u015ft\u0131r. Bu, Be\u015far Esad rejiminin d\u00fc\u015f\u00fc\u015f\u00fcnden sonra g\u00f6reve gelen Ahmad El-\u015eera taraf\u0131ndan verilen ilk aft\u0131r ve medyada ve insan haklar\u0131 &hellip;<\/p>\n","protected":false},"author":1,"featured_media":119711,"comment_status":"open","ping_status":"open","sticky":false,"template":"","format":"standard","meta":{"rop_custom_images_group":[],"rop_custom_messages_group":[],"rop_publish_now":"initial","rop_publish_now_accounts":[],"rop_publish_now_history":[],"rop_publish_now_status":"pending","footnotes":""},"categories":[13],"tags":[],"class_list":["post-119712","post","type-post","status-publish","format-standard","has-post-thumbnail","hentry","category-syria"],"_wp_page_template":null,"_wp_attached_file":null,"_wp_attachment_metadata":null,"_edit_lock":null,"yoast_head":"<!-- This site is optimized with the Yoast SEO plugin v24.3 - https:\/\/yoast.com\/wordpress\/plugins\/seo\/ -->\n<title>Suriye Ge\u00e7ici D\u00f6nem Ba\u015fkan\u0131&#039;n\u0131n Mahkumlar \u0130\u00e7in Genel Af \u0130lan\u0131 - ShiaWaves Turkish - \u015eia Haberleri<\/title>\n<meta name=\"robots\" content=\"index, follow, max-snippet:-1, max-image-preview:large, max-video-preview:-1\" \/>\n<link rel=\"canonical\" href=\"https:\/\/shiawaves.com\/turkish\/2026\/02\/19\/suriye-gecici-donem-baskaninin-mahkumlar-icin-genel-af-ilani\/\" \/>\n<meta property=\"og:locale\" content=\"tr_TR\" \/>\n<meta property=\"og:type\" content=\"article\" \/>\n<meta property=\"og:title\" content=\"Suriye Ge\u00e7ici D\u00f6nem Ba\u015fkan\u0131&#039;n\u0131n Mahkumlar \u0130\u00e7in Genel Af \u0130lan\u0131 - ShiaWaves Turkish - \u015eia Haberleri\" \/>\n<meta property=\"og:description\" content=\"Suriye Ge\u00e7ici D\u00f6nem Ba\u015fkan\u0131 Ahmad El-\u015eera, \u00c7ar\u015famba g\u00fcn\u00fc \u00e7e\u015fitli mahkumlar i\u00e7in genel af ilan etti. Bu af, \u00f6l\u00fcmc\u00fcl hastalar ve 70 ya\u015f \u00fcst\u00fc bireyleri kapsamakta ve hapishaneler \u00fczerindeki bask\u0131y\u0131 azaltmak ve toplumsal istikrar\u0131 g\u00fc\u00e7lendirmek amac\u0131yla al\u0131nm\u0131\u015ft\u0131r. Bu, Be\u015far Esad rejiminin d\u00fc\u015f\u00fc\u015f\u00fcnden sonra g\u00f6reve gelen Ahmad El-\u015eera taraf\u0131ndan verilen ilk aft\u0131r ve medyada ve insan haklar\u0131 &hellip;\" \/>\n<meta property=\"og:url\" content=\"https:\/\/shiawaves.com\/turkish\/2026\/02\/19\/suriye-gecici-donem-baskaninin-mahkumlar-icin-genel-af-ilani\/\" \/>\n<meta property=\"og:site_name\" content=\"ShiaWaves Turkish - \u015eia Haberleri\" \/>\n<meta property=\"article:published_time\" content=\"2026-02-19T15:30:28+00:00\" \/>\n<meta name=\"author\" content=\"modir\" \/>\n<meta name=\"twitter:card\" content=\"summary_large_image\" \/>\n<meta name=\"twitter:label1\" content=\"Yazan:\" \/>\n\t<meta name=\"twitter:data1\" content=\"modir\" \/>\n\t<meta name=\"twitter:label2\" content=\"Tahmini okuma s\u00fcresi\" \/>\n\t<meta name=\"twitter:data2\" content=\"1 dakika\" \/>\n<script type=\"application\/ld+json\" class=\"yoast-schema-graph\">{\"@context\":\"https:\/\/schema.org\",\"@graph\":[{\"@type\":\"WebPage\",\"@id\":\"https:\/\/shiawaves.com\/turkish\/2026\/02\/19\/suriye-gecici-donem-baskaninin-mahkumlar-icin-genel-af-ilani\/\",\"url\":\"https:\/\/shiawaves.com\/turkish\/2026\/02\/19\/suriye-gecici-donem-baskaninin-mahkumlar-icin-genel-af-ilani\/\",\"name\":\"Suriye Ge\u00e7ici D\u00f6nem Ba\u015fkan\u0131'n\u0131n Mahkumlar \u0130\u00e7in Genel Af \u0130lan\u0131 - ShiaWaves Turkish - \u015eia Haberleri\",\"isPartOf\":{\"@id\":\"https:\/\/shiawaves.com\/turkish\/#website\"},\"primaryImageOfPage\":{\"@id\":\"https:\/\/shiawaves.com\/turkish\/2026\/02\/19\/suriye-gecici-donem-baskaninin-mahkumlar-icin-genel-af-ilani\/#primaryimage\"},\"image\":{\"@id\":\"https:\/\/shiawaves.com\/turkish\/2026\/02\/19\/suriye-gecici-donem-baskaninin-mahkumlar-icin-genel-af-ilani\/#primaryimage\"},\"thumbnailUrl\":\"https:\/\/shiawaves.com\/turkish\/wp-content\/uploads\/sites\/6\/2026\/02\/file_2815.jpg\",\"datePublished\":\"2026-02-19T15:30:28+00:00\",\"dateModified\":\"2026-02-19T15:30:28+00:00\",\"author\":{\"@id\":\"https:\/\/shiawaves.com\/turkish\/#\/schema\/person\/9f68d5023e948086b9348fba5aebd954\"},\"breadcrumb\":{\"@id\":\"https:\/\/shiawaves.com\/turkish\/2026\/02\/19\/suriye-gecici-donem-baskaninin-mahkumlar-icin-genel-af-ilani\/#breadcrumb\"},\"inLanguage\":\"tr\",\"potentialAction\":[{\"@type\":\"ReadAction\",\"target\":[\"https:\/\/shiawaves.com\/turkish\/2026\/02\/19\/suriye-gecici-donem-baskaninin-mahkumlar-icin-genel-af-ilani\/\"]}]},{\"@type\":\"ImageObject\",\"inLanguage\":\"tr\",\"@id\":\"https:\/\/shiawaves.com\/turkish\/2026\/02\/19\/suriye-gecici-donem-baskaninin-mahkumlar-icin-genel-af-ilani\/#primaryimage\",\"url\":\"https:\/\/shiawaves.com\/turkish\/wp-content\/uploads\/sites\/6\/2026\/02\/file_2815.jpg\",\"contentUrl\":\"https:\/\/shiawaves.com\/turkish\/wp-content\/uploads\/sites\/6\/2026\/02\/file_2815.jpg\",\"width\":770,\"height\":513},{\"@type\":\"BreadcrumbList\",\"@id\":\"https:\/\/shiawaves.com\/turkish\/2026\/02\/19\/suriye-gecici-donem-baskaninin-mahkumlar-icin-genel-af-ilani\/#breadcrumb\",\"itemListElement\":[{\"@type\":\"ListItem\",\"position\":1,\"name\":\"Home\",\"item\":\"https:\/\/shiawaves.com\/turkish\/\"},{\"@type\":\"ListItem\",\"position\":2,\"name\":\"Suriye Ge\u00e7ici D\u00f6nem Ba\u015fkan\u0131&#8217;n\u0131n Mahkumlar \u0130\u00e7in Genel Af \u0130lan\u0131\"}]},{\"@type\":\"WebSite\",\"@id\":\"https:\/\/shiawaves.com\/turkish\/#website\",\"url\":\"https:\/\/shiawaves.com\/turkish\/\",\"name\":\"ShiaWaves Turkish - \u015eia Haberleri\",\"description\":\"\",\"potentialAction\":[{\"@type\":\"SearchAction\",\"target\":{\"@type\":\"EntryPoint\",\"urlTemplate\":\"https:\/\/shiawaves.com\/turkish\/?s={search_term_string}\"},\"query-input\":{\"@type\":\"PropertyValueSpecification\",\"valueRequired\":true,\"valueName\":\"search_term_string\"}}],\"inLanguage\":\"tr\"},{\"@type\":\"Person\",\"@id\":\"https:\/\/shiawaves.com\/turkish\/#\/schema\/person\/9f68d5023e948086b9348fba5aebd954\",\"name\":\"modir\",\"image\":{\"@type\":\"ImageObject\",\"inLanguage\":\"tr\",\"@id\":\"https:\/\/shiawaves.com\/turkish\/#\/schema\/person\/image\/\",\"url\":\"https:\/\/secure.gravatar.com\/avatar\/8e76f93cdbdd480bd8918d1e0e1d938664c9cb1516c2a57a2b96fe50b507a6b9?s=96&d=mm&r=g\",\"contentUrl\":\"https:\/\/secure.gravatar.com\/avatar\/8e76f93cdbdd480bd8918d1e0e1d938664c9cb1516c2a57a2b96fe50b507a6b9?s=96&d=mm&r=g\",\"caption\":\"modir\"},\"sameAs\":[\"https:\/\/shiawaves.com\"],\"url\":\"https:\/\/shiawaves.com\/turkish\/author\/modir\/\"}]}<\/script>\n<!-- \/ Yoast SEO plugin. -->","yoast_head_json":{"title":"Suriye Ge\u00e7ici D\u00f6nem Ba\u015fkan\u0131'n\u0131n Mahkumlar \u0130\u00e7in Genel Af \u0130lan\u0131 - ShiaWaves Turkish - \u015eia Haberleri","robots":{"index":"index","follow":"follow","max-snippet":"max-snippet:-1","max-image-preview":"max-image-preview:large","max-video-preview":"max-video-preview:-1"},"canonical":"https:\/\/shiawaves.com\/turkish\/2026\/02\/19\/suriye-gecici-donem-baskaninin-mahkumlar-icin-genel-af-ilani\/","og_locale":"tr_TR","og_type":"article","og_title":"Suriye Ge\u00e7ici D\u00f6nem Ba\u015fkan\u0131'n\u0131n Mahkumlar \u0130\u00e7in Genel Af \u0130lan\u0131 - ShiaWaves Turkish - \u015eia Haberleri","og_description":"Suriye Ge\u00e7ici D\u00f6nem Ba\u015fkan\u0131 Ahmad El-\u015eera, \u00c7ar\u015famba g\u00fcn\u00fc \u00e7e\u015fitli mahkumlar i\u00e7in genel af ilan etti. Bu af, \u00f6l\u00fcmc\u00fcl hastalar ve 70 ya\u015f \u00fcst\u00fc bireyleri kapsamakta ve hapishaneler \u00fczerindeki bask\u0131y\u0131 azaltmak ve toplumsal istikrar\u0131 g\u00fc\u00e7lendirmek amac\u0131yla al\u0131nm\u0131\u015ft\u0131r. Bu, Be\u015far Esad rejiminin d\u00fc\u015f\u00fc\u015f\u00fcnden sonra g\u00f6reve gelen Ahmad El-\u015eera taraf\u0131ndan verilen ilk aft\u0131r ve medyada ve insan haklar\u0131 &hellip;","og_url":"https:\/\/shiawaves.com\/turkish\/2026\/02\/19\/suriye-gecici-donem-baskaninin-mahkumlar-icin-genel-af-ilani\/","og_site_name":"ShiaWaves Turkish - \u015eia Haberleri","article_published_time":"2026-02-19T15:30:28+00:00","author":"modir","twitter_card":"summary_large_image","twitter_misc":{"Yazan:":"modir","Tahmini okuma s\u00fcresi":"1 dakika"},"schema":{"@context":"https:\/\/schema.org","@graph":[{"@type":"WebPage","@id":"https:\/\/shiawaves.com\/turkish\/2026\/02\/19\/suriye-gecici-donem-baskaninin-mahkumlar-icin-genel-af-ilani\/","url":"https:\/\/shiawaves.com\/turkish\/2026\/02\/19\/suriye-gecici-donem-baskaninin-mahkumlar-icin-genel-af-ilani\/","name":"Suriye Ge\u00e7ici D\u00f6nem Ba\u015fkan\u0131'n\u0131n Mahkumlar \u0130\u00e7in Genel Af \u0130lan\u0131 - ShiaWaves Turkish - \u015eia Haberleri","isPartOf":{"@id":"https:\/\/shiawaves.com\/turkish\/#website"},"primaryImageOfPage":{"@id":"https:\/\/shiawaves.com\/turkish\/2026\/02\/19\/suriye-gecici-donem-baskaninin-mahkumlar-icin-genel-af-ilani\/#primaryimage"},"image":{"@id":"https:\/\/shiawaves.com\/turkish\/2026\/02\/19\/suriye-gecici-donem-baskaninin-mahkumlar-icin-genel-af-ilani\/#primaryimage"},"thumbnailUrl":"https:\/\/shiawaves.com\/turkish\/wp-content\/uploads\/sites\/6\/2026\/02\/file_2815.jpg","datePublished":"2026-02-19T15:30:28+00:00","dateModified":"2026-02-19T15:30:28+00:00","author":{"@id":"https:\/\/shiawaves.com\/turkish\/#\/schema\/person\/9f68d5023e948086b9348fba5aebd954"},"breadcrumb":{"@id":"https:\/\/shiawaves.com\/turkish\/2026\/02\/19\/suriye-gecici-donem-baskaninin-mahkumlar-icin-genel-af-ilani\/#breadcrumb"},"inLanguage":"tr","potentialAction":[{"@type":"ReadAction","target":["https:\/\/shiawaves.com\/turkish\/2026\/02\/19\/suriye-gecici-donem-baskaninin-mahkumlar-icin-genel-af-ilani\/"]}]},{"@type":"ImageObject","inLanguage":"tr","@id":"https:\/\/shiawaves.com\/turkish\/2026\/02\/19\/suriye-gecici-donem-baskaninin-mahkumlar-icin-genel-af-ilani\/#primaryimage","url":"https:\/\/shiawaves.com\/turkish\/wp-content\/uploads\/sites\/6\/2026\/02\/file_2815.jpg","contentUrl":"https:\/\/shiawaves.com\/turkish\/wp-content\/uploads\/sites\/6\/2026\/02\/file_2815.jpg","width":770,"height":513},{"@type":"BreadcrumbList","@id":"https:\/\/shiawaves.com\/turkish\/2026\/02\/19\/suriye-gecici-donem-baskaninin-mahkumlar-icin-genel-af-ilani\/#breadcrumb","itemListElement":[{"@type":"ListItem","position":1,"name":"Home","item":"https:\/\/shiawaves.com\/turkish\/"},{"@type":"ListItem","position":2,"name":"Suriye Ge\u00e7ici D\u00f6nem Ba\u015fkan\u0131&#8217;n\u0131n Mahkumlar \u0130\u00e7in Genel Af \u0130lan\u0131"}]},{"@type":"WebSite","@id":"https:\/\/shiawaves.com\/turkish\/#website","url":"https:\/\/shiawaves.com\/turkish\/","name":"ShiaWaves Turkish - \u015eia Haberleri","description":"","potentialAction":[{"@type":"SearchAction","target":{"@type":"EntryPoint","urlTemplate":"https:\/\/shiawaves.com\/turkish\/?s={search_term_string}"},"query-input":{"@type":"PropertyValueSpecification","valueRequired":true,"valueName":"search_term_string"}}],"inLanguage":"tr"},{"@type":"Person","@id":"https:\/\/shiawaves.com\/turkish\/#\/schema\/person\/9f68d5023e948086b9348fba5aebd954","name":"modir","image":{"@type":"ImageObject","inLanguage":"tr","@id":"https:\/\/shiawaves.com\/turkish\/#\/schema\/person\/image\/","url":"https:\/\/secure.gravatar.com\/avatar\/8e76f93cdbdd480bd8918d1e0e1d938664c9cb1516c2a57a2b96fe50b507a6b9?s=96&d=mm&r=g","contentUrl":"https:\/\/secure.gravatar.com\/avatar\/8e76f93cdbdd480bd8918d1e0e1d938664c9cb1516c2a57a2b96fe50b507a6b9?s=96&d=mm&r=g","caption":"modir"},"sameAs":["https:\/\/shiawaves.com"],"url":"https:\/\/shiawaves.com\/turkish\/author\/modir\/"}]}},"_links":{"self":[{"href":"https:\/\/shiawaves.com\/turkish\/wp-json\/wp\/v2\/posts\/119712","targetHints":{"allow":["GET"]}}],"collection":[{"href":"https:\/\/shiawaves.com\/turkish\/wp-json\/wp\/v2\/posts"}],"about":[{"href":"https:\/\/shiawaves.com\/turkish\/wp-json\/wp\/v2\/types\/post"}],"author":[{"embeddable":true,"href":"https:\/\/shiawaves.com\/turkish\/wp-json\/wp\/v2\/users\/1"}],"replies":[{"embeddable":true,"href":"https:\/\/shiawaves.com\/turkish\/wp-json\/wp\/v2\/comments?post=119712"}],"version-history":[{"count":0,"href":"https:\/\/shiawaves.com\/turkish\/wp-json\/wp\/v2\/posts\/119712\/revisions"}],"wp:featuredmedia":[{"embeddable":true,"href":"https:\/\/shiawaves.com\/turkish\/wp-json\/wp\/v2\/media\/119711"}],"wp:attachment":[{"href":"https:\/\/shiawaves.com\/turkish\/wp-json\/wp\/v2\/media?parent=119712"}],"wp:term":[{"taxonomy":"category","embeddable":true,"href":"https:\/\/shiawaves.com\/turkish\/wp-json\/wp\/v2\/categories?post=119712"},{"taxonomy":"post_tag","embeddable":true,"href":"https:\/\/shiawaves.com\/turkish\/wp-json\/wp\/v2\/tags?post=119712"}],"curies":[{"name":"wp","href":"https:\/\/api.w.org\/{rel}","templated":true}]}}