{"id":119602,"date":"2025-12-17T14:00:37","date_gmt":"2025-12-17T11:00:37","guid":{"rendered":"https:\/\/shiawaves.com\/turkish\/2025\/12\/17\/turk-ve-suriye-ordularinin-suriye-demokratik-gucleri-sdg-karsisinda-ortak-askeri-operasyon-icin-genis-capli-hareketliligi\/"},"modified":"2025-12-17T14:00:37","modified_gmt":"2025-12-17T11:00:37","slug":"turk-ve-suriye-ordularinin-suriye-demokratik-gucleri-sdg-karsisinda-ortak-askeri-operasyon-icin-genis-capli-hareketliligi","status":"publish","type":"post","link":"https:\/\/shiawaves.com\/turkish\/2025\/12\/17\/turk-ve-suriye-ordularinin-suriye-demokratik-gucleri-sdg-karsisinda-ortak-askeri-operasyon-icin-genis-capli-hareketliligi\/","title":{"rendered":"T\u00fcrk ve Suriye Ordular\u0131n\u0131n, Suriye Demokratik G\u00fc\u00e7leri (SDG) Kar\u015f\u0131s\u0131nda Ortak Askeri Operasyon \u0130\u00e7in Geni\u015f \u00c7apl\u0131 Hareketlili\u011fi"},"content":{"rendered":"<p>T\u00fcrk ve Suriye Ordular\u0131n\u0131n, Suriye Demokratik G\u00fc\u00e7leri (SDG) Kar\u015f\u0131s\u0131nda Ortak Askeri Operasyon \u0130\u00e7in Geni\u015f \u00c7apl\u0131 Hareketlili\u011fi<\/p>\n<p>SDG&#8217;nin Suriye ordusuna entegre edilmesi i\u00e7in belirlenen tarihin sona ermesine yakla\u015f\u0131rken, T\u00fcrkiye ve Suriye ordular\u0131 SDG kontrol\u00fcndeki s\u0131n\u0131r ve b\u00f6lgelerde geni\u015f \u00e7apl\u0131 hareketlilik sergilemi\u015ftir.<\/p>\n<p>B\u00f6lgesel medya organlar\u0131 bu ad\u0131mlar\u0131 SDG&#8217;nin y\u00fck\u00fcml\u00fcl\u00fcklerini yerine getirmemesi durumunda ortak bir askeri operasyon haz\u0131rl\u0131\u011f\u0131 olarak yorumlamaktad\u0131r.<\/p>\n<p>\ud83d\udc48\ud83c\udffbArkada\u015f\u0131m\u0131z\u0131n bu konu hakk\u0131ndaki haberini inceleyelim.\ud83d\udc49\ud83c\udffb<\/p>\n<p>T\u00fcrk ve Suriye ordular\u0131, Suriye Demokratik G\u00fc\u00e7leri&#8217;nin (SDG) temas hatlar\u0131n\u0131 ve kontrol etti\u011fi b\u00f6lgeleri kapsaml\u0131 bir \u015fekilde g\u00fc\u00e7lendirmi\u015ftir.<\/p>\n<p>Bu hareketlilik ortak bir askeri operasyonun \u00f6n haz\u0131rl\u0131\u011f\u0131 olabilir.<\/p>\n<p>\u015eii Haber Ajans\u0131&#8217;n\u0131n el-\u015eark el-Evsat&#8217;a dayand\u0131rd\u0131\u011f\u0131 haberine g\u00f6re, T\u00fcrk medyas\u0131, Afrin, Res\u00fclayn ve Halep&#8217;in kuzeyinden M\u00fcnbi\u00e7 y\u00f6n\u00fcne do\u011fru hareket eden askeri te\u00e7hizat konvoylar\u0131n\u0131n g\u00f6r\u00fcnt\u00fclerini yay\u0131nlad\u0131.<\/p>\n<p>Suriye ordusu da Deyrizor&#8217;daki kuvvetlerini g\u00fc\u00e7lendirmi\u015f ve top\u00e7u sistemleri ve insans\u0131z hava ara\u00e7lar\u0131 d\u00e2hil olmak \u00fczere ekipmanlar\u0131 konu\u015fland\u0131rm\u0131\u015ft\u0131r.<\/p>\n<p>Bu kuvvetler a\u011f\u0131rl\u0131kl\u0131 olarak 86. Alay unsurlar\u0131ndan olu\u015fmakta ve Deyrizor&#8217;un bat\u0131 b\u00f6lgelerine sevk edilmi\u015ftir.<\/p>\n<p>&#8220;T\u00fcrkiye&#8221; gazetesi, gerekti\u011finde 7 alay ve 80 bin Suriyeli askerin operasyona kat\u0131laca\u011f\u0131n\u0131, helikopterler, insans\u0131z hava ara\u00e7lar\u0131 ve sava\u015f u\u00e7aklar\u0131n\u0131n da bu birimlere destek verece\u011fini bildirdi.<\/p>\n<p>SDG kontrol\u00fcndeki b\u00f6lgelerde, Arap a\u015firetleri, bu g\u00fc\u00e7lerin etkisini s\u0131n\u0131rlamak i\u00e7in \u015eam h\u00fck\u00fcmetiyle i\u015f birli\u011fi yapmaktad\u0131r. T\u00fcrkiye Genelkurmay Ba\u015fkan\u0131n\u0131n, Suriyeli \u00fcst d\u00fczey yetkililerle g\u00f6r\u00fc\u015fmesi, saha hareketlili\u011fi ile e\u015f zamanl\u0131 olarak ger\u00e7ekle\u015fti.<\/p>\n<p>Bu ad\u0131mlar, SDG&#8217;ye bask\u0131 yapma ve onlar\u0131 Suriye ordusuna entegre olmaya te\u015fvik etme amac\u0131yla ger\u00e7ekle\u015ftirilen diplomatik temaslarla birlikte ele al\u0131nmaktad\u0131r.<\/p>\n<p>Uzmanlar, bu geli\u015fmelerin T\u00fcrkiye ve Suriye&#8217;nin, kuzey ve do\u011fu Suriye&#8217;nin hassas b\u00f6lgelerinde dikkatli bir planlamayla ortak bir operasyona haz\u0131rland\u0131\u011f\u0131n\u0131 g\u00f6sterdi\u011fini belirtmektedir.<\/p>\n","protected":false},"excerpt":{"rendered":"<p>T\u00fcrk ve Suriye Ordular\u0131n\u0131n, Suriye Demokratik G\u00fc\u00e7leri (SDG) Kar\u015f\u0131s\u0131nda Ortak Askeri Operasyon \u0130\u00e7in Geni\u015f \u00c7apl\u0131 Hareketlili\u011fi SDG&#8217;nin Suriye ordusuna entegre edilmesi i\u00e7in belirlenen tarihin sona ermesine yakla\u015f\u0131rken, T\u00fcrkiye ve Suriye ordular\u0131 SDG kontrol\u00fcndeki s\u0131n\u0131r ve b\u00f6lgelerde geni\u015f \u00e7apl\u0131 hareketlilik sergilemi\u015ftir. B\u00f6lgesel medya organlar\u0131 bu ad\u0131mlar\u0131 SDG&#8217;nin y\u00fck\u00fcml\u00fcl\u00fcklerini yerine getirmemesi durumunda ortak bir askeri operasyon haz\u0131rl\u0131\u011f\u0131 &hellip;<\/p>\n","protected":false},"author":1,"featured_media":119601,"comment_status":"open","ping_status":"open","sticky":false,"template":"","format":"standard","meta":{"rop_custom_images_group":[],"rop_custom_messages_group":[],"rop_publish_now":"initial","rop_publish_now_accounts":[],"rop_publish_now_history":[],"rop_publish_now_status":"pending","footnotes":""},"categories":[13],"tags":[],"class_list":["post-119602","post","type-post","status-publish","format-standard","has-post-thumbnail","hentry","category-syria"],"_wp_page_template":null,"_wp_attached_file":null,"_wp_attachment_metadata":null,"_edit_lock":null,"yoast_head":"<!-- This site is optimized with the Yoast SEO plugin v24.3 - https:\/\/yoast.com\/wordpress\/plugins\/seo\/ -->\n<title>T\u00fcrk ve Suriye Ordular\u0131n\u0131n, Suriye Demokratik G\u00fc\u00e7leri (SDG) Kar\u015f\u0131s\u0131nda Ortak Askeri Operasyon \u0130\u00e7in Geni\u015f \u00c7apl\u0131 Hareketlili\u011fi - ShiaWaves Turkish - \u015eia Haberleri<\/title>\n<meta name=\"robots\" content=\"index, follow, max-snippet:-1, max-image-preview:large, max-video-preview:-1\" \/>\n<link rel=\"canonical\" href=\"https:\/\/shiawaves.com\/turkish\/2025\/12\/17\/turk-ve-suriye-ordularinin-suriye-demokratik-gucleri-sdg-karsisinda-ortak-askeri-operasyon-icin-genis-capli-hareketliligi\/\" \/>\n<meta property=\"og:locale\" content=\"tr_TR\" \/>\n<meta property=\"og:type\" content=\"article\" \/>\n<meta property=\"og:title\" content=\"T\u00fcrk ve Suriye Ordular\u0131n\u0131n, Suriye Demokratik G\u00fc\u00e7leri (SDG) Kar\u015f\u0131s\u0131nda Ortak Askeri Operasyon \u0130\u00e7in Geni\u015f \u00c7apl\u0131 Hareketlili\u011fi - ShiaWaves Turkish - \u015eia Haberleri\" \/>\n<meta property=\"og:description\" content=\"T\u00fcrk ve Suriye Ordular\u0131n\u0131n, Suriye Demokratik G\u00fc\u00e7leri (SDG) Kar\u015f\u0131s\u0131nda Ortak Askeri Operasyon \u0130\u00e7in Geni\u015f \u00c7apl\u0131 Hareketlili\u011fi SDG&#8217;nin Suriye ordusuna entegre edilmesi i\u00e7in belirlenen tarihin sona ermesine yakla\u015f\u0131rken, T\u00fcrkiye ve Suriye ordular\u0131 SDG kontrol\u00fcndeki s\u0131n\u0131r ve b\u00f6lgelerde geni\u015f \u00e7apl\u0131 hareketlilik sergilemi\u015ftir. B\u00f6lgesel medya organlar\u0131 bu ad\u0131mlar\u0131 SDG&#8217;nin y\u00fck\u00fcml\u00fcl\u00fcklerini yerine getirmemesi durumunda ortak bir askeri operasyon haz\u0131rl\u0131\u011f\u0131 &hellip;\" \/>\n<meta property=\"og:url\" content=\"https:\/\/shiawaves.com\/turkish\/2025\/12\/17\/turk-ve-suriye-ordularinin-suriye-demokratik-gucleri-sdg-karsisinda-ortak-askeri-operasyon-icin-genis-capli-hareketliligi\/\" \/>\n<meta property=\"og:site_name\" content=\"ShiaWaves Turkish - \u015eia Haberleri\" \/>\n<meta property=\"article:published_time\" content=\"2025-12-17T11:00:37+00:00\" \/>\n<meta name=\"author\" content=\"modir\" \/>\n<meta name=\"twitter:card\" content=\"summary_large_image\" \/>\n<meta name=\"twitter:label1\" content=\"Yazan:\" \/>\n\t<meta name=\"twitter:data1\" content=\"modir\" \/>\n\t<meta name=\"twitter:label2\" content=\"Tahmini okuma s\u00fcresi\" \/>\n\t<meta name=\"twitter:data2\" content=\"2 dakika\" \/>\n<script type=\"application\/ld+json\" class=\"yoast-schema-graph\">{\"@context\":\"https:\/\/schema.org\",\"@graph\":[{\"@type\":\"WebPage\",\"@id\":\"https:\/\/shiawaves.com\/turkish\/2025\/12\/17\/turk-ve-suriye-ordularinin-suriye-demokratik-gucleri-sdg-karsisinda-ortak-askeri-operasyon-icin-genis-capli-hareketliligi\/\",\"url\":\"https:\/\/shiawaves.com\/turkish\/2025\/12\/17\/turk-ve-suriye-ordularinin-suriye-demokratik-gucleri-sdg-karsisinda-ortak-askeri-operasyon-icin-genis-capli-hareketliligi\/\",\"name\":\"T\u00fcrk ve Suriye Ordular\u0131n\u0131n, Suriye Demokratik G\u00fc\u00e7leri (SDG) Kar\u015f\u0131s\u0131nda Ortak Askeri Operasyon \u0130\u00e7in Geni\u015f \u00c7apl\u0131 Hareketlili\u011fi - ShiaWaves Turkish - \u015eia Haberleri\",\"isPartOf\":{\"@id\":\"https:\/\/shiawaves.com\/turkish\/#website\"},\"primaryImageOfPage\":{\"@id\":\"https:\/\/shiawaves.com\/turkish\/2025\/12\/17\/turk-ve-suriye-ordularinin-suriye-demokratik-gucleri-sdg-karsisinda-ortak-askeri-operasyon-icin-genis-capli-hareketliligi\/#primaryimage\"},\"image\":{\"@id\":\"https:\/\/shiawaves.com\/turkish\/2025\/12\/17\/turk-ve-suriye-ordularinin-suriye-demokratik-gucleri-sdg-karsisinda-ortak-askeri-operasyon-icin-genis-capli-hareketliligi\/#primaryimage\"},\"thumbnailUrl\":\"https:\/\/shiawaves.com\/turkish\/wp-content\/uploads\/sites\/6\/2025\/12\/file_2325.jpg\",\"datePublished\":\"2025-12-17T11:00:37+00:00\",\"dateModified\":\"2025-12-17T11:00:37+00:00\",\"author\":{\"@id\":\"https:\/\/shiawaves.com\/turkish\/#\/schema\/person\/9f68d5023e948086b9348fba5aebd954\"},\"breadcrumb\":{\"@id\":\"https:\/\/shiawaves.com\/turkish\/2025\/12\/17\/turk-ve-suriye-ordularinin-suriye-demokratik-gucleri-sdg-karsisinda-ortak-askeri-operasyon-icin-genis-capli-hareketliligi\/#breadcrumb\"},\"inLanguage\":\"tr\",\"potentialAction\":[{\"@type\":\"ReadAction\",\"target\":[\"https:\/\/shiawaves.com\/turkish\/2025\/12\/17\/turk-ve-suriye-ordularinin-suriye-demokratik-gucleri-sdg-karsisinda-ortak-askeri-operasyon-icin-genis-capli-hareketliligi\/\"]}]},{\"@type\":\"ImageObject\",\"inLanguage\":\"tr\",\"@id\":\"https:\/\/shiawaves.com\/turkish\/2025\/12\/17\/turk-ve-suriye-ordularinin-suriye-demokratik-gucleri-sdg-karsisinda-ortak-askeri-operasyon-icin-genis-capli-hareketliligi\/#primaryimage\",\"url\":\"https:\/\/shiawaves.com\/turkish\/wp-content\/uploads\/sites\/6\/2025\/12\/file_2325.jpg\",\"contentUrl\":\"https:\/\/shiawaves.com\/turkish\/wp-content\/uploads\/sites\/6\/2025\/12\/file_2325.jpg\",\"width\":770,\"height\":503},{\"@type\":\"BreadcrumbList\",\"@id\":\"https:\/\/shiawaves.com\/turkish\/2025\/12\/17\/turk-ve-suriye-ordularinin-suriye-demokratik-gucleri-sdg-karsisinda-ortak-askeri-operasyon-icin-genis-capli-hareketliligi\/#breadcrumb\",\"itemListElement\":[{\"@type\":\"ListItem\",\"position\":1,\"name\":\"Home\",\"item\":\"https:\/\/shiawaves.com\/turkish\/\"},{\"@type\":\"ListItem\",\"position\":2,\"name\":\"T\u00fcrk ve Suriye Ordular\u0131n\u0131n, Suriye Demokratik G\u00fc\u00e7leri (SDG) Kar\u015f\u0131s\u0131nda Ortak Askeri Operasyon \u0130\u00e7in Geni\u015f \u00c7apl\u0131 Hareketlili\u011fi\"}]},{\"@type\":\"WebSite\",\"@id\":\"https:\/\/shiawaves.com\/turkish\/#website\",\"url\":\"https:\/\/shiawaves.com\/turkish\/\",\"name\":\"ShiaWaves Turkish - \u015eia Haberleri\",\"description\":\"\",\"potentialAction\":[{\"@type\":\"SearchAction\",\"target\":{\"@type\":\"EntryPoint\",\"urlTemplate\":\"https:\/\/shiawaves.com\/turkish\/?s={search_term_string}\"},\"query-input\":{\"@type\":\"PropertyValueSpecification\",\"valueRequired\":true,\"valueName\":\"search_term_string\"}}],\"inLanguage\":\"tr\"},{\"@type\":\"Person\",\"@id\":\"https:\/\/shiawaves.com\/turkish\/#\/schema\/person\/9f68d5023e948086b9348fba5aebd954\",\"name\":\"modir\",\"image\":{\"@type\":\"ImageObject\",\"inLanguage\":\"tr\",\"@id\":\"https:\/\/shiawaves.com\/turkish\/#\/schema\/person\/image\/\",\"url\":\"https:\/\/secure.gravatar.com\/avatar\/8e76f93cdbdd480bd8918d1e0e1d938664c9cb1516c2a57a2b96fe50b507a6b9?s=96&d=mm&r=g\",\"contentUrl\":\"https:\/\/secure.gravatar.com\/avatar\/8e76f93cdbdd480bd8918d1e0e1d938664c9cb1516c2a57a2b96fe50b507a6b9?s=96&d=mm&r=g\",\"caption\":\"modir\"},\"sameAs\":[\"https:\/\/shiawaves.com\"],\"url\":\"https:\/\/shiawaves.com\/turkish\/author\/modir\/\"}]}<\/script>\n<!-- \/ Yoast SEO plugin. -->","yoast_head_json":{"title":"T\u00fcrk ve Suriye Ordular\u0131n\u0131n, Suriye Demokratik G\u00fc\u00e7leri (SDG) Kar\u015f\u0131s\u0131nda Ortak Askeri Operasyon \u0130\u00e7in Geni\u015f \u00c7apl\u0131 Hareketlili\u011fi - ShiaWaves Turkish - \u015eia Haberleri","robots":{"index":"index","follow":"follow","max-snippet":"max-snippet:-1","max-image-preview":"max-image-preview:large","max-video-preview":"max-video-preview:-1"},"canonical":"https:\/\/shiawaves.com\/turkish\/2025\/12\/17\/turk-ve-suriye-ordularinin-suriye-demokratik-gucleri-sdg-karsisinda-ortak-askeri-operasyon-icin-genis-capli-hareketliligi\/","og_locale":"tr_TR","og_type":"article","og_title":"T\u00fcrk ve Suriye Ordular\u0131n\u0131n, Suriye Demokratik G\u00fc\u00e7leri (SDG) Kar\u015f\u0131s\u0131nda Ortak Askeri Operasyon \u0130\u00e7in Geni\u015f \u00c7apl\u0131 Hareketlili\u011fi - ShiaWaves Turkish - \u015eia Haberleri","og_description":"T\u00fcrk ve Suriye Ordular\u0131n\u0131n, Suriye Demokratik G\u00fc\u00e7leri (SDG) Kar\u015f\u0131s\u0131nda Ortak Askeri Operasyon \u0130\u00e7in Geni\u015f \u00c7apl\u0131 Hareketlili\u011fi SDG&#8217;nin Suriye ordusuna entegre edilmesi i\u00e7in belirlenen tarihin sona ermesine yakla\u015f\u0131rken, T\u00fcrkiye ve Suriye ordular\u0131 SDG kontrol\u00fcndeki s\u0131n\u0131r ve b\u00f6lgelerde geni\u015f \u00e7apl\u0131 hareketlilik sergilemi\u015ftir. B\u00f6lgesel medya organlar\u0131 bu ad\u0131mlar\u0131 SDG&#8217;nin y\u00fck\u00fcml\u00fcl\u00fcklerini yerine getirmemesi durumunda ortak bir askeri operasyon haz\u0131rl\u0131\u011f\u0131 &hellip;","og_url":"https:\/\/shiawaves.com\/turkish\/2025\/12\/17\/turk-ve-suriye-ordularinin-suriye-demokratik-gucleri-sdg-karsisinda-ortak-askeri-operasyon-icin-genis-capli-hareketliligi\/","og_site_name":"ShiaWaves Turkish - \u015eia Haberleri","article_published_time":"2025-12-17T11:00:37+00:00","author":"modir","twitter_card":"summary_large_image","twitter_misc":{"Yazan:":"modir","Tahmini okuma s\u00fcresi":"2 dakika"},"schema":{"@context":"https:\/\/schema.org","@graph":[{"@type":"WebPage","@id":"https:\/\/shiawaves.com\/turkish\/2025\/12\/17\/turk-ve-suriye-ordularinin-suriye-demokratik-gucleri-sdg-karsisinda-ortak-askeri-operasyon-icin-genis-capli-hareketliligi\/","url":"https:\/\/shiawaves.com\/turkish\/2025\/12\/17\/turk-ve-suriye-ordularinin-suriye-demokratik-gucleri-sdg-karsisinda-ortak-askeri-operasyon-icin-genis-capli-hareketliligi\/","name":"T\u00fcrk ve Suriye Ordular\u0131n\u0131n, Suriye Demokratik G\u00fc\u00e7leri (SDG) Kar\u015f\u0131s\u0131nda Ortak Askeri Operasyon \u0130\u00e7in Geni\u015f \u00c7apl\u0131 Hareketlili\u011fi - ShiaWaves Turkish - \u015eia Haberleri","isPartOf":{"@id":"https:\/\/shiawaves.com\/turkish\/#website"},"primaryImageOfPage":{"@id":"https:\/\/shiawaves.com\/turkish\/2025\/12\/17\/turk-ve-suriye-ordularinin-suriye-demokratik-gucleri-sdg-karsisinda-ortak-askeri-operasyon-icin-genis-capli-hareketliligi\/#primaryimage"},"image":{"@id":"https:\/\/shiawaves.com\/turkish\/2025\/12\/17\/turk-ve-suriye-ordularinin-suriye-demokratik-gucleri-sdg-karsisinda-ortak-askeri-operasyon-icin-genis-capli-hareketliligi\/#primaryimage"},"thumbnailUrl":"https:\/\/shiawaves.com\/turkish\/wp-content\/uploads\/sites\/6\/2025\/12\/file_2325.jpg","datePublished":"2025-12-17T11:00:37+00:00","dateModified":"2025-12-17T11:00:37+00:00","author":{"@id":"https:\/\/shiawaves.com\/turkish\/#\/schema\/person\/9f68d5023e948086b9348fba5aebd954"},"breadcrumb":{"@id":"https:\/\/shiawaves.com\/turkish\/2025\/12\/17\/turk-ve-suriye-ordularinin-suriye-demokratik-gucleri-sdg-karsisinda-ortak-askeri-operasyon-icin-genis-capli-hareketliligi\/#breadcrumb"},"inLanguage":"tr","potentialAction":[{"@type":"ReadAction","target":["https:\/\/shiawaves.com\/turkish\/2025\/12\/17\/turk-ve-suriye-ordularinin-suriye-demokratik-gucleri-sdg-karsisinda-ortak-askeri-operasyon-icin-genis-capli-hareketliligi\/"]}]},{"@type":"ImageObject","inLanguage":"tr","@id":"https:\/\/shiawaves.com\/turkish\/2025\/12\/17\/turk-ve-suriye-ordularinin-suriye-demokratik-gucleri-sdg-karsisinda-ortak-askeri-operasyon-icin-genis-capli-hareketliligi\/#primaryimage","url":"https:\/\/shiawaves.com\/turkish\/wp-content\/uploads\/sites\/6\/2025\/12\/file_2325.jpg","contentUrl":"https:\/\/shiawaves.com\/turkish\/wp-content\/uploads\/sites\/6\/2025\/12\/file_2325.jpg","width":770,"height":503},{"@type":"BreadcrumbList","@id":"https:\/\/shiawaves.com\/turkish\/2025\/12\/17\/turk-ve-suriye-ordularinin-suriye-demokratik-gucleri-sdg-karsisinda-ortak-askeri-operasyon-icin-genis-capli-hareketliligi\/#breadcrumb","itemListElement":[{"@type":"ListItem","position":1,"name":"Home","item":"https:\/\/shiawaves.com\/turkish\/"},{"@type":"ListItem","position":2,"name":"T\u00fcrk ve Suriye Ordular\u0131n\u0131n, Suriye Demokratik G\u00fc\u00e7leri (SDG) Kar\u015f\u0131s\u0131nda Ortak Askeri Operasyon \u0130\u00e7in Geni\u015f \u00c7apl\u0131 Hareketlili\u011fi"}]},{"@type":"WebSite","@id":"https:\/\/shiawaves.com\/turkish\/#website","url":"https:\/\/shiawaves.com\/turkish\/","name":"ShiaWaves Turkish - \u015eia Haberleri","description":"","potentialAction":[{"@type":"SearchAction","target":{"@type":"EntryPoint","urlTemplate":"https:\/\/shiawaves.com\/turkish\/?s={search_term_string}"},"query-input":{"@type":"PropertyValueSpecification","valueRequired":true,"valueName":"search_term_string"}}],"inLanguage":"tr"},{"@type":"Person","@id":"https:\/\/shiawaves.com\/turkish\/#\/schema\/person\/9f68d5023e948086b9348fba5aebd954","name":"modir","image":{"@type":"ImageObject","inLanguage":"tr","@id":"https:\/\/shiawaves.com\/turkish\/#\/schema\/person\/image\/","url":"https:\/\/secure.gravatar.com\/avatar\/8e76f93cdbdd480bd8918d1e0e1d938664c9cb1516c2a57a2b96fe50b507a6b9?s=96&d=mm&r=g","contentUrl":"https:\/\/secure.gravatar.com\/avatar\/8e76f93cdbdd480bd8918d1e0e1d938664c9cb1516c2a57a2b96fe50b507a6b9?s=96&d=mm&r=g","caption":"modir"},"sameAs":["https:\/\/shiawaves.com"],"url":"https:\/\/shiawaves.com\/turkish\/author\/modir\/"}]}},"_links":{"self":[{"href":"https:\/\/shiawaves.com\/turkish\/wp-json\/wp\/v2\/posts\/119602","targetHints":{"allow":["GET"]}}],"collection":[{"href":"https:\/\/shiawaves.com\/turkish\/wp-json\/wp\/v2\/posts"}],"about":[{"href":"https:\/\/shiawaves.com\/turkish\/wp-json\/wp\/v2\/types\/post"}],"author":[{"embeddable":true,"href":"https:\/\/shiawaves.com\/turkish\/wp-json\/wp\/v2\/users\/1"}],"replies":[{"embeddable":true,"href":"https:\/\/shiawaves.com\/turkish\/wp-json\/wp\/v2\/comments?post=119602"}],"version-history":[{"count":0,"href":"https:\/\/shiawaves.com\/turkish\/wp-json\/wp\/v2\/posts\/119602\/revisions"}],"wp:featuredmedia":[{"embeddable":true,"href":"https:\/\/shiawaves.com\/turkish\/wp-json\/wp\/v2\/media\/119601"}],"wp:attachment":[{"href":"https:\/\/shiawaves.com\/turkish\/wp-json\/wp\/v2\/media?parent=119602"}],"wp:term":[{"taxonomy":"category","embeddable":true,"href":"https:\/\/shiawaves.com\/turkish\/wp-json\/wp\/v2\/categories?post=119602"},{"taxonomy":"post_tag","embeddable":true,"href":"https:\/\/shiawaves.com\/turkish\/wp-json\/wp\/v2\/tags?post=119602"}],"curies":[{"name":"wp","href":"https:\/\/api.w.org\/{rel}","templated":true}]}}