{"id":119544,"date":"2025-12-14T23:30:28","date_gmt":"2025-12-14T20:30:28","guid":{"rendered":"https:\/\/shiawaves.com\/turkish\/2025\/12\/14\/suriyenin-sahil-sehirlerinde-alevilerin-yaygin-grevi-onur-ve-vatandaslik-haklarina-destek\/"},"modified":"2025-12-14T23:30:28","modified_gmt":"2025-12-14T20:30:28","slug":"suriyenin-sahil-sehirlerinde-alevilerin-yaygin-grevi-onur-ve-vatandaslik-haklarina-destek","status":"publish","type":"post","link":"https:\/\/shiawaves.com\/turkish\/2025\/12\/14\/suriyenin-sahil-sehirlerinde-alevilerin-yaygin-grevi-onur-ve-vatandaslik-haklarina-destek\/","title":{"rendered":"Suriye&#8217;nin Sahil \u015eehirlerinde Alevilerin Yayg\u0131n Grevi; Onur ve Vatanda\u015fl\u0131k Haklar\u0131na Destek"},"content":{"rendered":"<p>Suriye&#8217;nin Sahil \u015eehirlerinde Alevilerin Yayg\u0131n Grevi; Onur ve Vatanda\u015fl\u0131k Haklar\u0131na Destek<\/p>\n<p>Suriye&#8217;nin Lazkiye, Tartus ve Cebla gibi sahil \u015fehirlerinde ya\u015fayan Alevi topluluklar\u0131, son g\u00fcnlerde geni\u015f \u00e7apl\u0131 bir greve tan\u0131kl\u0131k etmi\u015ftir.<\/p>\n<p>Bu grubun mensuplar\u0131, Alevilerin Meclis Ba\u015fkan\u0131 \u015eeyh Gazal&#8217;\u0131n \u00e7a\u011fr\u0131s\u0131na yan\u0131t vererek greve ba\u011fl\u0131l\u0131klar\u0131n\u0131 ve mezhebi onur ve haklar\u0131n\u0131 savunduklar\u0131n\u0131 g\u00f6sterdiler.<\/p>\n<p>\ud83d\udc48\ud83c\udffbArkada\u015f\u0131m\u0131z\u0131n bu konu hakk\u0131ndaki haberini inceleyelim.\ud83d\udc49\ud83c\udffb<\/p>\n<p>Suriye sahilindeki Alevi topluluklar\u0131, Lazkiye, Cebla, Tartus, Safita, Al-Dariyki\u015f ve ayr\u0131ca Bat\u0131 Hama&#8217;n\u0131n k\u0131rsal b\u00f6lgeleri, \u00f6zellikle de Masyaf, son g\u00fcnlerde geni\u015f kapsaml\u0131 ve yayg\u0131n bir greve sahne olmu\u015ftur.<\/p>\n<p>\u015eii Haber Ajans\u0131&#8217;n\u0131n Middle East News kaynakl\u0131 haberine g\u00f6re, bu grev Alevilerin Meclis Ba\u015fkan\u0131 \u015eeyh Gazal&#8217;\u0131n \u00e7a\u011fr\u0131s\u0131 \u00fczerine ger\u00e7ekle\u015fti.<\/p>\n<p>O, takip\u00e7ilerinden, bask\u0131c\u0131 zulm\u00fcn ve bask\u0131lar\u0131n k\u00f6kle\u015ftirilmesine bir tepki olarak be\u015f g\u00fcn boyunca greve ba\u011fl\u0131 kalmalar\u0131n\u0131 istemi\u015fti.<\/p>\n<p>Al-Ahbar gazetesine g\u00f6re, Alevilere ait d\u00fckk\u00e2nlar ve pazarlar neredeyse tamamen kapand\u0131 ve bu durum, bu \u00e7a\u011fr\u0131ya geni\u015f kat\u0131l\u0131m\u0131 i\u015faret etmektedir.<\/p>\n<p>Ayr\u0131ca, \u015eeyh Gazal&#8217;\u0131n davetine destek olarak bir\u00e7ok dayan\u0131\u015fma mesaj\u0131 da Aleviler taraf\u0131ndan yay\u0131mland\u0131. Bu mesajlar, greve kararl\u0131 bir ba\u011fl\u0131l\u0131k ve Alevilerin onuru ve haklar\u0131n\u0131 savunma konusundaki de\u011fi\u015fmez bir duru\u015f olarak kabul edilmi\u015ftir.<\/p>\n<p>Suriye \u0130nsan Haklar\u0131 G\u00f6zlemevi, greve ek olarak, bilinmeyen baz\u0131 taraflar\u0131n Al-Dariyki\u015f&#8217;te mezhepsel ve k\u0131\u015fk\u0131rt\u0131c\u0131 nitelikte sloganlar ve afi\u015fler asma giri\u015fiminde bulundu\u011funu bildirdi; bu yerler, Alevi ve H\u0131ristiyan ailelerin ya\u015fam alanlar\u0131d\u0131r.<\/p>\n<p>Bu grev, Suriye&#8217;nin \u00e7e\u015fitli b\u00f6lgelerinde \u00f6nceki rejimin \u00f6zg\u00fcrle\u015fme ve d\u00fc\u015f\u00fc\u015f y\u0131l d\u00f6n\u00fcmleri kutlan\u0131rken ger\u00e7ekle\u015fiyor ve ayn\u0131 zamanda sahil \u015fehirlerindeki siyasal ve toplumsal atmosfer mezhepsel gerilimlerden etkileniyor.<\/p>\n<p>Yerel aktivistler ve analistler, Alevilerin grevlerinin, bu grubun yeni bask\u0131lara kar\u015f\u0131 onur ve haklar\u0131n\u0131 savunma azmini g\u00f6sterdi\u011fini ve Suriye&#8217;nin i\u00e7indeki geli\u015fmeler \u00fczerinde geni\u015f sosyal ve siyasi sonu\u00e7lar do\u011furabilece\u011fini d\u00fc\u015f\u00fcnmektedirler.<\/p>\n","protected":false},"excerpt":{"rendered":"<p>Suriye&#8217;nin Sahil \u015eehirlerinde Alevilerin Yayg\u0131n Grevi; Onur ve Vatanda\u015fl\u0131k Haklar\u0131na Destek Suriye&#8217;nin Lazkiye, Tartus ve Cebla gibi sahil \u015fehirlerinde ya\u015fayan Alevi topluluklar\u0131, son g\u00fcnlerde geni\u015f \u00e7apl\u0131 bir greve tan\u0131kl\u0131k etmi\u015ftir. Bu grubun mensuplar\u0131, Alevilerin Meclis Ba\u015fkan\u0131 \u015eeyh Gazal&#8217;\u0131n \u00e7a\u011fr\u0131s\u0131na yan\u0131t vererek greve ba\u011fl\u0131l\u0131klar\u0131n\u0131 ve mezhebi onur ve haklar\u0131n\u0131 savunduklar\u0131n\u0131 g\u00f6sterdiler. \ud83d\udc48\ud83c\udffbArkada\u015f\u0131m\u0131z\u0131n bu konu hakk\u0131ndaki haberini &hellip;<\/p>\n","protected":false},"author":1,"featured_media":119543,"comment_status":"open","ping_status":"open","sticky":false,"template":"","format":"standard","meta":{"rop_custom_images_group":[],"rop_custom_messages_group":[],"rop_publish_now":"initial","rop_publish_now_accounts":[],"rop_publish_now_history":[],"rop_publish_now_status":"pending","footnotes":""},"categories":[13],"tags":[],"class_list":["post-119544","post","type-post","status-publish","format-standard","has-post-thumbnail","hentry","category-syria"],"_wp_page_template":null,"_wp_attached_file":null,"_wp_attachment_metadata":null,"_edit_lock":null,"yoast_head":"<!-- This site is optimized with the Yoast SEO plugin v24.3 - https:\/\/yoast.com\/wordpress\/plugins\/seo\/ -->\n<title>Suriye&#039;nin Sahil \u015eehirlerinde Alevilerin Yayg\u0131n Grevi; Onur ve Vatanda\u015fl\u0131k Haklar\u0131na Destek - ShiaWaves Turkish - \u015eia Haberleri<\/title>\n<meta name=\"robots\" content=\"index, follow, max-snippet:-1, max-image-preview:large, max-video-preview:-1\" \/>\n<link rel=\"canonical\" href=\"https:\/\/shiawaves.com\/turkish\/2025\/12\/14\/suriyenin-sahil-sehirlerinde-alevilerin-yaygin-grevi-onur-ve-vatandaslik-haklarina-destek\/\" \/>\n<meta property=\"og:locale\" content=\"tr_TR\" \/>\n<meta property=\"og:type\" content=\"article\" \/>\n<meta property=\"og:title\" content=\"Suriye&#039;nin Sahil \u015eehirlerinde Alevilerin Yayg\u0131n Grevi; Onur ve Vatanda\u015fl\u0131k Haklar\u0131na Destek - ShiaWaves Turkish - \u015eia Haberleri\" \/>\n<meta property=\"og:description\" content=\"Suriye&#8217;nin Sahil \u015eehirlerinde Alevilerin Yayg\u0131n Grevi; Onur ve Vatanda\u015fl\u0131k Haklar\u0131na Destek Suriye&#8217;nin Lazkiye, Tartus ve Cebla gibi sahil \u015fehirlerinde ya\u015fayan Alevi topluluklar\u0131, son g\u00fcnlerde geni\u015f \u00e7apl\u0131 bir greve tan\u0131kl\u0131k etmi\u015ftir. Bu grubun mensuplar\u0131, Alevilerin Meclis Ba\u015fkan\u0131 \u015eeyh Gazal&#8217;\u0131n \u00e7a\u011fr\u0131s\u0131na yan\u0131t vererek greve ba\u011fl\u0131l\u0131klar\u0131n\u0131 ve mezhebi onur ve haklar\u0131n\u0131 savunduklar\u0131n\u0131 g\u00f6sterdiler. \ud83d\udc48\ud83c\udffbArkada\u015f\u0131m\u0131z\u0131n bu konu hakk\u0131ndaki haberini &hellip;\" \/>\n<meta property=\"og:url\" content=\"https:\/\/shiawaves.com\/turkish\/2025\/12\/14\/suriyenin-sahil-sehirlerinde-alevilerin-yaygin-grevi-onur-ve-vatandaslik-haklarina-destek\/\" \/>\n<meta property=\"og:site_name\" content=\"ShiaWaves Turkish - \u015eia Haberleri\" \/>\n<meta property=\"article:published_time\" content=\"2025-12-14T20:30:28+00:00\" \/>\n<meta name=\"author\" content=\"modir\" \/>\n<meta name=\"twitter:card\" content=\"summary_large_image\" \/>\n<meta name=\"twitter:label1\" content=\"Yazan:\" \/>\n\t<meta name=\"twitter:data1\" content=\"modir\" \/>\n\t<meta name=\"twitter:label2\" content=\"Tahmini okuma s\u00fcresi\" \/>\n\t<meta name=\"twitter:data2\" content=\"2 dakika\" \/>\n<script type=\"application\/ld+json\" class=\"yoast-schema-graph\">{\"@context\":\"https:\/\/schema.org\",\"@graph\":[{\"@type\":\"WebPage\",\"@id\":\"https:\/\/shiawaves.com\/turkish\/2025\/12\/14\/suriyenin-sahil-sehirlerinde-alevilerin-yaygin-grevi-onur-ve-vatandaslik-haklarina-destek\/\",\"url\":\"https:\/\/shiawaves.com\/turkish\/2025\/12\/14\/suriyenin-sahil-sehirlerinde-alevilerin-yaygin-grevi-onur-ve-vatandaslik-haklarina-destek\/\",\"name\":\"Suriye'nin Sahil \u015eehirlerinde Alevilerin Yayg\u0131n Grevi; Onur ve Vatanda\u015fl\u0131k Haklar\u0131na Destek - ShiaWaves Turkish - \u015eia Haberleri\",\"isPartOf\":{\"@id\":\"https:\/\/shiawaves.com\/turkish\/#website\"},\"primaryImageOfPage\":{\"@id\":\"https:\/\/shiawaves.com\/turkish\/2025\/12\/14\/suriyenin-sahil-sehirlerinde-alevilerin-yaygin-grevi-onur-ve-vatandaslik-haklarina-destek\/#primaryimage\"},\"image\":{\"@id\":\"https:\/\/shiawaves.com\/turkish\/2025\/12\/14\/suriyenin-sahil-sehirlerinde-alevilerin-yaygin-grevi-onur-ve-vatandaslik-haklarina-destek\/#primaryimage\"},\"thumbnailUrl\":\"https:\/\/shiawaves.com\/turkish\/wp-content\/uploads\/sites\/6\/2025\/12\/file_2296.jpg\",\"datePublished\":\"2025-12-14T20:30:28+00:00\",\"dateModified\":\"2025-12-14T20:30:28+00:00\",\"author\":{\"@id\":\"https:\/\/shiawaves.com\/turkish\/#\/schema\/person\/9f68d5023e948086b9348fba5aebd954\"},\"breadcrumb\":{\"@id\":\"https:\/\/shiawaves.com\/turkish\/2025\/12\/14\/suriyenin-sahil-sehirlerinde-alevilerin-yaygin-grevi-onur-ve-vatandaslik-haklarina-destek\/#breadcrumb\"},\"inLanguage\":\"tr\",\"potentialAction\":[{\"@type\":\"ReadAction\",\"target\":[\"https:\/\/shiawaves.com\/turkish\/2025\/12\/14\/suriyenin-sahil-sehirlerinde-alevilerin-yaygin-grevi-onur-ve-vatandaslik-haklarina-destek\/\"]}]},{\"@type\":\"ImageObject\",\"inLanguage\":\"tr\",\"@id\":\"https:\/\/shiawaves.com\/turkish\/2025\/12\/14\/suriyenin-sahil-sehirlerinde-alevilerin-yaygin-grevi-onur-ve-vatandaslik-haklarina-destek\/#primaryimage\",\"url\":\"https:\/\/shiawaves.com\/turkish\/wp-content\/uploads\/sites\/6\/2025\/12\/file_2296.jpg\",\"contentUrl\":\"https:\/\/shiawaves.com\/turkish\/wp-content\/uploads\/sites\/6\/2025\/12\/file_2296.jpg\",\"width\":780,\"height\":470},{\"@type\":\"BreadcrumbList\",\"@id\":\"https:\/\/shiawaves.com\/turkish\/2025\/12\/14\/suriyenin-sahil-sehirlerinde-alevilerin-yaygin-grevi-onur-ve-vatandaslik-haklarina-destek\/#breadcrumb\",\"itemListElement\":[{\"@type\":\"ListItem\",\"position\":1,\"name\":\"Home\",\"item\":\"https:\/\/shiawaves.com\/turkish\/\"},{\"@type\":\"ListItem\",\"position\":2,\"name\":\"Suriye&#8217;nin Sahil \u015eehirlerinde Alevilerin Yayg\u0131n Grevi; Onur ve Vatanda\u015fl\u0131k Haklar\u0131na Destek\"}]},{\"@type\":\"WebSite\",\"@id\":\"https:\/\/shiawaves.com\/turkish\/#website\",\"url\":\"https:\/\/shiawaves.com\/turkish\/\",\"name\":\"ShiaWaves Turkish - \u015eia Haberleri\",\"description\":\"\",\"potentialAction\":[{\"@type\":\"SearchAction\",\"target\":{\"@type\":\"EntryPoint\",\"urlTemplate\":\"https:\/\/shiawaves.com\/turkish\/?s={search_term_string}\"},\"query-input\":{\"@type\":\"PropertyValueSpecification\",\"valueRequired\":true,\"valueName\":\"search_term_string\"}}],\"inLanguage\":\"tr\"},{\"@type\":\"Person\",\"@id\":\"https:\/\/shiawaves.com\/turkish\/#\/schema\/person\/9f68d5023e948086b9348fba5aebd954\",\"name\":\"modir\",\"image\":{\"@type\":\"ImageObject\",\"inLanguage\":\"tr\",\"@id\":\"https:\/\/shiawaves.com\/turkish\/#\/schema\/person\/image\/\",\"url\":\"https:\/\/secure.gravatar.com\/avatar\/8e76f93cdbdd480bd8918d1e0e1d938664c9cb1516c2a57a2b96fe50b507a6b9?s=96&d=mm&r=g\",\"contentUrl\":\"https:\/\/secure.gravatar.com\/avatar\/8e76f93cdbdd480bd8918d1e0e1d938664c9cb1516c2a57a2b96fe50b507a6b9?s=96&d=mm&r=g\",\"caption\":\"modir\"},\"sameAs\":[\"https:\/\/shiawaves.com\"],\"url\":\"https:\/\/shiawaves.com\/turkish\/author\/modir\/\"}]}<\/script>\n<!-- \/ Yoast SEO plugin. -->","yoast_head_json":{"title":"Suriye'nin Sahil \u015eehirlerinde Alevilerin Yayg\u0131n Grevi; Onur ve Vatanda\u015fl\u0131k Haklar\u0131na Destek - ShiaWaves Turkish - \u015eia Haberleri","robots":{"index":"index","follow":"follow","max-snippet":"max-snippet:-1","max-image-preview":"max-image-preview:large","max-video-preview":"max-video-preview:-1"},"canonical":"https:\/\/shiawaves.com\/turkish\/2025\/12\/14\/suriyenin-sahil-sehirlerinde-alevilerin-yaygin-grevi-onur-ve-vatandaslik-haklarina-destek\/","og_locale":"tr_TR","og_type":"article","og_title":"Suriye'nin Sahil \u015eehirlerinde Alevilerin Yayg\u0131n Grevi; Onur ve Vatanda\u015fl\u0131k Haklar\u0131na Destek - ShiaWaves Turkish - \u015eia Haberleri","og_description":"Suriye&#8217;nin Sahil \u015eehirlerinde Alevilerin Yayg\u0131n Grevi; Onur ve Vatanda\u015fl\u0131k Haklar\u0131na Destek Suriye&#8217;nin Lazkiye, Tartus ve Cebla gibi sahil \u015fehirlerinde ya\u015fayan Alevi topluluklar\u0131, son g\u00fcnlerde geni\u015f \u00e7apl\u0131 bir greve tan\u0131kl\u0131k etmi\u015ftir. Bu grubun mensuplar\u0131, Alevilerin Meclis Ba\u015fkan\u0131 \u015eeyh Gazal&#8217;\u0131n \u00e7a\u011fr\u0131s\u0131na yan\u0131t vererek greve ba\u011fl\u0131l\u0131klar\u0131n\u0131 ve mezhebi onur ve haklar\u0131n\u0131 savunduklar\u0131n\u0131 g\u00f6sterdiler. \ud83d\udc48\ud83c\udffbArkada\u015f\u0131m\u0131z\u0131n bu konu hakk\u0131ndaki haberini &hellip;","og_url":"https:\/\/shiawaves.com\/turkish\/2025\/12\/14\/suriyenin-sahil-sehirlerinde-alevilerin-yaygin-grevi-onur-ve-vatandaslik-haklarina-destek\/","og_site_name":"ShiaWaves Turkish - \u015eia Haberleri","article_published_time":"2025-12-14T20:30:28+00:00","author":"modir","twitter_card":"summary_large_image","twitter_misc":{"Yazan:":"modir","Tahmini okuma s\u00fcresi":"2 dakika"},"schema":{"@context":"https:\/\/schema.org","@graph":[{"@type":"WebPage","@id":"https:\/\/shiawaves.com\/turkish\/2025\/12\/14\/suriyenin-sahil-sehirlerinde-alevilerin-yaygin-grevi-onur-ve-vatandaslik-haklarina-destek\/","url":"https:\/\/shiawaves.com\/turkish\/2025\/12\/14\/suriyenin-sahil-sehirlerinde-alevilerin-yaygin-grevi-onur-ve-vatandaslik-haklarina-destek\/","name":"Suriye'nin Sahil \u015eehirlerinde Alevilerin Yayg\u0131n Grevi; Onur ve Vatanda\u015fl\u0131k Haklar\u0131na Destek - ShiaWaves Turkish - \u015eia Haberleri","isPartOf":{"@id":"https:\/\/shiawaves.com\/turkish\/#website"},"primaryImageOfPage":{"@id":"https:\/\/shiawaves.com\/turkish\/2025\/12\/14\/suriyenin-sahil-sehirlerinde-alevilerin-yaygin-grevi-onur-ve-vatandaslik-haklarina-destek\/#primaryimage"},"image":{"@id":"https:\/\/shiawaves.com\/turkish\/2025\/12\/14\/suriyenin-sahil-sehirlerinde-alevilerin-yaygin-grevi-onur-ve-vatandaslik-haklarina-destek\/#primaryimage"},"thumbnailUrl":"https:\/\/shiawaves.com\/turkish\/wp-content\/uploads\/sites\/6\/2025\/12\/file_2296.jpg","datePublished":"2025-12-14T20:30:28+00:00","dateModified":"2025-12-14T20:30:28+00:00","author":{"@id":"https:\/\/shiawaves.com\/turkish\/#\/schema\/person\/9f68d5023e948086b9348fba5aebd954"},"breadcrumb":{"@id":"https:\/\/shiawaves.com\/turkish\/2025\/12\/14\/suriyenin-sahil-sehirlerinde-alevilerin-yaygin-grevi-onur-ve-vatandaslik-haklarina-destek\/#breadcrumb"},"inLanguage":"tr","potentialAction":[{"@type":"ReadAction","target":["https:\/\/shiawaves.com\/turkish\/2025\/12\/14\/suriyenin-sahil-sehirlerinde-alevilerin-yaygin-grevi-onur-ve-vatandaslik-haklarina-destek\/"]}]},{"@type":"ImageObject","inLanguage":"tr","@id":"https:\/\/shiawaves.com\/turkish\/2025\/12\/14\/suriyenin-sahil-sehirlerinde-alevilerin-yaygin-grevi-onur-ve-vatandaslik-haklarina-destek\/#primaryimage","url":"https:\/\/shiawaves.com\/turkish\/wp-content\/uploads\/sites\/6\/2025\/12\/file_2296.jpg","contentUrl":"https:\/\/shiawaves.com\/turkish\/wp-content\/uploads\/sites\/6\/2025\/12\/file_2296.jpg","width":780,"height":470},{"@type":"BreadcrumbList","@id":"https:\/\/shiawaves.com\/turkish\/2025\/12\/14\/suriyenin-sahil-sehirlerinde-alevilerin-yaygin-grevi-onur-ve-vatandaslik-haklarina-destek\/#breadcrumb","itemListElement":[{"@type":"ListItem","position":1,"name":"Home","item":"https:\/\/shiawaves.com\/turkish\/"},{"@type":"ListItem","position":2,"name":"Suriye&#8217;nin Sahil \u015eehirlerinde Alevilerin Yayg\u0131n Grevi; Onur ve Vatanda\u015fl\u0131k Haklar\u0131na Destek"}]},{"@type":"WebSite","@id":"https:\/\/shiawaves.com\/turkish\/#website","url":"https:\/\/shiawaves.com\/turkish\/","name":"ShiaWaves Turkish - \u015eia Haberleri","description":"","potentialAction":[{"@type":"SearchAction","target":{"@type":"EntryPoint","urlTemplate":"https:\/\/shiawaves.com\/turkish\/?s={search_term_string}"},"query-input":{"@type":"PropertyValueSpecification","valueRequired":true,"valueName":"search_term_string"}}],"inLanguage":"tr"},{"@type":"Person","@id":"https:\/\/shiawaves.com\/turkish\/#\/schema\/person\/9f68d5023e948086b9348fba5aebd954","name":"modir","image":{"@type":"ImageObject","inLanguage":"tr","@id":"https:\/\/shiawaves.com\/turkish\/#\/schema\/person\/image\/","url":"https:\/\/secure.gravatar.com\/avatar\/8e76f93cdbdd480bd8918d1e0e1d938664c9cb1516c2a57a2b96fe50b507a6b9?s=96&d=mm&r=g","contentUrl":"https:\/\/secure.gravatar.com\/avatar\/8e76f93cdbdd480bd8918d1e0e1d938664c9cb1516c2a57a2b96fe50b507a6b9?s=96&d=mm&r=g","caption":"modir"},"sameAs":["https:\/\/shiawaves.com"],"url":"https:\/\/shiawaves.com\/turkish\/author\/modir\/"}]}},"_links":{"self":[{"href":"https:\/\/shiawaves.com\/turkish\/wp-json\/wp\/v2\/posts\/119544","targetHints":{"allow":["GET"]}}],"collection":[{"href":"https:\/\/shiawaves.com\/turkish\/wp-json\/wp\/v2\/posts"}],"about":[{"href":"https:\/\/shiawaves.com\/turkish\/wp-json\/wp\/v2\/types\/post"}],"author":[{"embeddable":true,"href":"https:\/\/shiawaves.com\/turkish\/wp-json\/wp\/v2\/users\/1"}],"replies":[{"embeddable":true,"href":"https:\/\/shiawaves.com\/turkish\/wp-json\/wp\/v2\/comments?post=119544"}],"version-history":[{"count":0,"href":"https:\/\/shiawaves.com\/turkish\/wp-json\/wp\/v2\/posts\/119544\/revisions"}],"wp:featuredmedia":[{"embeddable":true,"href":"https:\/\/shiawaves.com\/turkish\/wp-json\/wp\/v2\/media\/119543"}],"wp:attachment":[{"href":"https:\/\/shiawaves.com\/turkish\/wp-json\/wp\/v2\/media?parent=119544"}],"wp:term":[{"taxonomy":"category","embeddable":true,"href":"https:\/\/shiawaves.com\/turkish\/wp-json\/wp\/v2\/categories?post=119544"},{"taxonomy":"post_tag","embeddable":true,"href":"https:\/\/shiawaves.com\/turkish\/wp-json\/wp\/v2\/tags?post=119544"}],"curies":[{"name":"wp","href":"https:\/\/api.w.org\/{rel}","templated":true}]}}