{"id":119512,"date":"2025-12-13T20:30:28","date_gmt":"2025-12-13T17:30:28","guid":{"rendered":"https:\/\/shiawaves.com\/turkish\/2025\/12\/13\/cemaziyelevvel-ayinin-on-altinci-gunu-ayetullah-seyyid-hasan-sirazinin-sehadet-yildonumu\/"},"modified":"2025-12-13T20:30:28","modified_gmt":"2025-12-13T17:30:28","slug":"cemaziyelevvel-ayinin-on-altinci-gunu-ayetullah-seyyid-hasan-sirazinin-sehadet-yildonumu","status":"publish","type":"post","link":"https:\/\/shiawaves.com\/turkish\/2025\/12\/13\/cemaziyelevvel-ayinin-on-altinci-gunu-ayetullah-seyyid-hasan-sirazinin-sehadet-yildonumu\/","title":{"rendered":"Cemaziyelevvel Ay\u0131n\u0131n On Alt\u0131nc\u0131 g\u00fcn\u00fc; Ayetullah Seyyid Hasan \u015eirazi\u2019nin \u015eehadet Y\u0131ld\u00f6n\u00fcm\u00fc"},"content":{"rendered":"<p>Cemaziyelevvel Ay\u0131n\u0131n On Alt\u0131nc\u0131 g\u00fcn\u00fc; Ayetullah Seyyid Hasan \u015eirazi\u2019nin \u015eehadet Y\u0131ld\u00f6n\u00fcm\u00fc<\/p>\n<p>Cemaziyelevvel ay\u0131n\u0131n on alt\u0131nc\u0131 g\u00fcn\u00fc, Ayetullah Seyyid Hasan H\u00fcseyni \u015eirazi&#8217;nin \u015fehadetinin y\u0131l d\u00f6n\u00fcm\u00fcd\u00fcr. <\/p>\n<p>Kendisi, Ehlibeyt\u2019in haklar\u0131n\u0131 savunma ve d\u00f6nemin h\u00fck\u00fcmetlerinin zul\u00fcmlerine kar\u015f\u0131 m\u00fccadele etme yolunda din\u00ee ve \u0130slami ideallerine kendini feda etmi\u015ftir.<\/p>\n<p>\ud83d\udc48\ud83c\udffbArkada\u015f\u0131m\u0131z\u0131n bu konu hakk\u0131ndaki haberini inceleyelim.\ud83d\udc49\ud83c\udffb<\/p>\n<p>Ayetullah Seyyid Hasan H\u00fcseyni \u015eirazi, yirminci y\u00fczy\u0131l\u0131n \u00f6nde gelen din\u00ee ve ilm\u00ee \u015fahsiyetlerinden biri, Hicri takvime g\u00f6re 16 Cemaziyelevvel 1400&#8217;e denk gelen 2 May\u0131s 1980 tarihinde L\u00fcbnan&#8217;da Saddam rejiminin ajanlar\u0131 taraf\u0131ndan d\u00fczenlenen bir suikastle \u015fehit olmu\u015ftur. <\/p>\n<p>Ayetullah Seyyid Hasan H\u00fcseyni \u015eirazi, Ayetullah Uzma Seyyid Mehdi H\u00fcseyni \u015eirazi&#8217;nin o\u011flu ve Seyyid Muhammed H\u00fcseyni \u015eirazi ile Seyyid Sad\u0131k H\u00fcseyni \u015eirazi&#8217;nin karde\u015fidir.<\/p>\n<p>1935 y\u0131l\u0131nda, Necef&#8217;te alim ve din\u00ee bir ailede d\u00fcnyaya gelen \u015eirazi, bilimsel \u00e7al\u0131\u015fmalar\u0131n\u0131n ba\u015flang\u0131c\u0131ndan itibaren Ehlibeyt \u00f6\u011fretilerini yaymak ve \u0130slam toplumlar\u0131nda zul\u00fcm ve yolsuzlukla m\u00fccadele etmek pe\u015finde olmu\u015ftur.<\/p>\n<p>Ayetullah Seyyid Hasan \u015eirazi, Kerbela ve Necef\u2019te din\u00ee e\u011fitim ald\u0131ktan sonra, siyas\u00ee ve toplumsal faaliyetlerde bulunmak \u00fczere Suriye ve L\u00fcbnan&#8217;a g\u00f6\u00e7 etmi\u015ftir. <\/p>\n<p>Bu s\u00fcre\u00e7te \u00e7e\u015fitli \u00fclkelerde ilim merkezleri ve ilim cemiyetleri kurmak i\u00e7in geni\u015f \u00e7apl\u0131 \u00e7abalar g\u00f6stermi\u015ftir ve \u0130slam d\u00fcnyas\u0131nda din kar\u015f\u0131t\u0131 d\u00fc\u015f\u00fcncelerin yay\u0131lmas\u0131yla e\u015f zamanl\u0131 olarak \u0130slam ekonomisi de dahil olmak \u00fczere \u00e7e\u015fitli alanlarda kitaplar ve bilimsel makaleler yazm\u0131\u015ft\u0131r.<\/p>\n<p>Ancak, \u0130slam tarihindeki en \u00f6nemli \u00e7al\u0131\u015fmas\u0131, Medine-i M\u00fcnevvere\u2019deki Baki kabristan\u0131ndaki mukaddes mek\u00e2nlar\u0131n yeniden in\u015fas\u0131 i\u00e7in g\u00f6stermi\u015f oldu\u011fu amans\u0131z \u00e7abalard\u0131r. <\/p>\n<p>Ayetullah Seyyid Hasan \u015eirazi, Suudi yetkililerle yapt\u0131\u011f\u0131 g\u00f6r\u00fc\u015fmelerde daima bu mukaddes yerlere itibar\u0131 iade edilmesi ve Ehlibeyt\u2019in sayg\u0131nl\u0131\u011f\u0131n\u0131n \u0130slam toplumuna geri kazand\u0131r\u0131lmas\u0131 gerekti\u011fini savunmu\u015ftur.<\/p>\n<p>Tarih\u00ee belgeler, 1971 ve 1972 y\u0131llar\u0131nda Suudi makamlar\u0131n\u0131 Baki mezarl\u0131\u011f\u0131n\u0131n yeniden in\u015fas\u0131 i\u00e7in ikna etmeye y\u00f6nelik siyasi ve diplomatik bask\u0131lar uygulamaya \u00e7al\u0131\u015ft\u0131\u011f\u0131n\u0131 g\u00f6stermektedir.<\/p>\n<p>2 May\u0131s 1980 Hicri \u015eemsi tarihinde, yani Hicri takvime g\u00f6re 16 Cemaziyelevvel 1400 tarihinde, L\u00fcbnan&#8217;da Ayetullah Seyyid Muhammed Bak\u0131r Sadr&#8217;\u0131n anma t\u00f6renine kat\u0131lmak \u00fczereyken, iki motosikletli sald\u0131rgan taraf\u0131ndan suikasta u\u011fram\u0131\u015ft\u0131r. <\/p>\n<p>Saddam H\u00fcseyin&#8217;in \u00f6zel sekreteri Halid Abdulgafar bir r\u00f6portaj\u0131nda, Saddam&#8217;\u0131n bizzat Ayetullah Seyyid Hasan \u015eirazi&#8217;nin suikast emrini verdi\u011fini s\u00f6ylemi\u015ftir.<\/p>\n<p>Ayetullah Seyyid Hasan \u015eirazi\u2019nin \u015fehadeti, \u0130slam d\u00fcnyas\u0131n\u0131n ilm\u00ee ve din\u00ee hareketine b\u00fcy\u00fck bir darbe olmu\u015ftur. <\/p>\n<p>Kendisi, kan\u0131yla Ehlibeyt yolunda fedakarl\u0131k etmenin ve M\u00fcsl\u00fcmanlar\u0131n haklar\u0131n\u0131n savunulmas\u0131 i\u00e7in m\u00fccadele etmenin en b\u00fcy\u00fck ideal oldu\u011funu ispat etmi\u015ftir.<\/p>\n","protected":false},"excerpt":{"rendered":"<p>Cemaziyelevvel Ay\u0131n\u0131n On Alt\u0131nc\u0131 g\u00fcn\u00fc; Ayetullah Seyyid Hasan \u015eirazi\u2019nin \u015eehadet Y\u0131ld\u00f6n\u00fcm\u00fc Cemaziyelevvel ay\u0131n\u0131n on alt\u0131nc\u0131 g\u00fcn\u00fc, Ayetullah Seyyid Hasan H\u00fcseyni \u015eirazi&#8217;nin \u015fehadetinin y\u0131l d\u00f6n\u00fcm\u00fcd\u00fcr. Kendisi, Ehlibeyt\u2019in haklar\u0131n\u0131 savunma ve d\u00f6nemin h\u00fck\u00fcmetlerinin zul\u00fcmlerine kar\u015f\u0131 m\u00fccadele etme yolunda din\u00ee ve \u0130slami ideallerine kendini feda etmi\u015ftir. \ud83d\udc48\ud83c\udffbArkada\u015f\u0131m\u0131z\u0131n bu konu hakk\u0131ndaki haberini inceleyelim.\ud83d\udc49\ud83c\udffb Ayetullah Seyyid Hasan H\u00fcseyni \u015eirazi, yirminci &hellip;<\/p>\n","protected":false},"author":1,"featured_media":119511,"comment_status":"open","ping_status":"open","sticky":false,"template":"","format":"standard","meta":{"rop_custom_images_group":[],"rop_custom_messages_group":[],"rop_publish_now":"initial","rop_publish_now_accounts":[],"rop_publish_now_history":[],"rop_publish_now_status":"pending","footnotes":""},"categories":[6],"tags":[],"class_list":["post-119512","post","type-post","status-publish","format-standard","has-post-thumbnail","hentry","category-islam"],"_wp_page_template":null,"_wp_attached_file":null,"_wp_attachment_metadata":null,"_edit_lock":null,"yoast_head":"<!-- This site is optimized with the Yoast SEO plugin v24.3 - https:\/\/yoast.com\/wordpress\/plugins\/seo\/ -->\n<title>Cemaziyelevvel Ay\u0131n\u0131n On Alt\u0131nc\u0131 g\u00fcn\u00fc; Ayetullah Seyyid Hasan \u015eirazi\u2019nin \u015eehadet Y\u0131ld\u00f6n\u00fcm\u00fc - ShiaWaves Turkish - \u015eia Haberleri<\/title>\n<meta name=\"robots\" content=\"index, follow, max-snippet:-1, max-image-preview:large, max-video-preview:-1\" \/>\n<link rel=\"canonical\" href=\"https:\/\/shiawaves.com\/turkish\/2025\/12\/13\/cemaziyelevvel-ayinin-on-altinci-gunu-ayetullah-seyyid-hasan-sirazinin-sehadet-yildonumu\/\" \/>\n<meta property=\"og:locale\" content=\"tr_TR\" \/>\n<meta property=\"og:type\" content=\"article\" \/>\n<meta property=\"og:title\" content=\"Cemaziyelevvel Ay\u0131n\u0131n On Alt\u0131nc\u0131 g\u00fcn\u00fc; Ayetullah Seyyid Hasan \u015eirazi\u2019nin \u015eehadet Y\u0131ld\u00f6n\u00fcm\u00fc - ShiaWaves Turkish - \u015eia Haberleri\" \/>\n<meta property=\"og:description\" content=\"Cemaziyelevvel Ay\u0131n\u0131n On Alt\u0131nc\u0131 g\u00fcn\u00fc; Ayetullah Seyyid Hasan \u015eirazi\u2019nin \u015eehadet Y\u0131ld\u00f6n\u00fcm\u00fc Cemaziyelevvel ay\u0131n\u0131n on alt\u0131nc\u0131 g\u00fcn\u00fc, Ayetullah Seyyid Hasan H\u00fcseyni \u015eirazi&#8217;nin \u015fehadetinin y\u0131l d\u00f6n\u00fcm\u00fcd\u00fcr. Kendisi, Ehlibeyt\u2019in haklar\u0131n\u0131 savunma ve d\u00f6nemin h\u00fck\u00fcmetlerinin zul\u00fcmlerine kar\u015f\u0131 m\u00fccadele etme yolunda din\u00ee ve \u0130slami ideallerine kendini feda etmi\u015ftir. \ud83d\udc48\ud83c\udffbArkada\u015f\u0131m\u0131z\u0131n bu konu hakk\u0131ndaki haberini inceleyelim.\ud83d\udc49\ud83c\udffb Ayetullah Seyyid Hasan H\u00fcseyni \u015eirazi, yirminci &hellip;\" \/>\n<meta property=\"og:url\" content=\"https:\/\/shiawaves.com\/turkish\/2025\/12\/13\/cemaziyelevvel-ayinin-on-altinci-gunu-ayetullah-seyyid-hasan-sirazinin-sehadet-yildonumu\/\" \/>\n<meta property=\"og:site_name\" content=\"ShiaWaves Turkish - \u015eia Haberleri\" \/>\n<meta property=\"article:published_time\" content=\"2025-12-13T17:30:28+00:00\" \/>\n<meta name=\"author\" content=\"modir\" \/>\n<meta name=\"twitter:card\" content=\"summary_large_image\" \/>\n<meta name=\"twitter:label1\" content=\"Yazan:\" \/>\n\t<meta name=\"twitter:data1\" content=\"modir\" \/>\n\t<meta name=\"twitter:label2\" content=\"Tahmini okuma s\u00fcresi\" \/>\n\t<meta name=\"twitter:data2\" content=\"2 dakika\" \/>\n<script type=\"application\/ld+json\" class=\"yoast-schema-graph\">{\"@context\":\"https:\/\/schema.org\",\"@graph\":[{\"@type\":\"WebPage\",\"@id\":\"https:\/\/shiawaves.com\/turkish\/2025\/12\/13\/cemaziyelevvel-ayinin-on-altinci-gunu-ayetullah-seyyid-hasan-sirazinin-sehadet-yildonumu\/\",\"url\":\"https:\/\/shiawaves.com\/turkish\/2025\/12\/13\/cemaziyelevvel-ayinin-on-altinci-gunu-ayetullah-seyyid-hasan-sirazinin-sehadet-yildonumu\/\",\"name\":\"Cemaziyelevvel Ay\u0131n\u0131n On Alt\u0131nc\u0131 g\u00fcn\u00fc; Ayetullah Seyyid Hasan \u015eirazi\u2019nin \u015eehadet Y\u0131ld\u00f6n\u00fcm\u00fc - ShiaWaves Turkish - \u015eia Haberleri\",\"isPartOf\":{\"@id\":\"https:\/\/shiawaves.com\/turkish\/#website\"},\"primaryImageOfPage\":{\"@id\":\"https:\/\/shiawaves.com\/turkish\/2025\/12\/13\/cemaziyelevvel-ayinin-on-altinci-gunu-ayetullah-seyyid-hasan-sirazinin-sehadet-yildonumu\/#primaryimage\"},\"image\":{\"@id\":\"https:\/\/shiawaves.com\/turkish\/2025\/12\/13\/cemaziyelevvel-ayinin-on-altinci-gunu-ayetullah-seyyid-hasan-sirazinin-sehadet-yildonumu\/#primaryimage\"},\"thumbnailUrl\":\"https:\/\/shiawaves.com\/turkish\/wp-content\/uploads\/sites\/6\/2025\/12\/file_2280.jpg\",\"datePublished\":\"2025-12-13T17:30:28+00:00\",\"dateModified\":\"2025-12-13T17:30:28+00:00\",\"author\":{\"@id\":\"https:\/\/shiawaves.com\/turkish\/#\/schema\/person\/9f68d5023e948086b9348fba5aebd954\"},\"breadcrumb\":{\"@id\":\"https:\/\/shiawaves.com\/turkish\/2025\/12\/13\/cemaziyelevvel-ayinin-on-altinci-gunu-ayetullah-seyyid-hasan-sirazinin-sehadet-yildonumu\/#breadcrumb\"},\"inLanguage\":\"tr\",\"potentialAction\":[{\"@type\":\"ReadAction\",\"target\":[\"https:\/\/shiawaves.com\/turkish\/2025\/12\/13\/cemaziyelevvel-ayinin-on-altinci-gunu-ayetullah-seyyid-hasan-sirazinin-sehadet-yildonumu\/\"]}]},{\"@type\":\"ImageObject\",\"inLanguage\":\"tr\",\"@id\":\"https:\/\/shiawaves.com\/turkish\/2025\/12\/13\/cemaziyelevvel-ayinin-on-altinci-gunu-ayetullah-seyyid-hasan-sirazinin-sehadet-yildonumu\/#primaryimage\",\"url\":\"https:\/\/shiawaves.com\/turkish\/wp-content\/uploads\/sites\/6\/2025\/12\/file_2280.jpg\",\"contentUrl\":\"https:\/\/shiawaves.com\/turkish\/wp-content\/uploads\/sites\/6\/2025\/12\/file_2280.jpg\",\"width\":800,\"height\":450},{\"@type\":\"BreadcrumbList\",\"@id\":\"https:\/\/shiawaves.com\/turkish\/2025\/12\/13\/cemaziyelevvel-ayinin-on-altinci-gunu-ayetullah-seyyid-hasan-sirazinin-sehadet-yildonumu\/#breadcrumb\",\"itemListElement\":[{\"@type\":\"ListItem\",\"position\":1,\"name\":\"Home\",\"item\":\"https:\/\/shiawaves.com\/turkish\/\"},{\"@type\":\"ListItem\",\"position\":2,\"name\":\"Cemaziyelevvel Ay\u0131n\u0131n On Alt\u0131nc\u0131 g\u00fcn\u00fc; Ayetullah Seyyid Hasan \u015eirazi\u2019nin \u015eehadet Y\u0131ld\u00f6n\u00fcm\u00fc\"}]},{\"@type\":\"WebSite\",\"@id\":\"https:\/\/shiawaves.com\/turkish\/#website\",\"url\":\"https:\/\/shiawaves.com\/turkish\/\",\"name\":\"ShiaWaves Turkish - \u015eia Haberleri\",\"description\":\"\",\"potentialAction\":[{\"@type\":\"SearchAction\",\"target\":{\"@type\":\"EntryPoint\",\"urlTemplate\":\"https:\/\/shiawaves.com\/turkish\/?s={search_term_string}\"},\"query-input\":{\"@type\":\"PropertyValueSpecification\",\"valueRequired\":true,\"valueName\":\"search_term_string\"}}],\"inLanguage\":\"tr\"},{\"@type\":\"Person\",\"@id\":\"https:\/\/shiawaves.com\/turkish\/#\/schema\/person\/9f68d5023e948086b9348fba5aebd954\",\"name\":\"modir\",\"image\":{\"@type\":\"ImageObject\",\"inLanguage\":\"tr\",\"@id\":\"https:\/\/shiawaves.com\/turkish\/#\/schema\/person\/image\/\",\"url\":\"https:\/\/secure.gravatar.com\/avatar\/8e76f93cdbdd480bd8918d1e0e1d938664c9cb1516c2a57a2b96fe50b507a6b9?s=96&d=mm&r=g\",\"contentUrl\":\"https:\/\/secure.gravatar.com\/avatar\/8e76f93cdbdd480bd8918d1e0e1d938664c9cb1516c2a57a2b96fe50b507a6b9?s=96&d=mm&r=g\",\"caption\":\"modir\"},\"sameAs\":[\"https:\/\/shiawaves.com\"],\"url\":\"https:\/\/shiawaves.com\/turkish\/author\/modir\/\"}]}<\/script>\n<!-- \/ Yoast SEO plugin. -->","yoast_head_json":{"title":"Cemaziyelevvel Ay\u0131n\u0131n On Alt\u0131nc\u0131 g\u00fcn\u00fc; Ayetullah Seyyid Hasan \u015eirazi\u2019nin \u015eehadet Y\u0131ld\u00f6n\u00fcm\u00fc - ShiaWaves Turkish - \u015eia Haberleri","robots":{"index":"index","follow":"follow","max-snippet":"max-snippet:-1","max-image-preview":"max-image-preview:large","max-video-preview":"max-video-preview:-1"},"canonical":"https:\/\/shiawaves.com\/turkish\/2025\/12\/13\/cemaziyelevvel-ayinin-on-altinci-gunu-ayetullah-seyyid-hasan-sirazinin-sehadet-yildonumu\/","og_locale":"tr_TR","og_type":"article","og_title":"Cemaziyelevvel Ay\u0131n\u0131n On Alt\u0131nc\u0131 g\u00fcn\u00fc; Ayetullah Seyyid Hasan \u015eirazi\u2019nin \u015eehadet Y\u0131ld\u00f6n\u00fcm\u00fc - ShiaWaves Turkish - \u015eia Haberleri","og_description":"Cemaziyelevvel Ay\u0131n\u0131n On Alt\u0131nc\u0131 g\u00fcn\u00fc; Ayetullah Seyyid Hasan \u015eirazi\u2019nin \u015eehadet Y\u0131ld\u00f6n\u00fcm\u00fc Cemaziyelevvel ay\u0131n\u0131n on alt\u0131nc\u0131 g\u00fcn\u00fc, Ayetullah Seyyid Hasan H\u00fcseyni \u015eirazi&#8217;nin \u015fehadetinin y\u0131l d\u00f6n\u00fcm\u00fcd\u00fcr. Kendisi, Ehlibeyt\u2019in haklar\u0131n\u0131 savunma ve d\u00f6nemin h\u00fck\u00fcmetlerinin zul\u00fcmlerine kar\u015f\u0131 m\u00fccadele etme yolunda din\u00ee ve \u0130slami ideallerine kendini feda etmi\u015ftir. \ud83d\udc48\ud83c\udffbArkada\u015f\u0131m\u0131z\u0131n bu konu hakk\u0131ndaki haberini inceleyelim.\ud83d\udc49\ud83c\udffb Ayetullah Seyyid Hasan H\u00fcseyni \u015eirazi, yirminci &hellip;","og_url":"https:\/\/shiawaves.com\/turkish\/2025\/12\/13\/cemaziyelevvel-ayinin-on-altinci-gunu-ayetullah-seyyid-hasan-sirazinin-sehadet-yildonumu\/","og_site_name":"ShiaWaves Turkish - \u015eia Haberleri","article_published_time":"2025-12-13T17:30:28+00:00","author":"modir","twitter_card":"summary_large_image","twitter_misc":{"Yazan:":"modir","Tahmini okuma s\u00fcresi":"2 dakika"},"schema":{"@context":"https:\/\/schema.org","@graph":[{"@type":"WebPage","@id":"https:\/\/shiawaves.com\/turkish\/2025\/12\/13\/cemaziyelevvel-ayinin-on-altinci-gunu-ayetullah-seyyid-hasan-sirazinin-sehadet-yildonumu\/","url":"https:\/\/shiawaves.com\/turkish\/2025\/12\/13\/cemaziyelevvel-ayinin-on-altinci-gunu-ayetullah-seyyid-hasan-sirazinin-sehadet-yildonumu\/","name":"Cemaziyelevvel Ay\u0131n\u0131n On Alt\u0131nc\u0131 g\u00fcn\u00fc; Ayetullah Seyyid Hasan \u015eirazi\u2019nin \u015eehadet Y\u0131ld\u00f6n\u00fcm\u00fc - ShiaWaves Turkish - \u015eia Haberleri","isPartOf":{"@id":"https:\/\/shiawaves.com\/turkish\/#website"},"primaryImageOfPage":{"@id":"https:\/\/shiawaves.com\/turkish\/2025\/12\/13\/cemaziyelevvel-ayinin-on-altinci-gunu-ayetullah-seyyid-hasan-sirazinin-sehadet-yildonumu\/#primaryimage"},"image":{"@id":"https:\/\/shiawaves.com\/turkish\/2025\/12\/13\/cemaziyelevvel-ayinin-on-altinci-gunu-ayetullah-seyyid-hasan-sirazinin-sehadet-yildonumu\/#primaryimage"},"thumbnailUrl":"https:\/\/shiawaves.com\/turkish\/wp-content\/uploads\/sites\/6\/2025\/12\/file_2280.jpg","datePublished":"2025-12-13T17:30:28+00:00","dateModified":"2025-12-13T17:30:28+00:00","author":{"@id":"https:\/\/shiawaves.com\/turkish\/#\/schema\/person\/9f68d5023e948086b9348fba5aebd954"},"breadcrumb":{"@id":"https:\/\/shiawaves.com\/turkish\/2025\/12\/13\/cemaziyelevvel-ayinin-on-altinci-gunu-ayetullah-seyyid-hasan-sirazinin-sehadet-yildonumu\/#breadcrumb"},"inLanguage":"tr","potentialAction":[{"@type":"ReadAction","target":["https:\/\/shiawaves.com\/turkish\/2025\/12\/13\/cemaziyelevvel-ayinin-on-altinci-gunu-ayetullah-seyyid-hasan-sirazinin-sehadet-yildonumu\/"]}]},{"@type":"ImageObject","inLanguage":"tr","@id":"https:\/\/shiawaves.com\/turkish\/2025\/12\/13\/cemaziyelevvel-ayinin-on-altinci-gunu-ayetullah-seyyid-hasan-sirazinin-sehadet-yildonumu\/#primaryimage","url":"https:\/\/shiawaves.com\/turkish\/wp-content\/uploads\/sites\/6\/2025\/12\/file_2280.jpg","contentUrl":"https:\/\/shiawaves.com\/turkish\/wp-content\/uploads\/sites\/6\/2025\/12\/file_2280.jpg","width":800,"height":450},{"@type":"BreadcrumbList","@id":"https:\/\/shiawaves.com\/turkish\/2025\/12\/13\/cemaziyelevvel-ayinin-on-altinci-gunu-ayetullah-seyyid-hasan-sirazinin-sehadet-yildonumu\/#breadcrumb","itemListElement":[{"@type":"ListItem","position":1,"name":"Home","item":"https:\/\/shiawaves.com\/turkish\/"},{"@type":"ListItem","position":2,"name":"Cemaziyelevvel Ay\u0131n\u0131n On Alt\u0131nc\u0131 g\u00fcn\u00fc; Ayetullah Seyyid Hasan \u015eirazi\u2019nin \u015eehadet Y\u0131ld\u00f6n\u00fcm\u00fc"}]},{"@type":"WebSite","@id":"https:\/\/shiawaves.com\/turkish\/#website","url":"https:\/\/shiawaves.com\/turkish\/","name":"ShiaWaves Turkish - \u015eia Haberleri","description":"","potentialAction":[{"@type":"SearchAction","target":{"@type":"EntryPoint","urlTemplate":"https:\/\/shiawaves.com\/turkish\/?s={search_term_string}"},"query-input":{"@type":"PropertyValueSpecification","valueRequired":true,"valueName":"search_term_string"}}],"inLanguage":"tr"},{"@type":"Person","@id":"https:\/\/shiawaves.com\/turkish\/#\/schema\/person\/9f68d5023e948086b9348fba5aebd954","name":"modir","image":{"@type":"ImageObject","inLanguage":"tr","@id":"https:\/\/shiawaves.com\/turkish\/#\/schema\/person\/image\/","url":"https:\/\/secure.gravatar.com\/avatar\/8e76f93cdbdd480bd8918d1e0e1d938664c9cb1516c2a57a2b96fe50b507a6b9?s=96&d=mm&r=g","contentUrl":"https:\/\/secure.gravatar.com\/avatar\/8e76f93cdbdd480bd8918d1e0e1d938664c9cb1516c2a57a2b96fe50b507a6b9?s=96&d=mm&r=g","caption":"modir"},"sameAs":["https:\/\/shiawaves.com"],"url":"https:\/\/shiawaves.com\/turkish\/author\/modir\/"}]}},"_links":{"self":[{"href":"https:\/\/shiawaves.com\/turkish\/wp-json\/wp\/v2\/posts\/119512","targetHints":{"allow":["GET"]}}],"collection":[{"href":"https:\/\/shiawaves.com\/turkish\/wp-json\/wp\/v2\/posts"}],"about":[{"href":"https:\/\/shiawaves.com\/turkish\/wp-json\/wp\/v2\/types\/post"}],"author":[{"embeddable":true,"href":"https:\/\/shiawaves.com\/turkish\/wp-json\/wp\/v2\/users\/1"}],"replies":[{"embeddable":true,"href":"https:\/\/shiawaves.com\/turkish\/wp-json\/wp\/v2\/comments?post=119512"}],"version-history":[{"count":0,"href":"https:\/\/shiawaves.com\/turkish\/wp-json\/wp\/v2\/posts\/119512\/revisions"}],"wp:featuredmedia":[{"embeddable":true,"href":"https:\/\/shiawaves.com\/turkish\/wp-json\/wp\/v2\/media\/119511"}],"wp:attachment":[{"href":"https:\/\/shiawaves.com\/turkish\/wp-json\/wp\/v2\/media?parent=119512"}],"wp:term":[{"taxonomy":"category","embeddable":true,"href":"https:\/\/shiawaves.com\/turkish\/wp-json\/wp\/v2\/categories?post=119512"},{"taxonomy":"post_tag","embeddable":true,"href":"https:\/\/shiawaves.com\/turkish\/wp-json\/wp\/v2\/tags?post=119512"}],"curies":[{"name":"wp","href":"https:\/\/api.w.org\/{rel}","templated":true}]}}