{"id":119468,"date":"2025-12-11T22:30:45","date_gmt":"2025-12-11T19:30:45","guid":{"rendered":"https:\/\/shiawaves.com\/turkish\/2025\/12\/11\/afganistandaki-binlerce-cocuk-hala-kalici-egitime-ulasamiyor\/"},"modified":"2025-12-11T22:30:45","modified_gmt":"2025-12-11T19:30:45","slug":"afganistandaki-binlerce-cocuk-hala-kalici-egitime-ulasamiyor","status":"publish","type":"post","link":"https:\/\/shiawaves.com\/turkish\/2025\/12\/11\/afganistandaki-binlerce-cocuk-hala-kalici-egitime-ulasamiyor\/","title":{"rendered":"Afganistan\u2019daki Binlerce \u00c7ocuk H\u00e2l\u00e2 Kal\u0131c\u0131 E\u011fitime Ula\u015fam\u0131yor"},"content":{"rendered":"<p>Afganistan\u2019daki Binlerce \u00c7ocuk H\u00e2l\u00e2 Kal\u0131c\u0131 E\u011fitime Ula\u015fam\u0131yor<\/p>\n<p>UNICEF\u2019in son raporu, Afganistan\u2019\u0131n do\u011fusundaki depremlerden etkilenen<br \/>\n\u00e7ocuklar\u0131n h\u00e2l\u00e2 zorlu ko\u015fullarda ge\u00e7ici alanlarda ya\u015fad\u0131\u011f\u0131n\u0131 ortaya koydu.<\/p>\n<p>TRT\u2019nin haberine g\u00f6re bu \u00e7ocuklar, kal\u0131c\u0131 e\u011fitime ve sa\u011fl\u0131k hizmetlerine eri\u015fimden mahrum durumda ve acil yard\u0131ma ihtiya\u00e7 duyuyor.<\/p>\n","protected":false},"excerpt":{"rendered":"<p>Afganistan\u2019daki Binlerce \u00c7ocuk H\u00e2l\u00e2 Kal\u0131c\u0131 E\u011fitime Ula\u015fam\u0131yor UNICEF\u2019in son raporu, Afganistan\u2019\u0131n do\u011fusundaki depremlerden etkilenen \u00e7ocuklar\u0131n h\u00e2l\u00e2 zorlu ko\u015fullarda ge\u00e7ici alanlarda ya\u015fad\u0131\u011f\u0131n\u0131 ortaya koydu. TRT\u2019nin haberine g\u00f6re bu \u00e7ocuklar, kal\u0131c\u0131 e\u011fitime ve sa\u011fl\u0131k hizmetlerine eri\u015fimden mahrum durumda ve acil yard\u0131ma ihtiya\u00e7 duyuyor.<\/p>\n","protected":false},"author":1,"featured_media":119467,"comment_status":"open","ping_status":"open","sticky":false,"template":"","format":"standard","meta":{"rop_custom_images_group":[],"rop_custom_messages_group":[],"rop_publish_now":"initial","rop_publish_now_accounts":[],"rop_publish_now_history":[],"rop_publish_now_status":"pending","footnotes":""},"categories":[8],"tags":[],"class_list":["post-119468","post","type-post","status-publish","format-standard","has-post-thumbnail","hentry","category-afghanistan"],"_wp_page_template":null,"_wp_attached_file":null,"_wp_attachment_metadata":null,"_edit_lock":null,"yoast_head":"<!-- This site is optimized with the Yoast SEO plugin v24.3 - https:\/\/yoast.com\/wordpress\/plugins\/seo\/ -->\n<title>Afganistan\u2019daki Binlerce \u00c7ocuk H\u00e2l\u00e2 Kal\u0131c\u0131 E\u011fitime Ula\u015fam\u0131yor - ShiaWaves Turkish - \u015eia Haberleri<\/title>\n<meta name=\"robots\" content=\"index, follow, max-snippet:-1, max-image-preview:large, max-video-preview:-1\" \/>\n<link rel=\"canonical\" href=\"https:\/\/shiawaves.com\/turkish\/2025\/12\/11\/afganistandaki-binlerce-cocuk-hala-kalici-egitime-ulasamiyor\/\" \/>\n<meta property=\"og:locale\" content=\"tr_TR\" \/>\n<meta property=\"og:type\" content=\"article\" \/>\n<meta property=\"og:title\" content=\"Afganistan\u2019daki Binlerce \u00c7ocuk H\u00e2l\u00e2 Kal\u0131c\u0131 E\u011fitime Ula\u015fam\u0131yor - ShiaWaves Turkish - \u015eia Haberleri\" \/>\n<meta property=\"og:description\" content=\"Afganistan\u2019daki Binlerce \u00c7ocuk H\u00e2l\u00e2 Kal\u0131c\u0131 E\u011fitime Ula\u015fam\u0131yor UNICEF\u2019in son raporu, Afganistan\u2019\u0131n do\u011fusundaki depremlerden etkilenen \u00e7ocuklar\u0131n h\u00e2l\u00e2 zorlu ko\u015fullarda ge\u00e7ici alanlarda ya\u015fad\u0131\u011f\u0131n\u0131 ortaya koydu. TRT\u2019nin haberine g\u00f6re bu \u00e7ocuklar, kal\u0131c\u0131 e\u011fitime ve sa\u011fl\u0131k hizmetlerine eri\u015fimden mahrum durumda ve acil yard\u0131ma ihtiya\u00e7 duyuyor.\" \/>\n<meta property=\"og:url\" content=\"https:\/\/shiawaves.com\/turkish\/2025\/12\/11\/afganistandaki-binlerce-cocuk-hala-kalici-egitime-ulasamiyor\/\" \/>\n<meta property=\"og:site_name\" content=\"ShiaWaves Turkish - \u015eia Haberleri\" \/>\n<meta property=\"article:published_time\" content=\"2025-12-11T19:30:45+00:00\" \/>\n<meta name=\"author\" content=\"modir\" \/>\n<meta name=\"twitter:card\" content=\"summary_large_image\" \/>\n<meta name=\"twitter:label1\" content=\"Yazan:\" \/>\n\t<meta name=\"twitter:data1\" content=\"modir\" \/>\n<script type=\"application\/ld+json\" class=\"yoast-schema-graph\">{\"@context\":\"https:\/\/schema.org\",\"@graph\":[{\"@type\":\"WebPage\",\"@id\":\"https:\/\/shiawaves.com\/turkish\/2025\/12\/11\/afganistandaki-binlerce-cocuk-hala-kalici-egitime-ulasamiyor\/\",\"url\":\"https:\/\/shiawaves.com\/turkish\/2025\/12\/11\/afganistandaki-binlerce-cocuk-hala-kalici-egitime-ulasamiyor\/\",\"name\":\"Afganistan\u2019daki Binlerce \u00c7ocuk H\u00e2l\u00e2 Kal\u0131c\u0131 E\u011fitime Ula\u015fam\u0131yor - ShiaWaves Turkish - \u015eia Haberleri\",\"isPartOf\":{\"@id\":\"https:\/\/shiawaves.com\/turkish\/#website\"},\"primaryImageOfPage\":{\"@id\":\"https:\/\/shiawaves.com\/turkish\/2025\/12\/11\/afganistandaki-binlerce-cocuk-hala-kalici-egitime-ulasamiyor\/#primaryimage\"},\"image\":{\"@id\":\"https:\/\/shiawaves.com\/turkish\/2025\/12\/11\/afganistandaki-binlerce-cocuk-hala-kalici-egitime-ulasamiyor\/#primaryimage\"},\"thumbnailUrl\":\"https:\/\/shiawaves.com\/turkish\/wp-content\/uploads\/sites\/6\/2025\/12\/file_2258.jpg\",\"datePublished\":\"2025-12-11T19:30:45+00:00\",\"dateModified\":\"2025-12-11T19:30:45+00:00\",\"author\":{\"@id\":\"https:\/\/shiawaves.com\/turkish\/#\/schema\/person\/9f68d5023e948086b9348fba5aebd954\"},\"breadcrumb\":{\"@id\":\"https:\/\/shiawaves.com\/turkish\/2025\/12\/11\/afganistandaki-binlerce-cocuk-hala-kalici-egitime-ulasamiyor\/#breadcrumb\"},\"inLanguage\":\"tr\",\"potentialAction\":[{\"@type\":\"ReadAction\",\"target\":[\"https:\/\/shiawaves.com\/turkish\/2025\/12\/11\/afganistandaki-binlerce-cocuk-hala-kalici-egitime-ulasamiyor\/\"]}]},{\"@type\":\"ImageObject\",\"inLanguage\":\"tr\",\"@id\":\"https:\/\/shiawaves.com\/turkish\/2025\/12\/11\/afganistandaki-binlerce-cocuk-hala-kalici-egitime-ulasamiyor\/#primaryimage\",\"url\":\"https:\/\/shiawaves.com\/turkish\/wp-content\/uploads\/sites\/6\/2025\/12\/file_2258.jpg\",\"contentUrl\":\"https:\/\/shiawaves.com\/turkish\/wp-content\/uploads\/sites\/6\/2025\/12\/file_2258.jpg\",\"width\":1280,\"height\":720},{\"@type\":\"BreadcrumbList\",\"@id\":\"https:\/\/shiawaves.com\/turkish\/2025\/12\/11\/afganistandaki-binlerce-cocuk-hala-kalici-egitime-ulasamiyor\/#breadcrumb\",\"itemListElement\":[{\"@type\":\"ListItem\",\"position\":1,\"name\":\"Home\",\"item\":\"https:\/\/shiawaves.com\/turkish\/\"},{\"@type\":\"ListItem\",\"position\":2,\"name\":\"Afganistan\u2019daki Binlerce \u00c7ocuk H\u00e2l\u00e2 Kal\u0131c\u0131 E\u011fitime Ula\u015fam\u0131yor\"}]},{\"@type\":\"WebSite\",\"@id\":\"https:\/\/shiawaves.com\/turkish\/#website\",\"url\":\"https:\/\/shiawaves.com\/turkish\/\",\"name\":\"ShiaWaves Turkish - \u015eia Haberleri\",\"description\":\"\",\"potentialAction\":[{\"@type\":\"SearchAction\",\"target\":{\"@type\":\"EntryPoint\",\"urlTemplate\":\"https:\/\/shiawaves.com\/turkish\/?s={search_term_string}\"},\"query-input\":{\"@type\":\"PropertyValueSpecification\",\"valueRequired\":true,\"valueName\":\"search_term_string\"}}],\"inLanguage\":\"tr\"},{\"@type\":\"Person\",\"@id\":\"https:\/\/shiawaves.com\/turkish\/#\/schema\/person\/9f68d5023e948086b9348fba5aebd954\",\"name\":\"modir\",\"image\":{\"@type\":\"ImageObject\",\"inLanguage\":\"tr\",\"@id\":\"https:\/\/shiawaves.com\/turkish\/#\/schema\/person\/image\/\",\"url\":\"https:\/\/secure.gravatar.com\/avatar\/8e76f93cdbdd480bd8918d1e0e1d938664c9cb1516c2a57a2b96fe50b507a6b9?s=96&d=mm&r=g\",\"contentUrl\":\"https:\/\/secure.gravatar.com\/avatar\/8e76f93cdbdd480bd8918d1e0e1d938664c9cb1516c2a57a2b96fe50b507a6b9?s=96&d=mm&r=g\",\"caption\":\"modir\"},\"sameAs\":[\"https:\/\/shiawaves.com\"],\"url\":\"https:\/\/shiawaves.com\/turkish\/author\/modir\/\"}]}<\/script>\n<!-- \/ Yoast SEO plugin. -->","yoast_head_json":{"title":"Afganistan\u2019daki Binlerce \u00c7ocuk H\u00e2l\u00e2 Kal\u0131c\u0131 E\u011fitime Ula\u015fam\u0131yor - ShiaWaves Turkish - \u015eia Haberleri","robots":{"index":"index","follow":"follow","max-snippet":"max-snippet:-1","max-image-preview":"max-image-preview:large","max-video-preview":"max-video-preview:-1"},"canonical":"https:\/\/shiawaves.com\/turkish\/2025\/12\/11\/afganistandaki-binlerce-cocuk-hala-kalici-egitime-ulasamiyor\/","og_locale":"tr_TR","og_type":"article","og_title":"Afganistan\u2019daki Binlerce \u00c7ocuk H\u00e2l\u00e2 Kal\u0131c\u0131 E\u011fitime Ula\u015fam\u0131yor - ShiaWaves Turkish - \u015eia Haberleri","og_description":"Afganistan\u2019daki Binlerce \u00c7ocuk H\u00e2l\u00e2 Kal\u0131c\u0131 E\u011fitime Ula\u015fam\u0131yor UNICEF\u2019in son raporu, Afganistan\u2019\u0131n do\u011fusundaki depremlerden etkilenen \u00e7ocuklar\u0131n h\u00e2l\u00e2 zorlu ko\u015fullarda ge\u00e7ici alanlarda ya\u015fad\u0131\u011f\u0131n\u0131 ortaya koydu. TRT\u2019nin haberine g\u00f6re bu \u00e7ocuklar, kal\u0131c\u0131 e\u011fitime ve sa\u011fl\u0131k hizmetlerine eri\u015fimden mahrum durumda ve acil yard\u0131ma ihtiya\u00e7 duyuyor.","og_url":"https:\/\/shiawaves.com\/turkish\/2025\/12\/11\/afganistandaki-binlerce-cocuk-hala-kalici-egitime-ulasamiyor\/","og_site_name":"ShiaWaves Turkish - \u015eia Haberleri","article_published_time":"2025-12-11T19:30:45+00:00","author":"modir","twitter_card":"summary_large_image","twitter_misc":{"Yazan:":"modir"},"schema":{"@context":"https:\/\/schema.org","@graph":[{"@type":"WebPage","@id":"https:\/\/shiawaves.com\/turkish\/2025\/12\/11\/afganistandaki-binlerce-cocuk-hala-kalici-egitime-ulasamiyor\/","url":"https:\/\/shiawaves.com\/turkish\/2025\/12\/11\/afganistandaki-binlerce-cocuk-hala-kalici-egitime-ulasamiyor\/","name":"Afganistan\u2019daki Binlerce \u00c7ocuk H\u00e2l\u00e2 Kal\u0131c\u0131 E\u011fitime Ula\u015fam\u0131yor - ShiaWaves Turkish - \u015eia Haberleri","isPartOf":{"@id":"https:\/\/shiawaves.com\/turkish\/#website"},"primaryImageOfPage":{"@id":"https:\/\/shiawaves.com\/turkish\/2025\/12\/11\/afganistandaki-binlerce-cocuk-hala-kalici-egitime-ulasamiyor\/#primaryimage"},"image":{"@id":"https:\/\/shiawaves.com\/turkish\/2025\/12\/11\/afganistandaki-binlerce-cocuk-hala-kalici-egitime-ulasamiyor\/#primaryimage"},"thumbnailUrl":"https:\/\/shiawaves.com\/turkish\/wp-content\/uploads\/sites\/6\/2025\/12\/file_2258.jpg","datePublished":"2025-12-11T19:30:45+00:00","dateModified":"2025-12-11T19:30:45+00:00","author":{"@id":"https:\/\/shiawaves.com\/turkish\/#\/schema\/person\/9f68d5023e948086b9348fba5aebd954"},"breadcrumb":{"@id":"https:\/\/shiawaves.com\/turkish\/2025\/12\/11\/afganistandaki-binlerce-cocuk-hala-kalici-egitime-ulasamiyor\/#breadcrumb"},"inLanguage":"tr","potentialAction":[{"@type":"ReadAction","target":["https:\/\/shiawaves.com\/turkish\/2025\/12\/11\/afganistandaki-binlerce-cocuk-hala-kalici-egitime-ulasamiyor\/"]}]},{"@type":"ImageObject","inLanguage":"tr","@id":"https:\/\/shiawaves.com\/turkish\/2025\/12\/11\/afganistandaki-binlerce-cocuk-hala-kalici-egitime-ulasamiyor\/#primaryimage","url":"https:\/\/shiawaves.com\/turkish\/wp-content\/uploads\/sites\/6\/2025\/12\/file_2258.jpg","contentUrl":"https:\/\/shiawaves.com\/turkish\/wp-content\/uploads\/sites\/6\/2025\/12\/file_2258.jpg","width":1280,"height":720},{"@type":"BreadcrumbList","@id":"https:\/\/shiawaves.com\/turkish\/2025\/12\/11\/afganistandaki-binlerce-cocuk-hala-kalici-egitime-ulasamiyor\/#breadcrumb","itemListElement":[{"@type":"ListItem","position":1,"name":"Home","item":"https:\/\/shiawaves.com\/turkish\/"},{"@type":"ListItem","position":2,"name":"Afganistan\u2019daki Binlerce \u00c7ocuk H\u00e2l\u00e2 Kal\u0131c\u0131 E\u011fitime Ula\u015fam\u0131yor"}]},{"@type":"WebSite","@id":"https:\/\/shiawaves.com\/turkish\/#website","url":"https:\/\/shiawaves.com\/turkish\/","name":"ShiaWaves Turkish - \u015eia Haberleri","description":"","potentialAction":[{"@type":"SearchAction","target":{"@type":"EntryPoint","urlTemplate":"https:\/\/shiawaves.com\/turkish\/?s={search_term_string}"},"query-input":{"@type":"PropertyValueSpecification","valueRequired":true,"valueName":"search_term_string"}}],"inLanguage":"tr"},{"@type":"Person","@id":"https:\/\/shiawaves.com\/turkish\/#\/schema\/person\/9f68d5023e948086b9348fba5aebd954","name":"modir","image":{"@type":"ImageObject","inLanguage":"tr","@id":"https:\/\/shiawaves.com\/turkish\/#\/schema\/person\/image\/","url":"https:\/\/secure.gravatar.com\/avatar\/8e76f93cdbdd480bd8918d1e0e1d938664c9cb1516c2a57a2b96fe50b507a6b9?s=96&d=mm&r=g","contentUrl":"https:\/\/secure.gravatar.com\/avatar\/8e76f93cdbdd480bd8918d1e0e1d938664c9cb1516c2a57a2b96fe50b507a6b9?s=96&d=mm&r=g","caption":"modir"},"sameAs":["https:\/\/shiawaves.com"],"url":"https:\/\/shiawaves.com\/turkish\/author\/modir\/"}]}},"_links":{"self":[{"href":"https:\/\/shiawaves.com\/turkish\/wp-json\/wp\/v2\/posts\/119468","targetHints":{"allow":["GET"]}}],"collection":[{"href":"https:\/\/shiawaves.com\/turkish\/wp-json\/wp\/v2\/posts"}],"about":[{"href":"https:\/\/shiawaves.com\/turkish\/wp-json\/wp\/v2\/types\/post"}],"author":[{"embeddable":true,"href":"https:\/\/shiawaves.com\/turkish\/wp-json\/wp\/v2\/users\/1"}],"replies":[{"embeddable":true,"href":"https:\/\/shiawaves.com\/turkish\/wp-json\/wp\/v2\/comments?post=119468"}],"version-history":[{"count":0,"href":"https:\/\/shiawaves.com\/turkish\/wp-json\/wp\/v2\/posts\/119468\/revisions"}],"wp:featuredmedia":[{"embeddable":true,"href":"https:\/\/shiawaves.com\/turkish\/wp-json\/wp\/v2\/media\/119467"}],"wp:attachment":[{"href":"https:\/\/shiawaves.com\/turkish\/wp-json\/wp\/v2\/media?parent=119468"}],"wp:term":[{"taxonomy":"category","embeddable":true,"href":"https:\/\/shiawaves.com\/turkish\/wp-json\/wp\/v2\/categories?post=119468"},{"taxonomy":"post_tag","embeddable":true,"href":"https:\/\/shiawaves.com\/turkish\/wp-json\/wp\/v2\/tags?post=119468"}],"curies":[{"name":"wp","href":"https:\/\/api.w.org\/{rel}","templated":true}]}}