{"id":119460,"date":"2025-12-11T18:30:27","date_gmt":"2025-12-11T15:30:27","guid":{"rendered":"https:\/\/shiawaves.com\/turkish\/2025\/12\/11\/amnesty-international-sudan-hizli-destek-kuvvetleri-zemzem-kampinda-savas-suclari-isledi\/"},"modified":"2025-12-11T18:30:27","modified_gmt":"2025-12-11T15:30:27","slug":"amnesty-international-sudan-hizli-destek-kuvvetleri-zemzem-kampinda-savas-suclari-isledi","status":"publish","type":"post","link":"https:\/\/shiawaves.com\/turkish\/2025\/12\/11\/amnesty-international-sudan-hizli-destek-kuvvetleri-zemzem-kampinda-savas-suclari-isledi\/","title":{"rendered":"Amnesty International: Sudan H\u0131zl\u0131 Destek Kuvvetleri, Zemzem Kamp\u0131nda \u201cSava\u015f Su\u00e7lar\u0131\u201d \u0130\u015fledi"},"content":{"rendered":"<p>Amnesty International: Sudan H\u0131zl\u0131 Destek Kuvvetleri, Zemzem Kamp\u0131nda \u201cSava\u015f Su\u00e7lar\u0131\u201d \u0130\u015fledi<\/p>\n<p>Londra merkezli Amnesty International, Sudan H\u0131zl\u0131 Destek Kuvvetleri\u2019nin (RSF), Nisan 2025\u2019te Kuzey Darfur\u2019daki Zemzem m\u00fclteci kamp\u0131na d\u00fczenledi\u011fi sald\u0131r\u0131da sivilleri kas\u0131tl\u0131 \u00f6ld\u00fcrd\u00fc\u011f\u00fcn\u00fc, rehin ald\u0131\u011f\u0131n\u0131, camileri ve okullar\u0131 y\u0131kt\u0131\u011f\u0131n\u0131 a\u00e7\u0131klad\u0131.<\/p>\n<p>Amnesty, olay\u0131n uluslararas\u0131 hukuka g\u00f6re sava\u015f su\u00e7u olarak soru\u015fturulmas\u0131 gerekti\u011fini vurgulad\u0131.<\/p>\n<p>Londra merkezli Amnesty International, Sudan H\u0131zl\u0131 Destek Kuvvetleri\u2019nin (RSF), Nisan 2025\u2019te Kuzey Darfur\u2019daki Zemzem m\u00fclteci kamp\u0131na d\u00fczenledi\u011fi sald\u0131r\u0131da sivilleri kas\u0131tl\u0131 \u00f6ld\u00fcrd\u00fc\u011f\u00fcn\u00fc, rehin ald\u0131\u011f\u0131n\u0131, camileri ve okullar\u0131 y\u0131kt\u0131\u011f\u0131n\u0131 a\u00e7\u0131klad\u0131.<\/p>\n<p>Amnesty, olay\u0131n uluslararas\u0131 hukuka g\u00f6re sava\u015f su\u00e7u olarak soru\u015fturulmas\u0131 gerekti\u011fini vurgulad\u0131.<\/p>\n","protected":false},"excerpt":{"rendered":"<p>Amnesty International: Sudan H\u0131zl\u0131 Destek Kuvvetleri, Zemzem Kamp\u0131nda \u201cSava\u015f Su\u00e7lar\u0131\u201d \u0130\u015fledi Londra merkezli Amnesty International, Sudan H\u0131zl\u0131 Destek Kuvvetleri\u2019nin (RSF), Nisan 2025\u2019te Kuzey Darfur\u2019daki Zemzem m\u00fclteci kamp\u0131na d\u00fczenledi\u011fi sald\u0131r\u0131da sivilleri kas\u0131tl\u0131 \u00f6ld\u00fcrd\u00fc\u011f\u00fcn\u00fc, rehin ald\u0131\u011f\u0131n\u0131, camileri ve okullar\u0131 y\u0131kt\u0131\u011f\u0131n\u0131 a\u00e7\u0131klad\u0131. Amnesty, olay\u0131n uluslararas\u0131 hukuka g\u00f6re sava\u015f su\u00e7u olarak soru\u015fturulmas\u0131 gerekti\u011fini vurgulad\u0131. Londra merkezli Amnesty International, Sudan &hellip;<\/p>\n","protected":false},"author":1,"featured_media":119459,"comment_status":"open","ping_status":"open","sticky":false,"template":"","format":"standard","meta":{"rop_custom_images_group":[],"rop_custom_messages_group":[],"rop_publish_now":"initial","rop_publish_now_accounts":[],"rop_publish_now_history":[],"rop_publish_now_status":"pending","footnotes":""},"categories":[24],"tags":[],"class_list":["post-119460","post","type-post","status-publish","format-standard","has-post-thumbnail","hentry","category-africa"],"_wp_page_template":null,"_wp_attached_file":null,"_wp_attachment_metadata":null,"_edit_lock":null,"yoast_head":"<!-- This site is optimized with the Yoast SEO plugin v24.3 - https:\/\/yoast.com\/wordpress\/plugins\/seo\/ -->\n<title>Amnesty International: Sudan H\u0131zl\u0131 Destek Kuvvetleri, Zemzem Kamp\u0131nda \u201cSava\u015f Su\u00e7lar\u0131\u201d \u0130\u015fledi - ShiaWaves Turkish - \u015eia Haberleri<\/title>\n<meta name=\"robots\" content=\"index, follow, max-snippet:-1, max-image-preview:large, max-video-preview:-1\" \/>\n<link rel=\"canonical\" href=\"https:\/\/shiawaves.com\/turkish\/2025\/12\/11\/amnesty-international-sudan-hizli-destek-kuvvetleri-zemzem-kampinda-savas-suclari-isledi\/\" \/>\n<meta property=\"og:locale\" content=\"tr_TR\" \/>\n<meta property=\"og:type\" content=\"article\" \/>\n<meta property=\"og:title\" content=\"Amnesty International: Sudan H\u0131zl\u0131 Destek Kuvvetleri, Zemzem Kamp\u0131nda \u201cSava\u015f Su\u00e7lar\u0131\u201d \u0130\u015fledi - ShiaWaves Turkish - \u015eia Haberleri\" \/>\n<meta property=\"og:description\" content=\"Amnesty International: Sudan H\u0131zl\u0131 Destek Kuvvetleri, Zemzem Kamp\u0131nda \u201cSava\u015f Su\u00e7lar\u0131\u201d \u0130\u015fledi Londra merkezli Amnesty International, Sudan H\u0131zl\u0131 Destek Kuvvetleri\u2019nin (RSF), Nisan 2025\u2019te Kuzey Darfur\u2019daki Zemzem m\u00fclteci kamp\u0131na d\u00fczenledi\u011fi sald\u0131r\u0131da sivilleri kas\u0131tl\u0131 \u00f6ld\u00fcrd\u00fc\u011f\u00fcn\u00fc, rehin ald\u0131\u011f\u0131n\u0131, camileri ve okullar\u0131 y\u0131kt\u0131\u011f\u0131n\u0131 a\u00e7\u0131klad\u0131. Amnesty, olay\u0131n uluslararas\u0131 hukuka g\u00f6re sava\u015f su\u00e7u olarak soru\u015fturulmas\u0131 gerekti\u011fini vurgulad\u0131. Londra merkezli Amnesty International, Sudan &hellip;\" \/>\n<meta property=\"og:url\" content=\"https:\/\/shiawaves.com\/turkish\/2025\/12\/11\/amnesty-international-sudan-hizli-destek-kuvvetleri-zemzem-kampinda-savas-suclari-isledi\/\" \/>\n<meta property=\"og:site_name\" content=\"ShiaWaves Turkish - \u015eia Haberleri\" \/>\n<meta property=\"article:published_time\" content=\"2025-12-11T15:30:27+00:00\" \/>\n<meta name=\"author\" content=\"modir\" \/>\n<meta name=\"twitter:card\" content=\"summary_large_image\" \/>\n<meta name=\"twitter:label1\" content=\"Yazan:\" \/>\n\t<meta name=\"twitter:data1\" content=\"modir\" \/>\n\t<meta name=\"twitter:label2\" content=\"Tahmini okuma s\u00fcresi\" \/>\n\t<meta name=\"twitter:data2\" content=\"1 dakika\" \/>\n<script type=\"application\/ld+json\" class=\"yoast-schema-graph\">{\"@context\":\"https:\/\/schema.org\",\"@graph\":[{\"@type\":\"WebPage\",\"@id\":\"https:\/\/shiawaves.com\/turkish\/2025\/12\/11\/amnesty-international-sudan-hizli-destek-kuvvetleri-zemzem-kampinda-savas-suclari-isledi\/\",\"url\":\"https:\/\/shiawaves.com\/turkish\/2025\/12\/11\/amnesty-international-sudan-hizli-destek-kuvvetleri-zemzem-kampinda-savas-suclari-isledi\/\",\"name\":\"Amnesty International: Sudan H\u0131zl\u0131 Destek Kuvvetleri, Zemzem Kamp\u0131nda \u201cSava\u015f Su\u00e7lar\u0131\u201d \u0130\u015fledi - ShiaWaves Turkish - \u015eia Haberleri\",\"isPartOf\":{\"@id\":\"https:\/\/shiawaves.com\/turkish\/#website\"},\"primaryImageOfPage\":{\"@id\":\"https:\/\/shiawaves.com\/turkish\/2025\/12\/11\/amnesty-international-sudan-hizli-destek-kuvvetleri-zemzem-kampinda-savas-suclari-isledi\/#primaryimage\"},\"image\":{\"@id\":\"https:\/\/shiawaves.com\/turkish\/2025\/12\/11\/amnesty-international-sudan-hizli-destek-kuvvetleri-zemzem-kampinda-savas-suclari-isledi\/#primaryimage\"},\"thumbnailUrl\":\"https:\/\/shiawaves.com\/turkish\/wp-content\/uploads\/sites\/6\/2025\/12\/file_2254.jpg\",\"datePublished\":\"2025-12-11T15:30:27+00:00\",\"dateModified\":\"2025-12-11T15:30:27+00:00\",\"author\":{\"@id\":\"https:\/\/shiawaves.com\/turkish\/#\/schema\/person\/9f68d5023e948086b9348fba5aebd954\"},\"breadcrumb\":{\"@id\":\"https:\/\/shiawaves.com\/turkish\/2025\/12\/11\/amnesty-international-sudan-hizli-destek-kuvvetleri-zemzem-kampinda-savas-suclari-isledi\/#breadcrumb\"},\"inLanguage\":\"tr\",\"potentialAction\":[{\"@type\":\"ReadAction\",\"target\":[\"https:\/\/shiawaves.com\/turkish\/2025\/12\/11\/amnesty-international-sudan-hizli-destek-kuvvetleri-zemzem-kampinda-savas-suclari-isledi\/\"]}]},{\"@type\":\"ImageObject\",\"inLanguage\":\"tr\",\"@id\":\"https:\/\/shiawaves.com\/turkish\/2025\/12\/11\/amnesty-international-sudan-hizli-destek-kuvvetleri-zemzem-kampinda-savas-suclari-isledi\/#primaryimage\",\"url\":\"https:\/\/shiawaves.com\/turkish\/wp-content\/uploads\/sites\/6\/2025\/12\/file_2254.jpg\",\"contentUrl\":\"https:\/\/shiawaves.com\/turkish\/wp-content\/uploads\/sites\/6\/2025\/12\/file_2254.jpg\",\"width\":1280,\"height\":705},{\"@type\":\"BreadcrumbList\",\"@id\":\"https:\/\/shiawaves.com\/turkish\/2025\/12\/11\/amnesty-international-sudan-hizli-destek-kuvvetleri-zemzem-kampinda-savas-suclari-isledi\/#breadcrumb\",\"itemListElement\":[{\"@type\":\"ListItem\",\"position\":1,\"name\":\"Home\",\"item\":\"https:\/\/shiawaves.com\/turkish\/\"},{\"@type\":\"ListItem\",\"position\":2,\"name\":\"Amnesty International: Sudan H\u0131zl\u0131 Destek Kuvvetleri, Zemzem Kamp\u0131nda \u201cSava\u015f Su\u00e7lar\u0131\u201d \u0130\u015fledi\"}]},{\"@type\":\"WebSite\",\"@id\":\"https:\/\/shiawaves.com\/turkish\/#website\",\"url\":\"https:\/\/shiawaves.com\/turkish\/\",\"name\":\"ShiaWaves Turkish - \u015eia Haberleri\",\"description\":\"\",\"potentialAction\":[{\"@type\":\"SearchAction\",\"target\":{\"@type\":\"EntryPoint\",\"urlTemplate\":\"https:\/\/shiawaves.com\/turkish\/?s={search_term_string}\"},\"query-input\":{\"@type\":\"PropertyValueSpecification\",\"valueRequired\":true,\"valueName\":\"search_term_string\"}}],\"inLanguage\":\"tr\"},{\"@type\":\"Person\",\"@id\":\"https:\/\/shiawaves.com\/turkish\/#\/schema\/person\/9f68d5023e948086b9348fba5aebd954\",\"name\":\"modir\",\"image\":{\"@type\":\"ImageObject\",\"inLanguage\":\"tr\",\"@id\":\"https:\/\/shiawaves.com\/turkish\/#\/schema\/person\/image\/\",\"url\":\"https:\/\/secure.gravatar.com\/avatar\/8e76f93cdbdd480bd8918d1e0e1d938664c9cb1516c2a57a2b96fe50b507a6b9?s=96&d=mm&r=g\",\"contentUrl\":\"https:\/\/secure.gravatar.com\/avatar\/8e76f93cdbdd480bd8918d1e0e1d938664c9cb1516c2a57a2b96fe50b507a6b9?s=96&d=mm&r=g\",\"caption\":\"modir\"},\"sameAs\":[\"https:\/\/shiawaves.com\"],\"url\":\"https:\/\/shiawaves.com\/turkish\/author\/modir\/\"}]}<\/script>\n<!-- \/ Yoast SEO plugin. -->","yoast_head_json":{"title":"Amnesty International: Sudan H\u0131zl\u0131 Destek Kuvvetleri, Zemzem Kamp\u0131nda \u201cSava\u015f Su\u00e7lar\u0131\u201d \u0130\u015fledi - ShiaWaves Turkish - \u015eia Haberleri","robots":{"index":"index","follow":"follow","max-snippet":"max-snippet:-1","max-image-preview":"max-image-preview:large","max-video-preview":"max-video-preview:-1"},"canonical":"https:\/\/shiawaves.com\/turkish\/2025\/12\/11\/amnesty-international-sudan-hizli-destek-kuvvetleri-zemzem-kampinda-savas-suclari-isledi\/","og_locale":"tr_TR","og_type":"article","og_title":"Amnesty International: Sudan H\u0131zl\u0131 Destek Kuvvetleri, Zemzem Kamp\u0131nda \u201cSava\u015f Su\u00e7lar\u0131\u201d \u0130\u015fledi - ShiaWaves Turkish - \u015eia Haberleri","og_description":"Amnesty International: Sudan H\u0131zl\u0131 Destek Kuvvetleri, Zemzem Kamp\u0131nda \u201cSava\u015f Su\u00e7lar\u0131\u201d \u0130\u015fledi Londra merkezli Amnesty International, Sudan H\u0131zl\u0131 Destek Kuvvetleri\u2019nin (RSF), Nisan 2025\u2019te Kuzey Darfur\u2019daki Zemzem m\u00fclteci kamp\u0131na d\u00fczenledi\u011fi sald\u0131r\u0131da sivilleri kas\u0131tl\u0131 \u00f6ld\u00fcrd\u00fc\u011f\u00fcn\u00fc, rehin ald\u0131\u011f\u0131n\u0131, camileri ve okullar\u0131 y\u0131kt\u0131\u011f\u0131n\u0131 a\u00e7\u0131klad\u0131. Amnesty, olay\u0131n uluslararas\u0131 hukuka g\u00f6re sava\u015f su\u00e7u olarak soru\u015fturulmas\u0131 gerekti\u011fini vurgulad\u0131. Londra merkezli Amnesty International, Sudan &hellip;","og_url":"https:\/\/shiawaves.com\/turkish\/2025\/12\/11\/amnesty-international-sudan-hizli-destek-kuvvetleri-zemzem-kampinda-savas-suclari-isledi\/","og_site_name":"ShiaWaves Turkish - \u015eia Haberleri","article_published_time":"2025-12-11T15:30:27+00:00","author":"modir","twitter_card":"summary_large_image","twitter_misc":{"Yazan:":"modir","Tahmini okuma s\u00fcresi":"1 dakika"},"schema":{"@context":"https:\/\/schema.org","@graph":[{"@type":"WebPage","@id":"https:\/\/shiawaves.com\/turkish\/2025\/12\/11\/amnesty-international-sudan-hizli-destek-kuvvetleri-zemzem-kampinda-savas-suclari-isledi\/","url":"https:\/\/shiawaves.com\/turkish\/2025\/12\/11\/amnesty-international-sudan-hizli-destek-kuvvetleri-zemzem-kampinda-savas-suclari-isledi\/","name":"Amnesty International: Sudan H\u0131zl\u0131 Destek Kuvvetleri, Zemzem Kamp\u0131nda \u201cSava\u015f Su\u00e7lar\u0131\u201d \u0130\u015fledi - ShiaWaves Turkish - \u015eia Haberleri","isPartOf":{"@id":"https:\/\/shiawaves.com\/turkish\/#website"},"primaryImageOfPage":{"@id":"https:\/\/shiawaves.com\/turkish\/2025\/12\/11\/amnesty-international-sudan-hizli-destek-kuvvetleri-zemzem-kampinda-savas-suclari-isledi\/#primaryimage"},"image":{"@id":"https:\/\/shiawaves.com\/turkish\/2025\/12\/11\/amnesty-international-sudan-hizli-destek-kuvvetleri-zemzem-kampinda-savas-suclari-isledi\/#primaryimage"},"thumbnailUrl":"https:\/\/shiawaves.com\/turkish\/wp-content\/uploads\/sites\/6\/2025\/12\/file_2254.jpg","datePublished":"2025-12-11T15:30:27+00:00","dateModified":"2025-12-11T15:30:27+00:00","author":{"@id":"https:\/\/shiawaves.com\/turkish\/#\/schema\/person\/9f68d5023e948086b9348fba5aebd954"},"breadcrumb":{"@id":"https:\/\/shiawaves.com\/turkish\/2025\/12\/11\/amnesty-international-sudan-hizli-destek-kuvvetleri-zemzem-kampinda-savas-suclari-isledi\/#breadcrumb"},"inLanguage":"tr","potentialAction":[{"@type":"ReadAction","target":["https:\/\/shiawaves.com\/turkish\/2025\/12\/11\/amnesty-international-sudan-hizli-destek-kuvvetleri-zemzem-kampinda-savas-suclari-isledi\/"]}]},{"@type":"ImageObject","inLanguage":"tr","@id":"https:\/\/shiawaves.com\/turkish\/2025\/12\/11\/amnesty-international-sudan-hizli-destek-kuvvetleri-zemzem-kampinda-savas-suclari-isledi\/#primaryimage","url":"https:\/\/shiawaves.com\/turkish\/wp-content\/uploads\/sites\/6\/2025\/12\/file_2254.jpg","contentUrl":"https:\/\/shiawaves.com\/turkish\/wp-content\/uploads\/sites\/6\/2025\/12\/file_2254.jpg","width":1280,"height":705},{"@type":"BreadcrumbList","@id":"https:\/\/shiawaves.com\/turkish\/2025\/12\/11\/amnesty-international-sudan-hizli-destek-kuvvetleri-zemzem-kampinda-savas-suclari-isledi\/#breadcrumb","itemListElement":[{"@type":"ListItem","position":1,"name":"Home","item":"https:\/\/shiawaves.com\/turkish\/"},{"@type":"ListItem","position":2,"name":"Amnesty International: Sudan H\u0131zl\u0131 Destek Kuvvetleri, Zemzem Kamp\u0131nda \u201cSava\u015f Su\u00e7lar\u0131\u201d \u0130\u015fledi"}]},{"@type":"WebSite","@id":"https:\/\/shiawaves.com\/turkish\/#website","url":"https:\/\/shiawaves.com\/turkish\/","name":"ShiaWaves Turkish - \u015eia Haberleri","description":"","potentialAction":[{"@type":"SearchAction","target":{"@type":"EntryPoint","urlTemplate":"https:\/\/shiawaves.com\/turkish\/?s={search_term_string}"},"query-input":{"@type":"PropertyValueSpecification","valueRequired":true,"valueName":"search_term_string"}}],"inLanguage":"tr"},{"@type":"Person","@id":"https:\/\/shiawaves.com\/turkish\/#\/schema\/person\/9f68d5023e948086b9348fba5aebd954","name":"modir","image":{"@type":"ImageObject","inLanguage":"tr","@id":"https:\/\/shiawaves.com\/turkish\/#\/schema\/person\/image\/","url":"https:\/\/secure.gravatar.com\/avatar\/8e76f93cdbdd480bd8918d1e0e1d938664c9cb1516c2a57a2b96fe50b507a6b9?s=96&d=mm&r=g","contentUrl":"https:\/\/secure.gravatar.com\/avatar\/8e76f93cdbdd480bd8918d1e0e1d938664c9cb1516c2a57a2b96fe50b507a6b9?s=96&d=mm&r=g","caption":"modir"},"sameAs":["https:\/\/shiawaves.com"],"url":"https:\/\/shiawaves.com\/turkish\/author\/modir\/"}]}},"_links":{"self":[{"href":"https:\/\/shiawaves.com\/turkish\/wp-json\/wp\/v2\/posts\/119460","targetHints":{"allow":["GET"]}}],"collection":[{"href":"https:\/\/shiawaves.com\/turkish\/wp-json\/wp\/v2\/posts"}],"about":[{"href":"https:\/\/shiawaves.com\/turkish\/wp-json\/wp\/v2\/types\/post"}],"author":[{"embeddable":true,"href":"https:\/\/shiawaves.com\/turkish\/wp-json\/wp\/v2\/users\/1"}],"replies":[{"embeddable":true,"href":"https:\/\/shiawaves.com\/turkish\/wp-json\/wp\/v2\/comments?post=119460"}],"version-history":[{"count":0,"href":"https:\/\/shiawaves.com\/turkish\/wp-json\/wp\/v2\/posts\/119460\/revisions"}],"wp:featuredmedia":[{"embeddable":true,"href":"https:\/\/shiawaves.com\/turkish\/wp-json\/wp\/v2\/media\/119459"}],"wp:attachment":[{"href":"https:\/\/shiawaves.com\/turkish\/wp-json\/wp\/v2\/media?parent=119460"}],"wp:term":[{"taxonomy":"category","embeddable":true,"href":"https:\/\/shiawaves.com\/turkish\/wp-json\/wp\/v2\/categories?post=119460"},{"taxonomy":"post_tag","embeddable":true,"href":"https:\/\/shiawaves.com\/turkish\/wp-json\/wp\/v2\/tags?post=119460"}],"curies":[{"name":"wp","href":"https:\/\/api.w.org\/{rel}","templated":true}]}}