{"id":119456,"date":"2025-12-11T16:00:41","date_gmt":"2025-12-11T13:00:41","guid":{"rendered":"https:\/\/shiawaves.com\/turkish\/2025\/12\/11\/meyve-sezonu-afganistan-ile-pakistan-arasinda-yeni-gerilim-alani\/"},"modified":"2025-12-11T16:00:41","modified_gmt":"2025-12-11T13:00:41","slug":"meyve-sezonu-afganistan-ile-pakistan-arasinda-yeni-gerilim-alani","status":"publish","type":"post","link":"https:\/\/shiawaves.com\/turkish\/2025\/12\/11\/meyve-sezonu-afganistan-ile-pakistan-arasinda-yeni-gerilim-alani\/","title":{"rendered":"Meyve Sezonu, Afganistan ile Pakistan Aras\u0131nda Yeni Gerilim Alan\u0131"},"content":{"rendered":"<p>Meyve Sezonu, Afganistan ile Pakistan Aras\u0131nda Yeni Gerilim Alan\u0131<\/p>\n<p>Taliban y\u00f6netimi, Pakistan\u2019\u0131n son aylarda s\u0131n\u0131rlar\u0131 kapatmas\u0131n\u0131n Afgan<br \/>\n\u00fcr\u00fcnlerinin \u00e7\u00fcr\u00fcmesine ve b\u00fcy\u00fck ekonomik kay\u0131plara yol a\u00e7t\u0131\u011f\u0131n\u0131 a\u00e7\u0131klad\u0131.<\/p>\n<p>Taliban Enerji ve Su Bakan\u0131 Abd\u00fcllatif Mansur, X platformunda yapt\u0131\u011f\u0131<br \/>\na\u00e7\u0131klamada, s\u0131n\u0131rlar\u0131n kapal\u0131 olmas\u0131 nedeniyle Afgan tacirlerin a\u011f\u0131r kay\u0131plar<br \/>\nya\u015fad\u0131\u011f\u0131n\u0131 belirtti.<\/p>\n<p>Pakistan\u2019\u0131n \u015fimdi kendi meyve sezonu ba\u015flad\u0131\u011f\u0131 i\u00e7in s\u0131n\u0131rlar\u0131 a\u00e7mak istedi\u011fini, bunun i\u00e7in de uluslararas\u0131 arac\u0131lardan yard\u0131m almaya \u00e7al\u0131\u015ft\u0131\u011f\u0131n\u0131 ifade etti.<\/p>\n<p>Mansur, h\u00fck\u00fcmetin \u201cmisilleme politikas\u0131\u201d izlemesi gerekti\u011fini vurgulad\u0131. Uzmanlara g\u00f6re s\u0131n\u0131r politikalar\u0131, tar\u0131m ve ticaret sekt\u00f6r\u00fcnde ciddi etkiler<br \/>\nyarat\u0131yor.<\/p>\n<p>Bu gerilim, tar\u0131m \u00fcr\u00fcnlerinin dahi Afganistan ile Pakistan aras\u0131nda siyasi bir m\u00fccadele alan\u0131na d\u00f6n\u00fc\u015febilece\u011fini g\u00f6steriyor<\/p>\n","protected":false},"excerpt":{"rendered":"<p>Meyve Sezonu, Afganistan ile Pakistan Aras\u0131nda Yeni Gerilim Alan\u0131 Taliban y\u00f6netimi, Pakistan\u2019\u0131n son aylarda s\u0131n\u0131rlar\u0131 kapatmas\u0131n\u0131n Afgan \u00fcr\u00fcnlerinin \u00e7\u00fcr\u00fcmesine ve b\u00fcy\u00fck ekonomik kay\u0131plara yol a\u00e7t\u0131\u011f\u0131n\u0131 a\u00e7\u0131klad\u0131. Taliban Enerji ve Su Bakan\u0131 Abd\u00fcllatif Mansur, X platformunda yapt\u0131\u011f\u0131 a\u00e7\u0131klamada, s\u0131n\u0131rlar\u0131n kapal\u0131 olmas\u0131 nedeniyle Afgan tacirlerin a\u011f\u0131r kay\u0131plar ya\u015fad\u0131\u011f\u0131n\u0131 belirtti. Pakistan\u2019\u0131n \u015fimdi kendi meyve sezonu ba\u015flad\u0131\u011f\u0131 i\u00e7in s\u0131n\u0131rlar\u0131 &hellip;<\/p>\n","protected":false},"author":1,"featured_media":119455,"comment_status":"open","ping_status":"open","sticky":false,"template":"","format":"standard","meta":{"rop_custom_images_group":[],"rop_custom_messages_group":[],"rop_publish_now":"initial","rop_publish_now_accounts":[],"rop_publish_now_history":[],"rop_publish_now_status":"pending","footnotes":""},"categories":[8],"tags":[],"class_list":["post-119456","post","type-post","status-publish","format-standard","has-post-thumbnail","hentry","category-afghanistan"],"_wp_page_template":null,"_wp_attached_file":null,"_wp_attachment_metadata":null,"_edit_lock":null,"yoast_head":"<!-- This site is optimized with the Yoast SEO plugin v24.3 - https:\/\/yoast.com\/wordpress\/plugins\/seo\/ -->\n<title>Meyve Sezonu, Afganistan ile Pakistan Aras\u0131nda Yeni Gerilim Alan\u0131 - ShiaWaves Turkish - \u015eia Haberleri<\/title>\n<meta name=\"robots\" content=\"index, follow, max-snippet:-1, max-image-preview:large, max-video-preview:-1\" \/>\n<link rel=\"canonical\" href=\"https:\/\/shiawaves.com\/turkish\/2025\/12\/11\/meyve-sezonu-afganistan-ile-pakistan-arasinda-yeni-gerilim-alani\/\" \/>\n<meta property=\"og:locale\" content=\"tr_TR\" \/>\n<meta property=\"og:type\" content=\"article\" \/>\n<meta property=\"og:title\" content=\"Meyve Sezonu, Afganistan ile Pakistan Aras\u0131nda Yeni Gerilim Alan\u0131 - ShiaWaves Turkish - \u015eia Haberleri\" \/>\n<meta property=\"og:description\" content=\"Meyve Sezonu, Afganistan ile Pakistan Aras\u0131nda Yeni Gerilim Alan\u0131 Taliban y\u00f6netimi, Pakistan\u2019\u0131n son aylarda s\u0131n\u0131rlar\u0131 kapatmas\u0131n\u0131n Afgan \u00fcr\u00fcnlerinin \u00e7\u00fcr\u00fcmesine ve b\u00fcy\u00fck ekonomik kay\u0131plara yol a\u00e7t\u0131\u011f\u0131n\u0131 a\u00e7\u0131klad\u0131. Taliban Enerji ve Su Bakan\u0131 Abd\u00fcllatif Mansur, X platformunda yapt\u0131\u011f\u0131 a\u00e7\u0131klamada, s\u0131n\u0131rlar\u0131n kapal\u0131 olmas\u0131 nedeniyle Afgan tacirlerin a\u011f\u0131r kay\u0131plar ya\u015fad\u0131\u011f\u0131n\u0131 belirtti. Pakistan\u2019\u0131n \u015fimdi kendi meyve sezonu ba\u015flad\u0131\u011f\u0131 i\u00e7in s\u0131n\u0131rlar\u0131 &hellip;\" \/>\n<meta property=\"og:url\" content=\"https:\/\/shiawaves.com\/turkish\/2025\/12\/11\/meyve-sezonu-afganistan-ile-pakistan-arasinda-yeni-gerilim-alani\/\" \/>\n<meta property=\"og:site_name\" content=\"ShiaWaves Turkish - \u015eia Haberleri\" \/>\n<meta property=\"article:published_time\" content=\"2025-12-11T13:00:41+00:00\" \/>\n<meta name=\"author\" content=\"modir\" \/>\n<meta name=\"twitter:card\" content=\"summary_large_image\" \/>\n<meta name=\"twitter:label1\" content=\"Yazan:\" \/>\n\t<meta name=\"twitter:data1\" content=\"modir\" \/>\n\t<meta name=\"twitter:label2\" content=\"Tahmini okuma s\u00fcresi\" \/>\n\t<meta name=\"twitter:data2\" content=\"1 dakika\" \/>\n<script type=\"application\/ld+json\" class=\"yoast-schema-graph\">{\"@context\":\"https:\/\/schema.org\",\"@graph\":[{\"@type\":\"WebPage\",\"@id\":\"https:\/\/shiawaves.com\/turkish\/2025\/12\/11\/meyve-sezonu-afganistan-ile-pakistan-arasinda-yeni-gerilim-alani\/\",\"url\":\"https:\/\/shiawaves.com\/turkish\/2025\/12\/11\/meyve-sezonu-afganistan-ile-pakistan-arasinda-yeni-gerilim-alani\/\",\"name\":\"Meyve Sezonu, Afganistan ile Pakistan Aras\u0131nda Yeni Gerilim Alan\u0131 - ShiaWaves Turkish - \u015eia Haberleri\",\"isPartOf\":{\"@id\":\"https:\/\/shiawaves.com\/turkish\/#website\"},\"primaryImageOfPage\":{\"@id\":\"https:\/\/shiawaves.com\/turkish\/2025\/12\/11\/meyve-sezonu-afganistan-ile-pakistan-arasinda-yeni-gerilim-alani\/#primaryimage\"},\"image\":{\"@id\":\"https:\/\/shiawaves.com\/turkish\/2025\/12\/11\/meyve-sezonu-afganistan-ile-pakistan-arasinda-yeni-gerilim-alani\/#primaryimage\"},\"thumbnailUrl\":\"https:\/\/shiawaves.com\/turkish\/wp-content\/uploads\/sites\/6\/2025\/12\/file_2252.jpg\",\"datePublished\":\"2025-12-11T13:00:41+00:00\",\"dateModified\":\"2025-12-11T13:00:41+00:00\",\"author\":{\"@id\":\"https:\/\/shiawaves.com\/turkish\/#\/schema\/person\/9f68d5023e948086b9348fba5aebd954\"},\"breadcrumb\":{\"@id\":\"https:\/\/shiawaves.com\/turkish\/2025\/12\/11\/meyve-sezonu-afganistan-ile-pakistan-arasinda-yeni-gerilim-alani\/#breadcrumb\"},\"inLanguage\":\"tr\",\"potentialAction\":[{\"@type\":\"ReadAction\",\"target\":[\"https:\/\/shiawaves.com\/turkish\/2025\/12\/11\/meyve-sezonu-afganistan-ile-pakistan-arasinda-yeni-gerilim-alani\/\"]}]},{\"@type\":\"ImageObject\",\"inLanguage\":\"tr\",\"@id\":\"https:\/\/shiawaves.com\/turkish\/2025\/12\/11\/meyve-sezonu-afganistan-ile-pakistan-arasinda-yeni-gerilim-alani\/#primaryimage\",\"url\":\"https:\/\/shiawaves.com\/turkish\/wp-content\/uploads\/sites\/6\/2025\/12\/file_2252.jpg\",\"contentUrl\":\"https:\/\/shiawaves.com\/turkish\/wp-content\/uploads\/sites\/6\/2025\/12\/file_2252.jpg\",\"width\":770,\"height\":470},{\"@type\":\"BreadcrumbList\",\"@id\":\"https:\/\/shiawaves.com\/turkish\/2025\/12\/11\/meyve-sezonu-afganistan-ile-pakistan-arasinda-yeni-gerilim-alani\/#breadcrumb\",\"itemListElement\":[{\"@type\":\"ListItem\",\"position\":1,\"name\":\"Home\",\"item\":\"https:\/\/shiawaves.com\/turkish\/\"},{\"@type\":\"ListItem\",\"position\":2,\"name\":\"Meyve Sezonu, Afganistan ile Pakistan Aras\u0131nda Yeni Gerilim Alan\u0131\"}]},{\"@type\":\"WebSite\",\"@id\":\"https:\/\/shiawaves.com\/turkish\/#website\",\"url\":\"https:\/\/shiawaves.com\/turkish\/\",\"name\":\"ShiaWaves Turkish - \u015eia Haberleri\",\"description\":\"\",\"potentialAction\":[{\"@type\":\"SearchAction\",\"target\":{\"@type\":\"EntryPoint\",\"urlTemplate\":\"https:\/\/shiawaves.com\/turkish\/?s={search_term_string}\"},\"query-input\":{\"@type\":\"PropertyValueSpecification\",\"valueRequired\":true,\"valueName\":\"search_term_string\"}}],\"inLanguage\":\"tr\"},{\"@type\":\"Person\",\"@id\":\"https:\/\/shiawaves.com\/turkish\/#\/schema\/person\/9f68d5023e948086b9348fba5aebd954\",\"name\":\"modir\",\"image\":{\"@type\":\"ImageObject\",\"inLanguage\":\"tr\",\"@id\":\"https:\/\/shiawaves.com\/turkish\/#\/schema\/person\/image\/\",\"url\":\"https:\/\/secure.gravatar.com\/avatar\/8e76f93cdbdd480bd8918d1e0e1d938664c9cb1516c2a57a2b96fe50b507a6b9?s=96&d=mm&r=g\",\"contentUrl\":\"https:\/\/secure.gravatar.com\/avatar\/8e76f93cdbdd480bd8918d1e0e1d938664c9cb1516c2a57a2b96fe50b507a6b9?s=96&d=mm&r=g\",\"caption\":\"modir\"},\"sameAs\":[\"https:\/\/shiawaves.com\"],\"url\":\"https:\/\/shiawaves.com\/turkish\/author\/modir\/\"}]}<\/script>\n<!-- \/ Yoast SEO plugin. -->","yoast_head_json":{"title":"Meyve Sezonu, Afganistan ile Pakistan Aras\u0131nda Yeni Gerilim Alan\u0131 - ShiaWaves Turkish - \u015eia Haberleri","robots":{"index":"index","follow":"follow","max-snippet":"max-snippet:-1","max-image-preview":"max-image-preview:large","max-video-preview":"max-video-preview:-1"},"canonical":"https:\/\/shiawaves.com\/turkish\/2025\/12\/11\/meyve-sezonu-afganistan-ile-pakistan-arasinda-yeni-gerilim-alani\/","og_locale":"tr_TR","og_type":"article","og_title":"Meyve Sezonu, Afganistan ile Pakistan Aras\u0131nda Yeni Gerilim Alan\u0131 - ShiaWaves Turkish - \u015eia Haberleri","og_description":"Meyve Sezonu, Afganistan ile Pakistan Aras\u0131nda Yeni Gerilim Alan\u0131 Taliban y\u00f6netimi, Pakistan\u2019\u0131n son aylarda s\u0131n\u0131rlar\u0131 kapatmas\u0131n\u0131n Afgan \u00fcr\u00fcnlerinin \u00e7\u00fcr\u00fcmesine ve b\u00fcy\u00fck ekonomik kay\u0131plara yol a\u00e7t\u0131\u011f\u0131n\u0131 a\u00e7\u0131klad\u0131. Taliban Enerji ve Su Bakan\u0131 Abd\u00fcllatif Mansur, X platformunda yapt\u0131\u011f\u0131 a\u00e7\u0131klamada, s\u0131n\u0131rlar\u0131n kapal\u0131 olmas\u0131 nedeniyle Afgan tacirlerin a\u011f\u0131r kay\u0131plar ya\u015fad\u0131\u011f\u0131n\u0131 belirtti. Pakistan\u2019\u0131n \u015fimdi kendi meyve sezonu ba\u015flad\u0131\u011f\u0131 i\u00e7in s\u0131n\u0131rlar\u0131 &hellip;","og_url":"https:\/\/shiawaves.com\/turkish\/2025\/12\/11\/meyve-sezonu-afganistan-ile-pakistan-arasinda-yeni-gerilim-alani\/","og_site_name":"ShiaWaves Turkish - \u015eia Haberleri","article_published_time":"2025-12-11T13:00:41+00:00","author":"modir","twitter_card":"summary_large_image","twitter_misc":{"Yazan:":"modir","Tahmini okuma s\u00fcresi":"1 dakika"},"schema":{"@context":"https:\/\/schema.org","@graph":[{"@type":"WebPage","@id":"https:\/\/shiawaves.com\/turkish\/2025\/12\/11\/meyve-sezonu-afganistan-ile-pakistan-arasinda-yeni-gerilim-alani\/","url":"https:\/\/shiawaves.com\/turkish\/2025\/12\/11\/meyve-sezonu-afganistan-ile-pakistan-arasinda-yeni-gerilim-alani\/","name":"Meyve Sezonu, Afganistan ile Pakistan Aras\u0131nda Yeni Gerilim Alan\u0131 - ShiaWaves Turkish - \u015eia Haberleri","isPartOf":{"@id":"https:\/\/shiawaves.com\/turkish\/#website"},"primaryImageOfPage":{"@id":"https:\/\/shiawaves.com\/turkish\/2025\/12\/11\/meyve-sezonu-afganistan-ile-pakistan-arasinda-yeni-gerilim-alani\/#primaryimage"},"image":{"@id":"https:\/\/shiawaves.com\/turkish\/2025\/12\/11\/meyve-sezonu-afganistan-ile-pakistan-arasinda-yeni-gerilim-alani\/#primaryimage"},"thumbnailUrl":"https:\/\/shiawaves.com\/turkish\/wp-content\/uploads\/sites\/6\/2025\/12\/file_2252.jpg","datePublished":"2025-12-11T13:00:41+00:00","dateModified":"2025-12-11T13:00:41+00:00","author":{"@id":"https:\/\/shiawaves.com\/turkish\/#\/schema\/person\/9f68d5023e948086b9348fba5aebd954"},"breadcrumb":{"@id":"https:\/\/shiawaves.com\/turkish\/2025\/12\/11\/meyve-sezonu-afganistan-ile-pakistan-arasinda-yeni-gerilim-alani\/#breadcrumb"},"inLanguage":"tr","potentialAction":[{"@type":"ReadAction","target":["https:\/\/shiawaves.com\/turkish\/2025\/12\/11\/meyve-sezonu-afganistan-ile-pakistan-arasinda-yeni-gerilim-alani\/"]}]},{"@type":"ImageObject","inLanguage":"tr","@id":"https:\/\/shiawaves.com\/turkish\/2025\/12\/11\/meyve-sezonu-afganistan-ile-pakistan-arasinda-yeni-gerilim-alani\/#primaryimage","url":"https:\/\/shiawaves.com\/turkish\/wp-content\/uploads\/sites\/6\/2025\/12\/file_2252.jpg","contentUrl":"https:\/\/shiawaves.com\/turkish\/wp-content\/uploads\/sites\/6\/2025\/12\/file_2252.jpg","width":770,"height":470},{"@type":"BreadcrumbList","@id":"https:\/\/shiawaves.com\/turkish\/2025\/12\/11\/meyve-sezonu-afganistan-ile-pakistan-arasinda-yeni-gerilim-alani\/#breadcrumb","itemListElement":[{"@type":"ListItem","position":1,"name":"Home","item":"https:\/\/shiawaves.com\/turkish\/"},{"@type":"ListItem","position":2,"name":"Meyve Sezonu, Afganistan ile Pakistan Aras\u0131nda Yeni Gerilim Alan\u0131"}]},{"@type":"WebSite","@id":"https:\/\/shiawaves.com\/turkish\/#website","url":"https:\/\/shiawaves.com\/turkish\/","name":"ShiaWaves Turkish - \u015eia Haberleri","description":"","potentialAction":[{"@type":"SearchAction","target":{"@type":"EntryPoint","urlTemplate":"https:\/\/shiawaves.com\/turkish\/?s={search_term_string}"},"query-input":{"@type":"PropertyValueSpecification","valueRequired":true,"valueName":"search_term_string"}}],"inLanguage":"tr"},{"@type":"Person","@id":"https:\/\/shiawaves.com\/turkish\/#\/schema\/person\/9f68d5023e948086b9348fba5aebd954","name":"modir","image":{"@type":"ImageObject","inLanguage":"tr","@id":"https:\/\/shiawaves.com\/turkish\/#\/schema\/person\/image\/","url":"https:\/\/secure.gravatar.com\/avatar\/8e76f93cdbdd480bd8918d1e0e1d938664c9cb1516c2a57a2b96fe50b507a6b9?s=96&d=mm&r=g","contentUrl":"https:\/\/secure.gravatar.com\/avatar\/8e76f93cdbdd480bd8918d1e0e1d938664c9cb1516c2a57a2b96fe50b507a6b9?s=96&d=mm&r=g","caption":"modir"},"sameAs":["https:\/\/shiawaves.com"],"url":"https:\/\/shiawaves.com\/turkish\/author\/modir\/"}]}},"_links":{"self":[{"href":"https:\/\/shiawaves.com\/turkish\/wp-json\/wp\/v2\/posts\/119456","targetHints":{"allow":["GET"]}}],"collection":[{"href":"https:\/\/shiawaves.com\/turkish\/wp-json\/wp\/v2\/posts"}],"about":[{"href":"https:\/\/shiawaves.com\/turkish\/wp-json\/wp\/v2\/types\/post"}],"author":[{"embeddable":true,"href":"https:\/\/shiawaves.com\/turkish\/wp-json\/wp\/v2\/users\/1"}],"replies":[{"embeddable":true,"href":"https:\/\/shiawaves.com\/turkish\/wp-json\/wp\/v2\/comments?post=119456"}],"version-history":[{"count":0,"href":"https:\/\/shiawaves.com\/turkish\/wp-json\/wp\/v2\/posts\/119456\/revisions"}],"wp:featuredmedia":[{"embeddable":true,"href":"https:\/\/shiawaves.com\/turkish\/wp-json\/wp\/v2\/media\/119455"}],"wp:attachment":[{"href":"https:\/\/shiawaves.com\/turkish\/wp-json\/wp\/v2\/media?parent=119456"}],"wp:term":[{"taxonomy":"category","embeddable":true,"href":"https:\/\/shiawaves.com\/turkish\/wp-json\/wp\/v2\/categories?post=119456"},{"taxonomy":"post_tag","embeddable":true,"href":"https:\/\/shiawaves.com\/turkish\/wp-json\/wp\/v2\/tags?post=119456"}],"curies":[{"name":"wp","href":"https:\/\/api.w.org\/{rel}","templated":true}]}}