{"id":119392,"date":"2025-12-08T23:30:29","date_gmt":"2025-12-08T20:30:29","guid":{"rendered":"https:\/\/shiawaves.com\/turkish\/2025\/12\/08\/hz-seyyidussuheda-ve-hz-abbasin-a-s-mukaddes-turbelerinin-hz-ummulbeninin-s-a-sehadeti-munasebetiyle-siyah-ortulerle-kaplanmasi\/"},"modified":"2025-12-08T23:30:29","modified_gmt":"2025-12-08T20:30:29","slug":"hz-seyyidussuheda-ve-hz-abbasin-a-s-mukaddes-turbelerinin-hz-ummulbeninin-s-a-sehadeti-munasebetiyle-siyah-ortulerle-kaplanmasi","status":"publish","type":"post","link":"https:\/\/shiawaves.com\/turkish\/2025\/12\/08\/hz-seyyidussuheda-ve-hz-abbasin-a-s-mukaddes-turbelerinin-hz-ummulbeninin-s-a-sehadeti-munasebetiyle-siyah-ortulerle-kaplanmasi\/","title":{"rendered":"Hz. Seyyid\u00fc\u015f\u015f\u00fcheda ve Hz. Abbas\u2019\u0131n (a.s) mukaddes T\u00fcrbelerinin Hz. \u00dcmm\u00fclbenin\u2019in (s.a) \u015eehadeti M\u00fcnasebetiyle Siyah \u00d6rt\u00fclerle Kaplanmas\u0131"},"content":{"rendered":"<p>Hz. Seyyid\u00fc\u015f\u015f\u00fcheda ve Hz. Abbas\u2019\u0131n (a.s) mukaddes T\u00fcrbelerinin Hz. \u00dcmm\u00fclbenin\u2019in (s.a) \u015eehadeti M\u00fcnasebetiyle Siyah \u00d6rt\u00fclerle Kaplanmas\u0131<\/p>\n<p>Mukaddes Kerbela \u015fehrinde bulunan Hz. Seyyid\u00fc\u015f\u015f\u00fcheda ve Hz. Abbas\u2019\u0131n (a.s) mukaddes t\u00fcrbeleri, Hz. \u00dcmm\u00fclbenin\u2019in (s.a) \u015fehadet y\u0131ld\u00f6n\u00fcm\u00fcne e\u015f zamanl\u0131 olarak siyah \u00f6rt\u00fclerle kapland\u0131.<\/p>\n<p>\u015eii Haber Ajans\u0131na g\u00f6re, bu eylem, bu b\u00fcy\u00fck han\u0131ma ve Kerbela\u2019n\u0131n d\u00f6rt \u015fehidinin annesine olan ba\u011fl\u0131l\u0131k ve yaslar\u0131n\u0131n bir sembol\u00fcd\u00fcr.<\/p>\n<p>Ziyaret\u00e7iler ve hizmetliler, mukaddes t\u00fcrbelerde bir araya gelerek Hz. \u00dcmm\u00fclbenin\u2019in (s.a) ziyaret duas\u0131n\u0131 okudular ve matem tuttular.<\/p>\n","protected":false},"excerpt":{"rendered":"<p>Hz. Seyyid\u00fc\u015f\u015f\u00fcheda ve Hz. Abbas\u2019\u0131n (a.s) mukaddes T\u00fcrbelerinin Hz. \u00dcmm\u00fclbenin\u2019in (s.a) \u015eehadeti M\u00fcnasebetiyle Siyah \u00d6rt\u00fclerle Kaplanmas\u0131 Mukaddes Kerbela \u015fehrinde bulunan Hz. Seyyid\u00fc\u015f\u015f\u00fcheda ve Hz. Abbas\u2019\u0131n (a.s) mukaddes t\u00fcrbeleri, Hz. \u00dcmm\u00fclbenin\u2019in (s.a) \u015fehadet y\u0131ld\u00f6n\u00fcm\u00fcne e\u015f zamanl\u0131 olarak siyah \u00f6rt\u00fclerle kapland\u0131. \u015eii Haber Ajans\u0131na g\u00f6re, bu eylem, bu b\u00fcy\u00fck han\u0131ma ve Kerbela\u2019n\u0131n d\u00f6rt \u015fehidinin annesine olan ba\u011fl\u0131l\u0131k &hellip;<\/p>\n","protected":false},"author":1,"featured_media":119391,"comment_status":"open","ping_status":"open","sticky":false,"template":"","format":"standard","meta":{"rop_custom_images_group":[],"rop_custom_messages_group":[],"rop_publish_now":"initial","rop_publish_now_accounts":[],"rop_publish_now_history":[],"rop_publish_now_status":"pending","footnotes":""},"categories":[30],"tags":[],"class_list":["post-119392","post","type-post","status-publish","format-standard","has-post-thumbnail","hentry","category-atabat"],"_wp_page_template":null,"_wp_attached_file":null,"_wp_attachment_metadata":null,"_edit_lock":null,"yoast_head":"<!-- This site is optimized with the Yoast SEO plugin v24.3 - https:\/\/yoast.com\/wordpress\/plugins\/seo\/ -->\n<title>Hz. Seyyid\u00fc\u015f\u015f\u00fcheda ve Hz. Abbas\u2019\u0131n (a.s) mukaddes T\u00fcrbelerinin Hz. \u00dcmm\u00fclbenin\u2019in (s.a) \u015eehadeti M\u00fcnasebetiyle Siyah \u00d6rt\u00fclerle Kaplanmas\u0131 - ShiaWaves Turkish - \u015eia Haberleri<\/title>\n<meta name=\"robots\" content=\"index, follow, max-snippet:-1, max-image-preview:large, max-video-preview:-1\" \/>\n<link rel=\"canonical\" href=\"https:\/\/shiawaves.com\/turkish\/2025\/12\/08\/hz-seyyidussuheda-ve-hz-abbasin-a-s-mukaddes-turbelerinin-hz-ummulbeninin-s-a-sehadeti-munasebetiyle-siyah-ortulerle-kaplanmasi\/\" \/>\n<meta property=\"og:locale\" content=\"tr_TR\" \/>\n<meta property=\"og:type\" content=\"article\" \/>\n<meta property=\"og:title\" content=\"Hz. Seyyid\u00fc\u015f\u015f\u00fcheda ve Hz. Abbas\u2019\u0131n (a.s) mukaddes T\u00fcrbelerinin Hz. \u00dcmm\u00fclbenin\u2019in (s.a) \u015eehadeti M\u00fcnasebetiyle Siyah \u00d6rt\u00fclerle Kaplanmas\u0131 - ShiaWaves Turkish - \u015eia Haberleri\" \/>\n<meta property=\"og:description\" content=\"Hz. Seyyid\u00fc\u015f\u015f\u00fcheda ve Hz. Abbas\u2019\u0131n (a.s) mukaddes T\u00fcrbelerinin Hz. \u00dcmm\u00fclbenin\u2019in (s.a) \u015eehadeti M\u00fcnasebetiyle Siyah \u00d6rt\u00fclerle Kaplanmas\u0131 Mukaddes Kerbela \u015fehrinde bulunan Hz. Seyyid\u00fc\u015f\u015f\u00fcheda ve Hz. Abbas\u2019\u0131n (a.s) mukaddes t\u00fcrbeleri, Hz. \u00dcmm\u00fclbenin\u2019in (s.a) \u015fehadet y\u0131ld\u00f6n\u00fcm\u00fcne e\u015f zamanl\u0131 olarak siyah \u00f6rt\u00fclerle kapland\u0131. \u015eii Haber Ajans\u0131na g\u00f6re, bu eylem, bu b\u00fcy\u00fck han\u0131ma ve Kerbela\u2019n\u0131n d\u00f6rt \u015fehidinin annesine olan ba\u011fl\u0131l\u0131k &hellip;\" \/>\n<meta property=\"og:url\" content=\"https:\/\/shiawaves.com\/turkish\/2025\/12\/08\/hz-seyyidussuheda-ve-hz-abbasin-a-s-mukaddes-turbelerinin-hz-ummulbeninin-s-a-sehadeti-munasebetiyle-siyah-ortulerle-kaplanmasi\/\" \/>\n<meta property=\"og:site_name\" content=\"ShiaWaves Turkish - \u015eia Haberleri\" \/>\n<meta property=\"article:published_time\" content=\"2025-12-08T20:30:29+00:00\" \/>\n<meta name=\"author\" content=\"modir\" \/>\n<meta name=\"twitter:card\" content=\"summary_large_image\" \/>\n<meta name=\"twitter:label1\" content=\"Yazan:\" \/>\n\t<meta name=\"twitter:data1\" content=\"modir\" \/>\n\t<meta name=\"twitter:label2\" content=\"Tahmini okuma s\u00fcresi\" \/>\n\t<meta name=\"twitter:data2\" content=\"1 dakika\" \/>\n<script type=\"application\/ld+json\" class=\"yoast-schema-graph\">{\"@context\":\"https:\/\/schema.org\",\"@graph\":[{\"@type\":\"WebPage\",\"@id\":\"https:\/\/shiawaves.com\/turkish\/2025\/12\/08\/hz-seyyidussuheda-ve-hz-abbasin-a-s-mukaddes-turbelerinin-hz-ummulbeninin-s-a-sehadeti-munasebetiyle-siyah-ortulerle-kaplanmasi\/\",\"url\":\"https:\/\/shiawaves.com\/turkish\/2025\/12\/08\/hz-seyyidussuheda-ve-hz-abbasin-a-s-mukaddes-turbelerinin-hz-ummulbeninin-s-a-sehadeti-munasebetiyle-siyah-ortulerle-kaplanmasi\/\",\"name\":\"Hz. Seyyid\u00fc\u015f\u015f\u00fcheda ve Hz. Abbas\u2019\u0131n (a.s) mukaddes T\u00fcrbelerinin Hz. \u00dcmm\u00fclbenin\u2019in (s.a) \u015eehadeti M\u00fcnasebetiyle Siyah \u00d6rt\u00fclerle Kaplanmas\u0131 - ShiaWaves Turkish - \u015eia Haberleri\",\"isPartOf\":{\"@id\":\"https:\/\/shiawaves.com\/turkish\/#website\"},\"primaryImageOfPage\":{\"@id\":\"https:\/\/shiawaves.com\/turkish\/2025\/12\/08\/hz-seyyidussuheda-ve-hz-abbasin-a-s-mukaddes-turbelerinin-hz-ummulbeninin-s-a-sehadeti-munasebetiyle-siyah-ortulerle-kaplanmasi\/#primaryimage\"},\"image\":{\"@id\":\"https:\/\/shiawaves.com\/turkish\/2025\/12\/08\/hz-seyyidussuheda-ve-hz-abbasin-a-s-mukaddes-turbelerinin-hz-ummulbeninin-s-a-sehadeti-munasebetiyle-siyah-ortulerle-kaplanmasi\/#primaryimage\"},\"thumbnailUrl\":\"https:\/\/shiawaves.com\/turkish\/wp-content\/uploads\/sites\/6\/2025\/12\/file_2220.jpg\",\"datePublished\":\"2025-12-08T20:30:29+00:00\",\"dateModified\":\"2025-12-08T20:30:29+00:00\",\"author\":{\"@id\":\"https:\/\/shiawaves.com\/turkish\/#\/schema\/person\/9f68d5023e948086b9348fba5aebd954\"},\"breadcrumb\":{\"@id\":\"https:\/\/shiawaves.com\/turkish\/2025\/12\/08\/hz-seyyidussuheda-ve-hz-abbasin-a-s-mukaddes-turbelerinin-hz-ummulbeninin-s-a-sehadeti-munasebetiyle-siyah-ortulerle-kaplanmasi\/#breadcrumb\"},\"inLanguage\":\"tr\",\"potentialAction\":[{\"@type\":\"ReadAction\",\"target\":[\"https:\/\/shiawaves.com\/turkish\/2025\/12\/08\/hz-seyyidussuheda-ve-hz-abbasin-a-s-mukaddes-turbelerinin-hz-ummulbeninin-s-a-sehadeti-munasebetiyle-siyah-ortulerle-kaplanmasi\/\"]}]},{\"@type\":\"ImageObject\",\"inLanguage\":\"tr\",\"@id\":\"https:\/\/shiawaves.com\/turkish\/2025\/12\/08\/hz-seyyidussuheda-ve-hz-abbasin-a-s-mukaddes-turbelerinin-hz-ummulbeninin-s-a-sehadeti-munasebetiyle-siyah-ortulerle-kaplanmasi\/#primaryimage\",\"url\":\"https:\/\/shiawaves.com\/turkish\/wp-content\/uploads\/sites\/6\/2025\/12\/file_2220.jpg\",\"contentUrl\":\"https:\/\/shiawaves.com\/turkish\/wp-content\/uploads\/sites\/6\/2025\/12\/file_2220.jpg\",\"width\":800,\"height\":534},{\"@type\":\"BreadcrumbList\",\"@id\":\"https:\/\/shiawaves.com\/turkish\/2025\/12\/08\/hz-seyyidussuheda-ve-hz-abbasin-a-s-mukaddes-turbelerinin-hz-ummulbeninin-s-a-sehadeti-munasebetiyle-siyah-ortulerle-kaplanmasi\/#breadcrumb\",\"itemListElement\":[{\"@type\":\"ListItem\",\"position\":1,\"name\":\"Home\",\"item\":\"https:\/\/shiawaves.com\/turkish\/\"},{\"@type\":\"ListItem\",\"position\":2,\"name\":\"Hz. Seyyid\u00fc\u015f\u015f\u00fcheda ve Hz. Abbas\u2019\u0131n (a.s) mukaddes T\u00fcrbelerinin Hz. \u00dcmm\u00fclbenin\u2019in (s.a) \u015eehadeti M\u00fcnasebetiyle Siyah \u00d6rt\u00fclerle Kaplanmas\u0131\"}]},{\"@type\":\"WebSite\",\"@id\":\"https:\/\/shiawaves.com\/turkish\/#website\",\"url\":\"https:\/\/shiawaves.com\/turkish\/\",\"name\":\"ShiaWaves Turkish - \u015eia Haberleri\",\"description\":\"\",\"potentialAction\":[{\"@type\":\"SearchAction\",\"target\":{\"@type\":\"EntryPoint\",\"urlTemplate\":\"https:\/\/shiawaves.com\/turkish\/?s={search_term_string}\"},\"query-input\":{\"@type\":\"PropertyValueSpecification\",\"valueRequired\":true,\"valueName\":\"search_term_string\"}}],\"inLanguage\":\"tr\"},{\"@type\":\"Person\",\"@id\":\"https:\/\/shiawaves.com\/turkish\/#\/schema\/person\/9f68d5023e948086b9348fba5aebd954\",\"name\":\"modir\",\"image\":{\"@type\":\"ImageObject\",\"inLanguage\":\"tr\",\"@id\":\"https:\/\/shiawaves.com\/turkish\/#\/schema\/person\/image\/\",\"url\":\"https:\/\/secure.gravatar.com\/avatar\/8e76f93cdbdd480bd8918d1e0e1d938664c9cb1516c2a57a2b96fe50b507a6b9?s=96&d=mm&r=g\",\"contentUrl\":\"https:\/\/secure.gravatar.com\/avatar\/8e76f93cdbdd480bd8918d1e0e1d938664c9cb1516c2a57a2b96fe50b507a6b9?s=96&d=mm&r=g\",\"caption\":\"modir\"},\"sameAs\":[\"https:\/\/shiawaves.com\"],\"url\":\"https:\/\/shiawaves.com\/turkish\/author\/modir\/\"}]}<\/script>\n<!-- \/ Yoast SEO plugin. -->","yoast_head_json":{"title":"Hz. Seyyid\u00fc\u015f\u015f\u00fcheda ve Hz. Abbas\u2019\u0131n (a.s) mukaddes T\u00fcrbelerinin Hz. \u00dcmm\u00fclbenin\u2019in (s.a) \u015eehadeti M\u00fcnasebetiyle Siyah \u00d6rt\u00fclerle Kaplanmas\u0131 - ShiaWaves Turkish - \u015eia Haberleri","robots":{"index":"index","follow":"follow","max-snippet":"max-snippet:-1","max-image-preview":"max-image-preview:large","max-video-preview":"max-video-preview:-1"},"canonical":"https:\/\/shiawaves.com\/turkish\/2025\/12\/08\/hz-seyyidussuheda-ve-hz-abbasin-a-s-mukaddes-turbelerinin-hz-ummulbeninin-s-a-sehadeti-munasebetiyle-siyah-ortulerle-kaplanmasi\/","og_locale":"tr_TR","og_type":"article","og_title":"Hz. Seyyid\u00fc\u015f\u015f\u00fcheda ve Hz. Abbas\u2019\u0131n (a.s) mukaddes T\u00fcrbelerinin Hz. \u00dcmm\u00fclbenin\u2019in (s.a) \u015eehadeti M\u00fcnasebetiyle Siyah \u00d6rt\u00fclerle Kaplanmas\u0131 - ShiaWaves Turkish - \u015eia Haberleri","og_description":"Hz. Seyyid\u00fc\u015f\u015f\u00fcheda ve Hz. Abbas\u2019\u0131n (a.s) mukaddes T\u00fcrbelerinin Hz. \u00dcmm\u00fclbenin\u2019in (s.a) \u015eehadeti M\u00fcnasebetiyle Siyah \u00d6rt\u00fclerle Kaplanmas\u0131 Mukaddes Kerbela \u015fehrinde bulunan Hz. Seyyid\u00fc\u015f\u015f\u00fcheda ve Hz. Abbas\u2019\u0131n (a.s) mukaddes t\u00fcrbeleri, Hz. \u00dcmm\u00fclbenin\u2019in (s.a) \u015fehadet y\u0131ld\u00f6n\u00fcm\u00fcne e\u015f zamanl\u0131 olarak siyah \u00f6rt\u00fclerle kapland\u0131. \u015eii Haber Ajans\u0131na g\u00f6re, bu eylem, bu b\u00fcy\u00fck han\u0131ma ve Kerbela\u2019n\u0131n d\u00f6rt \u015fehidinin annesine olan ba\u011fl\u0131l\u0131k &hellip;","og_url":"https:\/\/shiawaves.com\/turkish\/2025\/12\/08\/hz-seyyidussuheda-ve-hz-abbasin-a-s-mukaddes-turbelerinin-hz-ummulbeninin-s-a-sehadeti-munasebetiyle-siyah-ortulerle-kaplanmasi\/","og_site_name":"ShiaWaves Turkish - \u015eia Haberleri","article_published_time":"2025-12-08T20:30:29+00:00","author":"modir","twitter_card":"summary_large_image","twitter_misc":{"Yazan:":"modir","Tahmini okuma s\u00fcresi":"1 dakika"},"schema":{"@context":"https:\/\/schema.org","@graph":[{"@type":"WebPage","@id":"https:\/\/shiawaves.com\/turkish\/2025\/12\/08\/hz-seyyidussuheda-ve-hz-abbasin-a-s-mukaddes-turbelerinin-hz-ummulbeninin-s-a-sehadeti-munasebetiyle-siyah-ortulerle-kaplanmasi\/","url":"https:\/\/shiawaves.com\/turkish\/2025\/12\/08\/hz-seyyidussuheda-ve-hz-abbasin-a-s-mukaddes-turbelerinin-hz-ummulbeninin-s-a-sehadeti-munasebetiyle-siyah-ortulerle-kaplanmasi\/","name":"Hz. Seyyid\u00fc\u015f\u015f\u00fcheda ve Hz. Abbas\u2019\u0131n (a.s) mukaddes T\u00fcrbelerinin Hz. \u00dcmm\u00fclbenin\u2019in (s.a) \u015eehadeti M\u00fcnasebetiyle Siyah \u00d6rt\u00fclerle Kaplanmas\u0131 - ShiaWaves Turkish - \u015eia Haberleri","isPartOf":{"@id":"https:\/\/shiawaves.com\/turkish\/#website"},"primaryImageOfPage":{"@id":"https:\/\/shiawaves.com\/turkish\/2025\/12\/08\/hz-seyyidussuheda-ve-hz-abbasin-a-s-mukaddes-turbelerinin-hz-ummulbeninin-s-a-sehadeti-munasebetiyle-siyah-ortulerle-kaplanmasi\/#primaryimage"},"image":{"@id":"https:\/\/shiawaves.com\/turkish\/2025\/12\/08\/hz-seyyidussuheda-ve-hz-abbasin-a-s-mukaddes-turbelerinin-hz-ummulbeninin-s-a-sehadeti-munasebetiyle-siyah-ortulerle-kaplanmasi\/#primaryimage"},"thumbnailUrl":"https:\/\/shiawaves.com\/turkish\/wp-content\/uploads\/sites\/6\/2025\/12\/file_2220.jpg","datePublished":"2025-12-08T20:30:29+00:00","dateModified":"2025-12-08T20:30:29+00:00","author":{"@id":"https:\/\/shiawaves.com\/turkish\/#\/schema\/person\/9f68d5023e948086b9348fba5aebd954"},"breadcrumb":{"@id":"https:\/\/shiawaves.com\/turkish\/2025\/12\/08\/hz-seyyidussuheda-ve-hz-abbasin-a-s-mukaddes-turbelerinin-hz-ummulbeninin-s-a-sehadeti-munasebetiyle-siyah-ortulerle-kaplanmasi\/#breadcrumb"},"inLanguage":"tr","potentialAction":[{"@type":"ReadAction","target":["https:\/\/shiawaves.com\/turkish\/2025\/12\/08\/hz-seyyidussuheda-ve-hz-abbasin-a-s-mukaddes-turbelerinin-hz-ummulbeninin-s-a-sehadeti-munasebetiyle-siyah-ortulerle-kaplanmasi\/"]}]},{"@type":"ImageObject","inLanguage":"tr","@id":"https:\/\/shiawaves.com\/turkish\/2025\/12\/08\/hz-seyyidussuheda-ve-hz-abbasin-a-s-mukaddes-turbelerinin-hz-ummulbeninin-s-a-sehadeti-munasebetiyle-siyah-ortulerle-kaplanmasi\/#primaryimage","url":"https:\/\/shiawaves.com\/turkish\/wp-content\/uploads\/sites\/6\/2025\/12\/file_2220.jpg","contentUrl":"https:\/\/shiawaves.com\/turkish\/wp-content\/uploads\/sites\/6\/2025\/12\/file_2220.jpg","width":800,"height":534},{"@type":"BreadcrumbList","@id":"https:\/\/shiawaves.com\/turkish\/2025\/12\/08\/hz-seyyidussuheda-ve-hz-abbasin-a-s-mukaddes-turbelerinin-hz-ummulbeninin-s-a-sehadeti-munasebetiyle-siyah-ortulerle-kaplanmasi\/#breadcrumb","itemListElement":[{"@type":"ListItem","position":1,"name":"Home","item":"https:\/\/shiawaves.com\/turkish\/"},{"@type":"ListItem","position":2,"name":"Hz. Seyyid\u00fc\u015f\u015f\u00fcheda ve Hz. Abbas\u2019\u0131n (a.s) mukaddes T\u00fcrbelerinin Hz. \u00dcmm\u00fclbenin\u2019in (s.a) \u015eehadeti M\u00fcnasebetiyle Siyah \u00d6rt\u00fclerle Kaplanmas\u0131"}]},{"@type":"WebSite","@id":"https:\/\/shiawaves.com\/turkish\/#website","url":"https:\/\/shiawaves.com\/turkish\/","name":"ShiaWaves Turkish - \u015eia Haberleri","description":"","potentialAction":[{"@type":"SearchAction","target":{"@type":"EntryPoint","urlTemplate":"https:\/\/shiawaves.com\/turkish\/?s={search_term_string}"},"query-input":{"@type":"PropertyValueSpecification","valueRequired":true,"valueName":"search_term_string"}}],"inLanguage":"tr"},{"@type":"Person","@id":"https:\/\/shiawaves.com\/turkish\/#\/schema\/person\/9f68d5023e948086b9348fba5aebd954","name":"modir","image":{"@type":"ImageObject","inLanguage":"tr","@id":"https:\/\/shiawaves.com\/turkish\/#\/schema\/person\/image\/","url":"https:\/\/secure.gravatar.com\/avatar\/8e76f93cdbdd480bd8918d1e0e1d938664c9cb1516c2a57a2b96fe50b507a6b9?s=96&d=mm&r=g","contentUrl":"https:\/\/secure.gravatar.com\/avatar\/8e76f93cdbdd480bd8918d1e0e1d938664c9cb1516c2a57a2b96fe50b507a6b9?s=96&d=mm&r=g","caption":"modir"},"sameAs":["https:\/\/shiawaves.com"],"url":"https:\/\/shiawaves.com\/turkish\/author\/modir\/"}]}},"_links":{"self":[{"href":"https:\/\/shiawaves.com\/turkish\/wp-json\/wp\/v2\/posts\/119392","targetHints":{"allow":["GET"]}}],"collection":[{"href":"https:\/\/shiawaves.com\/turkish\/wp-json\/wp\/v2\/posts"}],"about":[{"href":"https:\/\/shiawaves.com\/turkish\/wp-json\/wp\/v2\/types\/post"}],"author":[{"embeddable":true,"href":"https:\/\/shiawaves.com\/turkish\/wp-json\/wp\/v2\/users\/1"}],"replies":[{"embeddable":true,"href":"https:\/\/shiawaves.com\/turkish\/wp-json\/wp\/v2\/comments?post=119392"}],"version-history":[{"count":0,"href":"https:\/\/shiawaves.com\/turkish\/wp-json\/wp\/v2\/posts\/119392\/revisions"}],"wp:featuredmedia":[{"embeddable":true,"href":"https:\/\/shiawaves.com\/turkish\/wp-json\/wp\/v2\/media\/119391"}],"wp:attachment":[{"href":"https:\/\/shiawaves.com\/turkish\/wp-json\/wp\/v2\/media?parent=119392"}],"wp:term":[{"taxonomy":"category","embeddable":true,"href":"https:\/\/shiawaves.com\/turkish\/wp-json\/wp\/v2\/categories?post=119392"},{"taxonomy":"post_tag","embeddable":true,"href":"https:\/\/shiawaves.com\/turkish\/wp-json\/wp\/v2\/tags?post=119392"}],"curies":[{"name":"wp","href":"https:\/\/api.w.org\/{rel}","templated":true}]}}