{"id":119336,"date":"2025-12-06T22:30:33","date_gmt":"2025-12-06T19:30:33","guid":{"rendered":"https:\/\/shiawaves.com\/turkish\/2025\/12\/06\/pkk-ocalanin-ozgurlugu-ankara-ile-baris-surecinin-devami-icin-on-kosuldur\/"},"modified":"2025-12-06T22:30:33","modified_gmt":"2025-12-06T19:30:33","slug":"pkk-ocalanin-ozgurlugu-ankara-ile-baris-surecinin-devami-icin-on-kosuldur","status":"publish","type":"post","link":"https:\/\/shiawaves.com\/turkish\/2025\/12\/06\/pkk-ocalanin-ozgurlugu-ankara-ile-baris-surecinin-devami-icin-on-kosuldur\/","title":{"rendered":"PKK: \u00d6calan&#8217;\u0131n \u00d6zg\u00fcrl\u00fc\u011f\u00fc Ankara ile Bar\u0131\u015f S\u00fcrecinin Devam\u0131 \u0130\u00e7in \u00d6n Ko\u015fuldur"},"content":{"rendered":"<p>PKK: \u00d6calan&#8217;\u0131n \u00d6zg\u00fcrl\u00fc\u011f\u00fc Ankara ile Bar\u0131\u015f S\u00fcrecinin Devam\u0131 \u0130\u00e7in \u00d6n Ko\u015fuldur<\/p>\n<p>T\u00fcrk h\u00fck\u00fcmeti ve PKK aras\u0131ndaki gerilim tekrar uluslararas\u0131 medyan\u0131n oda\u011f\u0131na yerle\u015firken, PKK&#8217;nin \u00fcst d\u00fczey komutanlar\u0131ndan biri Fransa haber ajans\u0131na verdi\u011fi deme\u00e7te, bar\u0131\u015f s\u00fcrecindeki &#8220;bir sonraki ad\u0131m\u0131n&#8221; yaln\u0131zca Abdullah \u00d6calan&#8217;\u0131n serbest b\u0131rak\u0131lmas\u0131yla m\u00fcmk\u00fcn olaca\u011f\u0131n\u0131 vurgulad\u0131. <\/p>\n<p>\ud83d\udc48\ud83c\udffbArkada\u015f\u0131m\u0131z\u0131n bu konu hakk\u0131ndaki haberini inceleyelim.\ud83d\udc49\ud83c\udffb<\/p>\n<p>PKK ve T\u00fcrk h\u00fck\u00fcmeti aras\u0131ndaki y\u0131llard\u0131r s\u00fcren \u00e7eki\u015fmenin devam\u0131nda, PKK&#8217;nin \u00fcst d\u00fczey komutanlar\u0131ndan biri Cumartesi g\u00fcn\u00fc Frans\u0131z haber ajans\u0131na verdi\u011fi r\u00f6portajda, bu grubun bar\u0131\u015f s\u00fcrecini ilerletmek i\u00e7in t\u00fcm taahh\u00fctlerini yerine getirdi\u011fini ve \u015fimdi Ankara&#8217;n\u0131n &#8220;uygulamal\u0131 bir ad\u0131m&#8221; atma zaman\u0131n\u0131n geldi\u011fini belirtti. <\/p>\n<p>\u015eii Haber Ajans\u0131&#8217;n\u0131n Euronews&#8217;ten aktard\u0131\u011f\u0131na g\u00f6re, Kuzey Irak&#8217;taki Kandil Da\u011flar\u0131&#8217;nda bir s\u0131\u011f\u0131nakta uluslararas\u0131 bu medya kurulu\u015fuyla s\u00f6yle\u015fi yapan Amid Melazgirt, &#8220;Liderimizin istedi\u011fi t\u00fcm eylemler ger\u00e7ekle\u015ftirildi.&#8221; dedi. <\/p>\n<p>Melazgirt, ba\u015fka hi\u00e7bir \u015fey yapmayacaklar\u0131n\u0131 ve T\u00fcrk h\u00fck\u00fcmetini bekleyeceklerini vurgulad\u0131. Onlar\u0131n bir sonraki ad\u0131m\u0131 atan taraf olmalar\u0131 gerekti\u011fine dikkat \u00e7ekti. <\/p>\n<p>Frans\u0131z haberi ajans\u0131na g\u00f6re, bu a\u00e7\u0131klamalar, 1999 y\u0131l\u0131ndan bu yana T\u00fcrk h\u00fck\u00fcmeti taraf\u0131ndan tutuklanan ve b\u00f6lgede K\u00fcrtler aras\u0131nda etkili bir fig\u00fcr olarak tan\u0131nan PKK&#8217;nin kurucusu Abdullah \u00d6calan&#8217;\u0131n mevcut durumuna i\u015faret ediyor. <\/p>\n<p>Ge\u00e7mi\u015f y\u0131llarda, taraflar aras\u0131nda her bar\u0131\u015f g\u00f6r\u00fc\u015fmesi ba\u015flad\u0131\u011f\u0131nda veya yeniden canland\u0131\u011f\u0131nda, \u00d6calan&#8217;\u0131n rol\u00fc hayati olmu\u015ftur. <\/p>\n<p>PKK komutan\u0131 ayr\u0131ca, &#8220;Gerillalar\u0131n \u00f6zg\u00fcrl\u00fck yolu, liderin \u00f6zg\u00fcrl\u00fc\u011f\u00fcyle i\u00e7 i\u00e7e ge\u00e7mi\u015f durumda.&#8221; diyerek, \u00d6calan&#8217;\u0131n \u00f6zg\u00fcrl\u00fc\u011f\u00fc olmadan bar\u0131\u015f s\u00fcrecinin yeni bir a\u015famaya ge\u00e7emeyece\u011fini belirtti. <\/p>\n<p>Bu a\u00e7\u0131klamalar, \u00f6zellikle son y\u0131llardaki g\u00fcvenlik olaylar\u0131n\u0131n ard\u0131ndan T\u00fcrk h\u00fck\u00fcmetinin PKK&#8217;ye kar\u015f\u0131 daha sert bir tutum ald\u0131\u011f\u0131 bir d\u00f6nemde yap\u0131lmaktad\u0131r. <\/p>\n<p>Frans\u0131z haber ajans\u0131na g\u00f6re, uluslararas\u0131 uzmanlar, m\u00fczakerelerin durmas\u0131 ve taraflar aras\u0131nda yeterli siyasi iradenin olmamas\u0131n\u0131n, \u00e7at\u0131\u015fmalar\u0131n tamamen yeniden ba\u015flamas\u0131 riskini art\u0131rd\u0131\u011f\u0131n\u0131 belirtmektedirler. <\/p>\n<p>Bu, T\u00fcrkiye&#8217;nin i\u00e7 g\u00fcvenli\u011fi ve b\u00f6lgesel istikrar\u0131n\u0131 yeniden ciddi bir tehditle kar\u015f\u0131 kar\u015f\u0131ya b\u0131rakabilecek bir konudur. <\/p>\n<p>\u0130nsan haklar\u0131 bask\u0131lar\u0131 ve baz\u0131 uluslararas\u0131 kurulu\u015flar\u0131n arabuluculu\u011fu devam etmesine ra\u011fmen, \u00d6calan&#8217;\u0131n \u00f6zg\u00fcrl\u00fc\u011f\u00fc hala belirsizdir ve T\u00fcrk h\u00fck\u00fcmetinin PKK&#8217;nin yeni mesaj\u0131na yan\u0131t verip vermeyece\u011fi de beklenmektedir.<\/p>\n","protected":false},"excerpt":{"rendered":"<p>PKK: \u00d6calan&#8217;\u0131n \u00d6zg\u00fcrl\u00fc\u011f\u00fc Ankara ile Bar\u0131\u015f S\u00fcrecinin Devam\u0131 \u0130\u00e7in \u00d6n Ko\u015fuldur T\u00fcrk h\u00fck\u00fcmeti ve PKK aras\u0131ndaki gerilim tekrar uluslararas\u0131 medyan\u0131n oda\u011f\u0131na yerle\u015firken, PKK&#8217;nin \u00fcst d\u00fczey komutanlar\u0131ndan biri Fransa haber ajans\u0131na verdi\u011fi deme\u00e7te, bar\u0131\u015f s\u00fcrecindeki &#8220;bir sonraki ad\u0131m\u0131n&#8221; yaln\u0131zca Abdullah \u00d6calan&#8217;\u0131n serbest b\u0131rak\u0131lmas\u0131yla m\u00fcmk\u00fcn olaca\u011f\u0131n\u0131 vurgulad\u0131. \ud83d\udc48\ud83c\udffbArkada\u015f\u0131m\u0131z\u0131n bu konu hakk\u0131ndaki haberini inceleyelim.\ud83d\udc49\ud83c\udffb PKK ve T\u00fcrk h\u00fck\u00fcmeti &hellip;<\/p>\n","protected":false},"author":1,"featured_media":119335,"comment_status":"open","ping_status":"open","sticky":false,"template":"","format":"standard","meta":{"rop_custom_images_group":[],"rop_custom_messages_group":[],"rop_publish_now":"initial","rop_publish_now_accounts":[],"rop_publish_now_history":[],"rop_publish_now_status":"pending","footnotes":""},"categories":[357],"tags":[],"class_list":["post-119336","post","type-post","status-publish","format-standard","has-post-thumbnail","hentry","category-turkiye"],"_wp_page_template":null,"_wp_attached_file":null,"_wp_attachment_metadata":null,"_edit_lock":null,"yoast_head":"<!-- This site is optimized with the Yoast SEO plugin v24.3 - https:\/\/yoast.com\/wordpress\/plugins\/seo\/ -->\n<title>PKK: \u00d6calan&#039;\u0131n \u00d6zg\u00fcrl\u00fc\u011f\u00fc Ankara ile Bar\u0131\u015f S\u00fcrecinin Devam\u0131 \u0130\u00e7in \u00d6n Ko\u015fuldur - ShiaWaves Turkish - \u015eia Haberleri<\/title>\n<meta name=\"robots\" content=\"index, follow, max-snippet:-1, max-image-preview:large, max-video-preview:-1\" \/>\n<link rel=\"canonical\" href=\"https:\/\/shiawaves.com\/turkish\/2025\/12\/06\/pkk-ocalanin-ozgurlugu-ankara-ile-baris-surecinin-devami-icin-on-kosuldur\/\" \/>\n<meta property=\"og:locale\" content=\"tr_TR\" \/>\n<meta property=\"og:type\" content=\"article\" \/>\n<meta property=\"og:title\" content=\"PKK: \u00d6calan&#039;\u0131n \u00d6zg\u00fcrl\u00fc\u011f\u00fc Ankara ile Bar\u0131\u015f S\u00fcrecinin Devam\u0131 \u0130\u00e7in \u00d6n Ko\u015fuldur - ShiaWaves Turkish - \u015eia Haberleri\" \/>\n<meta property=\"og:description\" content=\"PKK: \u00d6calan&#8217;\u0131n \u00d6zg\u00fcrl\u00fc\u011f\u00fc Ankara ile Bar\u0131\u015f S\u00fcrecinin Devam\u0131 \u0130\u00e7in \u00d6n Ko\u015fuldur T\u00fcrk h\u00fck\u00fcmeti ve PKK aras\u0131ndaki gerilim tekrar uluslararas\u0131 medyan\u0131n oda\u011f\u0131na yerle\u015firken, PKK&#8217;nin \u00fcst d\u00fczey komutanlar\u0131ndan biri Fransa haber ajans\u0131na verdi\u011fi deme\u00e7te, bar\u0131\u015f s\u00fcrecindeki &#8220;bir sonraki ad\u0131m\u0131n&#8221; yaln\u0131zca Abdullah \u00d6calan&#8217;\u0131n serbest b\u0131rak\u0131lmas\u0131yla m\u00fcmk\u00fcn olaca\u011f\u0131n\u0131 vurgulad\u0131. \ud83d\udc48\ud83c\udffbArkada\u015f\u0131m\u0131z\u0131n bu konu hakk\u0131ndaki haberini inceleyelim.\ud83d\udc49\ud83c\udffb PKK ve T\u00fcrk h\u00fck\u00fcmeti &hellip;\" \/>\n<meta property=\"og:url\" content=\"https:\/\/shiawaves.com\/turkish\/2025\/12\/06\/pkk-ocalanin-ozgurlugu-ankara-ile-baris-surecinin-devami-icin-on-kosuldur\/\" \/>\n<meta property=\"og:site_name\" content=\"ShiaWaves Turkish - \u015eia Haberleri\" \/>\n<meta property=\"article:published_time\" content=\"2025-12-06T19:30:33+00:00\" \/>\n<meta name=\"author\" content=\"modir\" \/>\n<meta name=\"twitter:card\" content=\"summary_large_image\" \/>\n<meta name=\"twitter:label1\" content=\"Yazan:\" \/>\n\t<meta name=\"twitter:data1\" content=\"modir\" \/>\n\t<meta name=\"twitter:label2\" content=\"Tahmini okuma s\u00fcresi\" \/>\n\t<meta name=\"twitter:data2\" content=\"2 dakika\" \/>\n<script type=\"application\/ld+json\" class=\"yoast-schema-graph\">{\"@context\":\"https:\/\/schema.org\",\"@graph\":[{\"@type\":\"WebPage\",\"@id\":\"https:\/\/shiawaves.com\/turkish\/2025\/12\/06\/pkk-ocalanin-ozgurlugu-ankara-ile-baris-surecinin-devami-icin-on-kosuldur\/\",\"url\":\"https:\/\/shiawaves.com\/turkish\/2025\/12\/06\/pkk-ocalanin-ozgurlugu-ankara-ile-baris-surecinin-devami-icin-on-kosuldur\/\",\"name\":\"PKK: \u00d6calan'\u0131n \u00d6zg\u00fcrl\u00fc\u011f\u00fc Ankara ile Bar\u0131\u015f S\u00fcrecinin Devam\u0131 \u0130\u00e7in \u00d6n Ko\u015fuldur - ShiaWaves Turkish - \u015eia Haberleri\",\"isPartOf\":{\"@id\":\"https:\/\/shiawaves.com\/turkish\/#website\"},\"primaryImageOfPage\":{\"@id\":\"https:\/\/shiawaves.com\/turkish\/2025\/12\/06\/pkk-ocalanin-ozgurlugu-ankara-ile-baris-surecinin-devami-icin-on-kosuldur\/#primaryimage\"},\"image\":{\"@id\":\"https:\/\/shiawaves.com\/turkish\/2025\/12\/06\/pkk-ocalanin-ozgurlugu-ankara-ile-baris-surecinin-devami-icin-on-kosuldur\/#primaryimage\"},\"thumbnailUrl\":\"https:\/\/shiawaves.com\/turkish\/wp-content\/uploads\/sites\/6\/2025\/12\/file_2192.jpg\",\"datePublished\":\"2025-12-06T19:30:33+00:00\",\"dateModified\":\"2025-12-06T19:30:33+00:00\",\"author\":{\"@id\":\"https:\/\/shiawaves.com\/turkish\/#\/schema\/person\/9f68d5023e948086b9348fba5aebd954\"},\"breadcrumb\":{\"@id\":\"https:\/\/shiawaves.com\/turkish\/2025\/12\/06\/pkk-ocalanin-ozgurlugu-ankara-ile-baris-surecinin-devami-icin-on-kosuldur\/#breadcrumb\"},\"inLanguage\":\"tr\",\"potentialAction\":[{\"@type\":\"ReadAction\",\"target\":[\"https:\/\/shiawaves.com\/turkish\/2025\/12\/06\/pkk-ocalanin-ozgurlugu-ankara-ile-baris-surecinin-devami-icin-on-kosuldur\/\"]}]},{\"@type\":\"ImageObject\",\"inLanguage\":\"tr\",\"@id\":\"https:\/\/shiawaves.com\/turkish\/2025\/12\/06\/pkk-ocalanin-ozgurlugu-ankara-ile-baris-surecinin-devami-icin-on-kosuldur\/#primaryimage\",\"url\":\"https:\/\/shiawaves.com\/turkish\/wp-content\/uploads\/sites\/6\/2025\/12\/file_2192.jpg\",\"contentUrl\":\"https:\/\/shiawaves.com\/turkish\/wp-content\/uploads\/sites\/6\/2025\/12\/file_2192.jpg\",\"width\":800,\"height\":446},{\"@type\":\"BreadcrumbList\",\"@id\":\"https:\/\/shiawaves.com\/turkish\/2025\/12\/06\/pkk-ocalanin-ozgurlugu-ankara-ile-baris-surecinin-devami-icin-on-kosuldur\/#breadcrumb\",\"itemListElement\":[{\"@type\":\"ListItem\",\"position\":1,\"name\":\"Home\",\"item\":\"https:\/\/shiawaves.com\/turkish\/\"},{\"@type\":\"ListItem\",\"position\":2,\"name\":\"PKK: \u00d6calan&#8217;\u0131n \u00d6zg\u00fcrl\u00fc\u011f\u00fc Ankara ile Bar\u0131\u015f S\u00fcrecinin Devam\u0131 \u0130\u00e7in \u00d6n Ko\u015fuldur\"}]},{\"@type\":\"WebSite\",\"@id\":\"https:\/\/shiawaves.com\/turkish\/#website\",\"url\":\"https:\/\/shiawaves.com\/turkish\/\",\"name\":\"ShiaWaves Turkish - \u015eia Haberleri\",\"description\":\"\",\"potentialAction\":[{\"@type\":\"SearchAction\",\"target\":{\"@type\":\"EntryPoint\",\"urlTemplate\":\"https:\/\/shiawaves.com\/turkish\/?s={search_term_string}\"},\"query-input\":{\"@type\":\"PropertyValueSpecification\",\"valueRequired\":true,\"valueName\":\"search_term_string\"}}],\"inLanguage\":\"tr\"},{\"@type\":\"Person\",\"@id\":\"https:\/\/shiawaves.com\/turkish\/#\/schema\/person\/9f68d5023e948086b9348fba5aebd954\",\"name\":\"modir\",\"image\":{\"@type\":\"ImageObject\",\"inLanguage\":\"tr\",\"@id\":\"https:\/\/shiawaves.com\/turkish\/#\/schema\/person\/image\/\",\"url\":\"https:\/\/secure.gravatar.com\/avatar\/8e76f93cdbdd480bd8918d1e0e1d938664c9cb1516c2a57a2b96fe50b507a6b9?s=96&d=mm&r=g\",\"contentUrl\":\"https:\/\/secure.gravatar.com\/avatar\/8e76f93cdbdd480bd8918d1e0e1d938664c9cb1516c2a57a2b96fe50b507a6b9?s=96&d=mm&r=g\",\"caption\":\"modir\"},\"sameAs\":[\"https:\/\/shiawaves.com\"],\"url\":\"https:\/\/shiawaves.com\/turkish\/author\/modir\/\"}]}<\/script>\n<!-- \/ Yoast SEO plugin. -->","yoast_head_json":{"title":"PKK: \u00d6calan'\u0131n \u00d6zg\u00fcrl\u00fc\u011f\u00fc Ankara ile Bar\u0131\u015f S\u00fcrecinin Devam\u0131 \u0130\u00e7in \u00d6n Ko\u015fuldur - ShiaWaves Turkish - \u015eia Haberleri","robots":{"index":"index","follow":"follow","max-snippet":"max-snippet:-1","max-image-preview":"max-image-preview:large","max-video-preview":"max-video-preview:-1"},"canonical":"https:\/\/shiawaves.com\/turkish\/2025\/12\/06\/pkk-ocalanin-ozgurlugu-ankara-ile-baris-surecinin-devami-icin-on-kosuldur\/","og_locale":"tr_TR","og_type":"article","og_title":"PKK: \u00d6calan'\u0131n \u00d6zg\u00fcrl\u00fc\u011f\u00fc Ankara ile Bar\u0131\u015f S\u00fcrecinin Devam\u0131 \u0130\u00e7in \u00d6n Ko\u015fuldur - ShiaWaves Turkish - \u015eia Haberleri","og_description":"PKK: \u00d6calan&#8217;\u0131n \u00d6zg\u00fcrl\u00fc\u011f\u00fc Ankara ile Bar\u0131\u015f S\u00fcrecinin Devam\u0131 \u0130\u00e7in \u00d6n Ko\u015fuldur T\u00fcrk h\u00fck\u00fcmeti ve PKK aras\u0131ndaki gerilim tekrar uluslararas\u0131 medyan\u0131n oda\u011f\u0131na yerle\u015firken, PKK&#8217;nin \u00fcst d\u00fczey komutanlar\u0131ndan biri Fransa haber ajans\u0131na verdi\u011fi deme\u00e7te, bar\u0131\u015f s\u00fcrecindeki &#8220;bir sonraki ad\u0131m\u0131n&#8221; yaln\u0131zca Abdullah \u00d6calan&#8217;\u0131n serbest b\u0131rak\u0131lmas\u0131yla m\u00fcmk\u00fcn olaca\u011f\u0131n\u0131 vurgulad\u0131. \ud83d\udc48\ud83c\udffbArkada\u015f\u0131m\u0131z\u0131n bu konu hakk\u0131ndaki haberini inceleyelim.\ud83d\udc49\ud83c\udffb PKK ve T\u00fcrk h\u00fck\u00fcmeti &hellip;","og_url":"https:\/\/shiawaves.com\/turkish\/2025\/12\/06\/pkk-ocalanin-ozgurlugu-ankara-ile-baris-surecinin-devami-icin-on-kosuldur\/","og_site_name":"ShiaWaves Turkish - \u015eia Haberleri","article_published_time":"2025-12-06T19:30:33+00:00","author":"modir","twitter_card":"summary_large_image","twitter_misc":{"Yazan:":"modir","Tahmini okuma s\u00fcresi":"2 dakika"},"schema":{"@context":"https:\/\/schema.org","@graph":[{"@type":"WebPage","@id":"https:\/\/shiawaves.com\/turkish\/2025\/12\/06\/pkk-ocalanin-ozgurlugu-ankara-ile-baris-surecinin-devami-icin-on-kosuldur\/","url":"https:\/\/shiawaves.com\/turkish\/2025\/12\/06\/pkk-ocalanin-ozgurlugu-ankara-ile-baris-surecinin-devami-icin-on-kosuldur\/","name":"PKK: \u00d6calan'\u0131n \u00d6zg\u00fcrl\u00fc\u011f\u00fc Ankara ile Bar\u0131\u015f S\u00fcrecinin Devam\u0131 \u0130\u00e7in \u00d6n Ko\u015fuldur - ShiaWaves Turkish - \u015eia Haberleri","isPartOf":{"@id":"https:\/\/shiawaves.com\/turkish\/#website"},"primaryImageOfPage":{"@id":"https:\/\/shiawaves.com\/turkish\/2025\/12\/06\/pkk-ocalanin-ozgurlugu-ankara-ile-baris-surecinin-devami-icin-on-kosuldur\/#primaryimage"},"image":{"@id":"https:\/\/shiawaves.com\/turkish\/2025\/12\/06\/pkk-ocalanin-ozgurlugu-ankara-ile-baris-surecinin-devami-icin-on-kosuldur\/#primaryimage"},"thumbnailUrl":"https:\/\/shiawaves.com\/turkish\/wp-content\/uploads\/sites\/6\/2025\/12\/file_2192.jpg","datePublished":"2025-12-06T19:30:33+00:00","dateModified":"2025-12-06T19:30:33+00:00","author":{"@id":"https:\/\/shiawaves.com\/turkish\/#\/schema\/person\/9f68d5023e948086b9348fba5aebd954"},"breadcrumb":{"@id":"https:\/\/shiawaves.com\/turkish\/2025\/12\/06\/pkk-ocalanin-ozgurlugu-ankara-ile-baris-surecinin-devami-icin-on-kosuldur\/#breadcrumb"},"inLanguage":"tr","potentialAction":[{"@type":"ReadAction","target":["https:\/\/shiawaves.com\/turkish\/2025\/12\/06\/pkk-ocalanin-ozgurlugu-ankara-ile-baris-surecinin-devami-icin-on-kosuldur\/"]}]},{"@type":"ImageObject","inLanguage":"tr","@id":"https:\/\/shiawaves.com\/turkish\/2025\/12\/06\/pkk-ocalanin-ozgurlugu-ankara-ile-baris-surecinin-devami-icin-on-kosuldur\/#primaryimage","url":"https:\/\/shiawaves.com\/turkish\/wp-content\/uploads\/sites\/6\/2025\/12\/file_2192.jpg","contentUrl":"https:\/\/shiawaves.com\/turkish\/wp-content\/uploads\/sites\/6\/2025\/12\/file_2192.jpg","width":800,"height":446},{"@type":"BreadcrumbList","@id":"https:\/\/shiawaves.com\/turkish\/2025\/12\/06\/pkk-ocalanin-ozgurlugu-ankara-ile-baris-surecinin-devami-icin-on-kosuldur\/#breadcrumb","itemListElement":[{"@type":"ListItem","position":1,"name":"Home","item":"https:\/\/shiawaves.com\/turkish\/"},{"@type":"ListItem","position":2,"name":"PKK: \u00d6calan&#8217;\u0131n \u00d6zg\u00fcrl\u00fc\u011f\u00fc Ankara ile Bar\u0131\u015f S\u00fcrecinin Devam\u0131 \u0130\u00e7in \u00d6n Ko\u015fuldur"}]},{"@type":"WebSite","@id":"https:\/\/shiawaves.com\/turkish\/#website","url":"https:\/\/shiawaves.com\/turkish\/","name":"ShiaWaves Turkish - \u015eia Haberleri","description":"","potentialAction":[{"@type":"SearchAction","target":{"@type":"EntryPoint","urlTemplate":"https:\/\/shiawaves.com\/turkish\/?s={search_term_string}"},"query-input":{"@type":"PropertyValueSpecification","valueRequired":true,"valueName":"search_term_string"}}],"inLanguage":"tr"},{"@type":"Person","@id":"https:\/\/shiawaves.com\/turkish\/#\/schema\/person\/9f68d5023e948086b9348fba5aebd954","name":"modir","image":{"@type":"ImageObject","inLanguage":"tr","@id":"https:\/\/shiawaves.com\/turkish\/#\/schema\/person\/image\/","url":"https:\/\/secure.gravatar.com\/avatar\/8e76f93cdbdd480bd8918d1e0e1d938664c9cb1516c2a57a2b96fe50b507a6b9?s=96&d=mm&r=g","contentUrl":"https:\/\/secure.gravatar.com\/avatar\/8e76f93cdbdd480bd8918d1e0e1d938664c9cb1516c2a57a2b96fe50b507a6b9?s=96&d=mm&r=g","caption":"modir"},"sameAs":["https:\/\/shiawaves.com"],"url":"https:\/\/shiawaves.com\/turkish\/author\/modir\/"}]}},"_links":{"self":[{"href":"https:\/\/shiawaves.com\/turkish\/wp-json\/wp\/v2\/posts\/119336","targetHints":{"allow":["GET"]}}],"collection":[{"href":"https:\/\/shiawaves.com\/turkish\/wp-json\/wp\/v2\/posts"}],"about":[{"href":"https:\/\/shiawaves.com\/turkish\/wp-json\/wp\/v2\/types\/post"}],"author":[{"embeddable":true,"href":"https:\/\/shiawaves.com\/turkish\/wp-json\/wp\/v2\/users\/1"}],"replies":[{"embeddable":true,"href":"https:\/\/shiawaves.com\/turkish\/wp-json\/wp\/v2\/comments?post=119336"}],"version-history":[{"count":0,"href":"https:\/\/shiawaves.com\/turkish\/wp-json\/wp\/v2\/posts\/119336\/revisions"}],"wp:featuredmedia":[{"embeddable":true,"href":"https:\/\/shiawaves.com\/turkish\/wp-json\/wp\/v2\/media\/119335"}],"wp:attachment":[{"href":"https:\/\/shiawaves.com\/turkish\/wp-json\/wp\/v2\/media?parent=119336"}],"wp:term":[{"taxonomy":"category","embeddable":true,"href":"https:\/\/shiawaves.com\/turkish\/wp-json\/wp\/v2\/categories?post=119336"},{"taxonomy":"post_tag","embeddable":true,"href":"https:\/\/shiawaves.com\/turkish\/wp-json\/wp\/v2\/tags?post=119336"}],"curies":[{"name":"wp","href":"https:\/\/api.w.org\/{rel}","templated":true}]}}