{"id":119272,"date":"2025-12-04T17:30:25","date_gmt":"2025-12-04T14:30:25","guid":{"rendered":"https:\/\/shiawaves.com\/turkish\/2025\/12\/04\/papa-leo-xivun-turkiyeye-tarihi-ziyareti-baris-ve-dinlerin-birlikte-yasamasi-icin-diyalog\/"},"modified":"2025-12-04T17:30:25","modified_gmt":"2025-12-04T14:30:25","slug":"papa-leo-xivun-turkiyeye-tarihi-ziyareti-baris-ve-dinlerin-birlikte-yasamasi-icin-diyalog","status":"publish","type":"post","link":"https:\/\/shiawaves.com\/turkish\/2025\/12\/04\/papa-leo-xivun-turkiyeye-tarihi-ziyareti-baris-ve-dinlerin-birlikte-yasamasi-icin-diyalog\/","title":{"rendered":"Papa Leo XIV&#8217;\u00fcn T\u00fcrkiye&#8217;ye Tarihi Ziyareti; Bar\u0131\u015f ve Dinlerin Birlikte Ya\u015famas\u0131 \u0130\u00e7in Diyalog"},"content":{"rendered":"<p>Papa Leo XIV&#8217;\u00fcn T\u00fcrkiye&#8217;ye Tarihi Ziyareti; Bar\u0131\u015f ve Dinlerin Birlikte Ya\u015famas\u0131 \u0130\u00e7in Diyalog<\/p>\n<p>D\u00fcnyan\u0131n Katolik lideri Papa Leo XIV, liderli\u011fi d\u00f6nemindeki ilk yurt d\u0131\u015f\u0131 ziyaretine T\u00fcrkiye\u2019den ba\u015flad\u0131.<\/p>\n<p>Cumhurba\u015fkan\u0131 T\u00fcrkiye liderleri ve Ortodoks Kilisesi liderleri ile g\u00f6r\u00fc\u015fmeler ve kutsal yerleri ziyaretler i\u00e7eren bu seyahatte, bar\u0131\u015f mesaj\u0131, dinler aras\u0131 diyalog ve insan onuruna sayg\u0131 programlar\u0131n merkezinde yer ald\u0131.<\/p>\n<p>\ud83d\udc48\ud83c\udffbArkada\u015f\u0131m\u0131z\u0131n bu konu hakk\u0131ndaki raporunu inceleyelim.\ud83d\udc49\ud83c\udffb<\/p>\n<p>Papa Leo XIV, Per\u015fembe sabah\u0131 Ankara Esenbo\u011fa Havaliman\u0131&#8217;na indi ve T\u00fcrkiye h\u00fck\u00fcmeti taraf\u0131ndan resmi bir kar\u015f\u0131lama ile kar\u015f\u0131land\u0131.<\/p>\n<p>DW Fars\u00e7a\u2019ya dayanan \u015eia Haber Ajans\u0131&#8217;n\u0131n raporuna g\u00f6re, ilk ad\u0131m\u0131 An\u0131tkabir\u2019i ziyaret etmek oldu, burada \u00e7i\u00e7ek b\u0131rak\u0131p resmi bir not yazd\u0131.<\/p>\n<p>Papa, bu notunda T\u00fcrk halk\u0131na bar\u0131\u015f ve refah dile\u011finde bulundu.<\/p>\n<p>Devam\u0131nda, Papa, T\u00fcrkiye Cumhurba\u015fkan\u0131 Recep Tayyip Erdo\u011fan ile bir araya geldi.<\/p>\n<p>Middle East News&#8217;e g\u00f6re, iki \u00fclke heyetleri ve medya mensuplar\u0131n\u0131n kat\u0131l\u0131m\u0131yla ger\u00e7ekle\u015fen g\u00f6r\u00fc\u015fmelerde, Ukrayna sava\u015f\u0131, insani krizler, g\u00f6\u00e7, iklim de\u011fi\u015fikli\u011fi ve b\u00f6lgesel gerilimler gibi konular konu\u015fuldu.<\/p>\n<p>Recep Tayyip Erdo\u011fan, T\u00fcrkiye&#8217;nin bar\u0131\u015f sa\u011flama, m\u00fcltecilere destek ve farkl\u0131 dini ibadet yerlerinin yeniden in\u015fas\u0131nda oynad\u0131\u011f\u0131 rolu vurgulad\u0131 ve son yirmi y\u0131lda 100&#8217;den fazla kilise ve manast\u0131r\u0131 onard\u0131\u011f\u0131n\u0131 belirtti.<\/p>\n<p>Papa Leo XIV, web sitesi AsyaTurkiye&#8217;de yay\u0131nlanan konu\u015fmalar\u0131nda, t\u00fcm vatanda\u015flar\u0131n onuru ve \u00f6zg\u00fcrl\u00fc\u011f\u00fcne sayg\u0131n\u0131n \u00f6nemine, T\u00fcrk k\u00fclt\u00fcr\u00fcnde ailenin hayati rol\u00fcne ve kad\u0131nlar\u0131n e\u011fitim, politika ve ekonomideki yerine vurgu yapt\u0131.<\/p>\n<p>T\u00fcrkiye\u2019yi &#8220;do\u011fu ile bat\u0131 aras\u0131nda k\u00f6pr\u00fc&#8221; olarak tan\u0131mlayarak k\u00fclt\u00fcrler ve dinler aras\u0131nda diyalog, sab\u0131r ve birlikte ya\u015fam \u00e7a\u011fr\u0131s\u0131nda bulundu.<\/p>\n<p>Papa ayn\u0131 zamanda a\u015f\u0131r\u0131l\u0131k\u00e7\u0131l\u0131\u011f\u0131n, sava\u015flar\u0131n, adaletsizli\u011fin ve yapay zekan\u0131n yayg\u0131nla\u015fmas\u0131n\u0131n tehlikelerine dikkat \u00e7ekti.<\/p>\n<p>Middle East News&#8217;e g\u00f6re, \u0130stanbul\u2019da Saint Espirit Kilisesi ziyareti ve \u0130stanbul ile \u0130znik&#8217;te dini programlar, Vatikan&#8217;\u0131n Ankara ile i\u015fbirli\u011fini g\u00fc\u00e7lendirme, Hristiyanl\u0131k ve \u0130slam ortak miras\u0131n\u0131 canland\u0131rma \u00e7abas\u0131n\u0131n bir par\u00e7as\u0131.<\/p>\n<p>Recep Tayyip Erdo\u011fan da bu ziyareti &#8220;umut verici&#8221; ve T\u00fcrk-\u0130slam d\u00fcnyas\u0131 ile Hristiyan toplumu aras\u0131nda bar\u0131\u015f ve diyalo\u011fu g\u00fc\u00e7lendirme a\u00e7\u0131s\u0131ndan de\u011ferli olarak de\u011ferlendirdi.<\/p>\n<p>Pazar g\u00fcn\u00fcne kadar s\u00fcrecek bu ziyaret, Papa Leo XIV i\u00e7in yurt d\u0131\u015f\u0131 diplomasisindeki ilk deneyimi olup, b\u00f6lgesel istikrar, dinleraras\u0131 diyalog, insani ve siyasi krizlerin \u00e7\u00f6z\u00fcm\u00fcne taze umutlar yaratma konusunda \u00f6nemli bir etkisi olabilir.<\/p>\n","protected":false},"excerpt":{"rendered":"<p>Papa Leo XIV&#8217;\u00fcn T\u00fcrkiye&#8217;ye Tarihi Ziyareti; Bar\u0131\u015f ve Dinlerin Birlikte Ya\u015famas\u0131 \u0130\u00e7in Diyalog D\u00fcnyan\u0131n Katolik lideri Papa Leo XIV, liderli\u011fi d\u00f6nemindeki ilk yurt d\u0131\u015f\u0131 ziyaretine T\u00fcrkiye\u2019den ba\u015flad\u0131. Cumhurba\u015fkan\u0131 T\u00fcrkiye liderleri ve Ortodoks Kilisesi liderleri ile g\u00f6r\u00fc\u015fmeler ve kutsal yerleri ziyaretler i\u00e7eren bu seyahatte, bar\u0131\u015f mesaj\u0131, dinler aras\u0131 diyalog ve insan onuruna sayg\u0131 programlar\u0131n merkezinde yer &hellip;<\/p>\n","protected":false},"author":1,"featured_media":119271,"comment_status":"open","ping_status":"open","sticky":false,"template":"","format":"standard","meta":{"rop_custom_images_group":[],"rop_custom_messages_group":[],"rop_publish_now":"initial","rop_publish_now_accounts":[],"rop_publish_now_history":[],"rop_publish_now_status":"pending","footnotes":""},"categories":[357],"tags":[],"class_list":["post-119272","post","type-post","status-publish","format-standard","has-post-thumbnail","hentry","category-turkiye"],"_wp_page_template":null,"_wp_attached_file":null,"_wp_attachment_metadata":null,"_edit_lock":null,"yoast_head":"<!-- This site is optimized with the Yoast SEO plugin v24.3 - https:\/\/yoast.com\/wordpress\/plugins\/seo\/ -->\n<title>Papa Leo XIV&#039;\u00fcn T\u00fcrkiye&#039;ye Tarihi Ziyareti; Bar\u0131\u015f ve Dinlerin Birlikte Ya\u015famas\u0131 \u0130\u00e7in Diyalog - ShiaWaves Turkish - \u015eia Haberleri<\/title>\n<meta name=\"robots\" content=\"index, follow, max-snippet:-1, max-image-preview:large, max-video-preview:-1\" \/>\n<link rel=\"canonical\" href=\"https:\/\/shiawaves.com\/turkish\/2025\/12\/04\/papa-leo-xivun-turkiyeye-tarihi-ziyareti-baris-ve-dinlerin-birlikte-yasamasi-icin-diyalog\/\" \/>\n<meta property=\"og:locale\" content=\"tr_TR\" \/>\n<meta property=\"og:type\" content=\"article\" \/>\n<meta property=\"og:title\" content=\"Papa Leo XIV&#039;\u00fcn T\u00fcrkiye&#039;ye Tarihi Ziyareti; Bar\u0131\u015f ve Dinlerin Birlikte Ya\u015famas\u0131 \u0130\u00e7in Diyalog - ShiaWaves Turkish - \u015eia Haberleri\" \/>\n<meta property=\"og:description\" content=\"Papa Leo XIV&#8217;\u00fcn T\u00fcrkiye&#8217;ye Tarihi Ziyareti; Bar\u0131\u015f ve Dinlerin Birlikte Ya\u015famas\u0131 \u0130\u00e7in Diyalog D\u00fcnyan\u0131n Katolik lideri Papa Leo XIV, liderli\u011fi d\u00f6nemindeki ilk yurt d\u0131\u015f\u0131 ziyaretine T\u00fcrkiye\u2019den ba\u015flad\u0131. Cumhurba\u015fkan\u0131 T\u00fcrkiye liderleri ve Ortodoks Kilisesi liderleri ile g\u00f6r\u00fc\u015fmeler ve kutsal yerleri ziyaretler i\u00e7eren bu seyahatte, bar\u0131\u015f mesaj\u0131, dinler aras\u0131 diyalog ve insan onuruna sayg\u0131 programlar\u0131n merkezinde yer &hellip;\" \/>\n<meta property=\"og:url\" content=\"https:\/\/shiawaves.com\/turkish\/2025\/12\/04\/papa-leo-xivun-turkiyeye-tarihi-ziyareti-baris-ve-dinlerin-birlikte-yasamasi-icin-diyalog\/\" \/>\n<meta property=\"og:site_name\" content=\"ShiaWaves Turkish - \u015eia Haberleri\" \/>\n<meta property=\"article:published_time\" content=\"2025-12-04T14:30:25+00:00\" \/>\n<meta name=\"author\" content=\"modir\" \/>\n<meta name=\"twitter:card\" content=\"summary_large_image\" \/>\n<meta name=\"twitter:label1\" content=\"Yazan:\" \/>\n\t<meta name=\"twitter:data1\" content=\"modir\" \/>\n\t<meta name=\"twitter:label2\" content=\"Tahmini okuma s\u00fcresi\" \/>\n\t<meta name=\"twitter:data2\" content=\"2 dakika\" \/>\n<script type=\"application\/ld+json\" class=\"yoast-schema-graph\">{\"@context\":\"https:\/\/schema.org\",\"@graph\":[{\"@type\":\"WebPage\",\"@id\":\"https:\/\/shiawaves.com\/turkish\/2025\/12\/04\/papa-leo-xivun-turkiyeye-tarihi-ziyareti-baris-ve-dinlerin-birlikte-yasamasi-icin-diyalog\/\",\"url\":\"https:\/\/shiawaves.com\/turkish\/2025\/12\/04\/papa-leo-xivun-turkiyeye-tarihi-ziyareti-baris-ve-dinlerin-birlikte-yasamasi-icin-diyalog\/\",\"name\":\"Papa Leo XIV'\u00fcn T\u00fcrkiye'ye Tarihi Ziyareti; Bar\u0131\u015f ve Dinlerin Birlikte Ya\u015famas\u0131 \u0130\u00e7in Diyalog - ShiaWaves Turkish - \u015eia Haberleri\",\"isPartOf\":{\"@id\":\"https:\/\/shiawaves.com\/turkish\/#website\"},\"primaryImageOfPage\":{\"@id\":\"https:\/\/shiawaves.com\/turkish\/2025\/12\/04\/papa-leo-xivun-turkiyeye-tarihi-ziyareti-baris-ve-dinlerin-birlikte-yasamasi-icin-diyalog\/#primaryimage\"},\"image\":{\"@id\":\"https:\/\/shiawaves.com\/turkish\/2025\/12\/04\/papa-leo-xivun-turkiyeye-tarihi-ziyareti-baris-ve-dinlerin-birlikte-yasamasi-icin-diyalog\/#primaryimage\"},\"thumbnailUrl\":\"https:\/\/shiawaves.com\/turkish\/wp-content\/uploads\/sites\/6\/2025\/12\/file_2160.jpg\",\"datePublished\":\"2025-12-04T14:30:25+00:00\",\"dateModified\":\"2025-12-04T14:30:25+00:00\",\"author\":{\"@id\":\"https:\/\/shiawaves.com\/turkish\/#\/schema\/person\/9f68d5023e948086b9348fba5aebd954\"},\"breadcrumb\":{\"@id\":\"https:\/\/shiawaves.com\/turkish\/2025\/12\/04\/papa-leo-xivun-turkiyeye-tarihi-ziyareti-baris-ve-dinlerin-birlikte-yasamasi-icin-diyalog\/#breadcrumb\"},\"inLanguage\":\"tr\",\"potentialAction\":[{\"@type\":\"ReadAction\",\"target\":[\"https:\/\/shiawaves.com\/turkish\/2025\/12\/04\/papa-leo-xivun-turkiyeye-tarihi-ziyareti-baris-ve-dinlerin-birlikte-yasamasi-icin-diyalog\/\"]}]},{\"@type\":\"ImageObject\",\"inLanguage\":\"tr\",\"@id\":\"https:\/\/shiawaves.com\/turkish\/2025\/12\/04\/papa-leo-xivun-turkiyeye-tarihi-ziyareti-baris-ve-dinlerin-birlikte-yasamasi-icin-diyalog\/#primaryimage\",\"url\":\"https:\/\/shiawaves.com\/turkish\/wp-content\/uploads\/sites\/6\/2025\/12\/file_2160.jpg\",\"contentUrl\":\"https:\/\/shiawaves.com\/turkish\/wp-content\/uploads\/sites\/6\/2025\/12\/file_2160.jpg\",\"width\":768,\"height\":434},{\"@type\":\"BreadcrumbList\",\"@id\":\"https:\/\/shiawaves.com\/turkish\/2025\/12\/04\/papa-leo-xivun-turkiyeye-tarihi-ziyareti-baris-ve-dinlerin-birlikte-yasamasi-icin-diyalog\/#breadcrumb\",\"itemListElement\":[{\"@type\":\"ListItem\",\"position\":1,\"name\":\"Home\",\"item\":\"https:\/\/shiawaves.com\/turkish\/\"},{\"@type\":\"ListItem\",\"position\":2,\"name\":\"Papa Leo XIV&#8217;\u00fcn T\u00fcrkiye&#8217;ye Tarihi Ziyareti; Bar\u0131\u015f ve Dinlerin Birlikte Ya\u015famas\u0131 \u0130\u00e7in Diyalog\"}]},{\"@type\":\"WebSite\",\"@id\":\"https:\/\/shiawaves.com\/turkish\/#website\",\"url\":\"https:\/\/shiawaves.com\/turkish\/\",\"name\":\"ShiaWaves Turkish - \u015eia Haberleri\",\"description\":\"\",\"potentialAction\":[{\"@type\":\"SearchAction\",\"target\":{\"@type\":\"EntryPoint\",\"urlTemplate\":\"https:\/\/shiawaves.com\/turkish\/?s={search_term_string}\"},\"query-input\":{\"@type\":\"PropertyValueSpecification\",\"valueRequired\":true,\"valueName\":\"search_term_string\"}}],\"inLanguage\":\"tr\"},{\"@type\":\"Person\",\"@id\":\"https:\/\/shiawaves.com\/turkish\/#\/schema\/person\/9f68d5023e948086b9348fba5aebd954\",\"name\":\"modir\",\"image\":{\"@type\":\"ImageObject\",\"inLanguage\":\"tr\",\"@id\":\"https:\/\/shiawaves.com\/turkish\/#\/schema\/person\/image\/\",\"url\":\"https:\/\/secure.gravatar.com\/avatar\/8e76f93cdbdd480bd8918d1e0e1d938664c9cb1516c2a57a2b96fe50b507a6b9?s=96&d=mm&r=g\",\"contentUrl\":\"https:\/\/secure.gravatar.com\/avatar\/8e76f93cdbdd480bd8918d1e0e1d938664c9cb1516c2a57a2b96fe50b507a6b9?s=96&d=mm&r=g\",\"caption\":\"modir\"},\"sameAs\":[\"https:\/\/shiawaves.com\"],\"url\":\"https:\/\/shiawaves.com\/turkish\/author\/modir\/\"}]}<\/script>\n<!-- \/ Yoast SEO plugin. -->","yoast_head_json":{"title":"Papa Leo XIV'\u00fcn T\u00fcrkiye'ye Tarihi Ziyareti; Bar\u0131\u015f ve Dinlerin Birlikte Ya\u015famas\u0131 \u0130\u00e7in Diyalog - ShiaWaves Turkish - \u015eia Haberleri","robots":{"index":"index","follow":"follow","max-snippet":"max-snippet:-1","max-image-preview":"max-image-preview:large","max-video-preview":"max-video-preview:-1"},"canonical":"https:\/\/shiawaves.com\/turkish\/2025\/12\/04\/papa-leo-xivun-turkiyeye-tarihi-ziyareti-baris-ve-dinlerin-birlikte-yasamasi-icin-diyalog\/","og_locale":"tr_TR","og_type":"article","og_title":"Papa Leo XIV'\u00fcn T\u00fcrkiye'ye Tarihi Ziyareti; Bar\u0131\u015f ve Dinlerin Birlikte Ya\u015famas\u0131 \u0130\u00e7in Diyalog - ShiaWaves Turkish - \u015eia Haberleri","og_description":"Papa Leo XIV&#8217;\u00fcn T\u00fcrkiye&#8217;ye Tarihi Ziyareti; Bar\u0131\u015f ve Dinlerin Birlikte Ya\u015famas\u0131 \u0130\u00e7in Diyalog D\u00fcnyan\u0131n Katolik lideri Papa Leo XIV, liderli\u011fi d\u00f6nemindeki ilk yurt d\u0131\u015f\u0131 ziyaretine T\u00fcrkiye\u2019den ba\u015flad\u0131. Cumhurba\u015fkan\u0131 T\u00fcrkiye liderleri ve Ortodoks Kilisesi liderleri ile g\u00f6r\u00fc\u015fmeler ve kutsal yerleri ziyaretler i\u00e7eren bu seyahatte, bar\u0131\u015f mesaj\u0131, dinler aras\u0131 diyalog ve insan onuruna sayg\u0131 programlar\u0131n merkezinde yer &hellip;","og_url":"https:\/\/shiawaves.com\/turkish\/2025\/12\/04\/papa-leo-xivun-turkiyeye-tarihi-ziyareti-baris-ve-dinlerin-birlikte-yasamasi-icin-diyalog\/","og_site_name":"ShiaWaves Turkish - \u015eia Haberleri","article_published_time":"2025-12-04T14:30:25+00:00","author":"modir","twitter_card":"summary_large_image","twitter_misc":{"Yazan:":"modir","Tahmini okuma s\u00fcresi":"2 dakika"},"schema":{"@context":"https:\/\/schema.org","@graph":[{"@type":"WebPage","@id":"https:\/\/shiawaves.com\/turkish\/2025\/12\/04\/papa-leo-xivun-turkiyeye-tarihi-ziyareti-baris-ve-dinlerin-birlikte-yasamasi-icin-diyalog\/","url":"https:\/\/shiawaves.com\/turkish\/2025\/12\/04\/papa-leo-xivun-turkiyeye-tarihi-ziyareti-baris-ve-dinlerin-birlikte-yasamasi-icin-diyalog\/","name":"Papa Leo XIV'\u00fcn T\u00fcrkiye'ye Tarihi Ziyareti; Bar\u0131\u015f ve Dinlerin Birlikte Ya\u015famas\u0131 \u0130\u00e7in Diyalog - ShiaWaves Turkish - \u015eia Haberleri","isPartOf":{"@id":"https:\/\/shiawaves.com\/turkish\/#website"},"primaryImageOfPage":{"@id":"https:\/\/shiawaves.com\/turkish\/2025\/12\/04\/papa-leo-xivun-turkiyeye-tarihi-ziyareti-baris-ve-dinlerin-birlikte-yasamasi-icin-diyalog\/#primaryimage"},"image":{"@id":"https:\/\/shiawaves.com\/turkish\/2025\/12\/04\/papa-leo-xivun-turkiyeye-tarihi-ziyareti-baris-ve-dinlerin-birlikte-yasamasi-icin-diyalog\/#primaryimage"},"thumbnailUrl":"https:\/\/shiawaves.com\/turkish\/wp-content\/uploads\/sites\/6\/2025\/12\/file_2160.jpg","datePublished":"2025-12-04T14:30:25+00:00","dateModified":"2025-12-04T14:30:25+00:00","author":{"@id":"https:\/\/shiawaves.com\/turkish\/#\/schema\/person\/9f68d5023e948086b9348fba5aebd954"},"breadcrumb":{"@id":"https:\/\/shiawaves.com\/turkish\/2025\/12\/04\/papa-leo-xivun-turkiyeye-tarihi-ziyareti-baris-ve-dinlerin-birlikte-yasamasi-icin-diyalog\/#breadcrumb"},"inLanguage":"tr","potentialAction":[{"@type":"ReadAction","target":["https:\/\/shiawaves.com\/turkish\/2025\/12\/04\/papa-leo-xivun-turkiyeye-tarihi-ziyareti-baris-ve-dinlerin-birlikte-yasamasi-icin-diyalog\/"]}]},{"@type":"ImageObject","inLanguage":"tr","@id":"https:\/\/shiawaves.com\/turkish\/2025\/12\/04\/papa-leo-xivun-turkiyeye-tarihi-ziyareti-baris-ve-dinlerin-birlikte-yasamasi-icin-diyalog\/#primaryimage","url":"https:\/\/shiawaves.com\/turkish\/wp-content\/uploads\/sites\/6\/2025\/12\/file_2160.jpg","contentUrl":"https:\/\/shiawaves.com\/turkish\/wp-content\/uploads\/sites\/6\/2025\/12\/file_2160.jpg","width":768,"height":434},{"@type":"BreadcrumbList","@id":"https:\/\/shiawaves.com\/turkish\/2025\/12\/04\/papa-leo-xivun-turkiyeye-tarihi-ziyareti-baris-ve-dinlerin-birlikte-yasamasi-icin-diyalog\/#breadcrumb","itemListElement":[{"@type":"ListItem","position":1,"name":"Home","item":"https:\/\/shiawaves.com\/turkish\/"},{"@type":"ListItem","position":2,"name":"Papa Leo XIV&#8217;\u00fcn T\u00fcrkiye&#8217;ye Tarihi Ziyareti; Bar\u0131\u015f ve Dinlerin Birlikte Ya\u015famas\u0131 \u0130\u00e7in Diyalog"}]},{"@type":"WebSite","@id":"https:\/\/shiawaves.com\/turkish\/#website","url":"https:\/\/shiawaves.com\/turkish\/","name":"ShiaWaves Turkish - \u015eia Haberleri","description":"","potentialAction":[{"@type":"SearchAction","target":{"@type":"EntryPoint","urlTemplate":"https:\/\/shiawaves.com\/turkish\/?s={search_term_string}"},"query-input":{"@type":"PropertyValueSpecification","valueRequired":true,"valueName":"search_term_string"}}],"inLanguage":"tr"},{"@type":"Person","@id":"https:\/\/shiawaves.com\/turkish\/#\/schema\/person\/9f68d5023e948086b9348fba5aebd954","name":"modir","image":{"@type":"ImageObject","inLanguage":"tr","@id":"https:\/\/shiawaves.com\/turkish\/#\/schema\/person\/image\/","url":"https:\/\/secure.gravatar.com\/avatar\/8e76f93cdbdd480bd8918d1e0e1d938664c9cb1516c2a57a2b96fe50b507a6b9?s=96&d=mm&r=g","contentUrl":"https:\/\/secure.gravatar.com\/avatar\/8e76f93cdbdd480bd8918d1e0e1d938664c9cb1516c2a57a2b96fe50b507a6b9?s=96&d=mm&r=g","caption":"modir"},"sameAs":["https:\/\/shiawaves.com"],"url":"https:\/\/shiawaves.com\/turkish\/author\/modir\/"}]}},"_links":{"self":[{"href":"https:\/\/shiawaves.com\/turkish\/wp-json\/wp\/v2\/posts\/119272","targetHints":{"allow":["GET"]}}],"collection":[{"href":"https:\/\/shiawaves.com\/turkish\/wp-json\/wp\/v2\/posts"}],"about":[{"href":"https:\/\/shiawaves.com\/turkish\/wp-json\/wp\/v2\/types\/post"}],"author":[{"embeddable":true,"href":"https:\/\/shiawaves.com\/turkish\/wp-json\/wp\/v2\/users\/1"}],"replies":[{"embeddable":true,"href":"https:\/\/shiawaves.com\/turkish\/wp-json\/wp\/v2\/comments?post=119272"}],"version-history":[{"count":0,"href":"https:\/\/shiawaves.com\/turkish\/wp-json\/wp\/v2\/posts\/119272\/revisions"}],"wp:featuredmedia":[{"embeddable":true,"href":"https:\/\/shiawaves.com\/turkish\/wp-json\/wp\/v2\/media\/119271"}],"wp:attachment":[{"href":"https:\/\/shiawaves.com\/turkish\/wp-json\/wp\/v2\/media?parent=119272"}],"wp:term":[{"taxonomy":"category","embeddable":true,"href":"https:\/\/shiawaves.com\/turkish\/wp-json\/wp\/v2\/categories?post=119272"},{"taxonomy":"post_tag","embeddable":true,"href":"https:\/\/shiawaves.com\/turkish\/wp-json\/wp\/v2\/tags?post=119272"}],"curies":[{"name":"wp","href":"https:\/\/api.w.org\/{rel}","templated":true}]}}