{"id":119148,"date":"2025-11-29T21:00:34","date_gmt":"2025-11-29T18:00:34","guid":{"rendered":"https:\/\/shiawaves.com\/turkish\/2025\/11\/29\/avrupada-islamofobinin-sagci-populizmle-ve-otoriterlikle-baglantisi\/"},"modified":"2025-11-29T21:00:34","modified_gmt":"2025-11-29T18:00:34","slug":"avrupada-islamofobinin-sagci-populizmle-ve-otoriterlikle-baglantisi","status":"publish","type":"post","link":"https:\/\/shiawaves.com\/turkish\/2025\/11\/29\/avrupada-islamofobinin-sagci-populizmle-ve-otoriterlikle-baglantisi\/","title":{"rendered":"Avrupa&#8217;da \u0130slamofobinin Sa\u011fc\u0131 Pop\u00fclizmle ve Otoriterlikle Ba\u011flant\u0131s\u0131"},"content":{"rendered":"<p>Avrupa&#8217;da \u0130slamofobinin Sa\u011fc\u0131 Pop\u00fclizmle ve Otoriterlikle Ba\u011flant\u0131s\u0131<\/p>\n<p>Almanya&#8217;da yap\u0131lan bir \u00fcniversite ara\u015ft\u0131rmas\u0131na g\u00f6re, Avrupa&#8217;da \u0130slamofobinin yay\u0131lmas\u0131, di\u011fer dinlerin inan\u00e7lar\u0131ndan ziyade, sa\u011fc\u0131 pop\u00fclist ak\u0131mlar ve otoriter e\u011filimler taraf\u0131ndan y\u00f6nlendirilmektedir.<\/p>\n<p>Deutsche Welle&#8217;de sunulan verilere istinaden bu rapor, bulgular\u0131n boyutlar\u0131n\u0131 incelemektedir.<\/p>\n<p>\ud83d\udc48\ud83c\udffbArkada\u015f\u0131m\u0131z\u0131n bu konu hakk\u0131ndaki haberini inceleyelim.\ud83d\udc49\ud83c\udffb<\/p>\n<p>Deutsche Welle&#8217;nin yay\u0131nlad\u0131\u011f\u0131 bir habere g\u00f6re, Mainz Johannes Gutenberg \u00dcniversitesi&#8217;nde ger\u00e7ekle\u015ftirilen kapsaml\u0131 bir \u00e7al\u0131\u015fma, Avrupa&#8217;da \u0130slamofobinin k\u00f6kenlerine dair yeni ve net bir tablo sunmaktad\u0131r.<\/p>\n<p>Bu ara\u015ft\u0131rma, \u0130ngiltere, Fransa, Almanya ve Hollanda&#8217;da yakla\u015f\u0131k yetmi\u015f be\u015f bin ki\u015finin verileri ve yan\u0131tlar\u0131 \u00fczerinde yap\u0131lm\u0131\u015f analizlere dayanarak, \u0130slam&#8217;a ve M\u00fcsl\u00fcmanlara y\u00f6nelik tehdit alg\u0131s\u0131n\u0131n, di\u011fer dinlerin -Hristiyanlar da dahil olmak \u00fczere- ki\u015fisel dindarl\u0131\u011f\u0131yla ilgisinin bulunmad\u0131\u011f\u0131n\u0131 g\u00f6stermektedir.<\/p>\n<p>Bu incelemenin yazarlar\u0131, d\u00fczenli olarak kilise ve di\u011fer dini ibadetlere kat\u0131lan ki\u015filerin, mutlaka \u0130slamofobik g\u00f6r\u00fc\u015flere sahip olmad\u0131klar\u0131n\u0131 ve dindarl\u0131k derecelerinin b\u00f6yle bir tutumu art\u0131r\u0131c\u0131 rol oynamad\u0131\u011f\u0131n\u0131 vurgulam\u0131\u015flard\u0131r.<\/p>\n<p>\u015eii Haber Ajans\u0131&#8217;n\u0131n Deutsche Welle&#8217;ye dayand\u0131rd\u0131\u011f\u0131 haberine g\u00f6re, bu ara\u015ft\u0131rma grubunun bulgular\u0131, \u0130slamofobinin ana kayna\u011f\u0131n\u0131n, son y\u0131llarda medya ve politik ara\u00e7lardan yararlanarak bu anlat\u0131y\u0131 k\u00f6r\u00fckleyen sa\u011fc\u0131 pop\u00fclist ak\u0131mlar oldu\u011funu g\u00f6stermektedir.<\/p>\n<p>Rapor, a\u015f\u0131r\u0131 sa\u011f ak\u0131mlar\u0131n\u0131n Hristiyanl\u0131\u011f\u0131 dini bir inan\u00e7 olarak de\u011fil, Bat\u0131 medeniyetinin &#8220;k\u00fclt\u00fcrel bir sembol\u00fc&#8221; olarak tan\u0131mlamaya \u00e7al\u0131\u015ft\u0131\u011f\u0131n\u0131; ve ard\u0131ndan, \u0130slam&#8217;\u0131 bu medeniyete kar\u015f\u0131 &#8220;tehdit edici bir \u00f6teki&#8221; olarak konumland\u0131rd\u0131klar\u0131n\u0131 belirtmektedir.<\/p>\n<p>Bu yakla\u015f\u0131m, ara\u015ft\u0131rman\u0131n analistlerine g\u00f6re, dini a\u00e7\u0131k\u00e7a politik ve kimlik ama\u00e7lar\u0131 do\u011frultusunda kullanma anlam\u0131na gelmektedir.<\/p>\n<p>Deutsche Welle, resmi istatistiklere at\u0131fta bulunarak, son y\u0131llarda Almanya&#8217;da \u0131rk\u00e7\u0131l\u0131k, yabanc\u0131 d\u00fc\u015fmanl\u0131\u011f\u0131, \u0130slamofobi ve a\u015f\u0131r\u0131 sa\u011f\u0131n \u015fiddet i\u00e7eren hareketlerinin art\u0131\u015f g\u00f6sterdi\u011fini hat\u0131rlatmaktad\u0131r.<\/p>\n<p>Bu e\u011filim, bu ak\u0131mlar\u0131n siyasi ve sosyal zeminlerinin geni\u015fledi\u011fini ve anlat\u0131lar\u0131n\u0131n toplumun belli kesimlerine n\u00fcfuz etti\u011fini g\u00f6stermektedir.<\/p>\n<p>Mainz \u00dcniversitesi&#8217;nin \u00e7al\u0131\u015fmalar\u0131n\u0131n sonu\u00e7lar\u0131, nefret s\u00f6ylemlerine kar\u015f\u0131 siyasi, k\u00fclt\u00fcrel ve medyatik kurumlar\u0131n dikkatini bir kez daha gereklili\u011fini vurgulamaktad\u0131r.<\/p>\n<p>Bu s\u00f6ylemin, dini kavramlar\u0131n k\u00f6t\u00fcye kullan\u0131m\u0131yla, toplumsal \u00e7atlaklar\u0131 derinle\u015ftirdi\u011fi ve bar\u0131\u015f\u00e7\u0131l bir beraber ya\u015fam\u0131 tehdit etti\u011fi belirtilmektedir.<\/p>\n","protected":false},"excerpt":{"rendered":"<p>Avrupa&#8217;da \u0130slamofobinin Sa\u011fc\u0131 Pop\u00fclizmle ve Otoriterlikle Ba\u011flant\u0131s\u0131 Almanya&#8217;da yap\u0131lan bir \u00fcniversite ara\u015ft\u0131rmas\u0131na g\u00f6re, Avrupa&#8217;da \u0130slamofobinin yay\u0131lmas\u0131, di\u011fer dinlerin inan\u00e7lar\u0131ndan ziyade, sa\u011fc\u0131 pop\u00fclist ak\u0131mlar ve otoriter e\u011filimler taraf\u0131ndan y\u00f6nlendirilmektedir. Deutsche Welle&#8217;de sunulan verilere istinaden bu rapor, bulgular\u0131n boyutlar\u0131n\u0131 incelemektedir. \ud83d\udc48\ud83c\udffbArkada\u015f\u0131m\u0131z\u0131n bu konu hakk\u0131ndaki haberini inceleyelim.\ud83d\udc49\ud83c\udffb Deutsche Welle&#8217;nin yay\u0131nlad\u0131\u011f\u0131 bir habere g\u00f6re, Mainz Johannes Gutenberg \u00dcniversitesi&#8217;nde ger\u00e7ekle\u015ftirilen &hellip;<\/p>\n","protected":false},"author":1,"featured_media":119147,"comment_status":"open","ping_status":"open","sticky":false,"template":"","format":"standard","meta":{"rop_custom_images_group":[],"rop_custom_messages_group":[],"rop_publish_now":"initial","rop_publish_now_accounts":[],"rop_publish_now_history":[],"rop_publish_now_status":"pending","footnotes":""},"categories":[71],"tags":[],"class_list":["post-119148","post","type-post","status-publish","format-standard","has-post-thumbnail","hentry","category-germany"],"_wp_page_template":null,"_wp_attached_file":null,"_wp_attachment_metadata":null,"_edit_lock":null,"yoast_head":"<!-- This site is optimized with the Yoast SEO plugin v24.3 - https:\/\/yoast.com\/wordpress\/plugins\/seo\/ -->\n<title>Avrupa&#039;da \u0130slamofobinin Sa\u011fc\u0131 Pop\u00fclizmle ve Otoriterlikle Ba\u011flant\u0131s\u0131 - ShiaWaves Turkish - \u015eia Haberleri<\/title>\n<meta name=\"robots\" content=\"index, follow, max-snippet:-1, max-image-preview:large, max-video-preview:-1\" \/>\n<link rel=\"canonical\" href=\"https:\/\/shiawaves.com\/turkish\/2025\/11\/29\/avrupada-islamofobinin-sagci-populizmle-ve-otoriterlikle-baglantisi\/\" \/>\n<meta property=\"og:locale\" content=\"tr_TR\" \/>\n<meta property=\"og:type\" content=\"article\" \/>\n<meta property=\"og:title\" content=\"Avrupa&#039;da \u0130slamofobinin Sa\u011fc\u0131 Pop\u00fclizmle ve Otoriterlikle Ba\u011flant\u0131s\u0131 - ShiaWaves Turkish - \u015eia Haberleri\" \/>\n<meta property=\"og:description\" content=\"Avrupa&#8217;da \u0130slamofobinin Sa\u011fc\u0131 Pop\u00fclizmle ve Otoriterlikle Ba\u011flant\u0131s\u0131 Almanya&#8217;da yap\u0131lan bir \u00fcniversite ara\u015ft\u0131rmas\u0131na g\u00f6re, Avrupa&#8217;da \u0130slamofobinin yay\u0131lmas\u0131, di\u011fer dinlerin inan\u00e7lar\u0131ndan ziyade, sa\u011fc\u0131 pop\u00fclist ak\u0131mlar ve otoriter e\u011filimler taraf\u0131ndan y\u00f6nlendirilmektedir. Deutsche Welle&#8217;de sunulan verilere istinaden bu rapor, bulgular\u0131n boyutlar\u0131n\u0131 incelemektedir. \ud83d\udc48\ud83c\udffbArkada\u015f\u0131m\u0131z\u0131n bu konu hakk\u0131ndaki haberini inceleyelim.\ud83d\udc49\ud83c\udffb Deutsche Welle&#8217;nin yay\u0131nlad\u0131\u011f\u0131 bir habere g\u00f6re, Mainz Johannes Gutenberg \u00dcniversitesi&#8217;nde ger\u00e7ekle\u015ftirilen &hellip;\" \/>\n<meta property=\"og:url\" content=\"https:\/\/shiawaves.com\/turkish\/2025\/11\/29\/avrupada-islamofobinin-sagci-populizmle-ve-otoriterlikle-baglantisi\/\" \/>\n<meta property=\"og:site_name\" content=\"ShiaWaves Turkish - \u015eia Haberleri\" \/>\n<meta property=\"article:published_time\" content=\"2025-11-29T18:00:34+00:00\" \/>\n<meta name=\"author\" content=\"modir\" \/>\n<meta name=\"twitter:card\" content=\"summary_large_image\" \/>\n<meta name=\"twitter:label1\" content=\"Yazan:\" \/>\n\t<meta name=\"twitter:data1\" content=\"modir\" \/>\n\t<meta name=\"twitter:label2\" content=\"Tahmini okuma s\u00fcresi\" \/>\n\t<meta name=\"twitter:data2\" content=\"2 dakika\" \/>\n<script type=\"application\/ld+json\" class=\"yoast-schema-graph\">{\"@context\":\"https:\/\/schema.org\",\"@graph\":[{\"@type\":\"WebPage\",\"@id\":\"https:\/\/shiawaves.com\/turkish\/2025\/11\/29\/avrupada-islamofobinin-sagci-populizmle-ve-otoriterlikle-baglantisi\/\",\"url\":\"https:\/\/shiawaves.com\/turkish\/2025\/11\/29\/avrupada-islamofobinin-sagci-populizmle-ve-otoriterlikle-baglantisi\/\",\"name\":\"Avrupa'da \u0130slamofobinin Sa\u011fc\u0131 Pop\u00fclizmle ve Otoriterlikle Ba\u011flant\u0131s\u0131 - ShiaWaves Turkish - \u015eia Haberleri\",\"isPartOf\":{\"@id\":\"https:\/\/shiawaves.com\/turkish\/#website\"},\"primaryImageOfPage\":{\"@id\":\"https:\/\/shiawaves.com\/turkish\/2025\/11\/29\/avrupada-islamofobinin-sagci-populizmle-ve-otoriterlikle-baglantisi\/#primaryimage\"},\"image\":{\"@id\":\"https:\/\/shiawaves.com\/turkish\/2025\/11\/29\/avrupada-islamofobinin-sagci-populizmle-ve-otoriterlikle-baglantisi\/#primaryimage\"},\"thumbnailUrl\":\"https:\/\/shiawaves.com\/turkish\/wp-content\/uploads\/sites\/6\/2025\/11\/file_2098.jpg\",\"datePublished\":\"2025-11-29T18:00:34+00:00\",\"dateModified\":\"2025-11-29T18:00:34+00:00\",\"author\":{\"@id\":\"https:\/\/shiawaves.com\/turkish\/#\/schema\/person\/9f68d5023e948086b9348fba5aebd954\"},\"breadcrumb\":{\"@id\":\"https:\/\/shiawaves.com\/turkish\/2025\/11\/29\/avrupada-islamofobinin-sagci-populizmle-ve-otoriterlikle-baglantisi\/#breadcrumb\"},\"inLanguage\":\"tr\",\"potentialAction\":[{\"@type\":\"ReadAction\",\"target\":[\"https:\/\/shiawaves.com\/turkish\/2025\/11\/29\/avrupada-islamofobinin-sagci-populizmle-ve-otoriterlikle-baglantisi\/\"]}]},{\"@type\":\"ImageObject\",\"inLanguage\":\"tr\",\"@id\":\"https:\/\/shiawaves.com\/turkish\/2025\/11\/29\/avrupada-islamofobinin-sagci-populizmle-ve-otoriterlikle-baglantisi\/#primaryimage\",\"url\":\"https:\/\/shiawaves.com\/turkish\/wp-content\/uploads\/sites\/6\/2025\/11\/file_2098.jpg\",\"contentUrl\":\"https:\/\/shiawaves.com\/turkish\/wp-content\/uploads\/sites\/6\/2025\/11\/file_2098.jpg\",\"width\":700,\"height\":394},{\"@type\":\"BreadcrumbList\",\"@id\":\"https:\/\/shiawaves.com\/turkish\/2025\/11\/29\/avrupada-islamofobinin-sagci-populizmle-ve-otoriterlikle-baglantisi\/#breadcrumb\",\"itemListElement\":[{\"@type\":\"ListItem\",\"position\":1,\"name\":\"Home\",\"item\":\"https:\/\/shiawaves.com\/turkish\/\"},{\"@type\":\"ListItem\",\"position\":2,\"name\":\"Avrupa&#8217;da \u0130slamofobinin Sa\u011fc\u0131 Pop\u00fclizmle ve Otoriterlikle Ba\u011flant\u0131s\u0131\"}]},{\"@type\":\"WebSite\",\"@id\":\"https:\/\/shiawaves.com\/turkish\/#website\",\"url\":\"https:\/\/shiawaves.com\/turkish\/\",\"name\":\"ShiaWaves Turkish - \u015eia Haberleri\",\"description\":\"\",\"potentialAction\":[{\"@type\":\"SearchAction\",\"target\":{\"@type\":\"EntryPoint\",\"urlTemplate\":\"https:\/\/shiawaves.com\/turkish\/?s={search_term_string}\"},\"query-input\":{\"@type\":\"PropertyValueSpecification\",\"valueRequired\":true,\"valueName\":\"search_term_string\"}}],\"inLanguage\":\"tr\"},{\"@type\":\"Person\",\"@id\":\"https:\/\/shiawaves.com\/turkish\/#\/schema\/person\/9f68d5023e948086b9348fba5aebd954\",\"name\":\"modir\",\"image\":{\"@type\":\"ImageObject\",\"inLanguage\":\"tr\",\"@id\":\"https:\/\/shiawaves.com\/turkish\/#\/schema\/person\/image\/\",\"url\":\"https:\/\/secure.gravatar.com\/avatar\/8e76f93cdbdd480bd8918d1e0e1d938664c9cb1516c2a57a2b96fe50b507a6b9?s=96&d=mm&r=g\",\"contentUrl\":\"https:\/\/secure.gravatar.com\/avatar\/8e76f93cdbdd480bd8918d1e0e1d938664c9cb1516c2a57a2b96fe50b507a6b9?s=96&d=mm&r=g\",\"caption\":\"modir\"},\"sameAs\":[\"https:\/\/shiawaves.com\"],\"url\":\"https:\/\/shiawaves.com\/turkish\/author\/modir\/\"}]}<\/script>\n<!-- \/ Yoast SEO plugin. -->","yoast_head_json":{"title":"Avrupa'da \u0130slamofobinin Sa\u011fc\u0131 Pop\u00fclizmle ve Otoriterlikle Ba\u011flant\u0131s\u0131 - ShiaWaves Turkish - \u015eia Haberleri","robots":{"index":"index","follow":"follow","max-snippet":"max-snippet:-1","max-image-preview":"max-image-preview:large","max-video-preview":"max-video-preview:-1"},"canonical":"https:\/\/shiawaves.com\/turkish\/2025\/11\/29\/avrupada-islamofobinin-sagci-populizmle-ve-otoriterlikle-baglantisi\/","og_locale":"tr_TR","og_type":"article","og_title":"Avrupa'da \u0130slamofobinin Sa\u011fc\u0131 Pop\u00fclizmle ve Otoriterlikle Ba\u011flant\u0131s\u0131 - ShiaWaves Turkish - \u015eia Haberleri","og_description":"Avrupa&#8217;da \u0130slamofobinin Sa\u011fc\u0131 Pop\u00fclizmle ve Otoriterlikle Ba\u011flant\u0131s\u0131 Almanya&#8217;da yap\u0131lan bir \u00fcniversite ara\u015ft\u0131rmas\u0131na g\u00f6re, Avrupa&#8217;da \u0130slamofobinin yay\u0131lmas\u0131, di\u011fer dinlerin inan\u00e7lar\u0131ndan ziyade, sa\u011fc\u0131 pop\u00fclist ak\u0131mlar ve otoriter e\u011filimler taraf\u0131ndan y\u00f6nlendirilmektedir. Deutsche Welle&#8217;de sunulan verilere istinaden bu rapor, bulgular\u0131n boyutlar\u0131n\u0131 incelemektedir. \ud83d\udc48\ud83c\udffbArkada\u015f\u0131m\u0131z\u0131n bu konu hakk\u0131ndaki haberini inceleyelim.\ud83d\udc49\ud83c\udffb Deutsche Welle&#8217;nin yay\u0131nlad\u0131\u011f\u0131 bir habere g\u00f6re, Mainz Johannes Gutenberg \u00dcniversitesi&#8217;nde ger\u00e7ekle\u015ftirilen &hellip;","og_url":"https:\/\/shiawaves.com\/turkish\/2025\/11\/29\/avrupada-islamofobinin-sagci-populizmle-ve-otoriterlikle-baglantisi\/","og_site_name":"ShiaWaves Turkish - \u015eia Haberleri","article_published_time":"2025-11-29T18:00:34+00:00","author":"modir","twitter_card":"summary_large_image","twitter_misc":{"Yazan:":"modir","Tahmini okuma s\u00fcresi":"2 dakika"},"schema":{"@context":"https:\/\/schema.org","@graph":[{"@type":"WebPage","@id":"https:\/\/shiawaves.com\/turkish\/2025\/11\/29\/avrupada-islamofobinin-sagci-populizmle-ve-otoriterlikle-baglantisi\/","url":"https:\/\/shiawaves.com\/turkish\/2025\/11\/29\/avrupada-islamofobinin-sagci-populizmle-ve-otoriterlikle-baglantisi\/","name":"Avrupa'da \u0130slamofobinin Sa\u011fc\u0131 Pop\u00fclizmle ve Otoriterlikle Ba\u011flant\u0131s\u0131 - ShiaWaves Turkish - \u015eia Haberleri","isPartOf":{"@id":"https:\/\/shiawaves.com\/turkish\/#website"},"primaryImageOfPage":{"@id":"https:\/\/shiawaves.com\/turkish\/2025\/11\/29\/avrupada-islamofobinin-sagci-populizmle-ve-otoriterlikle-baglantisi\/#primaryimage"},"image":{"@id":"https:\/\/shiawaves.com\/turkish\/2025\/11\/29\/avrupada-islamofobinin-sagci-populizmle-ve-otoriterlikle-baglantisi\/#primaryimage"},"thumbnailUrl":"https:\/\/shiawaves.com\/turkish\/wp-content\/uploads\/sites\/6\/2025\/11\/file_2098.jpg","datePublished":"2025-11-29T18:00:34+00:00","dateModified":"2025-11-29T18:00:34+00:00","author":{"@id":"https:\/\/shiawaves.com\/turkish\/#\/schema\/person\/9f68d5023e948086b9348fba5aebd954"},"breadcrumb":{"@id":"https:\/\/shiawaves.com\/turkish\/2025\/11\/29\/avrupada-islamofobinin-sagci-populizmle-ve-otoriterlikle-baglantisi\/#breadcrumb"},"inLanguage":"tr","potentialAction":[{"@type":"ReadAction","target":["https:\/\/shiawaves.com\/turkish\/2025\/11\/29\/avrupada-islamofobinin-sagci-populizmle-ve-otoriterlikle-baglantisi\/"]}]},{"@type":"ImageObject","inLanguage":"tr","@id":"https:\/\/shiawaves.com\/turkish\/2025\/11\/29\/avrupada-islamofobinin-sagci-populizmle-ve-otoriterlikle-baglantisi\/#primaryimage","url":"https:\/\/shiawaves.com\/turkish\/wp-content\/uploads\/sites\/6\/2025\/11\/file_2098.jpg","contentUrl":"https:\/\/shiawaves.com\/turkish\/wp-content\/uploads\/sites\/6\/2025\/11\/file_2098.jpg","width":700,"height":394},{"@type":"BreadcrumbList","@id":"https:\/\/shiawaves.com\/turkish\/2025\/11\/29\/avrupada-islamofobinin-sagci-populizmle-ve-otoriterlikle-baglantisi\/#breadcrumb","itemListElement":[{"@type":"ListItem","position":1,"name":"Home","item":"https:\/\/shiawaves.com\/turkish\/"},{"@type":"ListItem","position":2,"name":"Avrupa&#8217;da \u0130slamofobinin Sa\u011fc\u0131 Pop\u00fclizmle ve Otoriterlikle Ba\u011flant\u0131s\u0131"}]},{"@type":"WebSite","@id":"https:\/\/shiawaves.com\/turkish\/#website","url":"https:\/\/shiawaves.com\/turkish\/","name":"ShiaWaves Turkish - \u015eia Haberleri","description":"","potentialAction":[{"@type":"SearchAction","target":{"@type":"EntryPoint","urlTemplate":"https:\/\/shiawaves.com\/turkish\/?s={search_term_string}"},"query-input":{"@type":"PropertyValueSpecification","valueRequired":true,"valueName":"search_term_string"}}],"inLanguage":"tr"},{"@type":"Person","@id":"https:\/\/shiawaves.com\/turkish\/#\/schema\/person\/9f68d5023e948086b9348fba5aebd954","name":"modir","image":{"@type":"ImageObject","inLanguage":"tr","@id":"https:\/\/shiawaves.com\/turkish\/#\/schema\/person\/image\/","url":"https:\/\/secure.gravatar.com\/avatar\/8e76f93cdbdd480bd8918d1e0e1d938664c9cb1516c2a57a2b96fe50b507a6b9?s=96&d=mm&r=g","contentUrl":"https:\/\/secure.gravatar.com\/avatar\/8e76f93cdbdd480bd8918d1e0e1d938664c9cb1516c2a57a2b96fe50b507a6b9?s=96&d=mm&r=g","caption":"modir"},"sameAs":["https:\/\/shiawaves.com"],"url":"https:\/\/shiawaves.com\/turkish\/author\/modir\/"}]}},"_links":{"self":[{"href":"https:\/\/shiawaves.com\/turkish\/wp-json\/wp\/v2\/posts\/119148","targetHints":{"allow":["GET"]}}],"collection":[{"href":"https:\/\/shiawaves.com\/turkish\/wp-json\/wp\/v2\/posts"}],"about":[{"href":"https:\/\/shiawaves.com\/turkish\/wp-json\/wp\/v2\/types\/post"}],"author":[{"embeddable":true,"href":"https:\/\/shiawaves.com\/turkish\/wp-json\/wp\/v2\/users\/1"}],"replies":[{"embeddable":true,"href":"https:\/\/shiawaves.com\/turkish\/wp-json\/wp\/v2\/comments?post=119148"}],"version-history":[{"count":0,"href":"https:\/\/shiawaves.com\/turkish\/wp-json\/wp\/v2\/posts\/119148\/revisions"}],"wp:featuredmedia":[{"embeddable":true,"href":"https:\/\/shiawaves.com\/turkish\/wp-json\/wp\/v2\/media\/119147"}],"wp:attachment":[{"href":"https:\/\/shiawaves.com\/turkish\/wp-json\/wp\/v2\/media?parent=119148"}],"wp:term":[{"taxonomy":"category","embeddable":true,"href":"https:\/\/shiawaves.com\/turkish\/wp-json\/wp\/v2\/categories?post=119148"},{"taxonomy":"post_tag","embeddable":true,"href":"https:\/\/shiawaves.com\/turkish\/wp-json\/wp\/v2\/tags?post=119148"}],"curies":[{"name":"wp","href":"https:\/\/api.w.org\/{rel}","templated":true}]}}