{"id":119142,"date":"2025-11-29T17:00:39","date_gmt":"2025-11-29T14:00:39","guid":{"rendered":"https:\/\/shiawaves.com\/turkish\/2025\/11\/29\/irakta-hz-fatime-i-zehranin-s-a-sehadetinin-yil-donumu\/"},"modified":"2025-11-29T17:00:39","modified_gmt":"2025-11-29T14:00:39","slug":"irakta-hz-fatime-i-zehranin-s-a-sehadetinin-yil-donumu","status":"publish","type":"post","link":"https:\/\/shiawaves.com\/turkish\/2025\/11\/29\/irakta-hz-fatime-i-zehranin-s-a-sehadetinin-yil-donumu\/","title":{"rendered":"Irak\u2019ta Hz. Fatime-i Zehra\u2019n\u0131n (s.a) \u015eehadetinin Y\u0131l D\u00f6n\u00fcm\u00fc"},"content":{"rendered":"<p>Irak\u2019ta Hz. Fatime-i Zehra\u2019n\u0131n (s.a) \u015eehadetinin Y\u0131l D\u00f6n\u00fcm\u00fc<\/p>\n<p>\u015eii Haber Ajans\u0131&#8217;n\u0131n raporuna g\u00f6re \u015fu anda insanlar Irak&#8217;ta Hz. Fatime-i Zehra&#8217;n\u0131n (s.a) \u015fehadetinin y\u0131l d\u00f6n\u00fcm\u00fcn\u00fc anmak i\u00e7in yas meclisleri d\u00fczenleyor. <\/p>\n<p>\u0130nsanlar, Hz. Fatime (s.a) i\u00e7in yas tutarken, Irak, genellikle anma etkinliklerini tercih eden t\u00fcccarlar, restoran sahipleri ve hizmet \u015firketlerinden olu\u015fan kitlesel bir halk hareketine tan\u0131kl\u0131k ediyor.<\/p>\n<p>Bu d\u00fczenlemeler, Kerbela&#8217;da aktif olan iki matem alay\u0131 taraf\u0131ndan organize edilmi\u015ftir. Bu \u00e7aban\u0131n bir sonucu olarak, bu yas duyurular\u0131n\u0131 yaymak i\u00e7in afi\u015fler da\u011f\u0131t\u0131lm\u0131\u015f ve bunlar \u00e7ar\u015f\u0131lar\u0131n kap\u0131lar\u0131na ve Kerbela&#8217;n\u0131n kutsal mekanlar\u0131n\u0131n \u00f6n\u00fcne as\u0131lm\u0131\u015ft\u0131r. Kerbela&#8217;n\u0131n manevi havas\u0131, bu etkinliklerle birlikte tamamen yas alametleri ile doludur.<\/p>\n<p>Ayr\u0131ca y\u00f6netim organlar\u0131 da bu derin tarihte, bu ac\u0131 dolu olaya sayg\u0131 ve h\u00fcrmet g\u00f6stermek amac\u0131yla resmi tatil ilan etme karar\u0131 alm\u0131\u015ft\u0131r. <\/p>\n<p>\u015eii Haber Ajans\u0131&#8217;na g\u00f6re, Basra, Hille, Necef, Kerbela ve Zikar gibi bir dizi Irak ili, insanlar\u0131n Hz. Fatime-i Zehra&#8217;n\u0131n (s.a) \u015fehadet y\u0131ld\u00f6n\u00fcm\u00fc meclislerine kat\u0131labilmeleri ad\u0131na sal\u0131 g\u00fcn\u00fcn\u00fc resmi tatil olarak ilan etti.<\/p>\n<p>Bu g\u00fcnlerdeki di\u011fer etkileyici sahneler ise Irak\u2019\u0131n \u00e7e\u015fitli \u015fehirlerinden gelen b\u00fcy\u00fck ziyaret\u00e7i gruplar\u0131n\u0131n harekete ge\u00e7mesidir. Nasiriye&#8217;den gelen b\u00fcy\u00fck ziyaret\u00e7i gruplar\u0131, Hz. Fatime-\u201c Zehra&#8217;n\u0131n (s.a) yas t\u00f6renine ve sembolik cenaze t\u00f6renine kat\u0131lmak \u00fczere yakla\u015f\u0131k 250 kilometrelik uzun bir yolculu\u011fa ba\u015flam\u0131\u015ft\u0131r.<\/p>\n<p>Kerbela ve di\u011fer \u015fehirlerden gelen ziyaret\u00e7iler de Necef-i E\u015fref&#8217;e, bu g\u00fcnleri \u0130mam Ali\u2019nin (a.s) manevi huzurunda ge\u00e7irmeye, b\u00f6ylece Hz. S\u0131dd\u0131ke-i T\u00e2hire\u2019ye (s.a) sayg\u0131lar\u0131n\u0131 sunmak amac\u0131yla yola \u00e7\u0131km\u0131\u015flard\u0131r.<\/p>\n<p>\u015eu anda Irak&#8217;ta ortaya \u00e7\u0131kan, toplumsal sadakat, resmi kurumlar\u0131n birli\u011fi ve dikkat \u00e7ekici ziyaret\u00e7i liderleriyle karma bir sahnedir. Bu durum, F\u00e2timiye g\u00fcnlerine adanm\u0131\u015f geleneksel matemlerin sayg\u0131nl\u0131\u011f\u0131n\u0131 ve y\u00fcceli\u011fini art\u0131rmakta, bir kez daha de\u011ferli \u0130slam kad\u0131n\u0131 Hz. Zehra&#8217;n\u0131n (s.a) Irak halk\u0131n\u0131n kalbinde ve ya\u015fam\u0131nda y\u00fcksek mertebesini hat\u0131rlatmaktad\u0131r.<\/p>\n","protected":false},"excerpt":{"rendered":"<p>Irak\u2019ta Hz. Fatime-i Zehra\u2019n\u0131n (s.a) \u015eehadetinin Y\u0131l D\u00f6n\u00fcm\u00fc \u015eii Haber Ajans\u0131&#8217;n\u0131n raporuna g\u00f6re \u015fu anda insanlar Irak&#8217;ta Hz. Fatime-i Zehra&#8217;n\u0131n (s.a) \u015fehadetinin y\u0131l d\u00f6n\u00fcm\u00fcn\u00fc anmak i\u00e7in yas meclisleri d\u00fczenleyor. \u0130nsanlar, Hz. Fatime (s.a) i\u00e7in yas tutarken, Irak, genellikle anma etkinliklerini tercih eden t\u00fcccarlar, restoran sahipleri ve hizmet \u015firketlerinden olu\u015fan kitlesel bir halk hareketine tan\u0131kl\u0131k ediyor. &hellip;<\/p>\n","protected":false},"author":1,"featured_media":119141,"comment_status":"open","ping_status":"open","sticky":false,"template":"","format":"standard","meta":{"rop_custom_images_group":[],"rop_custom_messages_group":[],"rop_publish_now":"initial","rop_publish_now_accounts":[],"rop_publish_now_history":[],"rop_publish_now_status":"pending","footnotes":""},"categories":[14],"tags":[],"class_list":["post-119142","post","type-post","status-publish","format-standard","has-post-thumbnail","hentry","category-iraq"],"_wp_page_template":null,"_wp_attached_file":null,"_wp_attachment_metadata":null,"_edit_lock":null,"yoast_head":"<!-- This site is optimized with the Yoast SEO plugin v24.3 - https:\/\/yoast.com\/wordpress\/plugins\/seo\/ -->\n<title>Irak\u2019ta Hz. Fatime-i Zehra\u2019n\u0131n (s.a) \u015eehadetinin Y\u0131l D\u00f6n\u00fcm\u00fc - ShiaWaves Turkish - \u015eia Haberleri<\/title>\n<meta name=\"robots\" content=\"index, follow, max-snippet:-1, max-image-preview:large, max-video-preview:-1\" \/>\n<link rel=\"canonical\" href=\"https:\/\/shiawaves.com\/turkish\/2025\/11\/29\/irakta-hz-fatime-i-zehranin-s-a-sehadetinin-yil-donumu\/\" \/>\n<meta property=\"og:locale\" content=\"tr_TR\" \/>\n<meta property=\"og:type\" content=\"article\" \/>\n<meta property=\"og:title\" content=\"Irak\u2019ta Hz. Fatime-i Zehra\u2019n\u0131n (s.a) \u015eehadetinin Y\u0131l D\u00f6n\u00fcm\u00fc - ShiaWaves Turkish - \u015eia Haberleri\" \/>\n<meta property=\"og:description\" content=\"Irak\u2019ta Hz. Fatime-i Zehra\u2019n\u0131n (s.a) \u015eehadetinin Y\u0131l D\u00f6n\u00fcm\u00fc \u015eii Haber Ajans\u0131&#8217;n\u0131n raporuna g\u00f6re \u015fu anda insanlar Irak&#8217;ta Hz. Fatime-i Zehra&#8217;n\u0131n (s.a) \u015fehadetinin y\u0131l d\u00f6n\u00fcm\u00fcn\u00fc anmak i\u00e7in yas meclisleri d\u00fczenleyor. \u0130nsanlar, Hz. Fatime (s.a) i\u00e7in yas tutarken, Irak, genellikle anma etkinliklerini tercih eden t\u00fcccarlar, restoran sahipleri ve hizmet \u015firketlerinden olu\u015fan kitlesel bir halk hareketine tan\u0131kl\u0131k ediyor. &hellip;\" \/>\n<meta property=\"og:url\" content=\"https:\/\/shiawaves.com\/turkish\/2025\/11\/29\/irakta-hz-fatime-i-zehranin-s-a-sehadetinin-yil-donumu\/\" \/>\n<meta property=\"og:site_name\" content=\"ShiaWaves Turkish - \u015eia Haberleri\" \/>\n<meta property=\"article:published_time\" content=\"2025-11-29T14:00:39+00:00\" \/>\n<meta name=\"author\" content=\"modir\" \/>\n<meta name=\"twitter:card\" content=\"summary_large_image\" \/>\n<meta name=\"twitter:label1\" content=\"Yazan:\" \/>\n\t<meta name=\"twitter:data1\" content=\"modir\" \/>\n\t<meta name=\"twitter:label2\" content=\"Tahmini okuma s\u00fcresi\" \/>\n\t<meta name=\"twitter:data2\" content=\"2 dakika\" \/>\n<script type=\"application\/ld+json\" class=\"yoast-schema-graph\">{\"@context\":\"https:\/\/schema.org\",\"@graph\":[{\"@type\":\"WebPage\",\"@id\":\"https:\/\/shiawaves.com\/turkish\/2025\/11\/29\/irakta-hz-fatime-i-zehranin-s-a-sehadetinin-yil-donumu\/\",\"url\":\"https:\/\/shiawaves.com\/turkish\/2025\/11\/29\/irakta-hz-fatime-i-zehranin-s-a-sehadetinin-yil-donumu\/\",\"name\":\"Irak\u2019ta Hz. Fatime-i Zehra\u2019n\u0131n (s.a) \u015eehadetinin Y\u0131l D\u00f6n\u00fcm\u00fc - ShiaWaves Turkish - \u015eia Haberleri\",\"isPartOf\":{\"@id\":\"https:\/\/shiawaves.com\/turkish\/#website\"},\"primaryImageOfPage\":{\"@id\":\"https:\/\/shiawaves.com\/turkish\/2025\/11\/29\/irakta-hz-fatime-i-zehranin-s-a-sehadetinin-yil-donumu\/#primaryimage\"},\"image\":{\"@id\":\"https:\/\/shiawaves.com\/turkish\/2025\/11\/29\/irakta-hz-fatime-i-zehranin-s-a-sehadetinin-yil-donumu\/#primaryimage\"},\"thumbnailUrl\":\"https:\/\/shiawaves.com\/turkish\/wp-content\/uploads\/sites\/6\/2025\/11\/file_2095.jpg\",\"datePublished\":\"2025-11-29T14:00:39+00:00\",\"dateModified\":\"2025-11-29T14:00:39+00:00\",\"author\":{\"@id\":\"https:\/\/shiawaves.com\/turkish\/#\/schema\/person\/9f68d5023e948086b9348fba5aebd954\"},\"breadcrumb\":{\"@id\":\"https:\/\/shiawaves.com\/turkish\/2025\/11\/29\/irakta-hz-fatime-i-zehranin-s-a-sehadetinin-yil-donumu\/#breadcrumb\"},\"inLanguage\":\"tr\",\"potentialAction\":[{\"@type\":\"ReadAction\",\"target\":[\"https:\/\/shiawaves.com\/turkish\/2025\/11\/29\/irakta-hz-fatime-i-zehranin-s-a-sehadetinin-yil-donumu\/\"]}]},{\"@type\":\"ImageObject\",\"inLanguage\":\"tr\",\"@id\":\"https:\/\/shiawaves.com\/turkish\/2025\/11\/29\/irakta-hz-fatime-i-zehranin-s-a-sehadetinin-yil-donumu\/#primaryimage\",\"url\":\"https:\/\/shiawaves.com\/turkish\/wp-content\/uploads\/sites\/6\/2025\/11\/file_2095.jpg\",\"contentUrl\":\"https:\/\/shiawaves.com\/turkish\/wp-content\/uploads\/sites\/6\/2025\/11\/file_2095.jpg\",\"width\":1280,\"height\":960},{\"@type\":\"BreadcrumbList\",\"@id\":\"https:\/\/shiawaves.com\/turkish\/2025\/11\/29\/irakta-hz-fatime-i-zehranin-s-a-sehadetinin-yil-donumu\/#breadcrumb\",\"itemListElement\":[{\"@type\":\"ListItem\",\"position\":1,\"name\":\"Home\",\"item\":\"https:\/\/shiawaves.com\/turkish\/\"},{\"@type\":\"ListItem\",\"position\":2,\"name\":\"Irak\u2019ta Hz. Fatime-i Zehra\u2019n\u0131n (s.a) \u015eehadetinin Y\u0131l D\u00f6n\u00fcm\u00fc\"}]},{\"@type\":\"WebSite\",\"@id\":\"https:\/\/shiawaves.com\/turkish\/#website\",\"url\":\"https:\/\/shiawaves.com\/turkish\/\",\"name\":\"ShiaWaves Turkish - \u015eia Haberleri\",\"description\":\"\",\"potentialAction\":[{\"@type\":\"SearchAction\",\"target\":{\"@type\":\"EntryPoint\",\"urlTemplate\":\"https:\/\/shiawaves.com\/turkish\/?s={search_term_string}\"},\"query-input\":{\"@type\":\"PropertyValueSpecification\",\"valueRequired\":true,\"valueName\":\"search_term_string\"}}],\"inLanguage\":\"tr\"},{\"@type\":\"Person\",\"@id\":\"https:\/\/shiawaves.com\/turkish\/#\/schema\/person\/9f68d5023e948086b9348fba5aebd954\",\"name\":\"modir\",\"image\":{\"@type\":\"ImageObject\",\"inLanguage\":\"tr\",\"@id\":\"https:\/\/shiawaves.com\/turkish\/#\/schema\/person\/image\/\",\"url\":\"https:\/\/secure.gravatar.com\/avatar\/8e76f93cdbdd480bd8918d1e0e1d938664c9cb1516c2a57a2b96fe50b507a6b9?s=96&d=mm&r=g\",\"contentUrl\":\"https:\/\/secure.gravatar.com\/avatar\/8e76f93cdbdd480bd8918d1e0e1d938664c9cb1516c2a57a2b96fe50b507a6b9?s=96&d=mm&r=g\",\"caption\":\"modir\"},\"sameAs\":[\"https:\/\/shiawaves.com\"],\"url\":\"https:\/\/shiawaves.com\/turkish\/author\/modir\/\"}]}<\/script>\n<!-- \/ Yoast SEO plugin. -->","yoast_head_json":{"title":"Irak\u2019ta Hz. Fatime-i Zehra\u2019n\u0131n (s.a) \u015eehadetinin Y\u0131l D\u00f6n\u00fcm\u00fc - ShiaWaves Turkish - \u015eia Haberleri","robots":{"index":"index","follow":"follow","max-snippet":"max-snippet:-1","max-image-preview":"max-image-preview:large","max-video-preview":"max-video-preview:-1"},"canonical":"https:\/\/shiawaves.com\/turkish\/2025\/11\/29\/irakta-hz-fatime-i-zehranin-s-a-sehadetinin-yil-donumu\/","og_locale":"tr_TR","og_type":"article","og_title":"Irak\u2019ta Hz. Fatime-i Zehra\u2019n\u0131n (s.a) \u015eehadetinin Y\u0131l D\u00f6n\u00fcm\u00fc - ShiaWaves Turkish - \u015eia Haberleri","og_description":"Irak\u2019ta Hz. Fatime-i Zehra\u2019n\u0131n (s.a) \u015eehadetinin Y\u0131l D\u00f6n\u00fcm\u00fc \u015eii Haber Ajans\u0131&#8217;n\u0131n raporuna g\u00f6re \u015fu anda insanlar Irak&#8217;ta Hz. Fatime-i Zehra&#8217;n\u0131n (s.a) \u015fehadetinin y\u0131l d\u00f6n\u00fcm\u00fcn\u00fc anmak i\u00e7in yas meclisleri d\u00fczenleyor. \u0130nsanlar, Hz. Fatime (s.a) i\u00e7in yas tutarken, Irak, genellikle anma etkinliklerini tercih eden t\u00fcccarlar, restoran sahipleri ve hizmet \u015firketlerinden olu\u015fan kitlesel bir halk hareketine tan\u0131kl\u0131k ediyor. &hellip;","og_url":"https:\/\/shiawaves.com\/turkish\/2025\/11\/29\/irakta-hz-fatime-i-zehranin-s-a-sehadetinin-yil-donumu\/","og_site_name":"ShiaWaves Turkish - \u015eia Haberleri","article_published_time":"2025-11-29T14:00:39+00:00","author":"modir","twitter_card":"summary_large_image","twitter_misc":{"Yazan:":"modir","Tahmini okuma s\u00fcresi":"2 dakika"},"schema":{"@context":"https:\/\/schema.org","@graph":[{"@type":"WebPage","@id":"https:\/\/shiawaves.com\/turkish\/2025\/11\/29\/irakta-hz-fatime-i-zehranin-s-a-sehadetinin-yil-donumu\/","url":"https:\/\/shiawaves.com\/turkish\/2025\/11\/29\/irakta-hz-fatime-i-zehranin-s-a-sehadetinin-yil-donumu\/","name":"Irak\u2019ta Hz. Fatime-i Zehra\u2019n\u0131n (s.a) \u015eehadetinin Y\u0131l D\u00f6n\u00fcm\u00fc - ShiaWaves Turkish - \u015eia Haberleri","isPartOf":{"@id":"https:\/\/shiawaves.com\/turkish\/#website"},"primaryImageOfPage":{"@id":"https:\/\/shiawaves.com\/turkish\/2025\/11\/29\/irakta-hz-fatime-i-zehranin-s-a-sehadetinin-yil-donumu\/#primaryimage"},"image":{"@id":"https:\/\/shiawaves.com\/turkish\/2025\/11\/29\/irakta-hz-fatime-i-zehranin-s-a-sehadetinin-yil-donumu\/#primaryimage"},"thumbnailUrl":"https:\/\/shiawaves.com\/turkish\/wp-content\/uploads\/sites\/6\/2025\/11\/file_2095.jpg","datePublished":"2025-11-29T14:00:39+00:00","dateModified":"2025-11-29T14:00:39+00:00","author":{"@id":"https:\/\/shiawaves.com\/turkish\/#\/schema\/person\/9f68d5023e948086b9348fba5aebd954"},"breadcrumb":{"@id":"https:\/\/shiawaves.com\/turkish\/2025\/11\/29\/irakta-hz-fatime-i-zehranin-s-a-sehadetinin-yil-donumu\/#breadcrumb"},"inLanguage":"tr","potentialAction":[{"@type":"ReadAction","target":["https:\/\/shiawaves.com\/turkish\/2025\/11\/29\/irakta-hz-fatime-i-zehranin-s-a-sehadetinin-yil-donumu\/"]}]},{"@type":"ImageObject","inLanguage":"tr","@id":"https:\/\/shiawaves.com\/turkish\/2025\/11\/29\/irakta-hz-fatime-i-zehranin-s-a-sehadetinin-yil-donumu\/#primaryimage","url":"https:\/\/shiawaves.com\/turkish\/wp-content\/uploads\/sites\/6\/2025\/11\/file_2095.jpg","contentUrl":"https:\/\/shiawaves.com\/turkish\/wp-content\/uploads\/sites\/6\/2025\/11\/file_2095.jpg","width":1280,"height":960},{"@type":"BreadcrumbList","@id":"https:\/\/shiawaves.com\/turkish\/2025\/11\/29\/irakta-hz-fatime-i-zehranin-s-a-sehadetinin-yil-donumu\/#breadcrumb","itemListElement":[{"@type":"ListItem","position":1,"name":"Home","item":"https:\/\/shiawaves.com\/turkish\/"},{"@type":"ListItem","position":2,"name":"Irak\u2019ta Hz. Fatime-i Zehra\u2019n\u0131n (s.a) \u015eehadetinin Y\u0131l D\u00f6n\u00fcm\u00fc"}]},{"@type":"WebSite","@id":"https:\/\/shiawaves.com\/turkish\/#website","url":"https:\/\/shiawaves.com\/turkish\/","name":"ShiaWaves Turkish - \u015eia Haberleri","description":"","potentialAction":[{"@type":"SearchAction","target":{"@type":"EntryPoint","urlTemplate":"https:\/\/shiawaves.com\/turkish\/?s={search_term_string}"},"query-input":{"@type":"PropertyValueSpecification","valueRequired":true,"valueName":"search_term_string"}}],"inLanguage":"tr"},{"@type":"Person","@id":"https:\/\/shiawaves.com\/turkish\/#\/schema\/person\/9f68d5023e948086b9348fba5aebd954","name":"modir","image":{"@type":"ImageObject","inLanguage":"tr","@id":"https:\/\/shiawaves.com\/turkish\/#\/schema\/person\/image\/","url":"https:\/\/secure.gravatar.com\/avatar\/8e76f93cdbdd480bd8918d1e0e1d938664c9cb1516c2a57a2b96fe50b507a6b9?s=96&d=mm&r=g","contentUrl":"https:\/\/secure.gravatar.com\/avatar\/8e76f93cdbdd480bd8918d1e0e1d938664c9cb1516c2a57a2b96fe50b507a6b9?s=96&d=mm&r=g","caption":"modir"},"sameAs":["https:\/\/shiawaves.com"],"url":"https:\/\/shiawaves.com\/turkish\/author\/modir\/"}]}},"_links":{"self":[{"href":"https:\/\/shiawaves.com\/turkish\/wp-json\/wp\/v2\/posts\/119142","targetHints":{"allow":["GET"]}}],"collection":[{"href":"https:\/\/shiawaves.com\/turkish\/wp-json\/wp\/v2\/posts"}],"about":[{"href":"https:\/\/shiawaves.com\/turkish\/wp-json\/wp\/v2\/types\/post"}],"author":[{"embeddable":true,"href":"https:\/\/shiawaves.com\/turkish\/wp-json\/wp\/v2\/users\/1"}],"replies":[{"embeddable":true,"href":"https:\/\/shiawaves.com\/turkish\/wp-json\/wp\/v2\/comments?post=119142"}],"version-history":[{"count":0,"href":"https:\/\/shiawaves.com\/turkish\/wp-json\/wp\/v2\/posts\/119142\/revisions"}],"wp:featuredmedia":[{"embeddable":true,"href":"https:\/\/shiawaves.com\/turkish\/wp-json\/wp\/v2\/media\/119141"}],"wp:attachment":[{"href":"https:\/\/shiawaves.com\/turkish\/wp-json\/wp\/v2\/media?parent=119142"}],"wp:term":[{"taxonomy":"category","embeddable":true,"href":"https:\/\/shiawaves.com\/turkish\/wp-json\/wp\/v2\/categories?post=119142"},{"taxonomy":"post_tag","embeddable":true,"href":"https:\/\/shiawaves.com\/turkish\/wp-json\/wp\/v2\/tags?post=119142"}],"curies":[{"name":"wp","href":"https:\/\/api.w.org\/{rel}","templated":true}]}}