{"id":119118,"date":"2025-11-28T18:00:39","date_gmt":"2025-11-28T15:00:39","guid":{"rendered":"https:\/\/shiawaves.com\/turkish\/2025\/11\/28\/montrealde-hz-fatime-zehranin-s-a-sehadetini-anma-toreni-duzenlendi\/"},"modified":"2025-11-28T18:00:39","modified_gmt":"2025-11-28T15:00:39","slug":"montrealde-hz-fatime-zehranin-s-a-sehadetini-anma-toreni-duzenlendi","status":"publish","type":"post","link":"https:\/\/shiawaves.com\/turkish\/2025\/11\/28\/montrealde-hz-fatime-zehranin-s-a-sehadetini-anma-toreni-duzenlendi\/","title":{"rendered":"Montreal\u2019de Hz. Fatime Zehra\u2019n\u0131n (s.a) \u015eehadetini Anma T\u00f6reni D\u00fczenlendi"},"content":{"rendered":"<p>Montreal\u2019de Hz. Fatime Zehra\u2019n\u0131n (s.a) \u015eehadetini Anma T\u00f6reni D\u00fczenlendi<\/p>\n<p>Hz. Fatime Zehra\u2019n\u0131n (s.a) \u015fehadetinin an\u0131s\u0131na, Kanada\u2019n\u0131n Montreal \u015fehrinde<br \/>\n \u015eiiler, Ayetullah Uzma \u015eirazi K\u00fcresel Merkezi ve \u0130ranl\u0131 \u0130slam Merkezi\u2019nde bir araya geldi.<\/p>\n<p>T\u00f6ren, Hz. Fatime Zehra&#8217;n\u0131n (s.a) hat\u0131ras\u0131na dua ve ona tevess\u00fcl i\u00e7eren bir sofra ile ba\u015flad\u0131 ve ard\u0131ndan cemaatle namaz k\u0131l\u0131nd\u0131.<\/p>\n<p>Program, Kur&#8217;an-\u0131 Kerim\u2019den baz\u0131 ayetlerin, Ustad R\u0131zayi taraf\u0131ndan okunmas\u0131 ve Hadis-i Kisa\u2019n\u0131n, Hac\u0131 \u0130slam Seyyid Musa Fali taraf\u0131ndan icras\u0131 ile devam etti.<\/p>\n<p>Sonras\u0131nda konu\u015fmas\u0131n\u0131 yapan Hac\u0131 \u0130slam \u015eeyh Salih Sibaveyh, Hz. Fatime Zehra\u2019n\u0131n (s.a) rahmet peygamberi (s.a.a) ve Ehl-i Beyt (a.s.) nezdindeki makam ve konumuna de\u011findi.<\/p>\n<p>Konu\u015fmas\u0131nda, k\u00e2inat\u0131n ve varl\u0131klar\u0131n, Hz. Fatime Zehra\u2019n\u0131n (s.a) y\u00fcce makam\u0131na bor\u00e7lu oldu\u011funu vurgulad\u0131.<\/p>\n<p>\u015eeyh Sibaveyh ayr\u0131ca, Hz. Fatime Zehra\u2019n\u0131n (s.a) maruz kald\u0131\u011f\u0131 musibetleri dinleyicilere anlatt\u0131.<\/p>\n<p>Devam\u0131nda, Mirza Ahmed Sibaveyh mersiye ve dua okudu ve t\u00f6ren, kat\u0131l\u0131mc\u0131lara ikramda bulunulmas\u0131yla sona erdi.<\/p>\n<p>Bu etkinlik, Ayetullah Uzma \u015eirazi K\u00fcresel Merkezi ve \u0130ranl\u0131 \u0130slam Merkezi\u2019nin Montreal\u2019de d\u00fczenledi\u011fi, Ehl-i Beyt\u2019in (a.s) hat\u0131ras\u0131n\u0131 canl\u0131 tutmak ve \u00f6\u011fretilerini yaymak amac\u0131yla ger\u00e7ekle\u015ftirilen k\u00fclt\u00fcrel ve dini faaliyetlerin bir par\u00e7as\u0131d\u0131r.<\/p>\n","protected":false},"excerpt":{"rendered":"<p>Montreal\u2019de Hz. Fatime Zehra\u2019n\u0131n (s.a) \u015eehadetini Anma T\u00f6reni D\u00fczenlendi Hz. Fatime Zehra\u2019n\u0131n (s.a) \u015fehadetinin an\u0131s\u0131na, Kanada\u2019n\u0131n Montreal \u015fehrinde \u015eiiler, Ayetullah Uzma \u015eirazi K\u00fcresel Merkezi ve \u0130ranl\u0131 \u0130slam Merkezi\u2019nde bir araya geldi. T\u00f6ren, Hz. Fatime Zehra&#8217;n\u0131n (s.a) hat\u0131ras\u0131na dua ve ona tevess\u00fcl i\u00e7eren bir sofra ile ba\u015flad\u0131 ve ard\u0131ndan cemaatle namaz k\u0131l\u0131nd\u0131. Program, Kur&#8217;an-\u0131 Kerim\u2019den baz\u0131 &hellip;<\/p>\n","protected":false},"author":1,"featured_media":119117,"comment_status":"open","ping_status":"open","sticky":false,"template":"","format":"standard","meta":{"rop_custom_images_group":[],"rop_custom_messages_group":[],"rop_publish_now":"initial","rop_publish_now_accounts":[],"rop_publish_now_history":[],"rop_publish_now_status":"pending","footnotes":""},"categories":[35],"tags":[],"class_list":["post-119118","post","type-post","status-publish","format-standard","has-post-thumbnail","hentry","category-ahlulbayt-occasions"],"_wp_page_template":null,"_wp_attached_file":null,"_wp_attachment_metadata":null,"_edit_lock":null,"yoast_head":"<!-- This site is optimized with the Yoast SEO plugin v24.3 - https:\/\/yoast.com\/wordpress\/plugins\/seo\/ -->\n<title>Montreal\u2019de Hz. Fatime Zehra\u2019n\u0131n (s.a) \u015eehadetini Anma T\u00f6reni D\u00fczenlendi - ShiaWaves Turkish - \u015eia Haberleri<\/title>\n<meta name=\"robots\" content=\"index, follow, max-snippet:-1, max-image-preview:large, max-video-preview:-1\" \/>\n<link rel=\"canonical\" href=\"https:\/\/shiawaves.com\/turkish\/2025\/11\/28\/montrealde-hz-fatime-zehranin-s-a-sehadetini-anma-toreni-duzenlendi\/\" \/>\n<meta property=\"og:locale\" content=\"tr_TR\" \/>\n<meta property=\"og:type\" content=\"article\" \/>\n<meta property=\"og:title\" content=\"Montreal\u2019de Hz. Fatime Zehra\u2019n\u0131n (s.a) \u015eehadetini Anma T\u00f6reni D\u00fczenlendi - ShiaWaves Turkish - \u015eia Haberleri\" \/>\n<meta property=\"og:description\" content=\"Montreal\u2019de Hz. Fatime Zehra\u2019n\u0131n (s.a) \u015eehadetini Anma T\u00f6reni D\u00fczenlendi Hz. Fatime Zehra\u2019n\u0131n (s.a) \u015fehadetinin an\u0131s\u0131na, Kanada\u2019n\u0131n Montreal \u015fehrinde \u015eiiler, Ayetullah Uzma \u015eirazi K\u00fcresel Merkezi ve \u0130ranl\u0131 \u0130slam Merkezi\u2019nde bir araya geldi. T\u00f6ren, Hz. Fatime Zehra&#8217;n\u0131n (s.a) hat\u0131ras\u0131na dua ve ona tevess\u00fcl i\u00e7eren bir sofra ile ba\u015flad\u0131 ve ard\u0131ndan cemaatle namaz k\u0131l\u0131nd\u0131. Program, Kur&#8217;an-\u0131 Kerim\u2019den baz\u0131 &hellip;\" \/>\n<meta property=\"og:url\" content=\"https:\/\/shiawaves.com\/turkish\/2025\/11\/28\/montrealde-hz-fatime-zehranin-s-a-sehadetini-anma-toreni-duzenlendi\/\" \/>\n<meta property=\"og:site_name\" content=\"ShiaWaves Turkish - \u015eia Haberleri\" \/>\n<meta property=\"article:published_time\" content=\"2025-11-28T15:00:39+00:00\" \/>\n<meta name=\"author\" content=\"modir\" \/>\n<meta name=\"twitter:card\" content=\"summary_large_image\" \/>\n<meta name=\"twitter:label1\" content=\"Yazan:\" \/>\n\t<meta name=\"twitter:data1\" content=\"modir\" \/>\n\t<meta name=\"twitter:label2\" content=\"Tahmini okuma s\u00fcresi\" \/>\n\t<meta name=\"twitter:data2\" content=\"1 dakika\" \/>\n<script type=\"application\/ld+json\" class=\"yoast-schema-graph\">{\"@context\":\"https:\/\/schema.org\",\"@graph\":[{\"@type\":\"WebPage\",\"@id\":\"https:\/\/shiawaves.com\/turkish\/2025\/11\/28\/montrealde-hz-fatime-zehranin-s-a-sehadetini-anma-toreni-duzenlendi\/\",\"url\":\"https:\/\/shiawaves.com\/turkish\/2025\/11\/28\/montrealde-hz-fatime-zehranin-s-a-sehadetini-anma-toreni-duzenlendi\/\",\"name\":\"Montreal\u2019de Hz. Fatime Zehra\u2019n\u0131n (s.a) \u015eehadetini Anma T\u00f6reni D\u00fczenlendi - ShiaWaves Turkish - \u015eia Haberleri\",\"isPartOf\":{\"@id\":\"https:\/\/shiawaves.com\/turkish\/#website\"},\"primaryImageOfPage\":{\"@id\":\"https:\/\/shiawaves.com\/turkish\/2025\/11\/28\/montrealde-hz-fatime-zehranin-s-a-sehadetini-anma-toreni-duzenlendi\/#primaryimage\"},\"image\":{\"@id\":\"https:\/\/shiawaves.com\/turkish\/2025\/11\/28\/montrealde-hz-fatime-zehranin-s-a-sehadetini-anma-toreni-duzenlendi\/#primaryimage\"},\"thumbnailUrl\":\"https:\/\/shiawaves.com\/turkish\/wp-content\/uploads\/sites\/6\/2025\/11\/file_2083.jpg\",\"datePublished\":\"2025-11-28T15:00:39+00:00\",\"dateModified\":\"2025-11-28T15:00:39+00:00\",\"author\":{\"@id\":\"https:\/\/shiawaves.com\/turkish\/#\/schema\/person\/9f68d5023e948086b9348fba5aebd954\"},\"breadcrumb\":{\"@id\":\"https:\/\/shiawaves.com\/turkish\/2025\/11\/28\/montrealde-hz-fatime-zehranin-s-a-sehadetini-anma-toreni-duzenlendi\/#breadcrumb\"},\"inLanguage\":\"tr\",\"potentialAction\":[{\"@type\":\"ReadAction\",\"target\":[\"https:\/\/shiawaves.com\/turkish\/2025\/11\/28\/montrealde-hz-fatime-zehranin-s-a-sehadetini-anma-toreni-duzenlendi\/\"]}]},{\"@type\":\"ImageObject\",\"inLanguage\":\"tr\",\"@id\":\"https:\/\/shiawaves.com\/turkish\/2025\/11\/28\/montrealde-hz-fatime-zehranin-s-a-sehadetini-anma-toreni-duzenlendi\/#primaryimage\",\"url\":\"https:\/\/shiawaves.com\/turkish\/wp-content\/uploads\/sites\/6\/2025\/11\/file_2083.jpg\",\"contentUrl\":\"https:\/\/shiawaves.com\/turkish\/wp-content\/uploads\/sites\/6\/2025\/11\/file_2083.jpg\",\"width\":1280,\"height\":960},{\"@type\":\"BreadcrumbList\",\"@id\":\"https:\/\/shiawaves.com\/turkish\/2025\/11\/28\/montrealde-hz-fatime-zehranin-s-a-sehadetini-anma-toreni-duzenlendi\/#breadcrumb\",\"itemListElement\":[{\"@type\":\"ListItem\",\"position\":1,\"name\":\"Home\",\"item\":\"https:\/\/shiawaves.com\/turkish\/\"},{\"@type\":\"ListItem\",\"position\":2,\"name\":\"Montreal\u2019de Hz. Fatime Zehra\u2019n\u0131n (s.a) \u015eehadetini Anma T\u00f6reni D\u00fczenlendi\"}]},{\"@type\":\"WebSite\",\"@id\":\"https:\/\/shiawaves.com\/turkish\/#website\",\"url\":\"https:\/\/shiawaves.com\/turkish\/\",\"name\":\"ShiaWaves Turkish - \u015eia Haberleri\",\"description\":\"\",\"potentialAction\":[{\"@type\":\"SearchAction\",\"target\":{\"@type\":\"EntryPoint\",\"urlTemplate\":\"https:\/\/shiawaves.com\/turkish\/?s={search_term_string}\"},\"query-input\":{\"@type\":\"PropertyValueSpecification\",\"valueRequired\":true,\"valueName\":\"search_term_string\"}}],\"inLanguage\":\"tr\"},{\"@type\":\"Person\",\"@id\":\"https:\/\/shiawaves.com\/turkish\/#\/schema\/person\/9f68d5023e948086b9348fba5aebd954\",\"name\":\"modir\",\"image\":{\"@type\":\"ImageObject\",\"inLanguage\":\"tr\",\"@id\":\"https:\/\/shiawaves.com\/turkish\/#\/schema\/person\/image\/\",\"url\":\"https:\/\/secure.gravatar.com\/avatar\/8e76f93cdbdd480bd8918d1e0e1d938664c9cb1516c2a57a2b96fe50b507a6b9?s=96&d=mm&r=g\",\"contentUrl\":\"https:\/\/secure.gravatar.com\/avatar\/8e76f93cdbdd480bd8918d1e0e1d938664c9cb1516c2a57a2b96fe50b507a6b9?s=96&d=mm&r=g\",\"caption\":\"modir\"},\"sameAs\":[\"https:\/\/shiawaves.com\"],\"url\":\"https:\/\/shiawaves.com\/turkish\/author\/modir\/\"}]}<\/script>\n<!-- \/ Yoast SEO plugin. -->","yoast_head_json":{"title":"Montreal\u2019de Hz. Fatime Zehra\u2019n\u0131n (s.a) \u015eehadetini Anma T\u00f6reni D\u00fczenlendi - ShiaWaves Turkish - \u015eia Haberleri","robots":{"index":"index","follow":"follow","max-snippet":"max-snippet:-1","max-image-preview":"max-image-preview:large","max-video-preview":"max-video-preview:-1"},"canonical":"https:\/\/shiawaves.com\/turkish\/2025\/11\/28\/montrealde-hz-fatime-zehranin-s-a-sehadetini-anma-toreni-duzenlendi\/","og_locale":"tr_TR","og_type":"article","og_title":"Montreal\u2019de Hz. Fatime Zehra\u2019n\u0131n (s.a) \u015eehadetini Anma T\u00f6reni D\u00fczenlendi - ShiaWaves Turkish - \u015eia Haberleri","og_description":"Montreal\u2019de Hz. Fatime Zehra\u2019n\u0131n (s.a) \u015eehadetini Anma T\u00f6reni D\u00fczenlendi Hz. Fatime Zehra\u2019n\u0131n (s.a) \u015fehadetinin an\u0131s\u0131na, Kanada\u2019n\u0131n Montreal \u015fehrinde \u015eiiler, Ayetullah Uzma \u015eirazi K\u00fcresel Merkezi ve \u0130ranl\u0131 \u0130slam Merkezi\u2019nde bir araya geldi. T\u00f6ren, Hz. Fatime Zehra&#8217;n\u0131n (s.a) hat\u0131ras\u0131na dua ve ona tevess\u00fcl i\u00e7eren bir sofra ile ba\u015flad\u0131 ve ard\u0131ndan cemaatle namaz k\u0131l\u0131nd\u0131. Program, Kur&#8217;an-\u0131 Kerim\u2019den baz\u0131 &hellip;","og_url":"https:\/\/shiawaves.com\/turkish\/2025\/11\/28\/montrealde-hz-fatime-zehranin-s-a-sehadetini-anma-toreni-duzenlendi\/","og_site_name":"ShiaWaves Turkish - \u015eia Haberleri","article_published_time":"2025-11-28T15:00:39+00:00","author":"modir","twitter_card":"summary_large_image","twitter_misc":{"Yazan:":"modir","Tahmini okuma s\u00fcresi":"1 dakika"},"schema":{"@context":"https:\/\/schema.org","@graph":[{"@type":"WebPage","@id":"https:\/\/shiawaves.com\/turkish\/2025\/11\/28\/montrealde-hz-fatime-zehranin-s-a-sehadetini-anma-toreni-duzenlendi\/","url":"https:\/\/shiawaves.com\/turkish\/2025\/11\/28\/montrealde-hz-fatime-zehranin-s-a-sehadetini-anma-toreni-duzenlendi\/","name":"Montreal\u2019de Hz. Fatime Zehra\u2019n\u0131n (s.a) \u015eehadetini Anma T\u00f6reni D\u00fczenlendi - ShiaWaves Turkish - \u015eia Haberleri","isPartOf":{"@id":"https:\/\/shiawaves.com\/turkish\/#website"},"primaryImageOfPage":{"@id":"https:\/\/shiawaves.com\/turkish\/2025\/11\/28\/montrealde-hz-fatime-zehranin-s-a-sehadetini-anma-toreni-duzenlendi\/#primaryimage"},"image":{"@id":"https:\/\/shiawaves.com\/turkish\/2025\/11\/28\/montrealde-hz-fatime-zehranin-s-a-sehadetini-anma-toreni-duzenlendi\/#primaryimage"},"thumbnailUrl":"https:\/\/shiawaves.com\/turkish\/wp-content\/uploads\/sites\/6\/2025\/11\/file_2083.jpg","datePublished":"2025-11-28T15:00:39+00:00","dateModified":"2025-11-28T15:00:39+00:00","author":{"@id":"https:\/\/shiawaves.com\/turkish\/#\/schema\/person\/9f68d5023e948086b9348fba5aebd954"},"breadcrumb":{"@id":"https:\/\/shiawaves.com\/turkish\/2025\/11\/28\/montrealde-hz-fatime-zehranin-s-a-sehadetini-anma-toreni-duzenlendi\/#breadcrumb"},"inLanguage":"tr","potentialAction":[{"@type":"ReadAction","target":["https:\/\/shiawaves.com\/turkish\/2025\/11\/28\/montrealde-hz-fatime-zehranin-s-a-sehadetini-anma-toreni-duzenlendi\/"]}]},{"@type":"ImageObject","inLanguage":"tr","@id":"https:\/\/shiawaves.com\/turkish\/2025\/11\/28\/montrealde-hz-fatime-zehranin-s-a-sehadetini-anma-toreni-duzenlendi\/#primaryimage","url":"https:\/\/shiawaves.com\/turkish\/wp-content\/uploads\/sites\/6\/2025\/11\/file_2083.jpg","contentUrl":"https:\/\/shiawaves.com\/turkish\/wp-content\/uploads\/sites\/6\/2025\/11\/file_2083.jpg","width":1280,"height":960},{"@type":"BreadcrumbList","@id":"https:\/\/shiawaves.com\/turkish\/2025\/11\/28\/montrealde-hz-fatime-zehranin-s-a-sehadetini-anma-toreni-duzenlendi\/#breadcrumb","itemListElement":[{"@type":"ListItem","position":1,"name":"Home","item":"https:\/\/shiawaves.com\/turkish\/"},{"@type":"ListItem","position":2,"name":"Montreal\u2019de Hz. Fatime Zehra\u2019n\u0131n (s.a) \u015eehadetini Anma T\u00f6reni D\u00fczenlendi"}]},{"@type":"WebSite","@id":"https:\/\/shiawaves.com\/turkish\/#website","url":"https:\/\/shiawaves.com\/turkish\/","name":"ShiaWaves Turkish - \u015eia Haberleri","description":"","potentialAction":[{"@type":"SearchAction","target":{"@type":"EntryPoint","urlTemplate":"https:\/\/shiawaves.com\/turkish\/?s={search_term_string}"},"query-input":{"@type":"PropertyValueSpecification","valueRequired":true,"valueName":"search_term_string"}}],"inLanguage":"tr"},{"@type":"Person","@id":"https:\/\/shiawaves.com\/turkish\/#\/schema\/person\/9f68d5023e948086b9348fba5aebd954","name":"modir","image":{"@type":"ImageObject","inLanguage":"tr","@id":"https:\/\/shiawaves.com\/turkish\/#\/schema\/person\/image\/","url":"https:\/\/secure.gravatar.com\/avatar\/8e76f93cdbdd480bd8918d1e0e1d938664c9cb1516c2a57a2b96fe50b507a6b9?s=96&d=mm&r=g","contentUrl":"https:\/\/secure.gravatar.com\/avatar\/8e76f93cdbdd480bd8918d1e0e1d938664c9cb1516c2a57a2b96fe50b507a6b9?s=96&d=mm&r=g","caption":"modir"},"sameAs":["https:\/\/shiawaves.com"],"url":"https:\/\/shiawaves.com\/turkish\/author\/modir\/"}]}},"_links":{"self":[{"href":"https:\/\/shiawaves.com\/turkish\/wp-json\/wp\/v2\/posts\/119118","targetHints":{"allow":["GET"]}}],"collection":[{"href":"https:\/\/shiawaves.com\/turkish\/wp-json\/wp\/v2\/posts"}],"about":[{"href":"https:\/\/shiawaves.com\/turkish\/wp-json\/wp\/v2\/types\/post"}],"author":[{"embeddable":true,"href":"https:\/\/shiawaves.com\/turkish\/wp-json\/wp\/v2\/users\/1"}],"replies":[{"embeddable":true,"href":"https:\/\/shiawaves.com\/turkish\/wp-json\/wp\/v2\/comments?post=119118"}],"version-history":[{"count":0,"href":"https:\/\/shiawaves.com\/turkish\/wp-json\/wp\/v2\/posts\/119118\/revisions"}],"wp:featuredmedia":[{"embeddable":true,"href":"https:\/\/shiawaves.com\/turkish\/wp-json\/wp\/v2\/media\/119117"}],"wp:attachment":[{"href":"https:\/\/shiawaves.com\/turkish\/wp-json\/wp\/v2\/media?parent=119118"}],"wp:term":[{"taxonomy":"category","embeddable":true,"href":"https:\/\/shiawaves.com\/turkish\/wp-json\/wp\/v2\/categories?post=119118"},{"taxonomy":"post_tag","embeddable":true,"href":"https:\/\/shiawaves.com\/turkish\/wp-json\/wp\/v2\/tags?post=119118"}],"curies":[{"name":"wp","href":"https:\/\/api.w.org\/{rel}","templated":true}]}}