{"id":118656,"date":"2025-11-05T01:31:56","date_gmt":"2025-11-04T22:31:56","guid":{"rendered":"https:\/\/shiawaves.com\/turkish\/2025\/11\/05\/malide-yakit-krizi-okullarin-kapanmasi-ve-rusya-ile-acil-anlasma\/"},"modified":"2025-11-05T01:31:56","modified_gmt":"2025-11-04T22:31:56","slug":"malide-yakit-krizi-okullarin-kapanmasi-ve-rusya-ile-acil-anlasma","status":"publish","type":"post","link":"https:\/\/shiawaves.com\/turkish\/2025\/11\/05\/malide-yakit-krizi-okullarin-kapanmasi-ve-rusya-ile-acil-anlasma\/","title":{"rendered":"Mali&#8217;de Yak\u0131t Krizi; Okullar\u0131n Kapanmas\u0131 ve Rusya ile Acil Anla\u015fma"},"content":{"rendered":"<p>Mali&#8217;de Yak\u0131t Krizi; Okullar\u0131n Kapanmas\u0131 ve Rusya ile Acil Anla\u015fma<\/p>\n<p>Mali h\u00fck\u00fcmeti, \u015fiddetli yak\u0131t s\u0131k\u0131nt\u0131s\u0131 nedeniyle t\u00fcm okullar\u0131n ve \u00fcniversitelerin pazartesi g\u00fcn\u00fcnden itibaren iki hafta s\u00fcreyle kapat\u0131laca\u011f\u0131n\u0131 a\u00e7\u0131klad\u0131.<\/p>\n<p>\u015eii Haber Ajans\u0131&#8217;n\u0131n Reuters&#8217;a dayand\u0131rd\u0131\u011f\u0131 habere g\u00f6re, bu k\u0131tl\u0131k, El Kaide ba\u011flant\u0131l\u0131 gruplar\u0131n, \u00f6zellikle &#8220;Cemaat Nusret el-\u0130slam vel-M\u00fcslimin&#8221; ad\u0131ndaki radikal S\u00fcnni grubun, eyl\u00fcl ay\u0131 ba\u015flar\u0131ndan itibaren kara ile \u00e7evrili bu \u00fclkeye yak\u0131t ithalat yollar\u0131n\u0131 kapatmas\u0131 ve tanker kervanlar\u0131na sald\u0131rmas\u0131yla daha da k\u00f6t\u00fcle\u015fti.<\/p>\n<p>Mali yetkilileri, acil ihtiya\u00e7lar\u0131 kar\u015f\u0131lamak ve yak\u0131t ablukas\u0131n\u0131 sona erdirmek i\u00e7in, Rusya ile h\u0131zla bir petrol \u00fcr\u00fcnleri ithalat anla\u015fmas\u0131 imzalad\u0131.<\/p>\n","protected":false},"excerpt":{"rendered":"<p>Mali&#8217;de Yak\u0131t Krizi; Okullar\u0131n Kapanmas\u0131 ve Rusya ile Acil Anla\u015fma Mali h\u00fck\u00fcmeti, \u015fiddetli yak\u0131t s\u0131k\u0131nt\u0131s\u0131 nedeniyle t\u00fcm okullar\u0131n ve \u00fcniversitelerin pazartesi g\u00fcn\u00fcnden itibaren iki hafta s\u00fcreyle kapat\u0131laca\u011f\u0131n\u0131 a\u00e7\u0131klad\u0131. \u015eii Haber Ajans\u0131&#8217;n\u0131n Reuters&#8217;a dayand\u0131rd\u0131\u011f\u0131 habere g\u00f6re, bu k\u0131tl\u0131k, El Kaide ba\u011flant\u0131l\u0131 gruplar\u0131n, \u00f6zellikle &#8220;Cemaat Nusret el-\u0130slam vel-M\u00fcslimin&#8221; ad\u0131ndaki radikal S\u00fcnni grubun, eyl\u00fcl ay\u0131 ba\u015flar\u0131ndan itibaren kara &hellip;<\/p>\n","protected":false},"author":1,"featured_media":118655,"comment_status":"open","ping_status":"open","sticky":false,"template":"","format":"standard","meta":{"rop_custom_images_group":[],"rop_custom_messages_group":[],"rop_publish_now":"initial","rop_publish_now_accounts":[],"rop_publish_now_history":[],"rop_publish_now_status":"pending","footnotes":""},"categories":[24],"tags":[],"class_list":["post-118656","post","type-post","status-publish","format-standard","has-post-thumbnail","hentry","category-africa"],"_wp_page_template":null,"_wp_attached_file":null,"_wp_attachment_metadata":null,"_edit_lock":null,"yoast_head":"<!-- This site is optimized with the Yoast SEO plugin v24.3 - https:\/\/yoast.com\/wordpress\/plugins\/seo\/ -->\n<title>Mali&#039;de Yak\u0131t Krizi; Okullar\u0131n Kapanmas\u0131 ve Rusya ile Acil Anla\u015fma - ShiaWaves Turkish - \u015eia Haberleri<\/title>\n<meta name=\"robots\" content=\"index, follow, max-snippet:-1, max-image-preview:large, max-video-preview:-1\" \/>\n<link rel=\"canonical\" href=\"https:\/\/shiawaves.com\/turkish\/2025\/11\/05\/malide-yakit-krizi-okullarin-kapanmasi-ve-rusya-ile-acil-anlasma\/\" \/>\n<meta property=\"og:locale\" content=\"tr_TR\" \/>\n<meta property=\"og:type\" content=\"article\" \/>\n<meta property=\"og:title\" content=\"Mali&#039;de Yak\u0131t Krizi; Okullar\u0131n Kapanmas\u0131 ve Rusya ile Acil Anla\u015fma - ShiaWaves Turkish - \u015eia Haberleri\" \/>\n<meta property=\"og:description\" content=\"Mali&#8217;de Yak\u0131t Krizi; Okullar\u0131n Kapanmas\u0131 ve Rusya ile Acil Anla\u015fma Mali h\u00fck\u00fcmeti, \u015fiddetli yak\u0131t s\u0131k\u0131nt\u0131s\u0131 nedeniyle t\u00fcm okullar\u0131n ve \u00fcniversitelerin pazartesi g\u00fcn\u00fcnden itibaren iki hafta s\u00fcreyle kapat\u0131laca\u011f\u0131n\u0131 a\u00e7\u0131klad\u0131. \u015eii Haber Ajans\u0131&#8217;n\u0131n Reuters&#8217;a dayand\u0131rd\u0131\u011f\u0131 habere g\u00f6re, bu k\u0131tl\u0131k, El Kaide ba\u011flant\u0131l\u0131 gruplar\u0131n, \u00f6zellikle &#8220;Cemaat Nusret el-\u0130slam vel-M\u00fcslimin&#8221; ad\u0131ndaki radikal S\u00fcnni grubun, eyl\u00fcl ay\u0131 ba\u015flar\u0131ndan itibaren kara &hellip;\" \/>\n<meta property=\"og:url\" content=\"https:\/\/shiawaves.com\/turkish\/2025\/11\/05\/malide-yakit-krizi-okullarin-kapanmasi-ve-rusya-ile-acil-anlasma\/\" \/>\n<meta property=\"og:site_name\" content=\"ShiaWaves Turkish - \u015eia Haberleri\" \/>\n<meta property=\"article:published_time\" content=\"2025-11-04T22:31:56+00:00\" \/>\n<meta name=\"author\" content=\"modir\" \/>\n<meta name=\"twitter:card\" content=\"summary_large_image\" \/>\n<meta name=\"twitter:label1\" content=\"Yazan:\" \/>\n\t<meta name=\"twitter:data1\" content=\"modir\" \/>\n\t<meta name=\"twitter:label2\" content=\"Tahmini okuma s\u00fcresi\" \/>\n\t<meta name=\"twitter:data2\" content=\"1 dakika\" \/>\n<script type=\"application\/ld+json\" class=\"yoast-schema-graph\">{\"@context\":\"https:\/\/schema.org\",\"@graph\":[{\"@type\":\"WebPage\",\"@id\":\"https:\/\/shiawaves.com\/turkish\/2025\/11\/05\/malide-yakit-krizi-okullarin-kapanmasi-ve-rusya-ile-acil-anlasma\/\",\"url\":\"https:\/\/shiawaves.com\/turkish\/2025\/11\/05\/malide-yakit-krizi-okullarin-kapanmasi-ve-rusya-ile-acil-anlasma\/\",\"name\":\"Mali'de Yak\u0131t Krizi; Okullar\u0131n Kapanmas\u0131 ve Rusya ile Acil Anla\u015fma - ShiaWaves Turkish - \u015eia Haberleri\",\"isPartOf\":{\"@id\":\"https:\/\/shiawaves.com\/turkish\/#website\"},\"primaryImageOfPage\":{\"@id\":\"https:\/\/shiawaves.com\/turkish\/2025\/11\/05\/malide-yakit-krizi-okullarin-kapanmasi-ve-rusya-ile-acil-anlasma\/#primaryimage\"},\"image\":{\"@id\":\"https:\/\/shiawaves.com\/turkish\/2025\/11\/05\/malide-yakit-krizi-okullarin-kapanmasi-ve-rusya-ile-acil-anlasma\/#primaryimage\"},\"thumbnailUrl\":\"https:\/\/shiawaves.com\/turkish\/wp-content\/uploads\/sites\/6\/2025\/11\/file_1783.jpg\",\"datePublished\":\"2025-11-04T22:31:56+00:00\",\"dateModified\":\"2025-11-04T22:31:56+00:00\",\"author\":{\"@id\":\"https:\/\/shiawaves.com\/turkish\/#\/schema\/person\/9f68d5023e948086b9348fba5aebd954\"},\"breadcrumb\":{\"@id\":\"https:\/\/shiawaves.com\/turkish\/2025\/11\/05\/malide-yakit-krizi-okullarin-kapanmasi-ve-rusya-ile-acil-anlasma\/#breadcrumb\"},\"inLanguage\":\"tr\",\"potentialAction\":[{\"@type\":\"ReadAction\",\"target\":[\"https:\/\/shiawaves.com\/turkish\/2025\/11\/05\/malide-yakit-krizi-okullarin-kapanmasi-ve-rusya-ile-acil-anlasma\/\"]}]},{\"@type\":\"ImageObject\",\"inLanguage\":\"tr\",\"@id\":\"https:\/\/shiawaves.com\/turkish\/2025\/11\/05\/malide-yakit-krizi-okullarin-kapanmasi-ve-rusya-ile-acil-anlasma\/#primaryimage\",\"url\":\"https:\/\/shiawaves.com\/turkish\/wp-content\/uploads\/sites\/6\/2025\/11\/file_1783.jpg\",\"contentUrl\":\"https:\/\/shiawaves.com\/turkish\/wp-content\/uploads\/sites\/6\/2025\/11\/file_1783.jpg\",\"width\":1280,\"height\":820},{\"@type\":\"BreadcrumbList\",\"@id\":\"https:\/\/shiawaves.com\/turkish\/2025\/11\/05\/malide-yakit-krizi-okullarin-kapanmasi-ve-rusya-ile-acil-anlasma\/#breadcrumb\",\"itemListElement\":[{\"@type\":\"ListItem\",\"position\":1,\"name\":\"Home\",\"item\":\"https:\/\/shiawaves.com\/turkish\/\"},{\"@type\":\"ListItem\",\"position\":2,\"name\":\"Mali&#8217;de Yak\u0131t Krizi; Okullar\u0131n Kapanmas\u0131 ve Rusya ile Acil Anla\u015fma\"}]},{\"@type\":\"WebSite\",\"@id\":\"https:\/\/shiawaves.com\/turkish\/#website\",\"url\":\"https:\/\/shiawaves.com\/turkish\/\",\"name\":\"ShiaWaves Turkish - \u015eia Haberleri\",\"description\":\"\",\"potentialAction\":[{\"@type\":\"SearchAction\",\"target\":{\"@type\":\"EntryPoint\",\"urlTemplate\":\"https:\/\/shiawaves.com\/turkish\/?s={search_term_string}\"},\"query-input\":{\"@type\":\"PropertyValueSpecification\",\"valueRequired\":true,\"valueName\":\"search_term_string\"}}],\"inLanguage\":\"tr\"},{\"@type\":\"Person\",\"@id\":\"https:\/\/shiawaves.com\/turkish\/#\/schema\/person\/9f68d5023e948086b9348fba5aebd954\",\"name\":\"modir\",\"image\":{\"@type\":\"ImageObject\",\"inLanguage\":\"tr\",\"@id\":\"https:\/\/shiawaves.com\/turkish\/#\/schema\/person\/image\/\",\"url\":\"https:\/\/secure.gravatar.com\/avatar\/8e76f93cdbdd480bd8918d1e0e1d938664c9cb1516c2a57a2b96fe50b507a6b9?s=96&d=mm&r=g\",\"contentUrl\":\"https:\/\/secure.gravatar.com\/avatar\/8e76f93cdbdd480bd8918d1e0e1d938664c9cb1516c2a57a2b96fe50b507a6b9?s=96&d=mm&r=g\",\"caption\":\"modir\"},\"sameAs\":[\"https:\/\/shiawaves.com\"],\"url\":\"https:\/\/shiawaves.com\/turkish\/author\/modir\/\"}]}<\/script>\n<!-- \/ Yoast SEO plugin. -->","yoast_head_json":{"title":"Mali'de Yak\u0131t Krizi; Okullar\u0131n Kapanmas\u0131 ve Rusya ile Acil Anla\u015fma - ShiaWaves Turkish - \u015eia Haberleri","robots":{"index":"index","follow":"follow","max-snippet":"max-snippet:-1","max-image-preview":"max-image-preview:large","max-video-preview":"max-video-preview:-1"},"canonical":"https:\/\/shiawaves.com\/turkish\/2025\/11\/05\/malide-yakit-krizi-okullarin-kapanmasi-ve-rusya-ile-acil-anlasma\/","og_locale":"tr_TR","og_type":"article","og_title":"Mali'de Yak\u0131t Krizi; Okullar\u0131n Kapanmas\u0131 ve Rusya ile Acil Anla\u015fma - ShiaWaves Turkish - \u015eia Haberleri","og_description":"Mali&#8217;de Yak\u0131t Krizi; Okullar\u0131n Kapanmas\u0131 ve Rusya ile Acil Anla\u015fma Mali h\u00fck\u00fcmeti, \u015fiddetli yak\u0131t s\u0131k\u0131nt\u0131s\u0131 nedeniyle t\u00fcm okullar\u0131n ve \u00fcniversitelerin pazartesi g\u00fcn\u00fcnden itibaren iki hafta s\u00fcreyle kapat\u0131laca\u011f\u0131n\u0131 a\u00e7\u0131klad\u0131. \u015eii Haber Ajans\u0131&#8217;n\u0131n Reuters&#8217;a dayand\u0131rd\u0131\u011f\u0131 habere g\u00f6re, bu k\u0131tl\u0131k, El Kaide ba\u011flant\u0131l\u0131 gruplar\u0131n, \u00f6zellikle &#8220;Cemaat Nusret el-\u0130slam vel-M\u00fcslimin&#8221; ad\u0131ndaki radikal S\u00fcnni grubun, eyl\u00fcl ay\u0131 ba\u015flar\u0131ndan itibaren kara &hellip;","og_url":"https:\/\/shiawaves.com\/turkish\/2025\/11\/05\/malide-yakit-krizi-okullarin-kapanmasi-ve-rusya-ile-acil-anlasma\/","og_site_name":"ShiaWaves Turkish - \u015eia Haberleri","article_published_time":"2025-11-04T22:31:56+00:00","author":"modir","twitter_card":"summary_large_image","twitter_misc":{"Yazan:":"modir","Tahmini okuma s\u00fcresi":"1 dakika"},"schema":{"@context":"https:\/\/schema.org","@graph":[{"@type":"WebPage","@id":"https:\/\/shiawaves.com\/turkish\/2025\/11\/05\/malide-yakit-krizi-okullarin-kapanmasi-ve-rusya-ile-acil-anlasma\/","url":"https:\/\/shiawaves.com\/turkish\/2025\/11\/05\/malide-yakit-krizi-okullarin-kapanmasi-ve-rusya-ile-acil-anlasma\/","name":"Mali'de Yak\u0131t Krizi; Okullar\u0131n Kapanmas\u0131 ve Rusya ile Acil Anla\u015fma - ShiaWaves Turkish - \u015eia Haberleri","isPartOf":{"@id":"https:\/\/shiawaves.com\/turkish\/#website"},"primaryImageOfPage":{"@id":"https:\/\/shiawaves.com\/turkish\/2025\/11\/05\/malide-yakit-krizi-okullarin-kapanmasi-ve-rusya-ile-acil-anlasma\/#primaryimage"},"image":{"@id":"https:\/\/shiawaves.com\/turkish\/2025\/11\/05\/malide-yakit-krizi-okullarin-kapanmasi-ve-rusya-ile-acil-anlasma\/#primaryimage"},"thumbnailUrl":"https:\/\/shiawaves.com\/turkish\/wp-content\/uploads\/sites\/6\/2025\/11\/file_1783.jpg","datePublished":"2025-11-04T22:31:56+00:00","dateModified":"2025-11-04T22:31:56+00:00","author":{"@id":"https:\/\/shiawaves.com\/turkish\/#\/schema\/person\/9f68d5023e948086b9348fba5aebd954"},"breadcrumb":{"@id":"https:\/\/shiawaves.com\/turkish\/2025\/11\/05\/malide-yakit-krizi-okullarin-kapanmasi-ve-rusya-ile-acil-anlasma\/#breadcrumb"},"inLanguage":"tr","potentialAction":[{"@type":"ReadAction","target":["https:\/\/shiawaves.com\/turkish\/2025\/11\/05\/malide-yakit-krizi-okullarin-kapanmasi-ve-rusya-ile-acil-anlasma\/"]}]},{"@type":"ImageObject","inLanguage":"tr","@id":"https:\/\/shiawaves.com\/turkish\/2025\/11\/05\/malide-yakit-krizi-okullarin-kapanmasi-ve-rusya-ile-acil-anlasma\/#primaryimage","url":"https:\/\/shiawaves.com\/turkish\/wp-content\/uploads\/sites\/6\/2025\/11\/file_1783.jpg","contentUrl":"https:\/\/shiawaves.com\/turkish\/wp-content\/uploads\/sites\/6\/2025\/11\/file_1783.jpg","width":1280,"height":820},{"@type":"BreadcrumbList","@id":"https:\/\/shiawaves.com\/turkish\/2025\/11\/05\/malide-yakit-krizi-okullarin-kapanmasi-ve-rusya-ile-acil-anlasma\/#breadcrumb","itemListElement":[{"@type":"ListItem","position":1,"name":"Home","item":"https:\/\/shiawaves.com\/turkish\/"},{"@type":"ListItem","position":2,"name":"Mali&#8217;de Yak\u0131t Krizi; Okullar\u0131n Kapanmas\u0131 ve Rusya ile Acil Anla\u015fma"}]},{"@type":"WebSite","@id":"https:\/\/shiawaves.com\/turkish\/#website","url":"https:\/\/shiawaves.com\/turkish\/","name":"ShiaWaves Turkish - \u015eia Haberleri","description":"","potentialAction":[{"@type":"SearchAction","target":{"@type":"EntryPoint","urlTemplate":"https:\/\/shiawaves.com\/turkish\/?s={search_term_string}"},"query-input":{"@type":"PropertyValueSpecification","valueRequired":true,"valueName":"search_term_string"}}],"inLanguage":"tr"},{"@type":"Person","@id":"https:\/\/shiawaves.com\/turkish\/#\/schema\/person\/9f68d5023e948086b9348fba5aebd954","name":"modir","image":{"@type":"ImageObject","inLanguage":"tr","@id":"https:\/\/shiawaves.com\/turkish\/#\/schema\/person\/image\/","url":"https:\/\/secure.gravatar.com\/avatar\/8e76f93cdbdd480bd8918d1e0e1d938664c9cb1516c2a57a2b96fe50b507a6b9?s=96&d=mm&r=g","contentUrl":"https:\/\/secure.gravatar.com\/avatar\/8e76f93cdbdd480bd8918d1e0e1d938664c9cb1516c2a57a2b96fe50b507a6b9?s=96&d=mm&r=g","caption":"modir"},"sameAs":["https:\/\/shiawaves.com"],"url":"https:\/\/shiawaves.com\/turkish\/author\/modir\/"}]}},"_links":{"self":[{"href":"https:\/\/shiawaves.com\/turkish\/wp-json\/wp\/v2\/posts\/118656","targetHints":{"allow":["GET"]}}],"collection":[{"href":"https:\/\/shiawaves.com\/turkish\/wp-json\/wp\/v2\/posts"}],"about":[{"href":"https:\/\/shiawaves.com\/turkish\/wp-json\/wp\/v2\/types\/post"}],"author":[{"embeddable":true,"href":"https:\/\/shiawaves.com\/turkish\/wp-json\/wp\/v2\/users\/1"}],"replies":[{"embeddable":true,"href":"https:\/\/shiawaves.com\/turkish\/wp-json\/wp\/v2\/comments?post=118656"}],"version-history":[{"count":0,"href":"https:\/\/shiawaves.com\/turkish\/wp-json\/wp\/v2\/posts\/118656\/revisions"}],"wp:featuredmedia":[{"embeddable":true,"href":"https:\/\/shiawaves.com\/turkish\/wp-json\/wp\/v2\/media\/118655"}],"wp:attachment":[{"href":"https:\/\/shiawaves.com\/turkish\/wp-json\/wp\/v2\/media?parent=118656"}],"wp:term":[{"taxonomy":"category","embeddable":true,"href":"https:\/\/shiawaves.com\/turkish\/wp-json\/wp\/v2\/categories?post=118656"},{"taxonomy":"post_tag","embeddable":true,"href":"https:\/\/shiawaves.com\/turkish\/wp-json\/wp\/v2\/tags?post=118656"}],"curies":[{"name":"wp","href":"https:\/\/api.w.org\/{rel}","templated":true}]}}