{"id":118624,"date":"2025-11-03T23:00:51","date_gmt":"2025-11-03T20:00:51","guid":{"rendered":"https:\/\/shiawaves.com\/turkish\/2025\/11\/03\/amerikada-ortadogudaki-gerilimlerin-artmasiyla-birlikte-artan-islamofobi\/"},"modified":"2025-11-03T23:00:51","modified_gmt":"2025-11-03T20:00:51","slug":"amerikada-ortadogudaki-gerilimlerin-artmasiyla-birlikte-artan-islamofobi","status":"publish","type":"post","link":"https:\/\/shiawaves.com\/turkish\/2025\/11\/03\/amerikada-ortadogudaki-gerilimlerin-artmasiyla-birlikte-artan-islamofobi\/","title":{"rendered":"Amerika\u2019da, Ortado\u011fudaki Gerilimlerin Artmas\u0131yla Birlikte Artan \u0130slamofobi"},"content":{"rendered":"<p>Amerika\u2019da, Ortado\u011fudaki Gerilimlerin Artmas\u0131yla Birlikte Artan \u0130slamofobi <\/p>\n<p>Bat\u0131 Massachusetts \u0130slam Toplulu\u011fu, resmi Facebook sayfas\u0131n\u0131 olu\u015fturarak caminin kap\u0131lar\u0131n\u0131 halka a\u00e7ma program\u0131 hakk\u0131nda bilgilendirme yapt\u0131ktan sonra nefret s\u00f6ylemi ve \u00e7evrimi\u00e7i tehditlerle kar\u015f\u0131 kar\u015f\u0131ya kald\u0131.<\/p>\n<p>\u015eii Haber Ajans\u0131&#8217;n\u0131n Washington Post&#8217;a dayand\u0131rd\u0131\u011f\u0131 haberine g\u00f6re, cami yetkilileri aras\u0131nda yer alan Hurrem Ovais, \u00e7o\u011funlu\u011fu tehdit ve \u015fiddet i\u00e7eren yakla\u015f\u0131k 120 yorum ald\u0131klar\u0131n\u0131 a\u00e7\u0131klad\u0131. Ancak 11 Ekim tarihli program bar\u0131\u015f\u00e7\u0131l bir \u015fekilde ger\u00e7ekle\u015fti ve yakla\u015f\u0131k yetmi\u015f ki\u015fi kat\u0131ld\u0131.<\/p>\n<p>Amerikan-\u0130slam \u0130li\u015fkileri Konseyi, 2023 y\u0131l\u0131ndaki Gazze Sava\u015f\u0131\u2019n\u0131n ba\u015flamas\u0131ndan bu yana M\u00fcsl\u00fcmanlar\u0131 hedef alan tehdit aramalar\u0131n\u0131n y\u00fczde k\u0131rktan fazla artt\u0131\u011f\u0131n\u0131 bildirdi.<\/p>\n<p>Cami yetkilileri, kamu bilincinin art\u0131r\u0131lmas\u0131 ve g\u00fcvenlik kurumlar\u0131yla i\u015f birli\u011finin \u00f6nemine vurgu yapt\u0131.<\/p>\n","protected":false},"excerpt":{"rendered":"<p>Amerika\u2019da, Ortado\u011fudaki Gerilimlerin Artmas\u0131yla Birlikte Artan \u0130slamofobi Bat\u0131 Massachusetts \u0130slam Toplulu\u011fu, resmi Facebook sayfas\u0131n\u0131 olu\u015fturarak caminin kap\u0131lar\u0131n\u0131 halka a\u00e7ma program\u0131 hakk\u0131nda bilgilendirme yapt\u0131ktan sonra nefret s\u00f6ylemi ve \u00e7evrimi\u00e7i tehditlerle kar\u015f\u0131 kar\u015f\u0131ya kald\u0131. \u015eii Haber Ajans\u0131&#8217;n\u0131n Washington Post&#8217;a dayand\u0131rd\u0131\u011f\u0131 haberine g\u00f6re, cami yetkilileri aras\u0131nda yer alan Hurrem Ovais, \u00e7o\u011funlu\u011fu tehdit ve \u015fiddet i\u00e7eren yakla\u015f\u0131k 120 yorum &hellip;<\/p>\n","protected":false},"author":1,"featured_media":118623,"comment_status":"open","ping_status":"open","sticky":false,"template":"","format":"standard","meta":{"rop_custom_images_group":[],"rop_custom_messages_group":[],"rop_publish_now":"initial","rop_publish_now_accounts":[],"rop_publish_now_history":[],"rop_publish_now_status":"pending","footnotes":""},"categories":[21],"tags":[],"class_list":["post-118624","post","type-post","status-publish","format-standard","has-post-thumbnail","hentry","category-america"],"_wp_page_template":null,"_wp_attached_file":null,"_wp_attachment_metadata":null,"_edit_lock":null,"yoast_head":"<!-- This site is optimized with the Yoast SEO plugin v24.3 - https:\/\/yoast.com\/wordpress\/plugins\/seo\/ -->\n<title>Amerika\u2019da, Ortado\u011fudaki Gerilimlerin Artmas\u0131yla Birlikte Artan \u0130slamofobi - ShiaWaves Turkish - \u015eia Haberleri<\/title>\n<meta name=\"robots\" content=\"index, follow, max-snippet:-1, max-image-preview:large, max-video-preview:-1\" \/>\n<link rel=\"canonical\" href=\"https:\/\/shiawaves.com\/turkish\/2025\/11\/03\/amerikada-ortadogudaki-gerilimlerin-artmasiyla-birlikte-artan-islamofobi\/\" \/>\n<meta property=\"og:locale\" content=\"tr_TR\" \/>\n<meta property=\"og:type\" content=\"article\" \/>\n<meta property=\"og:title\" content=\"Amerika\u2019da, Ortado\u011fudaki Gerilimlerin Artmas\u0131yla Birlikte Artan \u0130slamofobi - ShiaWaves Turkish - \u015eia Haberleri\" \/>\n<meta property=\"og:description\" content=\"Amerika\u2019da, Ortado\u011fudaki Gerilimlerin Artmas\u0131yla Birlikte Artan \u0130slamofobi Bat\u0131 Massachusetts \u0130slam Toplulu\u011fu, resmi Facebook sayfas\u0131n\u0131 olu\u015fturarak caminin kap\u0131lar\u0131n\u0131 halka a\u00e7ma program\u0131 hakk\u0131nda bilgilendirme yapt\u0131ktan sonra nefret s\u00f6ylemi ve \u00e7evrimi\u00e7i tehditlerle kar\u015f\u0131 kar\u015f\u0131ya kald\u0131. \u015eii Haber Ajans\u0131&#8217;n\u0131n Washington Post&#8217;a dayand\u0131rd\u0131\u011f\u0131 haberine g\u00f6re, cami yetkilileri aras\u0131nda yer alan Hurrem Ovais, \u00e7o\u011funlu\u011fu tehdit ve \u015fiddet i\u00e7eren yakla\u015f\u0131k 120 yorum &hellip;\" \/>\n<meta property=\"og:url\" content=\"https:\/\/shiawaves.com\/turkish\/2025\/11\/03\/amerikada-ortadogudaki-gerilimlerin-artmasiyla-birlikte-artan-islamofobi\/\" \/>\n<meta property=\"og:site_name\" content=\"ShiaWaves Turkish - \u015eia Haberleri\" \/>\n<meta property=\"article:published_time\" content=\"2025-11-03T20:00:51+00:00\" \/>\n<meta name=\"author\" content=\"modir\" \/>\n<meta name=\"twitter:card\" content=\"summary_large_image\" \/>\n<meta name=\"twitter:label1\" content=\"Yazan:\" \/>\n\t<meta name=\"twitter:data1\" content=\"modir\" \/>\n\t<meta name=\"twitter:label2\" content=\"Tahmini okuma s\u00fcresi\" \/>\n\t<meta name=\"twitter:data2\" content=\"1 dakika\" \/>\n<script type=\"application\/ld+json\" class=\"yoast-schema-graph\">{\"@context\":\"https:\/\/schema.org\",\"@graph\":[{\"@type\":\"WebPage\",\"@id\":\"https:\/\/shiawaves.com\/turkish\/2025\/11\/03\/amerikada-ortadogudaki-gerilimlerin-artmasiyla-birlikte-artan-islamofobi\/\",\"url\":\"https:\/\/shiawaves.com\/turkish\/2025\/11\/03\/amerikada-ortadogudaki-gerilimlerin-artmasiyla-birlikte-artan-islamofobi\/\",\"name\":\"Amerika\u2019da, Ortado\u011fudaki Gerilimlerin Artmas\u0131yla Birlikte Artan \u0130slamofobi - ShiaWaves Turkish - \u015eia Haberleri\",\"isPartOf\":{\"@id\":\"https:\/\/shiawaves.com\/turkish\/#website\"},\"primaryImageOfPage\":{\"@id\":\"https:\/\/shiawaves.com\/turkish\/2025\/11\/03\/amerikada-ortadogudaki-gerilimlerin-artmasiyla-birlikte-artan-islamofobi\/#primaryimage\"},\"image\":{\"@id\":\"https:\/\/shiawaves.com\/turkish\/2025\/11\/03\/amerikada-ortadogudaki-gerilimlerin-artmasiyla-birlikte-artan-islamofobi\/#primaryimage\"},\"thumbnailUrl\":\"https:\/\/shiawaves.com\/turkish\/wp-content\/uploads\/sites\/6\/2025\/11\/file_1767.jpg\",\"datePublished\":\"2025-11-03T20:00:51+00:00\",\"dateModified\":\"2025-11-03T20:00:51+00:00\",\"author\":{\"@id\":\"https:\/\/shiawaves.com\/turkish\/#\/schema\/person\/9f68d5023e948086b9348fba5aebd954\"},\"breadcrumb\":{\"@id\":\"https:\/\/shiawaves.com\/turkish\/2025\/11\/03\/amerikada-ortadogudaki-gerilimlerin-artmasiyla-birlikte-artan-islamofobi\/#breadcrumb\"},\"inLanguage\":\"tr\",\"potentialAction\":[{\"@type\":\"ReadAction\",\"target\":[\"https:\/\/shiawaves.com\/turkish\/2025\/11\/03\/amerikada-ortadogudaki-gerilimlerin-artmasiyla-birlikte-artan-islamofobi\/\"]}]},{\"@type\":\"ImageObject\",\"inLanguage\":\"tr\",\"@id\":\"https:\/\/shiawaves.com\/turkish\/2025\/11\/03\/amerikada-ortadogudaki-gerilimlerin-artmasiyla-birlikte-artan-islamofobi\/#primaryimage\",\"url\":\"https:\/\/shiawaves.com\/turkish\/wp-content\/uploads\/sites\/6\/2025\/11\/file_1767.jpg\",\"contentUrl\":\"https:\/\/shiawaves.com\/turkish\/wp-content\/uploads\/sites\/6\/2025\/11\/file_1767.jpg\",\"width\":1155,\"height\":841},{\"@type\":\"BreadcrumbList\",\"@id\":\"https:\/\/shiawaves.com\/turkish\/2025\/11\/03\/amerikada-ortadogudaki-gerilimlerin-artmasiyla-birlikte-artan-islamofobi\/#breadcrumb\",\"itemListElement\":[{\"@type\":\"ListItem\",\"position\":1,\"name\":\"Home\",\"item\":\"https:\/\/shiawaves.com\/turkish\/\"},{\"@type\":\"ListItem\",\"position\":2,\"name\":\"Amerika\u2019da, Ortado\u011fudaki Gerilimlerin Artmas\u0131yla Birlikte Artan \u0130slamofobi\"}]},{\"@type\":\"WebSite\",\"@id\":\"https:\/\/shiawaves.com\/turkish\/#website\",\"url\":\"https:\/\/shiawaves.com\/turkish\/\",\"name\":\"ShiaWaves Turkish - \u015eia Haberleri\",\"description\":\"\",\"potentialAction\":[{\"@type\":\"SearchAction\",\"target\":{\"@type\":\"EntryPoint\",\"urlTemplate\":\"https:\/\/shiawaves.com\/turkish\/?s={search_term_string}\"},\"query-input\":{\"@type\":\"PropertyValueSpecification\",\"valueRequired\":true,\"valueName\":\"search_term_string\"}}],\"inLanguage\":\"tr\"},{\"@type\":\"Person\",\"@id\":\"https:\/\/shiawaves.com\/turkish\/#\/schema\/person\/9f68d5023e948086b9348fba5aebd954\",\"name\":\"modir\",\"image\":{\"@type\":\"ImageObject\",\"inLanguage\":\"tr\",\"@id\":\"https:\/\/shiawaves.com\/turkish\/#\/schema\/person\/image\/\",\"url\":\"https:\/\/secure.gravatar.com\/avatar\/8e76f93cdbdd480bd8918d1e0e1d938664c9cb1516c2a57a2b96fe50b507a6b9?s=96&d=mm&r=g\",\"contentUrl\":\"https:\/\/secure.gravatar.com\/avatar\/8e76f93cdbdd480bd8918d1e0e1d938664c9cb1516c2a57a2b96fe50b507a6b9?s=96&d=mm&r=g\",\"caption\":\"modir\"},\"sameAs\":[\"https:\/\/shiawaves.com\"],\"url\":\"https:\/\/shiawaves.com\/turkish\/author\/modir\/\"}]}<\/script>\n<!-- \/ Yoast SEO plugin. -->","yoast_head_json":{"title":"Amerika\u2019da, Ortado\u011fudaki Gerilimlerin Artmas\u0131yla Birlikte Artan \u0130slamofobi - ShiaWaves Turkish - \u015eia Haberleri","robots":{"index":"index","follow":"follow","max-snippet":"max-snippet:-1","max-image-preview":"max-image-preview:large","max-video-preview":"max-video-preview:-1"},"canonical":"https:\/\/shiawaves.com\/turkish\/2025\/11\/03\/amerikada-ortadogudaki-gerilimlerin-artmasiyla-birlikte-artan-islamofobi\/","og_locale":"tr_TR","og_type":"article","og_title":"Amerika\u2019da, Ortado\u011fudaki Gerilimlerin Artmas\u0131yla Birlikte Artan \u0130slamofobi - ShiaWaves Turkish - \u015eia Haberleri","og_description":"Amerika\u2019da, Ortado\u011fudaki Gerilimlerin Artmas\u0131yla Birlikte Artan \u0130slamofobi Bat\u0131 Massachusetts \u0130slam Toplulu\u011fu, resmi Facebook sayfas\u0131n\u0131 olu\u015fturarak caminin kap\u0131lar\u0131n\u0131 halka a\u00e7ma program\u0131 hakk\u0131nda bilgilendirme yapt\u0131ktan sonra nefret s\u00f6ylemi ve \u00e7evrimi\u00e7i tehditlerle kar\u015f\u0131 kar\u015f\u0131ya kald\u0131. \u015eii Haber Ajans\u0131&#8217;n\u0131n Washington Post&#8217;a dayand\u0131rd\u0131\u011f\u0131 haberine g\u00f6re, cami yetkilileri aras\u0131nda yer alan Hurrem Ovais, \u00e7o\u011funlu\u011fu tehdit ve \u015fiddet i\u00e7eren yakla\u015f\u0131k 120 yorum &hellip;","og_url":"https:\/\/shiawaves.com\/turkish\/2025\/11\/03\/amerikada-ortadogudaki-gerilimlerin-artmasiyla-birlikte-artan-islamofobi\/","og_site_name":"ShiaWaves Turkish - \u015eia Haberleri","article_published_time":"2025-11-03T20:00:51+00:00","author":"modir","twitter_card":"summary_large_image","twitter_misc":{"Yazan:":"modir","Tahmini okuma s\u00fcresi":"1 dakika"},"schema":{"@context":"https:\/\/schema.org","@graph":[{"@type":"WebPage","@id":"https:\/\/shiawaves.com\/turkish\/2025\/11\/03\/amerikada-ortadogudaki-gerilimlerin-artmasiyla-birlikte-artan-islamofobi\/","url":"https:\/\/shiawaves.com\/turkish\/2025\/11\/03\/amerikada-ortadogudaki-gerilimlerin-artmasiyla-birlikte-artan-islamofobi\/","name":"Amerika\u2019da, Ortado\u011fudaki Gerilimlerin Artmas\u0131yla Birlikte Artan \u0130slamofobi - ShiaWaves Turkish - \u015eia Haberleri","isPartOf":{"@id":"https:\/\/shiawaves.com\/turkish\/#website"},"primaryImageOfPage":{"@id":"https:\/\/shiawaves.com\/turkish\/2025\/11\/03\/amerikada-ortadogudaki-gerilimlerin-artmasiyla-birlikte-artan-islamofobi\/#primaryimage"},"image":{"@id":"https:\/\/shiawaves.com\/turkish\/2025\/11\/03\/amerikada-ortadogudaki-gerilimlerin-artmasiyla-birlikte-artan-islamofobi\/#primaryimage"},"thumbnailUrl":"https:\/\/shiawaves.com\/turkish\/wp-content\/uploads\/sites\/6\/2025\/11\/file_1767.jpg","datePublished":"2025-11-03T20:00:51+00:00","dateModified":"2025-11-03T20:00:51+00:00","author":{"@id":"https:\/\/shiawaves.com\/turkish\/#\/schema\/person\/9f68d5023e948086b9348fba5aebd954"},"breadcrumb":{"@id":"https:\/\/shiawaves.com\/turkish\/2025\/11\/03\/amerikada-ortadogudaki-gerilimlerin-artmasiyla-birlikte-artan-islamofobi\/#breadcrumb"},"inLanguage":"tr","potentialAction":[{"@type":"ReadAction","target":["https:\/\/shiawaves.com\/turkish\/2025\/11\/03\/amerikada-ortadogudaki-gerilimlerin-artmasiyla-birlikte-artan-islamofobi\/"]}]},{"@type":"ImageObject","inLanguage":"tr","@id":"https:\/\/shiawaves.com\/turkish\/2025\/11\/03\/amerikada-ortadogudaki-gerilimlerin-artmasiyla-birlikte-artan-islamofobi\/#primaryimage","url":"https:\/\/shiawaves.com\/turkish\/wp-content\/uploads\/sites\/6\/2025\/11\/file_1767.jpg","contentUrl":"https:\/\/shiawaves.com\/turkish\/wp-content\/uploads\/sites\/6\/2025\/11\/file_1767.jpg","width":1155,"height":841},{"@type":"BreadcrumbList","@id":"https:\/\/shiawaves.com\/turkish\/2025\/11\/03\/amerikada-ortadogudaki-gerilimlerin-artmasiyla-birlikte-artan-islamofobi\/#breadcrumb","itemListElement":[{"@type":"ListItem","position":1,"name":"Home","item":"https:\/\/shiawaves.com\/turkish\/"},{"@type":"ListItem","position":2,"name":"Amerika\u2019da, Ortado\u011fudaki Gerilimlerin Artmas\u0131yla Birlikte Artan \u0130slamofobi"}]},{"@type":"WebSite","@id":"https:\/\/shiawaves.com\/turkish\/#website","url":"https:\/\/shiawaves.com\/turkish\/","name":"ShiaWaves Turkish - \u015eia Haberleri","description":"","potentialAction":[{"@type":"SearchAction","target":{"@type":"EntryPoint","urlTemplate":"https:\/\/shiawaves.com\/turkish\/?s={search_term_string}"},"query-input":{"@type":"PropertyValueSpecification","valueRequired":true,"valueName":"search_term_string"}}],"inLanguage":"tr"},{"@type":"Person","@id":"https:\/\/shiawaves.com\/turkish\/#\/schema\/person\/9f68d5023e948086b9348fba5aebd954","name":"modir","image":{"@type":"ImageObject","inLanguage":"tr","@id":"https:\/\/shiawaves.com\/turkish\/#\/schema\/person\/image\/","url":"https:\/\/secure.gravatar.com\/avatar\/8e76f93cdbdd480bd8918d1e0e1d938664c9cb1516c2a57a2b96fe50b507a6b9?s=96&d=mm&r=g","contentUrl":"https:\/\/secure.gravatar.com\/avatar\/8e76f93cdbdd480bd8918d1e0e1d938664c9cb1516c2a57a2b96fe50b507a6b9?s=96&d=mm&r=g","caption":"modir"},"sameAs":["https:\/\/shiawaves.com"],"url":"https:\/\/shiawaves.com\/turkish\/author\/modir\/"}]}},"_links":{"self":[{"href":"https:\/\/shiawaves.com\/turkish\/wp-json\/wp\/v2\/posts\/118624","targetHints":{"allow":["GET"]}}],"collection":[{"href":"https:\/\/shiawaves.com\/turkish\/wp-json\/wp\/v2\/posts"}],"about":[{"href":"https:\/\/shiawaves.com\/turkish\/wp-json\/wp\/v2\/types\/post"}],"author":[{"embeddable":true,"href":"https:\/\/shiawaves.com\/turkish\/wp-json\/wp\/v2\/users\/1"}],"replies":[{"embeddable":true,"href":"https:\/\/shiawaves.com\/turkish\/wp-json\/wp\/v2\/comments?post=118624"}],"version-history":[{"count":0,"href":"https:\/\/shiawaves.com\/turkish\/wp-json\/wp\/v2\/posts\/118624\/revisions"}],"wp:featuredmedia":[{"embeddable":true,"href":"https:\/\/shiawaves.com\/turkish\/wp-json\/wp\/v2\/media\/118623"}],"wp:attachment":[{"href":"https:\/\/shiawaves.com\/turkish\/wp-json\/wp\/v2\/media?parent=118624"}],"wp:term":[{"taxonomy":"category","embeddable":true,"href":"https:\/\/shiawaves.com\/turkish\/wp-json\/wp\/v2\/categories?post=118624"},{"taxonomy":"post_tag","embeddable":true,"href":"https:\/\/shiawaves.com\/turkish\/wp-json\/wp\/v2\/tags?post=118624"}],"curies":[{"name":"wp","href":"https:\/\/api.w.org\/{rel}","templated":true}]}}