{"id":118358,"date":"2025-10-18T23:00:36","date_gmt":"2025-10-18T20:00:36","guid":{"rendered":"https:\/\/shiawaves.com\/turkish\/2025\/10\/18\/endonezyada-yesil-islam-hareketinin-yukselisi-inancin-toprak-korumasi-ile-baglantisi\/"},"modified":"2025-10-18T23:00:36","modified_gmt":"2025-10-18T20:00:36","slug":"endonezyada-yesil-islam-hareketinin-yukselisi-inancin-toprak-korumasi-ile-baglantisi","status":"publish","type":"post","link":"https:\/\/shiawaves.com\/turkish\/2025\/10\/18\/endonezyada-yesil-islam-hareketinin-yukselisi-inancin-toprak-korumasi-ile-baglantisi\/","title":{"rendered":"Endonezya\u2019da \u201cYe\u015fil \u0130slam\u201d Hareketinin Y\u00fckseli\u015fi; \u0130nanc\u0131n Toprak Korumas\u0131 ile Ba\u011flant\u0131s\u0131"},"content":{"rendered":"<p>Endonezya\u2019da \u201cYe\u015fil \u0130slam\u201d Hareketinin Y\u00fckseli\u015fi; \u0130nanc\u0131n Toprak Korumas\u0131 ile Ba\u011flant\u0131s\u0131<\/p>\n<p>D\u00fcnyan\u0131n en kalabal\u0131k M\u00fcsl\u00fcman \u00fclkesi olan Endonezya\u2019da, \u0130slam \u00f6\u011fretilerini \u00e7evresel sorumluluklarla birle\u015ftirmeyi ama\u00e7layan \u201cYe\u015fil \u0130slam\u201d ad\u0131nda yenilik\u00e7i bir hareket h\u0131zla yay\u0131lmaktad\u0131r.<\/p>\n<p>Le Monde\u2019un haberine g\u00f6re, Java ve Sumatra adalar\u0131ndaki dini okullar, \u201c\u00c7evre F\u0131kh\u0131\u201d e\u011fitimi vermeye ba\u015flam\u0131\u015f ve yery\u00fcz\u00fcn\u00fcn korunmas\u0131n\u0131n M\u00fcsl\u00fcmanlar\u0131n iman\u0131n\u0131n bir par\u00e7as\u0131 oldu\u011funa inan\u0131lmaktad\u0131r.<\/p>\n<p>Al Jazeera haber a\u011f\u0131, yeniden kazan\u0131lm\u0131\u015f malzemeler ve g\u00fcne\u015f enerjisi ile in\u015fa edilen yeni camilerden ve dini bayramlarda halk\u0131 at\u0131klar\u0131 toplamaya ve geri d\u00f6n\u00fc\u015f\u00fcm\u00fc te\u015fvik eden din adamlar\u0131ndan bahsetmi\u015ftir.<\/p>\n<p>Ayr\u0131ca bir dizi gen\u00e7 din adam\u0131, \u00e7evre kirlili\u011fini \u015feriata ayk\u0131r\u0131 olarak de\u011ferlendiren fetvalar yay\u0131nlam\u0131\u015ft\u0131r.<\/p>\n<p>Endonezya h\u00fck\u00fcmeti, \u201cYe\u015fil \u0130slam\u201d\u0131 dikkatli bir \u015fekilde destekleyerek s\u00fcrd\u00fcr\u00fclebilir kalk\u0131nma ile uyumlu de\u011ferlendirmekte ve uzmanlar bu durumu di\u011fer M\u00fcsl\u00fcman \u00fclkeler i\u00e7in bir model olarak g\u00f6rmektedir.<\/p>\n","protected":false},"excerpt":{"rendered":"<p>Endonezya\u2019da \u201cYe\u015fil \u0130slam\u201d Hareketinin Y\u00fckseli\u015fi; \u0130nanc\u0131n Toprak Korumas\u0131 ile Ba\u011flant\u0131s\u0131 D\u00fcnyan\u0131n en kalabal\u0131k M\u00fcsl\u00fcman \u00fclkesi olan Endonezya\u2019da, \u0130slam \u00f6\u011fretilerini \u00e7evresel sorumluluklarla birle\u015ftirmeyi ama\u00e7layan \u201cYe\u015fil \u0130slam\u201d ad\u0131nda yenilik\u00e7i bir hareket h\u0131zla yay\u0131lmaktad\u0131r. Le Monde\u2019un haberine g\u00f6re, Java ve Sumatra adalar\u0131ndaki dini okullar, \u201c\u00c7evre F\u0131kh\u0131\u201d e\u011fitimi vermeye ba\u015flam\u0131\u015f ve yery\u00fcz\u00fcn\u00fcn korunmas\u0131n\u0131n M\u00fcsl\u00fcmanlar\u0131n iman\u0131n\u0131n bir par\u00e7as\u0131 oldu\u011funa inan\u0131lmaktad\u0131r. &hellip;<\/p>\n","protected":false},"author":1,"featured_media":118357,"comment_status":"open","ping_status":"open","sticky":false,"template":"","format":"standard","meta":{"rop_custom_images_group":[],"rop_custom_messages_group":[],"rop_publish_now":"initial","rop_publish_now_accounts":[],"rop_publish_now_history":[],"rop_publish_now_status":"pending","footnotes":""},"categories":[20],"tags":[],"class_list":["post-118358","post","type-post","status-publish","format-standard","has-post-thumbnail","hentry","category-world"],"_wp_page_template":null,"_wp_attached_file":null,"_wp_attachment_metadata":null,"_edit_lock":null,"yoast_head":"<!-- This site is optimized with the Yoast SEO plugin v24.3 - https:\/\/yoast.com\/wordpress\/plugins\/seo\/ -->\n<title>Endonezya\u2019da \u201cYe\u015fil \u0130slam\u201d Hareketinin Y\u00fckseli\u015fi; \u0130nanc\u0131n Toprak Korumas\u0131 ile Ba\u011flant\u0131s\u0131 - ShiaWaves Turkish - \u015eia Haberleri<\/title>\n<meta name=\"robots\" content=\"index, follow, max-snippet:-1, max-image-preview:large, max-video-preview:-1\" \/>\n<link rel=\"canonical\" href=\"https:\/\/shiawaves.com\/turkish\/2025\/10\/18\/endonezyada-yesil-islam-hareketinin-yukselisi-inancin-toprak-korumasi-ile-baglantisi\/\" \/>\n<meta property=\"og:locale\" content=\"tr_TR\" \/>\n<meta property=\"og:type\" content=\"article\" \/>\n<meta property=\"og:title\" content=\"Endonezya\u2019da \u201cYe\u015fil \u0130slam\u201d Hareketinin Y\u00fckseli\u015fi; \u0130nanc\u0131n Toprak Korumas\u0131 ile Ba\u011flant\u0131s\u0131 - ShiaWaves Turkish - \u015eia Haberleri\" \/>\n<meta property=\"og:description\" content=\"Endonezya\u2019da \u201cYe\u015fil \u0130slam\u201d Hareketinin Y\u00fckseli\u015fi; \u0130nanc\u0131n Toprak Korumas\u0131 ile Ba\u011flant\u0131s\u0131 D\u00fcnyan\u0131n en kalabal\u0131k M\u00fcsl\u00fcman \u00fclkesi olan Endonezya\u2019da, \u0130slam \u00f6\u011fretilerini \u00e7evresel sorumluluklarla birle\u015ftirmeyi ama\u00e7layan \u201cYe\u015fil \u0130slam\u201d ad\u0131nda yenilik\u00e7i bir hareket h\u0131zla yay\u0131lmaktad\u0131r. Le Monde\u2019un haberine g\u00f6re, Java ve Sumatra adalar\u0131ndaki dini okullar, \u201c\u00c7evre F\u0131kh\u0131\u201d e\u011fitimi vermeye ba\u015flam\u0131\u015f ve yery\u00fcz\u00fcn\u00fcn korunmas\u0131n\u0131n M\u00fcsl\u00fcmanlar\u0131n iman\u0131n\u0131n bir par\u00e7as\u0131 oldu\u011funa inan\u0131lmaktad\u0131r. &hellip;\" \/>\n<meta property=\"og:url\" content=\"https:\/\/shiawaves.com\/turkish\/2025\/10\/18\/endonezyada-yesil-islam-hareketinin-yukselisi-inancin-toprak-korumasi-ile-baglantisi\/\" \/>\n<meta property=\"og:site_name\" content=\"ShiaWaves Turkish - \u015eia Haberleri\" \/>\n<meta property=\"article:published_time\" content=\"2025-10-18T20:00:36+00:00\" \/>\n<meta name=\"author\" content=\"modir\" \/>\n<meta name=\"twitter:card\" content=\"summary_large_image\" \/>\n<meta name=\"twitter:label1\" content=\"Yazan:\" \/>\n\t<meta name=\"twitter:data1\" content=\"modir\" \/>\n\t<meta name=\"twitter:label2\" content=\"Tahmini okuma s\u00fcresi\" \/>\n\t<meta name=\"twitter:data2\" content=\"1 dakika\" \/>\n<script type=\"application\/ld+json\" class=\"yoast-schema-graph\">{\"@context\":\"https:\/\/schema.org\",\"@graph\":[{\"@type\":\"WebPage\",\"@id\":\"https:\/\/shiawaves.com\/turkish\/2025\/10\/18\/endonezyada-yesil-islam-hareketinin-yukselisi-inancin-toprak-korumasi-ile-baglantisi\/\",\"url\":\"https:\/\/shiawaves.com\/turkish\/2025\/10\/18\/endonezyada-yesil-islam-hareketinin-yukselisi-inancin-toprak-korumasi-ile-baglantisi\/\",\"name\":\"Endonezya\u2019da \u201cYe\u015fil \u0130slam\u201d Hareketinin Y\u00fckseli\u015fi; \u0130nanc\u0131n Toprak Korumas\u0131 ile Ba\u011flant\u0131s\u0131 - ShiaWaves Turkish - \u015eia Haberleri\",\"isPartOf\":{\"@id\":\"https:\/\/shiawaves.com\/turkish\/#website\"},\"primaryImageOfPage\":{\"@id\":\"https:\/\/shiawaves.com\/turkish\/2025\/10\/18\/endonezyada-yesil-islam-hareketinin-yukselisi-inancin-toprak-korumasi-ile-baglantisi\/#primaryimage\"},\"image\":{\"@id\":\"https:\/\/shiawaves.com\/turkish\/2025\/10\/18\/endonezyada-yesil-islam-hareketinin-yukselisi-inancin-toprak-korumasi-ile-baglantisi\/#primaryimage\"},\"thumbnailUrl\":\"https:\/\/shiawaves.com\/turkish\/wp-content\/uploads\/sites\/6\/2025\/10\/file_1577.jpg\",\"datePublished\":\"2025-10-18T20:00:36+00:00\",\"dateModified\":\"2025-10-18T20:00:36+00:00\",\"author\":{\"@id\":\"https:\/\/shiawaves.com\/turkish\/#\/schema\/person\/9f68d5023e948086b9348fba5aebd954\"},\"breadcrumb\":{\"@id\":\"https:\/\/shiawaves.com\/turkish\/2025\/10\/18\/endonezyada-yesil-islam-hareketinin-yukselisi-inancin-toprak-korumasi-ile-baglantisi\/#breadcrumb\"},\"inLanguage\":\"tr\",\"potentialAction\":[{\"@type\":\"ReadAction\",\"target\":[\"https:\/\/shiawaves.com\/turkish\/2025\/10\/18\/endonezyada-yesil-islam-hareketinin-yukselisi-inancin-toprak-korumasi-ile-baglantisi\/\"]}]},{\"@type\":\"ImageObject\",\"inLanguage\":\"tr\",\"@id\":\"https:\/\/shiawaves.com\/turkish\/2025\/10\/18\/endonezyada-yesil-islam-hareketinin-yukselisi-inancin-toprak-korumasi-ile-baglantisi\/#primaryimage\",\"url\":\"https:\/\/shiawaves.com\/turkish\/wp-content\/uploads\/sites\/6\/2025\/10\/file_1577.jpg\",\"contentUrl\":\"https:\/\/shiawaves.com\/turkish\/wp-content\/uploads\/sites\/6\/2025\/10\/file_1577.jpg\",\"width\":1280,\"height\":853},{\"@type\":\"BreadcrumbList\",\"@id\":\"https:\/\/shiawaves.com\/turkish\/2025\/10\/18\/endonezyada-yesil-islam-hareketinin-yukselisi-inancin-toprak-korumasi-ile-baglantisi\/#breadcrumb\",\"itemListElement\":[{\"@type\":\"ListItem\",\"position\":1,\"name\":\"Home\",\"item\":\"https:\/\/shiawaves.com\/turkish\/\"},{\"@type\":\"ListItem\",\"position\":2,\"name\":\"Endonezya\u2019da \u201cYe\u015fil \u0130slam\u201d Hareketinin Y\u00fckseli\u015fi; \u0130nanc\u0131n Toprak Korumas\u0131 ile Ba\u011flant\u0131s\u0131\"}]},{\"@type\":\"WebSite\",\"@id\":\"https:\/\/shiawaves.com\/turkish\/#website\",\"url\":\"https:\/\/shiawaves.com\/turkish\/\",\"name\":\"ShiaWaves Turkish - \u015eia Haberleri\",\"description\":\"\",\"potentialAction\":[{\"@type\":\"SearchAction\",\"target\":{\"@type\":\"EntryPoint\",\"urlTemplate\":\"https:\/\/shiawaves.com\/turkish\/?s={search_term_string}\"},\"query-input\":{\"@type\":\"PropertyValueSpecification\",\"valueRequired\":true,\"valueName\":\"search_term_string\"}}],\"inLanguage\":\"tr\"},{\"@type\":\"Person\",\"@id\":\"https:\/\/shiawaves.com\/turkish\/#\/schema\/person\/9f68d5023e948086b9348fba5aebd954\",\"name\":\"modir\",\"image\":{\"@type\":\"ImageObject\",\"inLanguage\":\"tr\",\"@id\":\"https:\/\/shiawaves.com\/turkish\/#\/schema\/person\/image\/\",\"url\":\"https:\/\/secure.gravatar.com\/avatar\/8e76f93cdbdd480bd8918d1e0e1d938664c9cb1516c2a57a2b96fe50b507a6b9?s=96&d=mm&r=g\",\"contentUrl\":\"https:\/\/secure.gravatar.com\/avatar\/8e76f93cdbdd480bd8918d1e0e1d938664c9cb1516c2a57a2b96fe50b507a6b9?s=96&d=mm&r=g\",\"caption\":\"modir\"},\"sameAs\":[\"https:\/\/shiawaves.com\"],\"url\":\"https:\/\/shiawaves.com\/turkish\/author\/modir\/\"}]}<\/script>\n<!-- \/ Yoast SEO plugin. -->","yoast_head_json":{"title":"Endonezya\u2019da \u201cYe\u015fil \u0130slam\u201d Hareketinin Y\u00fckseli\u015fi; \u0130nanc\u0131n Toprak Korumas\u0131 ile Ba\u011flant\u0131s\u0131 - ShiaWaves Turkish - \u015eia Haberleri","robots":{"index":"index","follow":"follow","max-snippet":"max-snippet:-1","max-image-preview":"max-image-preview:large","max-video-preview":"max-video-preview:-1"},"canonical":"https:\/\/shiawaves.com\/turkish\/2025\/10\/18\/endonezyada-yesil-islam-hareketinin-yukselisi-inancin-toprak-korumasi-ile-baglantisi\/","og_locale":"tr_TR","og_type":"article","og_title":"Endonezya\u2019da \u201cYe\u015fil \u0130slam\u201d Hareketinin Y\u00fckseli\u015fi; \u0130nanc\u0131n Toprak Korumas\u0131 ile Ba\u011flant\u0131s\u0131 - ShiaWaves Turkish - \u015eia Haberleri","og_description":"Endonezya\u2019da \u201cYe\u015fil \u0130slam\u201d Hareketinin Y\u00fckseli\u015fi; \u0130nanc\u0131n Toprak Korumas\u0131 ile Ba\u011flant\u0131s\u0131 D\u00fcnyan\u0131n en kalabal\u0131k M\u00fcsl\u00fcman \u00fclkesi olan Endonezya\u2019da, \u0130slam \u00f6\u011fretilerini \u00e7evresel sorumluluklarla birle\u015ftirmeyi ama\u00e7layan \u201cYe\u015fil \u0130slam\u201d ad\u0131nda yenilik\u00e7i bir hareket h\u0131zla yay\u0131lmaktad\u0131r. Le Monde\u2019un haberine g\u00f6re, Java ve Sumatra adalar\u0131ndaki dini okullar, \u201c\u00c7evre F\u0131kh\u0131\u201d e\u011fitimi vermeye ba\u015flam\u0131\u015f ve yery\u00fcz\u00fcn\u00fcn korunmas\u0131n\u0131n M\u00fcsl\u00fcmanlar\u0131n iman\u0131n\u0131n bir par\u00e7as\u0131 oldu\u011funa inan\u0131lmaktad\u0131r. &hellip;","og_url":"https:\/\/shiawaves.com\/turkish\/2025\/10\/18\/endonezyada-yesil-islam-hareketinin-yukselisi-inancin-toprak-korumasi-ile-baglantisi\/","og_site_name":"ShiaWaves Turkish - \u015eia Haberleri","article_published_time":"2025-10-18T20:00:36+00:00","author":"modir","twitter_card":"summary_large_image","twitter_misc":{"Yazan:":"modir","Tahmini okuma s\u00fcresi":"1 dakika"},"schema":{"@context":"https:\/\/schema.org","@graph":[{"@type":"WebPage","@id":"https:\/\/shiawaves.com\/turkish\/2025\/10\/18\/endonezyada-yesil-islam-hareketinin-yukselisi-inancin-toprak-korumasi-ile-baglantisi\/","url":"https:\/\/shiawaves.com\/turkish\/2025\/10\/18\/endonezyada-yesil-islam-hareketinin-yukselisi-inancin-toprak-korumasi-ile-baglantisi\/","name":"Endonezya\u2019da \u201cYe\u015fil \u0130slam\u201d Hareketinin Y\u00fckseli\u015fi; \u0130nanc\u0131n Toprak Korumas\u0131 ile Ba\u011flant\u0131s\u0131 - ShiaWaves Turkish - \u015eia Haberleri","isPartOf":{"@id":"https:\/\/shiawaves.com\/turkish\/#website"},"primaryImageOfPage":{"@id":"https:\/\/shiawaves.com\/turkish\/2025\/10\/18\/endonezyada-yesil-islam-hareketinin-yukselisi-inancin-toprak-korumasi-ile-baglantisi\/#primaryimage"},"image":{"@id":"https:\/\/shiawaves.com\/turkish\/2025\/10\/18\/endonezyada-yesil-islam-hareketinin-yukselisi-inancin-toprak-korumasi-ile-baglantisi\/#primaryimage"},"thumbnailUrl":"https:\/\/shiawaves.com\/turkish\/wp-content\/uploads\/sites\/6\/2025\/10\/file_1577.jpg","datePublished":"2025-10-18T20:00:36+00:00","dateModified":"2025-10-18T20:00:36+00:00","author":{"@id":"https:\/\/shiawaves.com\/turkish\/#\/schema\/person\/9f68d5023e948086b9348fba5aebd954"},"breadcrumb":{"@id":"https:\/\/shiawaves.com\/turkish\/2025\/10\/18\/endonezyada-yesil-islam-hareketinin-yukselisi-inancin-toprak-korumasi-ile-baglantisi\/#breadcrumb"},"inLanguage":"tr","potentialAction":[{"@type":"ReadAction","target":["https:\/\/shiawaves.com\/turkish\/2025\/10\/18\/endonezyada-yesil-islam-hareketinin-yukselisi-inancin-toprak-korumasi-ile-baglantisi\/"]}]},{"@type":"ImageObject","inLanguage":"tr","@id":"https:\/\/shiawaves.com\/turkish\/2025\/10\/18\/endonezyada-yesil-islam-hareketinin-yukselisi-inancin-toprak-korumasi-ile-baglantisi\/#primaryimage","url":"https:\/\/shiawaves.com\/turkish\/wp-content\/uploads\/sites\/6\/2025\/10\/file_1577.jpg","contentUrl":"https:\/\/shiawaves.com\/turkish\/wp-content\/uploads\/sites\/6\/2025\/10\/file_1577.jpg","width":1280,"height":853},{"@type":"BreadcrumbList","@id":"https:\/\/shiawaves.com\/turkish\/2025\/10\/18\/endonezyada-yesil-islam-hareketinin-yukselisi-inancin-toprak-korumasi-ile-baglantisi\/#breadcrumb","itemListElement":[{"@type":"ListItem","position":1,"name":"Home","item":"https:\/\/shiawaves.com\/turkish\/"},{"@type":"ListItem","position":2,"name":"Endonezya\u2019da \u201cYe\u015fil \u0130slam\u201d Hareketinin Y\u00fckseli\u015fi; \u0130nanc\u0131n Toprak Korumas\u0131 ile Ba\u011flant\u0131s\u0131"}]},{"@type":"WebSite","@id":"https:\/\/shiawaves.com\/turkish\/#website","url":"https:\/\/shiawaves.com\/turkish\/","name":"ShiaWaves Turkish - \u015eia Haberleri","description":"","potentialAction":[{"@type":"SearchAction","target":{"@type":"EntryPoint","urlTemplate":"https:\/\/shiawaves.com\/turkish\/?s={search_term_string}"},"query-input":{"@type":"PropertyValueSpecification","valueRequired":true,"valueName":"search_term_string"}}],"inLanguage":"tr"},{"@type":"Person","@id":"https:\/\/shiawaves.com\/turkish\/#\/schema\/person\/9f68d5023e948086b9348fba5aebd954","name":"modir","image":{"@type":"ImageObject","inLanguage":"tr","@id":"https:\/\/shiawaves.com\/turkish\/#\/schema\/person\/image\/","url":"https:\/\/secure.gravatar.com\/avatar\/8e76f93cdbdd480bd8918d1e0e1d938664c9cb1516c2a57a2b96fe50b507a6b9?s=96&d=mm&r=g","contentUrl":"https:\/\/secure.gravatar.com\/avatar\/8e76f93cdbdd480bd8918d1e0e1d938664c9cb1516c2a57a2b96fe50b507a6b9?s=96&d=mm&r=g","caption":"modir"},"sameAs":["https:\/\/shiawaves.com"],"url":"https:\/\/shiawaves.com\/turkish\/author\/modir\/"}]}},"_links":{"self":[{"href":"https:\/\/shiawaves.com\/turkish\/wp-json\/wp\/v2\/posts\/118358","targetHints":{"allow":["GET"]}}],"collection":[{"href":"https:\/\/shiawaves.com\/turkish\/wp-json\/wp\/v2\/posts"}],"about":[{"href":"https:\/\/shiawaves.com\/turkish\/wp-json\/wp\/v2\/types\/post"}],"author":[{"embeddable":true,"href":"https:\/\/shiawaves.com\/turkish\/wp-json\/wp\/v2\/users\/1"}],"replies":[{"embeddable":true,"href":"https:\/\/shiawaves.com\/turkish\/wp-json\/wp\/v2\/comments?post=118358"}],"version-history":[{"count":0,"href":"https:\/\/shiawaves.com\/turkish\/wp-json\/wp\/v2\/posts\/118358\/revisions"}],"wp:featuredmedia":[{"embeddable":true,"href":"https:\/\/shiawaves.com\/turkish\/wp-json\/wp\/v2\/media\/118357"}],"wp:attachment":[{"href":"https:\/\/shiawaves.com\/turkish\/wp-json\/wp\/v2\/media?parent=118358"}],"wp:term":[{"taxonomy":"category","embeddable":true,"href":"https:\/\/shiawaves.com\/turkish\/wp-json\/wp\/v2\/categories?post=118358"},{"taxonomy":"post_tag","embeddable":true,"href":"https:\/\/shiawaves.com\/turkish\/wp-json\/wp\/v2\/tags?post=118358"}],"curies":[{"name":"wp","href":"https:\/\/api.w.org\/{rel}","templated":true}]}}