{"id":118076,"date":"2025-10-08T13:35:29","date_gmt":"2025-10-08T10:35:29","guid":{"rendered":"https:\/\/shiawaves.com\/turkish\/2025\/10\/08\/multecilerin-iade-merkezleri-almanyanin-yeni-kati-politikasi\/"},"modified":"2025-10-08T13:35:29","modified_gmt":"2025-10-08T10:35:29","slug":"multecilerin-iade-merkezleri-almanyanin-yeni-kati-politikasi","status":"publish","type":"post","link":"https:\/\/shiawaves.com\/turkish\/2025\/10\/08\/multecilerin-iade-merkezleri-almanyanin-yeni-kati-politikasi\/","title":{"rendered":"M\u00fcltecilerin \u0130ade Merkezleri; Almanya&#8217;n\u0131n Yeni Kat\u0131 Politikas\u0131"},"content":{"rendered":"<p>M\u00fcltecilerin \u0130ade Merkezleri; Almanya&#8217;n\u0131n Yeni Kat\u0131 Politikas\u0131<\/p>\n<p>Almanya \u0130\u00e7i\u015fleri Bakan\u0131, m\u00fcltecilerin men\u015fe \u00fclkelerine yak\u0131n b\u00f6lgelerde &#8220;iade merkezleri&#8221; kurulmas\u0131 i\u00e7in planlar yap\u0131ld\u0131\u011f\u0131n\u0131, su\u00e7lu ve izinsiz m\u00fcltecilerin y\u0131l sonuna kadar s\u0131n\u0131r d\u0131\u015f\u0131 edilmesinin \u00f6ncelikli oldu\u011funu belirtti.<\/p>\n<p>Bu karar, Avrupa Birli\u011fi i\u00e7i\u015fleri bakanlar\u0131n\u0131n M\u00fcnih&#8217;te d\u00fczenledi\u011fi toplant\u0131 kapsam\u0131nda g\u00fcndeme geliyor.<\/p>\n<p>\ud83d\udc48\ud83c\udffbArkada\u015f\u0131m\u0131z\u0131n bu konu hakk\u0131ndaki raporunu inceleyelim.\ud83d\udc49\ud83c\udffb<\/p>\n<p>Almanya \u0130\u00e7i\u015fleri Bakan\u0131 Alexander Dobrindt, Per\u015fembe g\u00fcn\u00fc M\u00fcnchener Merkur gazetesine verdi\u011fi r\u00f6portajda, Avrupa \u00e7ap\u0131nda m\u00fcltecilerin men\u015felerine yak\u0131n b\u00f6lgelerde &#8220;iade merkezleri&#8221; kurulmas\u0131 i\u00e7in g\u00f6r\u00fc\u015fmeler yap\u0131ld\u0131\u011f\u0131n\u0131 duyurdu.<\/p>\n<p>DW Fars\u00e7a&#8217;n\u0131n bildirdi\u011fine g\u00f6re, Bakan bu merkezlerin Avrupa&#8217;da s\u0131\u011f\u0131nma talepleri reddedilen, ancak \u00fclkelerine iade edilemeyen m\u00fcltecileri kabul etmesi gerekti\u011fini ifade etti.<\/p>\n<p>Dobrindt, yakla\u015fan Avrupa Birli\u011fi i\u00e7i\u015fleri bakanlar\u0131 toplant\u0131s\u0131na at\u0131fta bulunarak Almanya&#8217;n\u0131n y\u0131l sonuna kadar Suriyeli m\u00fcltecilerin s\u0131n\u0131r d\u0131\u015f\u0131 edilmesi i\u00e7in Suriye h\u00fck\u00fcmetiyle bir anla\u015fmaya varmak istedi\u011fini ve Afgan m\u00fclteciler konusunda Kabil&#8217;deki Taliban yetkilileriyle do\u011frudan m\u00fczakereler yapaca\u011f\u0131n\u0131 belirtti.<\/p>\n<p>Almanya \u0130\u00e7i\u015fleri Bakan\u0131&#8217;na g\u00f6re, h\u00fck\u00fcmetin amac\u0131 su\u00e7lu m\u00fcltecilerin d\u00fczenli ve dolays\u0131z bir \u015fekilde s\u0131n\u0131r d\u0131\u015f\u0131 edilmesi olup, topluma entegre olmu\u015f ve \u00e7al\u0131\u015fan ki\u015filerin kalmas\u0131na izin verilecektir.<\/p>\n<p>Deutsche Welle gazetesi, Friedrich Merz liderli\u011findeki koalisyon h\u00fck\u00fcmetinin son aylarda sert g\u00f6\u00e7 politikalar\u0131 uygulad\u0131\u011f\u0131n\u0131, Afgan ve Suriyeli m\u00fcltecilerle ilgili dosyalarda reform yap\u0131lmas\u0131 gerekti\u011fini vurgulad\u0131\u011f\u0131n\u0131 bildirdi.<\/p>\n<p>Ayr\u0131ca Almanya \u0130\u00e7i\u015fleri Bakan\u0131, m\u00fclteciler i\u00e7in \u00e7al\u0131\u015fma k\u0131s\u0131tlamalar\u0131n\u0131n kald\u0131r\u0131laca\u011f\u0131n\u0131 ve ki\u015filerin \u00fc\u00e7 aydan sonra i\u015f g\u00fcc\u00fcne girebilece\u011fini vaat etti.<\/p>\n<p>\u0130psos Enstit\u00fcs\u00fc taraf\u0131ndan bu y\u0131l May\u0131s ve Haziran aylar\u0131nda ger\u00e7ekle\u015ftirilen bir ara\u015ft\u0131rmaya g\u00f6re, Almanlar\u0131n y\u00fczde 70&#8217;i g\u00f6\u00e7men say\u0131s\u0131n\u0131n fazla oldu\u011funu d\u00fc\u015f\u00fcn\u00fcrken, sadece y\u00fczde 39&#8217;u g\u00f6\u00e7\u00fcn olumlu yanlar\u0131n\u0131 onaylam\u0131\u015ft\u0131r.<\/p>\n<p>Bu veriler, Almanya&#8217;daki kamuoyunun b\u00fcy\u00fck \u00f6l\u00e7\u00fcde h\u00fck\u00fcmetin yeni politikalar\u0131yla uyumlu oldu\u011funu ve iade merkezleri olu\u015fturma plan\u0131n\u0131n bu d\u00fc\u015f\u00fcnce \u00e7er\u00e7evesinde destek g\u00f6rd\u00fc\u011f\u00fcn\u00fc g\u00f6stermektedir.<\/p>\n","protected":false},"excerpt":{"rendered":"<p>M\u00fcltecilerin \u0130ade Merkezleri; Almanya&#8217;n\u0131n Yeni Kat\u0131 Politikas\u0131 Almanya \u0130\u00e7i\u015fleri Bakan\u0131, m\u00fcltecilerin men\u015fe \u00fclkelerine yak\u0131n b\u00f6lgelerde &#8220;iade merkezleri&#8221; kurulmas\u0131 i\u00e7in planlar yap\u0131ld\u0131\u011f\u0131n\u0131, su\u00e7lu ve izinsiz m\u00fcltecilerin y\u0131l sonuna kadar s\u0131n\u0131r d\u0131\u015f\u0131 edilmesinin \u00f6ncelikli oldu\u011funu belirtti. Bu karar, Avrupa Birli\u011fi i\u00e7i\u015fleri bakanlar\u0131n\u0131n M\u00fcnih&#8217;te d\u00fczenledi\u011fi toplant\u0131 kapsam\u0131nda g\u00fcndeme geliyor. \ud83d\udc48\ud83c\udffbArkada\u015f\u0131m\u0131z\u0131n bu konu hakk\u0131ndaki raporunu inceleyelim.\ud83d\udc49\ud83c\udffb Almanya \u0130\u00e7i\u015fleri Bakan\u0131 &hellip;<\/p>\n","protected":false},"author":1,"featured_media":118075,"comment_status":"open","ping_status":"open","sticky":false,"template":"","format":"standard","meta":{"rop_custom_images_group":[],"rop_custom_messages_group":[],"rop_publish_now":"initial","rop_publish_now_accounts":[],"rop_publish_now_history":[],"rop_publish_now_status":"pending","footnotes":""},"categories":[71],"tags":[],"class_list":["post-118076","post","type-post","status-publish","format-standard","has-post-thumbnail","hentry","category-germany"],"_wp_page_template":null,"_wp_attached_file":null,"_wp_attachment_metadata":null,"_edit_lock":null,"yoast_head":"<!-- This site is optimized with the Yoast SEO plugin v24.3 - https:\/\/yoast.com\/wordpress\/plugins\/seo\/ -->\n<title>M\u00fcltecilerin \u0130ade Merkezleri; Almanya&#039;n\u0131n Yeni Kat\u0131 Politikas\u0131 - ShiaWaves Turkish - \u015eia Haberleri<\/title>\n<meta name=\"robots\" content=\"index, follow, max-snippet:-1, max-image-preview:large, max-video-preview:-1\" \/>\n<link rel=\"canonical\" href=\"https:\/\/shiawaves.com\/turkish\/2025\/10\/08\/multecilerin-iade-merkezleri-almanyanin-yeni-kati-politikasi\/\" \/>\n<meta property=\"og:locale\" content=\"tr_TR\" \/>\n<meta property=\"og:type\" content=\"article\" \/>\n<meta property=\"og:title\" content=\"M\u00fcltecilerin \u0130ade Merkezleri; Almanya&#039;n\u0131n Yeni Kat\u0131 Politikas\u0131 - ShiaWaves Turkish - \u015eia Haberleri\" \/>\n<meta property=\"og:description\" content=\"M\u00fcltecilerin \u0130ade Merkezleri; Almanya&#8217;n\u0131n Yeni Kat\u0131 Politikas\u0131 Almanya \u0130\u00e7i\u015fleri Bakan\u0131, m\u00fcltecilerin men\u015fe \u00fclkelerine yak\u0131n b\u00f6lgelerde &#8220;iade merkezleri&#8221; kurulmas\u0131 i\u00e7in planlar yap\u0131ld\u0131\u011f\u0131n\u0131, su\u00e7lu ve izinsiz m\u00fcltecilerin y\u0131l sonuna kadar s\u0131n\u0131r d\u0131\u015f\u0131 edilmesinin \u00f6ncelikli oldu\u011funu belirtti. Bu karar, Avrupa Birli\u011fi i\u00e7i\u015fleri bakanlar\u0131n\u0131n M\u00fcnih&#8217;te d\u00fczenledi\u011fi toplant\u0131 kapsam\u0131nda g\u00fcndeme geliyor. \ud83d\udc48\ud83c\udffbArkada\u015f\u0131m\u0131z\u0131n bu konu hakk\u0131ndaki raporunu inceleyelim.\ud83d\udc49\ud83c\udffb Almanya \u0130\u00e7i\u015fleri Bakan\u0131 &hellip;\" \/>\n<meta property=\"og:url\" content=\"https:\/\/shiawaves.com\/turkish\/2025\/10\/08\/multecilerin-iade-merkezleri-almanyanin-yeni-kati-politikasi\/\" \/>\n<meta property=\"og:site_name\" content=\"ShiaWaves Turkish - \u015eia Haberleri\" \/>\n<meta property=\"article:published_time\" content=\"2025-10-08T10:35:29+00:00\" \/>\n<meta name=\"author\" content=\"modir\" \/>\n<meta name=\"twitter:card\" content=\"summary_large_image\" \/>\n<meta name=\"twitter:label1\" content=\"Yazan:\" \/>\n\t<meta name=\"twitter:data1\" content=\"modir\" \/>\n\t<meta name=\"twitter:label2\" content=\"Tahmini okuma s\u00fcresi\" \/>\n\t<meta name=\"twitter:data2\" content=\"2 dakika\" \/>\n<script type=\"application\/ld+json\" class=\"yoast-schema-graph\">{\"@context\":\"https:\/\/schema.org\",\"@graph\":[{\"@type\":\"WebPage\",\"@id\":\"https:\/\/shiawaves.com\/turkish\/2025\/10\/08\/multecilerin-iade-merkezleri-almanyanin-yeni-kati-politikasi\/\",\"url\":\"https:\/\/shiawaves.com\/turkish\/2025\/10\/08\/multecilerin-iade-merkezleri-almanyanin-yeni-kati-politikasi\/\",\"name\":\"M\u00fcltecilerin \u0130ade Merkezleri; Almanya'n\u0131n Yeni Kat\u0131 Politikas\u0131 - ShiaWaves Turkish - \u015eia Haberleri\",\"isPartOf\":{\"@id\":\"https:\/\/shiawaves.com\/turkish\/#website\"},\"primaryImageOfPage\":{\"@id\":\"https:\/\/shiawaves.com\/turkish\/2025\/10\/08\/multecilerin-iade-merkezleri-almanyanin-yeni-kati-politikasi\/#primaryimage\"},\"image\":{\"@id\":\"https:\/\/shiawaves.com\/turkish\/2025\/10\/08\/multecilerin-iade-merkezleri-almanyanin-yeni-kati-politikasi\/#primaryimage\"},\"thumbnailUrl\":\"https:\/\/shiawaves.com\/turkish\/wp-content\/uploads\/sites\/6\/2025\/10\/file_1435.jpg\",\"datePublished\":\"2025-10-08T10:35:29+00:00\",\"dateModified\":\"2025-10-08T10:35:29+00:00\",\"author\":{\"@id\":\"https:\/\/shiawaves.com\/turkish\/#\/schema\/person\/9f68d5023e948086b9348fba5aebd954\"},\"breadcrumb\":{\"@id\":\"https:\/\/shiawaves.com\/turkish\/2025\/10\/08\/multecilerin-iade-merkezleri-almanyanin-yeni-kati-politikasi\/#breadcrumb\"},\"inLanguage\":\"tr\",\"potentialAction\":[{\"@type\":\"ReadAction\",\"target\":[\"https:\/\/shiawaves.com\/turkish\/2025\/10\/08\/multecilerin-iade-merkezleri-almanyanin-yeni-kati-politikasi\/\"]}]},{\"@type\":\"ImageObject\",\"inLanguage\":\"tr\",\"@id\":\"https:\/\/shiawaves.com\/turkish\/2025\/10\/08\/multecilerin-iade-merkezleri-almanyanin-yeni-kati-politikasi\/#primaryimage\",\"url\":\"https:\/\/shiawaves.com\/turkish\/wp-content\/uploads\/sites\/6\/2025\/10\/file_1435.jpg\",\"contentUrl\":\"https:\/\/shiawaves.com\/turkish\/wp-content\/uploads\/sites\/6\/2025\/10\/file_1435.jpg\",\"width\":1199,\"height\":674},{\"@type\":\"BreadcrumbList\",\"@id\":\"https:\/\/shiawaves.com\/turkish\/2025\/10\/08\/multecilerin-iade-merkezleri-almanyanin-yeni-kati-politikasi\/#breadcrumb\",\"itemListElement\":[{\"@type\":\"ListItem\",\"position\":1,\"name\":\"Home\",\"item\":\"https:\/\/shiawaves.com\/turkish\/\"},{\"@type\":\"ListItem\",\"position\":2,\"name\":\"M\u00fcltecilerin \u0130ade Merkezleri; Almanya&#8217;n\u0131n Yeni Kat\u0131 Politikas\u0131\"}]},{\"@type\":\"WebSite\",\"@id\":\"https:\/\/shiawaves.com\/turkish\/#website\",\"url\":\"https:\/\/shiawaves.com\/turkish\/\",\"name\":\"ShiaWaves Turkish - \u015eia Haberleri\",\"description\":\"\",\"potentialAction\":[{\"@type\":\"SearchAction\",\"target\":{\"@type\":\"EntryPoint\",\"urlTemplate\":\"https:\/\/shiawaves.com\/turkish\/?s={search_term_string}\"},\"query-input\":{\"@type\":\"PropertyValueSpecification\",\"valueRequired\":true,\"valueName\":\"search_term_string\"}}],\"inLanguage\":\"tr\"},{\"@type\":\"Person\",\"@id\":\"https:\/\/shiawaves.com\/turkish\/#\/schema\/person\/9f68d5023e948086b9348fba5aebd954\",\"name\":\"modir\",\"image\":{\"@type\":\"ImageObject\",\"inLanguage\":\"tr\",\"@id\":\"https:\/\/shiawaves.com\/turkish\/#\/schema\/person\/image\/\",\"url\":\"https:\/\/secure.gravatar.com\/avatar\/8e76f93cdbdd480bd8918d1e0e1d938664c9cb1516c2a57a2b96fe50b507a6b9?s=96&d=mm&r=g\",\"contentUrl\":\"https:\/\/secure.gravatar.com\/avatar\/8e76f93cdbdd480bd8918d1e0e1d938664c9cb1516c2a57a2b96fe50b507a6b9?s=96&d=mm&r=g\",\"caption\":\"modir\"},\"sameAs\":[\"https:\/\/shiawaves.com\"],\"url\":\"https:\/\/shiawaves.com\/turkish\/author\/modir\/\"}]}<\/script>\n<!-- \/ Yoast SEO plugin. -->","yoast_head_json":{"title":"M\u00fcltecilerin \u0130ade Merkezleri; Almanya'n\u0131n Yeni Kat\u0131 Politikas\u0131 - ShiaWaves Turkish - \u015eia Haberleri","robots":{"index":"index","follow":"follow","max-snippet":"max-snippet:-1","max-image-preview":"max-image-preview:large","max-video-preview":"max-video-preview:-1"},"canonical":"https:\/\/shiawaves.com\/turkish\/2025\/10\/08\/multecilerin-iade-merkezleri-almanyanin-yeni-kati-politikasi\/","og_locale":"tr_TR","og_type":"article","og_title":"M\u00fcltecilerin \u0130ade Merkezleri; Almanya'n\u0131n Yeni Kat\u0131 Politikas\u0131 - ShiaWaves Turkish - \u015eia Haberleri","og_description":"M\u00fcltecilerin \u0130ade Merkezleri; Almanya&#8217;n\u0131n Yeni Kat\u0131 Politikas\u0131 Almanya \u0130\u00e7i\u015fleri Bakan\u0131, m\u00fcltecilerin men\u015fe \u00fclkelerine yak\u0131n b\u00f6lgelerde &#8220;iade merkezleri&#8221; kurulmas\u0131 i\u00e7in planlar yap\u0131ld\u0131\u011f\u0131n\u0131, su\u00e7lu ve izinsiz m\u00fcltecilerin y\u0131l sonuna kadar s\u0131n\u0131r d\u0131\u015f\u0131 edilmesinin \u00f6ncelikli oldu\u011funu belirtti. Bu karar, Avrupa Birli\u011fi i\u00e7i\u015fleri bakanlar\u0131n\u0131n M\u00fcnih&#8217;te d\u00fczenledi\u011fi toplant\u0131 kapsam\u0131nda g\u00fcndeme geliyor. \ud83d\udc48\ud83c\udffbArkada\u015f\u0131m\u0131z\u0131n bu konu hakk\u0131ndaki raporunu inceleyelim.\ud83d\udc49\ud83c\udffb Almanya \u0130\u00e7i\u015fleri Bakan\u0131 &hellip;","og_url":"https:\/\/shiawaves.com\/turkish\/2025\/10\/08\/multecilerin-iade-merkezleri-almanyanin-yeni-kati-politikasi\/","og_site_name":"ShiaWaves Turkish - \u015eia Haberleri","article_published_time":"2025-10-08T10:35:29+00:00","author":"modir","twitter_card":"summary_large_image","twitter_misc":{"Yazan:":"modir","Tahmini okuma s\u00fcresi":"2 dakika"},"schema":{"@context":"https:\/\/schema.org","@graph":[{"@type":"WebPage","@id":"https:\/\/shiawaves.com\/turkish\/2025\/10\/08\/multecilerin-iade-merkezleri-almanyanin-yeni-kati-politikasi\/","url":"https:\/\/shiawaves.com\/turkish\/2025\/10\/08\/multecilerin-iade-merkezleri-almanyanin-yeni-kati-politikasi\/","name":"M\u00fcltecilerin \u0130ade Merkezleri; Almanya'n\u0131n Yeni Kat\u0131 Politikas\u0131 - ShiaWaves Turkish - \u015eia Haberleri","isPartOf":{"@id":"https:\/\/shiawaves.com\/turkish\/#website"},"primaryImageOfPage":{"@id":"https:\/\/shiawaves.com\/turkish\/2025\/10\/08\/multecilerin-iade-merkezleri-almanyanin-yeni-kati-politikasi\/#primaryimage"},"image":{"@id":"https:\/\/shiawaves.com\/turkish\/2025\/10\/08\/multecilerin-iade-merkezleri-almanyanin-yeni-kati-politikasi\/#primaryimage"},"thumbnailUrl":"https:\/\/shiawaves.com\/turkish\/wp-content\/uploads\/sites\/6\/2025\/10\/file_1435.jpg","datePublished":"2025-10-08T10:35:29+00:00","dateModified":"2025-10-08T10:35:29+00:00","author":{"@id":"https:\/\/shiawaves.com\/turkish\/#\/schema\/person\/9f68d5023e948086b9348fba5aebd954"},"breadcrumb":{"@id":"https:\/\/shiawaves.com\/turkish\/2025\/10\/08\/multecilerin-iade-merkezleri-almanyanin-yeni-kati-politikasi\/#breadcrumb"},"inLanguage":"tr","potentialAction":[{"@type":"ReadAction","target":["https:\/\/shiawaves.com\/turkish\/2025\/10\/08\/multecilerin-iade-merkezleri-almanyanin-yeni-kati-politikasi\/"]}]},{"@type":"ImageObject","inLanguage":"tr","@id":"https:\/\/shiawaves.com\/turkish\/2025\/10\/08\/multecilerin-iade-merkezleri-almanyanin-yeni-kati-politikasi\/#primaryimage","url":"https:\/\/shiawaves.com\/turkish\/wp-content\/uploads\/sites\/6\/2025\/10\/file_1435.jpg","contentUrl":"https:\/\/shiawaves.com\/turkish\/wp-content\/uploads\/sites\/6\/2025\/10\/file_1435.jpg","width":1199,"height":674},{"@type":"BreadcrumbList","@id":"https:\/\/shiawaves.com\/turkish\/2025\/10\/08\/multecilerin-iade-merkezleri-almanyanin-yeni-kati-politikasi\/#breadcrumb","itemListElement":[{"@type":"ListItem","position":1,"name":"Home","item":"https:\/\/shiawaves.com\/turkish\/"},{"@type":"ListItem","position":2,"name":"M\u00fcltecilerin \u0130ade Merkezleri; Almanya&#8217;n\u0131n Yeni Kat\u0131 Politikas\u0131"}]},{"@type":"WebSite","@id":"https:\/\/shiawaves.com\/turkish\/#website","url":"https:\/\/shiawaves.com\/turkish\/","name":"ShiaWaves Turkish - \u015eia Haberleri","description":"","potentialAction":[{"@type":"SearchAction","target":{"@type":"EntryPoint","urlTemplate":"https:\/\/shiawaves.com\/turkish\/?s={search_term_string}"},"query-input":{"@type":"PropertyValueSpecification","valueRequired":true,"valueName":"search_term_string"}}],"inLanguage":"tr"},{"@type":"Person","@id":"https:\/\/shiawaves.com\/turkish\/#\/schema\/person\/9f68d5023e948086b9348fba5aebd954","name":"modir","image":{"@type":"ImageObject","inLanguage":"tr","@id":"https:\/\/shiawaves.com\/turkish\/#\/schema\/person\/image\/","url":"https:\/\/secure.gravatar.com\/avatar\/8e76f93cdbdd480bd8918d1e0e1d938664c9cb1516c2a57a2b96fe50b507a6b9?s=96&d=mm&r=g","contentUrl":"https:\/\/secure.gravatar.com\/avatar\/8e76f93cdbdd480bd8918d1e0e1d938664c9cb1516c2a57a2b96fe50b507a6b9?s=96&d=mm&r=g","caption":"modir"},"sameAs":["https:\/\/shiawaves.com"],"url":"https:\/\/shiawaves.com\/turkish\/author\/modir\/"}]}},"_links":{"self":[{"href":"https:\/\/shiawaves.com\/turkish\/wp-json\/wp\/v2\/posts\/118076","targetHints":{"allow":["GET"]}}],"collection":[{"href":"https:\/\/shiawaves.com\/turkish\/wp-json\/wp\/v2\/posts"}],"about":[{"href":"https:\/\/shiawaves.com\/turkish\/wp-json\/wp\/v2\/types\/post"}],"author":[{"embeddable":true,"href":"https:\/\/shiawaves.com\/turkish\/wp-json\/wp\/v2\/users\/1"}],"replies":[{"embeddable":true,"href":"https:\/\/shiawaves.com\/turkish\/wp-json\/wp\/v2\/comments?post=118076"}],"version-history":[{"count":0,"href":"https:\/\/shiawaves.com\/turkish\/wp-json\/wp\/v2\/posts\/118076\/revisions"}],"wp:featuredmedia":[{"embeddable":true,"href":"https:\/\/shiawaves.com\/turkish\/wp-json\/wp\/v2\/media\/118075"}],"wp:attachment":[{"href":"https:\/\/shiawaves.com\/turkish\/wp-json\/wp\/v2\/media?parent=118076"}],"wp:term":[{"taxonomy":"category","embeddable":true,"href":"https:\/\/shiawaves.com\/turkish\/wp-json\/wp\/v2\/categories?post=118076"},{"taxonomy":"post_tag","embeddable":true,"href":"https:\/\/shiawaves.com\/turkish\/wp-json\/wp\/v2\/tags?post=118076"}],"curies":[{"name":"wp","href":"https:\/\/api.w.org\/{rel}","templated":true}]}}