{"id":117806,"date":"2025-09-28T11:00:35","date_gmt":"2025-09-28T08:00:35","guid":{"rendered":"https:\/\/shiawaves.com\/turkish\/2025\/09\/28\/selam-camii-ummandaki-siilerin-en-buyuk-camisi\/"},"modified":"2025-09-28T11:00:35","modified_gmt":"2025-09-28T08:00:35","slug":"selam-camii-ummandaki-siilerin-en-buyuk-camisi","status":"publish","type":"post","link":"https:\/\/shiawaves.com\/turkish\/2025\/09\/28\/selam-camii-ummandaki-siilerin-en-buyuk-camisi\/","title":{"rendered":"Selam Camii; Umman&#8217;daki \u015eiilerin En B\u00fcy\u00fck Camisi"},"content":{"rendered":"<p>Selam Camii; Umman&#8217;daki \u015eiilerin En B\u00fcy\u00fck Camisi<\/p>\n<p>Umman&#8217;daki \u015eiilerin en b\u00fcy\u00fck camii olan Selam Camii, Sultan Kabus&#8217;un ba\u011f\u0131\u015flad\u0131\u011f\u0131 bir arazi \u00fczerine in\u015fa edilmi\u015f olup bu \u00fclkede dini ho\u015fg\u00f6r\u00fcn\u00fcn ve birlikte ya\u015faman\u0131n bir sembol\u00fc olarak g\u00f6r\u00fclmektedir.<\/p>\n<p>\ud83d\udc48\ud83c\udffbArkada\u015f\u0131m\u0131z\u0131n bu konu hakk\u0131ndaki raporunu inceleyelim.\ud83d\udc49\ud83c\udffb<\/p>\n<p>Selam Camii, Umman&#8217;daki \u015eiilerin en b\u00fcy\u00fck camisi olarak, bu \u00fclkedeki \u015eii toplulu\u011funun varl\u0131\u011f\u0131n\u0131n ve k\u00fclt\u00fcrel-dini faaliyetlerinin \u00f6ne \u00e7\u0131kan bir sembol\u00fcd\u00fcr.<\/p>\n<p>Bu kutsal caminin in\u015fa edilece\u011fi arazi, merhum Umman lideri Sultan Kabus taraf\u0131ndan Umman\u2019daki \u015eiilere ba\u011f\u0131\u015flanm\u0131\u015ft\u0131r.<\/p>\n<p>Bu de\u011ferli ve stratejik hediye, Umman h\u00fck\u00fcmetinin dini az\u0131nl\u0131klara verdi\u011fi deste\u011fi ve ulusal birlik ve beraberli\u011fin korunmas\u0131 y\u00f6n\u00fcndeki \u00e7abalar\u0131n\u0131 simgelemektedir.<\/p>\n<p>Al Jazeera gibi b\u00f6lgesel medya kurulu\u015flar\u0131n\u0131n bildirdi\u011fine g\u00f6re, Selam Camii sadece basit bir ibadet yeri olman\u0131n \u00f6tesinde, \u015eii toplulu\u011fu i\u00e7in dini, e\u011fitimsel ve k\u00fclt\u00fcrel toplant\u0131lar\u0131n merkezi haline gelmi\u015ftir.<\/p>\n<p>Geni\u015f olanaklari ve geni\u015f alan\u0131yla bu camii, dini t\u00f6renlerin, bilimsel ve k\u00fclt\u00fcrel toplant\u0131lar\u0131n yan\u0131 s\u0131ra gen\u00e7 nesillerin e\u011fitimi i\u00e7in uygundur.<\/p>\n<p>\u00d6te yandan, Umman h\u00fck\u00fcmetinin bu camiye verdi\u011fi resmi destek, bu \u00fclkenin dini az\u0131nl\u0131klara y\u00f6nelik \u0131l\u0131ml\u0131 ve ho\u015fg\u00f6r\u00fcl\u00fc tutumunu g\u00f6steriyor ki bu tutum, Orta Do\u011fu&#8217;da benzeri nadir g\u00f6r\u00fclen bir yakla\u015f\u0131md\u0131r.<\/p>\n<p>Bu yakla\u015f\u0131m, bar\u0131\u015f\u00e7\u0131l bir \u015fekilde birlikte ya\u015famay\u0131 g\u00fc\u00e7lendirmekte ve farkl\u0131 mezhepler aras\u0131nda ili\u015fkilerin y\u00fckselmesine katk\u0131da bulunmakta ve di\u011fer b\u00f6lge \u00fclkelerine pozitif bir \u00f6rnek te\u015fkil etmektedir.<\/p>\n<p>Selam Camii, halk\u0131n aktif kat\u0131l\u0131m\u0131 ve h\u00fck\u00fcmet deste\u011fiyle, Umman&#8217;da k\u00fclt\u00fcr ve dinin kesi\u015fme noktas\u0131 haline gelmi\u015f ve bu \u00fclkenin \u015eii toplulu\u011funun dini kimli\u011finin korunmas\u0131nda \u00f6nemli bir rol oynamaktad\u0131r.<\/p>\n<p>Ayr\u0131ca bu cami, Umman\u2019daki farkl\u0131 etnik ve dini gruplar aras\u0131nda dayan\u0131\u015fma ve kar\u015f\u0131l\u0131kl\u0131 sayg\u0131n\u0131n bir sembol\u00fc olarak tan\u0131nmakta ve birlikte bar\u0131\u015f i\u00e7inde ya\u015faman\u0131n bu \u00fclkede hala canl\u0131 bir ger\u00e7ek oldu\u011funu g\u00f6stermektedir.<\/p>\n","protected":false},"excerpt":{"rendered":"<p>Selam Camii; Umman&#8217;daki \u015eiilerin En B\u00fcy\u00fck Camisi Umman&#8217;daki \u015eiilerin en b\u00fcy\u00fck camii olan Selam Camii, Sultan Kabus&#8217;un ba\u011f\u0131\u015flad\u0131\u011f\u0131 bir arazi \u00fczerine in\u015fa edilmi\u015f olup bu \u00fclkede dini ho\u015fg\u00f6r\u00fcn\u00fcn ve birlikte ya\u015faman\u0131n bir sembol\u00fc olarak g\u00f6r\u00fclmektedir. \ud83d\udc48\ud83c\udffbArkada\u015f\u0131m\u0131z\u0131n bu konu hakk\u0131ndaki raporunu inceleyelim.\ud83d\udc49\ud83c\udffb Selam Camii, Umman&#8217;daki \u015eiilerin en b\u00fcy\u00fck camisi olarak, bu \u00fclkedeki \u015eii toplulu\u011funun varl\u0131\u011f\u0131n\u0131n ve &hellip;<\/p>\n","protected":false},"author":1,"featured_media":117805,"comment_status":"open","ping_status":"open","sticky":false,"template":"","format":"standard","meta":{"rop_custom_images_group":[],"rop_custom_messages_group":[],"rop_publish_now":"initial","rop_publish_now_accounts":[],"rop_publish_now_history":[],"rop_publish_now_status":"pending","footnotes":""},"categories":[9],"tags":[],"class_list":["post-117806","post","type-post","status-publish","format-standard","has-post-thumbnail","hentry","category-iran"],"_wp_page_template":null,"_wp_attached_file":null,"_wp_attachment_metadata":null,"_edit_lock":null,"yoast_head":"<!-- This site is optimized with the Yoast SEO plugin v24.3 - https:\/\/yoast.com\/wordpress\/plugins\/seo\/ -->\n<title>Selam Camii; Umman&#039;daki \u015eiilerin En B\u00fcy\u00fck Camisi - ShiaWaves Turkish - \u015eia Haberleri<\/title>\n<meta name=\"robots\" content=\"index, follow, max-snippet:-1, max-image-preview:large, max-video-preview:-1\" \/>\n<link rel=\"canonical\" href=\"https:\/\/shiawaves.com\/turkish\/2025\/09\/28\/selam-camii-ummandaki-siilerin-en-buyuk-camisi\/\" \/>\n<meta property=\"og:locale\" content=\"tr_TR\" \/>\n<meta property=\"og:type\" content=\"article\" \/>\n<meta property=\"og:title\" content=\"Selam Camii; Umman&#039;daki \u015eiilerin En B\u00fcy\u00fck Camisi - ShiaWaves Turkish - \u015eia Haberleri\" \/>\n<meta property=\"og:description\" content=\"Selam Camii; Umman&#8217;daki \u015eiilerin En B\u00fcy\u00fck Camisi Umman&#8217;daki \u015eiilerin en b\u00fcy\u00fck camii olan Selam Camii, Sultan Kabus&#8217;un ba\u011f\u0131\u015flad\u0131\u011f\u0131 bir arazi \u00fczerine in\u015fa edilmi\u015f olup bu \u00fclkede dini ho\u015fg\u00f6r\u00fcn\u00fcn ve birlikte ya\u015faman\u0131n bir sembol\u00fc olarak g\u00f6r\u00fclmektedir. \ud83d\udc48\ud83c\udffbArkada\u015f\u0131m\u0131z\u0131n bu konu hakk\u0131ndaki raporunu inceleyelim.\ud83d\udc49\ud83c\udffb Selam Camii, Umman&#8217;daki \u015eiilerin en b\u00fcy\u00fck camisi olarak, bu \u00fclkedeki \u015eii toplulu\u011funun varl\u0131\u011f\u0131n\u0131n ve &hellip;\" \/>\n<meta property=\"og:url\" content=\"https:\/\/shiawaves.com\/turkish\/2025\/09\/28\/selam-camii-ummandaki-siilerin-en-buyuk-camisi\/\" \/>\n<meta property=\"og:site_name\" content=\"ShiaWaves Turkish - \u015eia Haberleri\" \/>\n<meta property=\"article:published_time\" content=\"2025-09-28T08:00:35+00:00\" \/>\n<meta name=\"author\" content=\"modir\" \/>\n<meta name=\"twitter:card\" content=\"summary_large_image\" \/>\n<meta name=\"twitter:label1\" content=\"Yazan:\" \/>\n\t<meta name=\"twitter:data1\" content=\"modir\" \/>\n\t<meta name=\"twitter:label2\" content=\"Tahmini okuma s\u00fcresi\" \/>\n\t<meta name=\"twitter:data2\" content=\"2 dakika\" \/>\n<script type=\"application\/ld+json\" class=\"yoast-schema-graph\">{\"@context\":\"https:\/\/schema.org\",\"@graph\":[{\"@type\":\"WebPage\",\"@id\":\"https:\/\/shiawaves.com\/turkish\/2025\/09\/28\/selam-camii-ummandaki-siilerin-en-buyuk-camisi\/\",\"url\":\"https:\/\/shiawaves.com\/turkish\/2025\/09\/28\/selam-camii-ummandaki-siilerin-en-buyuk-camisi\/\",\"name\":\"Selam Camii; Umman'daki \u015eiilerin En B\u00fcy\u00fck Camisi - ShiaWaves Turkish - \u015eia Haberleri\",\"isPartOf\":{\"@id\":\"https:\/\/shiawaves.com\/turkish\/#website\"},\"primaryImageOfPage\":{\"@id\":\"https:\/\/shiawaves.com\/turkish\/2025\/09\/28\/selam-camii-ummandaki-siilerin-en-buyuk-camisi\/#primaryimage\"},\"image\":{\"@id\":\"https:\/\/shiawaves.com\/turkish\/2025\/09\/28\/selam-camii-ummandaki-siilerin-en-buyuk-camisi\/#primaryimage\"},\"thumbnailUrl\":\"https:\/\/shiawaves.com\/turkish\/wp-content\/uploads\/sites\/6\/2025\/09\/file_1304.jpg\",\"datePublished\":\"2025-09-28T08:00:35+00:00\",\"dateModified\":\"2025-09-28T08:00:35+00:00\",\"author\":{\"@id\":\"https:\/\/shiawaves.com\/turkish\/#\/schema\/person\/9f68d5023e948086b9348fba5aebd954\"},\"breadcrumb\":{\"@id\":\"https:\/\/shiawaves.com\/turkish\/2025\/09\/28\/selam-camii-ummandaki-siilerin-en-buyuk-camisi\/#breadcrumb\"},\"inLanguage\":\"tr\",\"potentialAction\":[{\"@type\":\"ReadAction\",\"target\":[\"https:\/\/shiawaves.com\/turkish\/2025\/09\/28\/selam-camii-ummandaki-siilerin-en-buyuk-camisi\/\"]}]},{\"@type\":\"ImageObject\",\"inLanguage\":\"tr\",\"@id\":\"https:\/\/shiawaves.com\/turkish\/2025\/09\/28\/selam-camii-ummandaki-siilerin-en-buyuk-camisi\/#primaryimage\",\"url\":\"https:\/\/shiawaves.com\/turkish\/wp-content\/uploads\/sites\/6\/2025\/09\/file_1304.jpg\",\"contentUrl\":\"https:\/\/shiawaves.com\/turkish\/wp-content\/uploads\/sites\/6\/2025\/09\/file_1304.jpg\",\"width\":800,\"height\":490},{\"@type\":\"BreadcrumbList\",\"@id\":\"https:\/\/shiawaves.com\/turkish\/2025\/09\/28\/selam-camii-ummandaki-siilerin-en-buyuk-camisi\/#breadcrumb\",\"itemListElement\":[{\"@type\":\"ListItem\",\"position\":1,\"name\":\"Home\",\"item\":\"https:\/\/shiawaves.com\/turkish\/\"},{\"@type\":\"ListItem\",\"position\":2,\"name\":\"Selam Camii; Umman&#8217;daki \u015eiilerin En B\u00fcy\u00fck Camisi\"}]},{\"@type\":\"WebSite\",\"@id\":\"https:\/\/shiawaves.com\/turkish\/#website\",\"url\":\"https:\/\/shiawaves.com\/turkish\/\",\"name\":\"ShiaWaves Turkish - \u015eia Haberleri\",\"description\":\"\",\"potentialAction\":[{\"@type\":\"SearchAction\",\"target\":{\"@type\":\"EntryPoint\",\"urlTemplate\":\"https:\/\/shiawaves.com\/turkish\/?s={search_term_string}\"},\"query-input\":{\"@type\":\"PropertyValueSpecification\",\"valueRequired\":true,\"valueName\":\"search_term_string\"}}],\"inLanguage\":\"tr\"},{\"@type\":\"Person\",\"@id\":\"https:\/\/shiawaves.com\/turkish\/#\/schema\/person\/9f68d5023e948086b9348fba5aebd954\",\"name\":\"modir\",\"image\":{\"@type\":\"ImageObject\",\"inLanguage\":\"tr\",\"@id\":\"https:\/\/shiawaves.com\/turkish\/#\/schema\/person\/image\/\",\"url\":\"https:\/\/secure.gravatar.com\/avatar\/8e76f93cdbdd480bd8918d1e0e1d938664c9cb1516c2a57a2b96fe50b507a6b9?s=96&d=mm&r=g\",\"contentUrl\":\"https:\/\/secure.gravatar.com\/avatar\/8e76f93cdbdd480bd8918d1e0e1d938664c9cb1516c2a57a2b96fe50b507a6b9?s=96&d=mm&r=g\",\"caption\":\"modir\"},\"sameAs\":[\"https:\/\/shiawaves.com\"],\"url\":\"https:\/\/shiawaves.com\/turkish\/author\/modir\/\"}]}<\/script>\n<!-- \/ Yoast SEO plugin. -->","yoast_head_json":{"title":"Selam Camii; Umman'daki \u015eiilerin En B\u00fcy\u00fck Camisi - ShiaWaves Turkish - \u015eia Haberleri","robots":{"index":"index","follow":"follow","max-snippet":"max-snippet:-1","max-image-preview":"max-image-preview:large","max-video-preview":"max-video-preview:-1"},"canonical":"https:\/\/shiawaves.com\/turkish\/2025\/09\/28\/selam-camii-ummandaki-siilerin-en-buyuk-camisi\/","og_locale":"tr_TR","og_type":"article","og_title":"Selam Camii; Umman'daki \u015eiilerin En B\u00fcy\u00fck Camisi - ShiaWaves Turkish - \u015eia Haberleri","og_description":"Selam Camii; Umman&#8217;daki \u015eiilerin En B\u00fcy\u00fck Camisi Umman&#8217;daki \u015eiilerin en b\u00fcy\u00fck camii olan Selam Camii, Sultan Kabus&#8217;un ba\u011f\u0131\u015flad\u0131\u011f\u0131 bir arazi \u00fczerine in\u015fa edilmi\u015f olup bu \u00fclkede dini ho\u015fg\u00f6r\u00fcn\u00fcn ve birlikte ya\u015faman\u0131n bir sembol\u00fc olarak g\u00f6r\u00fclmektedir. \ud83d\udc48\ud83c\udffbArkada\u015f\u0131m\u0131z\u0131n bu konu hakk\u0131ndaki raporunu inceleyelim.\ud83d\udc49\ud83c\udffb Selam Camii, Umman&#8217;daki \u015eiilerin en b\u00fcy\u00fck camisi olarak, bu \u00fclkedeki \u015eii toplulu\u011funun varl\u0131\u011f\u0131n\u0131n ve &hellip;","og_url":"https:\/\/shiawaves.com\/turkish\/2025\/09\/28\/selam-camii-ummandaki-siilerin-en-buyuk-camisi\/","og_site_name":"ShiaWaves Turkish - \u015eia Haberleri","article_published_time":"2025-09-28T08:00:35+00:00","author":"modir","twitter_card":"summary_large_image","twitter_misc":{"Yazan:":"modir","Tahmini okuma s\u00fcresi":"2 dakika"},"schema":{"@context":"https:\/\/schema.org","@graph":[{"@type":"WebPage","@id":"https:\/\/shiawaves.com\/turkish\/2025\/09\/28\/selam-camii-ummandaki-siilerin-en-buyuk-camisi\/","url":"https:\/\/shiawaves.com\/turkish\/2025\/09\/28\/selam-camii-ummandaki-siilerin-en-buyuk-camisi\/","name":"Selam Camii; Umman'daki \u015eiilerin En B\u00fcy\u00fck Camisi - ShiaWaves Turkish - \u015eia Haberleri","isPartOf":{"@id":"https:\/\/shiawaves.com\/turkish\/#website"},"primaryImageOfPage":{"@id":"https:\/\/shiawaves.com\/turkish\/2025\/09\/28\/selam-camii-ummandaki-siilerin-en-buyuk-camisi\/#primaryimage"},"image":{"@id":"https:\/\/shiawaves.com\/turkish\/2025\/09\/28\/selam-camii-ummandaki-siilerin-en-buyuk-camisi\/#primaryimage"},"thumbnailUrl":"https:\/\/shiawaves.com\/turkish\/wp-content\/uploads\/sites\/6\/2025\/09\/file_1304.jpg","datePublished":"2025-09-28T08:00:35+00:00","dateModified":"2025-09-28T08:00:35+00:00","author":{"@id":"https:\/\/shiawaves.com\/turkish\/#\/schema\/person\/9f68d5023e948086b9348fba5aebd954"},"breadcrumb":{"@id":"https:\/\/shiawaves.com\/turkish\/2025\/09\/28\/selam-camii-ummandaki-siilerin-en-buyuk-camisi\/#breadcrumb"},"inLanguage":"tr","potentialAction":[{"@type":"ReadAction","target":["https:\/\/shiawaves.com\/turkish\/2025\/09\/28\/selam-camii-ummandaki-siilerin-en-buyuk-camisi\/"]}]},{"@type":"ImageObject","inLanguage":"tr","@id":"https:\/\/shiawaves.com\/turkish\/2025\/09\/28\/selam-camii-ummandaki-siilerin-en-buyuk-camisi\/#primaryimage","url":"https:\/\/shiawaves.com\/turkish\/wp-content\/uploads\/sites\/6\/2025\/09\/file_1304.jpg","contentUrl":"https:\/\/shiawaves.com\/turkish\/wp-content\/uploads\/sites\/6\/2025\/09\/file_1304.jpg","width":800,"height":490},{"@type":"BreadcrumbList","@id":"https:\/\/shiawaves.com\/turkish\/2025\/09\/28\/selam-camii-ummandaki-siilerin-en-buyuk-camisi\/#breadcrumb","itemListElement":[{"@type":"ListItem","position":1,"name":"Home","item":"https:\/\/shiawaves.com\/turkish\/"},{"@type":"ListItem","position":2,"name":"Selam Camii; Umman&#8217;daki \u015eiilerin En B\u00fcy\u00fck Camisi"}]},{"@type":"WebSite","@id":"https:\/\/shiawaves.com\/turkish\/#website","url":"https:\/\/shiawaves.com\/turkish\/","name":"ShiaWaves Turkish - \u015eia Haberleri","description":"","potentialAction":[{"@type":"SearchAction","target":{"@type":"EntryPoint","urlTemplate":"https:\/\/shiawaves.com\/turkish\/?s={search_term_string}"},"query-input":{"@type":"PropertyValueSpecification","valueRequired":true,"valueName":"search_term_string"}}],"inLanguage":"tr"},{"@type":"Person","@id":"https:\/\/shiawaves.com\/turkish\/#\/schema\/person\/9f68d5023e948086b9348fba5aebd954","name":"modir","image":{"@type":"ImageObject","inLanguage":"tr","@id":"https:\/\/shiawaves.com\/turkish\/#\/schema\/person\/image\/","url":"https:\/\/secure.gravatar.com\/avatar\/8e76f93cdbdd480bd8918d1e0e1d938664c9cb1516c2a57a2b96fe50b507a6b9?s=96&d=mm&r=g","contentUrl":"https:\/\/secure.gravatar.com\/avatar\/8e76f93cdbdd480bd8918d1e0e1d938664c9cb1516c2a57a2b96fe50b507a6b9?s=96&d=mm&r=g","caption":"modir"},"sameAs":["https:\/\/shiawaves.com"],"url":"https:\/\/shiawaves.com\/turkish\/author\/modir\/"}]}},"_links":{"self":[{"href":"https:\/\/shiawaves.com\/turkish\/wp-json\/wp\/v2\/posts\/117806","targetHints":{"allow":["GET"]}}],"collection":[{"href":"https:\/\/shiawaves.com\/turkish\/wp-json\/wp\/v2\/posts"}],"about":[{"href":"https:\/\/shiawaves.com\/turkish\/wp-json\/wp\/v2\/types\/post"}],"author":[{"embeddable":true,"href":"https:\/\/shiawaves.com\/turkish\/wp-json\/wp\/v2\/users\/1"}],"replies":[{"embeddable":true,"href":"https:\/\/shiawaves.com\/turkish\/wp-json\/wp\/v2\/comments?post=117806"}],"version-history":[{"count":0,"href":"https:\/\/shiawaves.com\/turkish\/wp-json\/wp\/v2\/posts\/117806\/revisions"}],"wp:featuredmedia":[{"embeddable":true,"href":"https:\/\/shiawaves.com\/turkish\/wp-json\/wp\/v2\/media\/117805"}],"wp:attachment":[{"href":"https:\/\/shiawaves.com\/turkish\/wp-json\/wp\/v2\/media?parent=117806"}],"wp:term":[{"taxonomy":"category","embeddable":true,"href":"https:\/\/shiawaves.com\/turkish\/wp-json\/wp\/v2\/categories?post=117806"},{"taxonomy":"post_tag","embeddable":true,"href":"https:\/\/shiawaves.com\/turkish\/wp-json\/wp\/v2\/tags?post=117806"}],"curies":[{"name":"wp","href":"https:\/\/api.w.org\/{rel}","templated":true}]}}