{"id":117766,"date":"2025-09-26T17:01:24","date_gmt":"2025-09-26T14:01:24","guid":{"rendered":"https:\/\/shiawaves.com\/turkish\/2025\/09\/26\/turkiye-ve-israilin-suriyedeki-sessiz-savasi-parcalanmis-bir-ulkenin-gelecegi-icin-rekabet\/"},"modified":"2025-09-26T17:01:24","modified_gmt":"2025-09-26T14:01:24","slug":"turkiye-ve-israilin-suriyedeki-sessiz-savasi-parcalanmis-bir-ulkenin-gelecegi-icin-rekabet","status":"publish","type":"post","link":"https:\/\/shiawaves.com\/turkish\/2025\/09\/26\/turkiye-ve-israilin-suriyedeki-sessiz-savasi-parcalanmis-bir-ulkenin-gelecegi-icin-rekabet\/","title":{"rendered":"T\u00fcrkiye ve \u0130srail\u2019in Suriye&#8217;deki Sessiz Sava\u015f\u0131; Par\u00e7alanm\u0131\u015f Bir \u00dclkenin Gelece\u011fi \u0130\u00e7in Rekabet"},"content":{"rendered":"<p>T\u00fcrkiye ve \u0130srail\u2019in Suriye&#8217;deki Sessiz Sava\u015f\u0131; Par\u00e7alanm\u0131\u015f Bir \u00dclkenin Gelece\u011fi \u0130\u00e7in Rekabet<\/p>\n<p>Suriye, y\u0131llar s\u00fcren sava\u015ftan sonra politik d\u00fczenini yeniden tan\u0131mlama ve yeniden in\u015fa etme a\u015famas\u0131na geldi\u011finde, b\u00f6lgesel iki g\u00fc\u00e7 olan T\u00fcrkiye ve \u0130srail aras\u0131ndaki artan rekabet, bu \u00fclkenin vek\u00e2let sava\u015flar\u0131na yeniden s\u00fcr\u00fcklenme tehlikesini her zamankinden daha fazla art\u0131rm\u0131\u015ft\u0131r.<\/p>\n<p>\ud83d\udc48\ud83c\udffbArkada\u015f\u0131m\u0131z\u0131n bu konu hakk\u0131ndaki raporunu inceleyelim.\ud83d\udc49\ud83c\udffb<\/p>\n<p>Ankara, son y\u0131llarda Kuzey Suriye&#8217;deki varl\u0131\u011f\u0131n\u0131 geni\u015fleterek, hem K\u00fcrtlerin \u00f6zerklik olu\u015fturmas\u0131n\u0131 engellemek hem de m\u00fcltecilerin d\u00f6n\u00fc\u015f yolunu a\u00e7mak istemi\u015ftir.<\/p>\n<p>Ancak \u015fimdi, \u0130srail&#8217;in sahadaki denkleme daha do\u011frudan m\u00fcdahil olmas\u0131yla, k\u0131r\u0131lgan dengeler \u00e7\u00f6k\u00fc\u015f\u00fcn e\u015fi\u011findedir.<\/p>\n<p>Al-Majalla&#8217;n\u0131n bildirdi\u011fine g\u00f6re, \u0130srail son aylarda Humus, Hama ve g\u00fcney \u015eam&#8217;daki askeri \u00fcsleri hedef ald\u0131. Bu sald\u0131r\u0131lar, T\u00fcrkiye&#8217;nin gelecekteki yerle\u015fimi i\u00e7in de\u011ferlendirdi\u011fi altyap\u0131y\u0131 hedef alm\u0131\u015ft\u0131r.<\/p>\n<p>Kisweh ve Palmira&#8217;daki T\u00fcrkiye&#8217;ye ba\u011fl\u0131 tesislerin y\u0131k\u0131m\u0131, bu eylemlerin sadece bir par\u00e7as\u0131d\u0131r.<\/p>\n<p>Middle East News&#8217;a g\u00f6re, \u0130srail stratejisini, Suriye&#8217;deki g\u00fc\u00e7 odaklar\u0131n\u0131 zay\u0131flatmaya dayand\u0131rmakta ve zay\u0131f kurumlarla par\u00e7alanm\u0131\u015f bir \u00fclke istemektedir.<\/p>\n<p>Buna kar\u015f\u0131n, T\u00fcrkiye, K\u00fcrtleri kontrol alt\u0131nda tutan ve Ankara&#8217;n\u0131n i\u015f birli\u011fi ile Suriye\u2019nin yeniden in\u015fas\u0131n\u0131 s\u00fcrd\u00fcren istikrarl\u0131 bir merkezi h\u00fck\u00fcmeti arzulamaktad\u0131r. Bu temel \u00e7eli\u015fki, derin bir gerilimin zeminini olu\u015fturmu\u015ftur.<\/p>\n<p>Analistler, Tel Aviv ve Ankara aras\u0131nda bir ileti\u015fim kanal\u0131n\u0131n olmay\u0131\u015f\u0131n\u0131n hata hesaplamas\u0131na ve do\u011frudan \u00e7at\u0131\u015fmaya yol a\u00e7abilece\u011fi konusunda uyar\u0131yor. \u00d6zellikle T\u00fcrkiye, a\u00e7\u0131k\u00e7a yan\u0131t vermeye karar verirse veya Suriye&#8217;deki \u0130srail hedeflerini tehdit ederse.<\/p>\n<p>Bu sessiz kar\u015f\u0131la\u015fman\u0131n as\u0131l kurban\u0131, bir kez daha g\u00fc\u00e7lerin rekabetinde yanma tehlikesiyle kar\u015f\u0131 kar\u015f\u0131ya kalan sava\u015f yorgunu Suriye halk\u0131d\u0131r.<\/p>\n","protected":false},"excerpt":{"rendered":"<p>T\u00fcrkiye ve \u0130srail\u2019in Suriye&#8217;deki Sessiz Sava\u015f\u0131; Par\u00e7alanm\u0131\u015f Bir \u00dclkenin Gelece\u011fi \u0130\u00e7in Rekabet Suriye, y\u0131llar s\u00fcren sava\u015ftan sonra politik d\u00fczenini yeniden tan\u0131mlama ve yeniden in\u015fa etme a\u015famas\u0131na geldi\u011finde, b\u00f6lgesel iki g\u00fc\u00e7 olan T\u00fcrkiye ve \u0130srail aras\u0131ndaki artan rekabet, bu \u00fclkenin vek\u00e2let sava\u015flar\u0131na yeniden s\u00fcr\u00fcklenme tehlikesini her zamankinden daha fazla art\u0131rm\u0131\u015ft\u0131r. \ud83d\udc48\ud83c\udffbArkada\u015f\u0131m\u0131z\u0131n bu konu hakk\u0131ndaki raporunu inceleyelim.\ud83d\udc49\ud83c\udffb &hellip;<\/p>\n","protected":false},"author":1,"featured_media":117765,"comment_status":"open","ping_status":"open","sticky":false,"template":"","format":"standard","meta":{"rop_custom_images_group":[],"rop_custom_messages_group":[],"rop_publish_now":"initial","rop_publish_now_accounts":[],"rop_publish_now_history":[],"rop_publish_now_status":"pending","footnotes":""},"categories":[13],"tags":[],"class_list":["post-117766","post","type-post","status-publish","format-standard","has-post-thumbnail","hentry","category-syria"],"_wp_page_template":null,"_wp_attached_file":null,"_wp_attachment_metadata":null,"_edit_lock":null,"yoast_head":"<!-- This site is optimized with the Yoast SEO plugin v24.3 - https:\/\/yoast.com\/wordpress\/plugins\/seo\/ -->\n<title>T\u00fcrkiye ve \u0130srail\u2019in Suriye&#039;deki Sessiz Sava\u015f\u0131; Par\u00e7alanm\u0131\u015f Bir \u00dclkenin Gelece\u011fi \u0130\u00e7in Rekabet - ShiaWaves Turkish - \u015eia Haberleri<\/title>\n<meta name=\"robots\" content=\"index, follow, max-snippet:-1, max-image-preview:large, max-video-preview:-1\" \/>\n<link rel=\"canonical\" href=\"https:\/\/shiawaves.com\/turkish\/2025\/09\/26\/turkiye-ve-israilin-suriyedeki-sessiz-savasi-parcalanmis-bir-ulkenin-gelecegi-icin-rekabet\/\" \/>\n<meta property=\"og:locale\" content=\"tr_TR\" \/>\n<meta property=\"og:type\" content=\"article\" \/>\n<meta property=\"og:title\" content=\"T\u00fcrkiye ve \u0130srail\u2019in Suriye&#039;deki Sessiz Sava\u015f\u0131; Par\u00e7alanm\u0131\u015f Bir \u00dclkenin Gelece\u011fi \u0130\u00e7in Rekabet - ShiaWaves Turkish - \u015eia Haberleri\" \/>\n<meta property=\"og:description\" content=\"T\u00fcrkiye ve \u0130srail\u2019in Suriye&#8217;deki Sessiz Sava\u015f\u0131; Par\u00e7alanm\u0131\u015f Bir \u00dclkenin Gelece\u011fi \u0130\u00e7in Rekabet Suriye, y\u0131llar s\u00fcren sava\u015ftan sonra politik d\u00fczenini yeniden tan\u0131mlama ve yeniden in\u015fa etme a\u015famas\u0131na geldi\u011finde, b\u00f6lgesel iki g\u00fc\u00e7 olan T\u00fcrkiye ve \u0130srail aras\u0131ndaki artan rekabet, bu \u00fclkenin vek\u00e2let sava\u015flar\u0131na yeniden s\u00fcr\u00fcklenme tehlikesini her zamankinden daha fazla art\u0131rm\u0131\u015ft\u0131r. \ud83d\udc48\ud83c\udffbArkada\u015f\u0131m\u0131z\u0131n bu konu hakk\u0131ndaki raporunu inceleyelim.\ud83d\udc49\ud83c\udffb &hellip;\" \/>\n<meta property=\"og:url\" content=\"https:\/\/shiawaves.com\/turkish\/2025\/09\/26\/turkiye-ve-israilin-suriyedeki-sessiz-savasi-parcalanmis-bir-ulkenin-gelecegi-icin-rekabet\/\" \/>\n<meta property=\"og:site_name\" content=\"ShiaWaves Turkish - \u015eia Haberleri\" \/>\n<meta property=\"article:published_time\" content=\"2025-09-26T14:01:24+00:00\" \/>\n<meta name=\"author\" content=\"modir\" \/>\n<meta name=\"twitter:card\" content=\"summary_large_image\" \/>\n<meta name=\"twitter:label1\" content=\"Yazan:\" \/>\n\t<meta name=\"twitter:data1\" content=\"modir\" \/>\n\t<meta name=\"twitter:label2\" content=\"Tahmini okuma s\u00fcresi\" \/>\n\t<meta name=\"twitter:data2\" content=\"2 dakika\" \/>\n<script type=\"application\/ld+json\" class=\"yoast-schema-graph\">{\"@context\":\"https:\/\/schema.org\",\"@graph\":[{\"@type\":\"WebPage\",\"@id\":\"https:\/\/shiawaves.com\/turkish\/2025\/09\/26\/turkiye-ve-israilin-suriyedeki-sessiz-savasi-parcalanmis-bir-ulkenin-gelecegi-icin-rekabet\/\",\"url\":\"https:\/\/shiawaves.com\/turkish\/2025\/09\/26\/turkiye-ve-israilin-suriyedeki-sessiz-savasi-parcalanmis-bir-ulkenin-gelecegi-icin-rekabet\/\",\"name\":\"T\u00fcrkiye ve \u0130srail\u2019in Suriye'deki Sessiz Sava\u015f\u0131; Par\u00e7alanm\u0131\u015f Bir \u00dclkenin Gelece\u011fi \u0130\u00e7in Rekabet - ShiaWaves Turkish - \u015eia Haberleri\",\"isPartOf\":{\"@id\":\"https:\/\/shiawaves.com\/turkish\/#website\"},\"primaryImageOfPage\":{\"@id\":\"https:\/\/shiawaves.com\/turkish\/2025\/09\/26\/turkiye-ve-israilin-suriyedeki-sessiz-savasi-parcalanmis-bir-ulkenin-gelecegi-icin-rekabet\/#primaryimage\"},\"image\":{\"@id\":\"https:\/\/shiawaves.com\/turkish\/2025\/09\/26\/turkiye-ve-israilin-suriyedeki-sessiz-savasi-parcalanmis-bir-ulkenin-gelecegi-icin-rekabet\/#primaryimage\"},\"thumbnailUrl\":\"https:\/\/shiawaves.com\/turkish\/wp-content\/uploads\/sites\/6\/2025\/09\/file_1284.jpg\",\"datePublished\":\"2025-09-26T14:01:24+00:00\",\"dateModified\":\"2025-09-26T14:01:24+00:00\",\"author\":{\"@id\":\"https:\/\/shiawaves.com\/turkish\/#\/schema\/person\/9f68d5023e948086b9348fba5aebd954\"},\"breadcrumb\":{\"@id\":\"https:\/\/shiawaves.com\/turkish\/2025\/09\/26\/turkiye-ve-israilin-suriyedeki-sessiz-savasi-parcalanmis-bir-ulkenin-gelecegi-icin-rekabet\/#breadcrumb\"},\"inLanguage\":\"tr\",\"potentialAction\":[{\"@type\":\"ReadAction\",\"target\":[\"https:\/\/shiawaves.com\/turkish\/2025\/09\/26\/turkiye-ve-israilin-suriyedeki-sessiz-savasi-parcalanmis-bir-ulkenin-gelecegi-icin-rekabet\/\"]}]},{\"@type\":\"ImageObject\",\"inLanguage\":\"tr\",\"@id\":\"https:\/\/shiawaves.com\/turkish\/2025\/09\/26\/turkiye-ve-israilin-suriyedeki-sessiz-savasi-parcalanmis-bir-ulkenin-gelecegi-icin-rekabet\/#primaryimage\",\"url\":\"https:\/\/shiawaves.com\/turkish\/wp-content\/uploads\/sites\/6\/2025\/09\/file_1284.jpg\",\"contentUrl\":\"https:\/\/shiawaves.com\/turkish\/wp-content\/uploads\/sites\/6\/2025\/09\/file_1284.jpg\",\"width\":800,\"height\":450},{\"@type\":\"BreadcrumbList\",\"@id\":\"https:\/\/shiawaves.com\/turkish\/2025\/09\/26\/turkiye-ve-israilin-suriyedeki-sessiz-savasi-parcalanmis-bir-ulkenin-gelecegi-icin-rekabet\/#breadcrumb\",\"itemListElement\":[{\"@type\":\"ListItem\",\"position\":1,\"name\":\"Home\",\"item\":\"https:\/\/shiawaves.com\/turkish\/\"},{\"@type\":\"ListItem\",\"position\":2,\"name\":\"T\u00fcrkiye ve \u0130srail\u2019in Suriye&#8217;deki Sessiz Sava\u015f\u0131; Par\u00e7alanm\u0131\u015f Bir \u00dclkenin Gelece\u011fi \u0130\u00e7in Rekabet\"}]},{\"@type\":\"WebSite\",\"@id\":\"https:\/\/shiawaves.com\/turkish\/#website\",\"url\":\"https:\/\/shiawaves.com\/turkish\/\",\"name\":\"ShiaWaves Turkish - \u015eia Haberleri\",\"description\":\"\",\"potentialAction\":[{\"@type\":\"SearchAction\",\"target\":{\"@type\":\"EntryPoint\",\"urlTemplate\":\"https:\/\/shiawaves.com\/turkish\/?s={search_term_string}\"},\"query-input\":{\"@type\":\"PropertyValueSpecification\",\"valueRequired\":true,\"valueName\":\"search_term_string\"}}],\"inLanguage\":\"tr\"},{\"@type\":\"Person\",\"@id\":\"https:\/\/shiawaves.com\/turkish\/#\/schema\/person\/9f68d5023e948086b9348fba5aebd954\",\"name\":\"modir\",\"image\":{\"@type\":\"ImageObject\",\"inLanguage\":\"tr\",\"@id\":\"https:\/\/shiawaves.com\/turkish\/#\/schema\/person\/image\/\",\"url\":\"https:\/\/secure.gravatar.com\/avatar\/8e76f93cdbdd480bd8918d1e0e1d938664c9cb1516c2a57a2b96fe50b507a6b9?s=96&d=mm&r=g\",\"contentUrl\":\"https:\/\/secure.gravatar.com\/avatar\/8e76f93cdbdd480bd8918d1e0e1d938664c9cb1516c2a57a2b96fe50b507a6b9?s=96&d=mm&r=g\",\"caption\":\"modir\"},\"sameAs\":[\"https:\/\/shiawaves.com\"],\"url\":\"https:\/\/shiawaves.com\/turkish\/author\/modir\/\"}]}<\/script>\n<!-- \/ Yoast SEO plugin. -->","yoast_head_json":{"title":"T\u00fcrkiye ve \u0130srail\u2019in Suriye'deki Sessiz Sava\u015f\u0131; Par\u00e7alanm\u0131\u015f Bir \u00dclkenin Gelece\u011fi \u0130\u00e7in Rekabet - ShiaWaves Turkish - \u015eia Haberleri","robots":{"index":"index","follow":"follow","max-snippet":"max-snippet:-1","max-image-preview":"max-image-preview:large","max-video-preview":"max-video-preview:-1"},"canonical":"https:\/\/shiawaves.com\/turkish\/2025\/09\/26\/turkiye-ve-israilin-suriyedeki-sessiz-savasi-parcalanmis-bir-ulkenin-gelecegi-icin-rekabet\/","og_locale":"tr_TR","og_type":"article","og_title":"T\u00fcrkiye ve \u0130srail\u2019in Suriye'deki Sessiz Sava\u015f\u0131; Par\u00e7alanm\u0131\u015f Bir \u00dclkenin Gelece\u011fi \u0130\u00e7in Rekabet - ShiaWaves Turkish - \u015eia Haberleri","og_description":"T\u00fcrkiye ve \u0130srail\u2019in Suriye&#8217;deki Sessiz Sava\u015f\u0131; Par\u00e7alanm\u0131\u015f Bir \u00dclkenin Gelece\u011fi \u0130\u00e7in Rekabet Suriye, y\u0131llar s\u00fcren sava\u015ftan sonra politik d\u00fczenini yeniden tan\u0131mlama ve yeniden in\u015fa etme a\u015famas\u0131na geldi\u011finde, b\u00f6lgesel iki g\u00fc\u00e7 olan T\u00fcrkiye ve \u0130srail aras\u0131ndaki artan rekabet, bu \u00fclkenin vek\u00e2let sava\u015flar\u0131na yeniden s\u00fcr\u00fcklenme tehlikesini her zamankinden daha fazla art\u0131rm\u0131\u015ft\u0131r. \ud83d\udc48\ud83c\udffbArkada\u015f\u0131m\u0131z\u0131n bu konu hakk\u0131ndaki raporunu inceleyelim.\ud83d\udc49\ud83c\udffb &hellip;","og_url":"https:\/\/shiawaves.com\/turkish\/2025\/09\/26\/turkiye-ve-israilin-suriyedeki-sessiz-savasi-parcalanmis-bir-ulkenin-gelecegi-icin-rekabet\/","og_site_name":"ShiaWaves Turkish - \u015eia Haberleri","article_published_time":"2025-09-26T14:01:24+00:00","author":"modir","twitter_card":"summary_large_image","twitter_misc":{"Yazan:":"modir","Tahmini okuma s\u00fcresi":"2 dakika"},"schema":{"@context":"https:\/\/schema.org","@graph":[{"@type":"WebPage","@id":"https:\/\/shiawaves.com\/turkish\/2025\/09\/26\/turkiye-ve-israilin-suriyedeki-sessiz-savasi-parcalanmis-bir-ulkenin-gelecegi-icin-rekabet\/","url":"https:\/\/shiawaves.com\/turkish\/2025\/09\/26\/turkiye-ve-israilin-suriyedeki-sessiz-savasi-parcalanmis-bir-ulkenin-gelecegi-icin-rekabet\/","name":"T\u00fcrkiye ve \u0130srail\u2019in Suriye'deki Sessiz Sava\u015f\u0131; Par\u00e7alanm\u0131\u015f Bir \u00dclkenin Gelece\u011fi \u0130\u00e7in Rekabet - ShiaWaves Turkish - \u015eia Haberleri","isPartOf":{"@id":"https:\/\/shiawaves.com\/turkish\/#website"},"primaryImageOfPage":{"@id":"https:\/\/shiawaves.com\/turkish\/2025\/09\/26\/turkiye-ve-israilin-suriyedeki-sessiz-savasi-parcalanmis-bir-ulkenin-gelecegi-icin-rekabet\/#primaryimage"},"image":{"@id":"https:\/\/shiawaves.com\/turkish\/2025\/09\/26\/turkiye-ve-israilin-suriyedeki-sessiz-savasi-parcalanmis-bir-ulkenin-gelecegi-icin-rekabet\/#primaryimage"},"thumbnailUrl":"https:\/\/shiawaves.com\/turkish\/wp-content\/uploads\/sites\/6\/2025\/09\/file_1284.jpg","datePublished":"2025-09-26T14:01:24+00:00","dateModified":"2025-09-26T14:01:24+00:00","author":{"@id":"https:\/\/shiawaves.com\/turkish\/#\/schema\/person\/9f68d5023e948086b9348fba5aebd954"},"breadcrumb":{"@id":"https:\/\/shiawaves.com\/turkish\/2025\/09\/26\/turkiye-ve-israilin-suriyedeki-sessiz-savasi-parcalanmis-bir-ulkenin-gelecegi-icin-rekabet\/#breadcrumb"},"inLanguage":"tr","potentialAction":[{"@type":"ReadAction","target":["https:\/\/shiawaves.com\/turkish\/2025\/09\/26\/turkiye-ve-israilin-suriyedeki-sessiz-savasi-parcalanmis-bir-ulkenin-gelecegi-icin-rekabet\/"]}]},{"@type":"ImageObject","inLanguage":"tr","@id":"https:\/\/shiawaves.com\/turkish\/2025\/09\/26\/turkiye-ve-israilin-suriyedeki-sessiz-savasi-parcalanmis-bir-ulkenin-gelecegi-icin-rekabet\/#primaryimage","url":"https:\/\/shiawaves.com\/turkish\/wp-content\/uploads\/sites\/6\/2025\/09\/file_1284.jpg","contentUrl":"https:\/\/shiawaves.com\/turkish\/wp-content\/uploads\/sites\/6\/2025\/09\/file_1284.jpg","width":800,"height":450},{"@type":"BreadcrumbList","@id":"https:\/\/shiawaves.com\/turkish\/2025\/09\/26\/turkiye-ve-israilin-suriyedeki-sessiz-savasi-parcalanmis-bir-ulkenin-gelecegi-icin-rekabet\/#breadcrumb","itemListElement":[{"@type":"ListItem","position":1,"name":"Home","item":"https:\/\/shiawaves.com\/turkish\/"},{"@type":"ListItem","position":2,"name":"T\u00fcrkiye ve \u0130srail\u2019in Suriye&#8217;deki Sessiz Sava\u015f\u0131; Par\u00e7alanm\u0131\u015f Bir \u00dclkenin Gelece\u011fi \u0130\u00e7in Rekabet"}]},{"@type":"WebSite","@id":"https:\/\/shiawaves.com\/turkish\/#website","url":"https:\/\/shiawaves.com\/turkish\/","name":"ShiaWaves Turkish - \u015eia Haberleri","description":"","potentialAction":[{"@type":"SearchAction","target":{"@type":"EntryPoint","urlTemplate":"https:\/\/shiawaves.com\/turkish\/?s={search_term_string}"},"query-input":{"@type":"PropertyValueSpecification","valueRequired":true,"valueName":"search_term_string"}}],"inLanguage":"tr"},{"@type":"Person","@id":"https:\/\/shiawaves.com\/turkish\/#\/schema\/person\/9f68d5023e948086b9348fba5aebd954","name":"modir","image":{"@type":"ImageObject","inLanguage":"tr","@id":"https:\/\/shiawaves.com\/turkish\/#\/schema\/person\/image\/","url":"https:\/\/secure.gravatar.com\/avatar\/8e76f93cdbdd480bd8918d1e0e1d938664c9cb1516c2a57a2b96fe50b507a6b9?s=96&d=mm&r=g","contentUrl":"https:\/\/secure.gravatar.com\/avatar\/8e76f93cdbdd480bd8918d1e0e1d938664c9cb1516c2a57a2b96fe50b507a6b9?s=96&d=mm&r=g","caption":"modir"},"sameAs":["https:\/\/shiawaves.com"],"url":"https:\/\/shiawaves.com\/turkish\/author\/modir\/"}]}},"_links":{"self":[{"href":"https:\/\/shiawaves.com\/turkish\/wp-json\/wp\/v2\/posts\/117766","targetHints":{"allow":["GET"]}}],"collection":[{"href":"https:\/\/shiawaves.com\/turkish\/wp-json\/wp\/v2\/posts"}],"about":[{"href":"https:\/\/shiawaves.com\/turkish\/wp-json\/wp\/v2\/types\/post"}],"author":[{"embeddable":true,"href":"https:\/\/shiawaves.com\/turkish\/wp-json\/wp\/v2\/users\/1"}],"replies":[{"embeddable":true,"href":"https:\/\/shiawaves.com\/turkish\/wp-json\/wp\/v2\/comments?post=117766"}],"version-history":[{"count":0,"href":"https:\/\/shiawaves.com\/turkish\/wp-json\/wp\/v2\/posts\/117766\/revisions"}],"wp:featuredmedia":[{"embeddable":true,"href":"https:\/\/shiawaves.com\/turkish\/wp-json\/wp\/v2\/media\/117765"}],"wp:attachment":[{"href":"https:\/\/shiawaves.com\/turkish\/wp-json\/wp\/v2\/media?parent=117766"}],"wp:term":[{"taxonomy":"category","embeddable":true,"href":"https:\/\/shiawaves.com\/turkish\/wp-json\/wp\/v2\/categories?post=117766"},{"taxonomy":"post_tag","embeddable":true,"href":"https:\/\/shiawaves.com\/turkish\/wp-json\/wp\/v2\/tags?post=117766"}],"curies":[{"name":"wp","href":"https:\/\/api.w.org\/{rel}","templated":true}]}}