{"id":117764,"date":"2025-09-26T14:01:07","date_gmt":"2025-09-26T11:01:07","guid":{"rendered":"https:\/\/shiawaves.com\/turkish\/2025\/09\/26\/almanyada-gencler-icin-siyasi-iceriklerin-baslica-kaynagi-instagram-ve-tiktok\/"},"modified":"2025-09-26T14:01:07","modified_gmt":"2025-09-26T11:01:07","slug":"almanyada-gencler-icin-siyasi-iceriklerin-baslica-kaynagi-instagram-ve-tiktok","status":"publish","type":"post","link":"https:\/\/shiawaves.com\/turkish\/2025\/09\/26\/almanyada-gencler-icin-siyasi-iceriklerin-baslica-kaynagi-instagram-ve-tiktok\/","title":{"rendered":"Almanya&#8217;da Gen\u00e7ler \u0130\u00e7in Siyasi \u0130\u00e7eriklerin Ba\u015fl\u0131ca Kayna\u011f\u0131: Instagram ve TikTok"},"content":{"rendered":"<p>Almanya&#8217;da Gen\u00e7ler \u0130\u00e7in Siyasi \u0130\u00e7eriklerin Ba\u015fl\u0131ca Kayna\u011f\u0131: Instagram ve TikTok<\/p>\n<p>Bertelsmann Vakf\u0131 taraf\u0131ndan yap\u0131lan bir \u00e7al\u0131\u015fma, Almanya&#8217;da 16 ile 27 ya\u015f aras\u0131ndaki gen\u00e7lerin siyasi i\u00e7eriklere en \u00e7ok Instagram ve TikTok \u00fczerinden ula\u015ft\u0131klar\u0131n\u0131 ortaya koydu.<\/p>\n<p>Deutsche Welle arac\u0131l\u0131\u011f\u0131yla \u015eii Haber Ajans\u0131 taraf\u0131ndan aktar\u0131lan habere g\u00f6re, 31 bin video analiz edilerek ve 1748 ki\u015fiyle yap\u0131lan anket do\u011frultusunda, gen\u00e7lerin yar\u0131s\u0131 siyasi i\u00e7erikleri algoritmalar taraf\u0131ndan belirlenen ak\u0131\u015flardan takip ediyor ve %60&#8217;\u0131 ise siyasi etki sahiplerinin hesaplar\u0131n\u0131 inceliyor.<\/p>\n<p>Ara\u015ft\u0131rmac\u0131lar, kaliteli i\u00e7eriklerin, net seslerin ve d\u00fcr\u00fcst mesajlar\u0131n en fazla etkile\u015fimi sa\u011flad\u0131\u011f\u0131n\u0131 vurgulad\u0131.<\/p>\n","protected":false},"excerpt":{"rendered":"<p>Almanya&#8217;da Gen\u00e7ler \u0130\u00e7in Siyasi \u0130\u00e7eriklerin Ba\u015fl\u0131ca Kayna\u011f\u0131: Instagram ve TikTok Bertelsmann Vakf\u0131 taraf\u0131ndan yap\u0131lan bir \u00e7al\u0131\u015fma, Almanya&#8217;da 16 ile 27 ya\u015f aras\u0131ndaki gen\u00e7lerin siyasi i\u00e7eriklere en \u00e7ok Instagram ve TikTok \u00fczerinden ula\u015ft\u0131klar\u0131n\u0131 ortaya koydu. Deutsche Welle arac\u0131l\u0131\u011f\u0131yla \u015eii Haber Ajans\u0131 taraf\u0131ndan aktar\u0131lan habere g\u00f6re, 31 bin video analiz edilerek ve 1748 ki\u015fiyle yap\u0131lan anket do\u011frultusunda, &hellip;<\/p>\n","protected":false},"author":1,"featured_media":117763,"comment_status":"open","ping_status":"open","sticky":false,"template":"","format":"standard","meta":{"rop_custom_images_group":[],"rop_custom_messages_group":[],"rop_publish_now":"initial","rop_publish_now_accounts":[],"rop_publish_now_history":[],"rop_publish_now_status":"pending","footnotes":""},"categories":[71],"tags":[],"class_list":["post-117764","post","type-post","status-publish","format-standard","has-post-thumbnail","hentry","category-germany"],"_wp_page_template":null,"_wp_attached_file":null,"_wp_attachment_metadata":null,"_edit_lock":null,"yoast_head":"<!-- This site is optimized with the Yoast SEO plugin v24.3 - https:\/\/yoast.com\/wordpress\/plugins\/seo\/ -->\n<title>Almanya&#039;da Gen\u00e7ler \u0130\u00e7in Siyasi \u0130\u00e7eriklerin Ba\u015fl\u0131ca Kayna\u011f\u0131: Instagram ve TikTok - ShiaWaves Turkish - \u015eia Haberleri<\/title>\n<meta name=\"robots\" content=\"index, follow, max-snippet:-1, max-image-preview:large, max-video-preview:-1\" \/>\n<link rel=\"canonical\" href=\"https:\/\/shiawaves.com\/turkish\/2025\/09\/26\/almanyada-gencler-icin-siyasi-iceriklerin-baslica-kaynagi-instagram-ve-tiktok\/\" \/>\n<meta property=\"og:locale\" content=\"tr_TR\" \/>\n<meta property=\"og:type\" content=\"article\" \/>\n<meta property=\"og:title\" content=\"Almanya&#039;da Gen\u00e7ler \u0130\u00e7in Siyasi \u0130\u00e7eriklerin Ba\u015fl\u0131ca Kayna\u011f\u0131: Instagram ve TikTok - ShiaWaves Turkish - \u015eia Haberleri\" \/>\n<meta property=\"og:description\" content=\"Almanya&#8217;da Gen\u00e7ler \u0130\u00e7in Siyasi \u0130\u00e7eriklerin Ba\u015fl\u0131ca Kayna\u011f\u0131: Instagram ve TikTok Bertelsmann Vakf\u0131 taraf\u0131ndan yap\u0131lan bir \u00e7al\u0131\u015fma, Almanya&#8217;da 16 ile 27 ya\u015f aras\u0131ndaki gen\u00e7lerin siyasi i\u00e7eriklere en \u00e7ok Instagram ve TikTok \u00fczerinden ula\u015ft\u0131klar\u0131n\u0131 ortaya koydu. Deutsche Welle arac\u0131l\u0131\u011f\u0131yla \u015eii Haber Ajans\u0131 taraf\u0131ndan aktar\u0131lan habere g\u00f6re, 31 bin video analiz edilerek ve 1748 ki\u015fiyle yap\u0131lan anket do\u011frultusunda, &hellip;\" \/>\n<meta property=\"og:url\" content=\"https:\/\/shiawaves.com\/turkish\/2025\/09\/26\/almanyada-gencler-icin-siyasi-iceriklerin-baslica-kaynagi-instagram-ve-tiktok\/\" \/>\n<meta property=\"og:site_name\" content=\"ShiaWaves Turkish - \u015eia Haberleri\" \/>\n<meta property=\"article:published_time\" content=\"2025-09-26T11:01:07+00:00\" \/>\n<meta name=\"author\" content=\"modir\" \/>\n<meta name=\"twitter:card\" content=\"summary_large_image\" \/>\n<meta name=\"twitter:label1\" content=\"Yazan:\" \/>\n\t<meta name=\"twitter:data1\" content=\"modir\" \/>\n\t<meta name=\"twitter:label2\" content=\"Tahmini okuma s\u00fcresi\" \/>\n\t<meta name=\"twitter:data2\" content=\"1 dakika\" \/>\n<script type=\"application\/ld+json\" class=\"yoast-schema-graph\">{\"@context\":\"https:\/\/schema.org\",\"@graph\":[{\"@type\":\"WebPage\",\"@id\":\"https:\/\/shiawaves.com\/turkish\/2025\/09\/26\/almanyada-gencler-icin-siyasi-iceriklerin-baslica-kaynagi-instagram-ve-tiktok\/\",\"url\":\"https:\/\/shiawaves.com\/turkish\/2025\/09\/26\/almanyada-gencler-icin-siyasi-iceriklerin-baslica-kaynagi-instagram-ve-tiktok\/\",\"name\":\"Almanya'da Gen\u00e7ler \u0130\u00e7in Siyasi \u0130\u00e7eriklerin Ba\u015fl\u0131ca Kayna\u011f\u0131: Instagram ve TikTok - ShiaWaves Turkish - \u015eia Haberleri\",\"isPartOf\":{\"@id\":\"https:\/\/shiawaves.com\/turkish\/#website\"},\"primaryImageOfPage\":{\"@id\":\"https:\/\/shiawaves.com\/turkish\/2025\/09\/26\/almanyada-gencler-icin-siyasi-iceriklerin-baslica-kaynagi-instagram-ve-tiktok\/#primaryimage\"},\"image\":{\"@id\":\"https:\/\/shiawaves.com\/turkish\/2025\/09\/26\/almanyada-gencler-icin-siyasi-iceriklerin-baslica-kaynagi-instagram-ve-tiktok\/#primaryimage\"},\"thumbnailUrl\":\"https:\/\/shiawaves.com\/turkish\/wp-content\/uploads\/sites\/6\/2025\/09\/file_1283.jpg\",\"datePublished\":\"2025-09-26T11:01:07+00:00\",\"dateModified\":\"2025-09-26T11:01:07+00:00\",\"author\":{\"@id\":\"https:\/\/shiawaves.com\/turkish\/#\/schema\/person\/9f68d5023e948086b9348fba5aebd954\"},\"breadcrumb\":{\"@id\":\"https:\/\/shiawaves.com\/turkish\/2025\/09\/26\/almanyada-gencler-icin-siyasi-iceriklerin-baslica-kaynagi-instagram-ve-tiktok\/#breadcrumb\"},\"inLanguage\":\"tr\",\"potentialAction\":[{\"@type\":\"ReadAction\",\"target\":[\"https:\/\/shiawaves.com\/turkish\/2025\/09\/26\/almanyada-gencler-icin-siyasi-iceriklerin-baslica-kaynagi-instagram-ve-tiktok\/\"]}]},{\"@type\":\"ImageObject\",\"inLanguage\":\"tr\",\"@id\":\"https:\/\/shiawaves.com\/turkish\/2025\/09\/26\/almanyada-gencler-icin-siyasi-iceriklerin-baslica-kaynagi-instagram-ve-tiktok\/#primaryimage\",\"url\":\"https:\/\/shiawaves.com\/turkish\/wp-content\/uploads\/sites\/6\/2025\/09\/file_1283.jpg\",\"contentUrl\":\"https:\/\/shiawaves.com\/turkish\/wp-content\/uploads\/sites\/6\/2025\/09\/file_1283.jpg\",\"width\":800,\"height\":421},{\"@type\":\"BreadcrumbList\",\"@id\":\"https:\/\/shiawaves.com\/turkish\/2025\/09\/26\/almanyada-gencler-icin-siyasi-iceriklerin-baslica-kaynagi-instagram-ve-tiktok\/#breadcrumb\",\"itemListElement\":[{\"@type\":\"ListItem\",\"position\":1,\"name\":\"Home\",\"item\":\"https:\/\/shiawaves.com\/turkish\/\"},{\"@type\":\"ListItem\",\"position\":2,\"name\":\"Almanya&#8217;da Gen\u00e7ler \u0130\u00e7in Siyasi \u0130\u00e7eriklerin Ba\u015fl\u0131ca Kayna\u011f\u0131: Instagram ve TikTok\"}]},{\"@type\":\"WebSite\",\"@id\":\"https:\/\/shiawaves.com\/turkish\/#website\",\"url\":\"https:\/\/shiawaves.com\/turkish\/\",\"name\":\"ShiaWaves Turkish - \u015eia Haberleri\",\"description\":\"\",\"potentialAction\":[{\"@type\":\"SearchAction\",\"target\":{\"@type\":\"EntryPoint\",\"urlTemplate\":\"https:\/\/shiawaves.com\/turkish\/?s={search_term_string}\"},\"query-input\":{\"@type\":\"PropertyValueSpecification\",\"valueRequired\":true,\"valueName\":\"search_term_string\"}}],\"inLanguage\":\"tr\"},{\"@type\":\"Person\",\"@id\":\"https:\/\/shiawaves.com\/turkish\/#\/schema\/person\/9f68d5023e948086b9348fba5aebd954\",\"name\":\"modir\",\"image\":{\"@type\":\"ImageObject\",\"inLanguage\":\"tr\",\"@id\":\"https:\/\/shiawaves.com\/turkish\/#\/schema\/person\/image\/\",\"url\":\"https:\/\/secure.gravatar.com\/avatar\/8e76f93cdbdd480bd8918d1e0e1d938664c9cb1516c2a57a2b96fe50b507a6b9?s=96&d=mm&r=g\",\"contentUrl\":\"https:\/\/secure.gravatar.com\/avatar\/8e76f93cdbdd480bd8918d1e0e1d938664c9cb1516c2a57a2b96fe50b507a6b9?s=96&d=mm&r=g\",\"caption\":\"modir\"},\"sameAs\":[\"https:\/\/shiawaves.com\"],\"url\":\"https:\/\/shiawaves.com\/turkish\/author\/modir\/\"}]}<\/script>\n<!-- \/ Yoast SEO plugin. -->","yoast_head_json":{"title":"Almanya'da Gen\u00e7ler \u0130\u00e7in Siyasi \u0130\u00e7eriklerin Ba\u015fl\u0131ca Kayna\u011f\u0131: Instagram ve TikTok - ShiaWaves Turkish - \u015eia Haberleri","robots":{"index":"index","follow":"follow","max-snippet":"max-snippet:-1","max-image-preview":"max-image-preview:large","max-video-preview":"max-video-preview:-1"},"canonical":"https:\/\/shiawaves.com\/turkish\/2025\/09\/26\/almanyada-gencler-icin-siyasi-iceriklerin-baslica-kaynagi-instagram-ve-tiktok\/","og_locale":"tr_TR","og_type":"article","og_title":"Almanya'da Gen\u00e7ler \u0130\u00e7in Siyasi \u0130\u00e7eriklerin Ba\u015fl\u0131ca Kayna\u011f\u0131: Instagram ve TikTok - ShiaWaves Turkish - \u015eia Haberleri","og_description":"Almanya&#8217;da Gen\u00e7ler \u0130\u00e7in Siyasi \u0130\u00e7eriklerin Ba\u015fl\u0131ca Kayna\u011f\u0131: Instagram ve TikTok Bertelsmann Vakf\u0131 taraf\u0131ndan yap\u0131lan bir \u00e7al\u0131\u015fma, Almanya&#8217;da 16 ile 27 ya\u015f aras\u0131ndaki gen\u00e7lerin siyasi i\u00e7eriklere en \u00e7ok Instagram ve TikTok \u00fczerinden ula\u015ft\u0131klar\u0131n\u0131 ortaya koydu. Deutsche Welle arac\u0131l\u0131\u011f\u0131yla \u015eii Haber Ajans\u0131 taraf\u0131ndan aktar\u0131lan habere g\u00f6re, 31 bin video analiz edilerek ve 1748 ki\u015fiyle yap\u0131lan anket do\u011frultusunda, &hellip;","og_url":"https:\/\/shiawaves.com\/turkish\/2025\/09\/26\/almanyada-gencler-icin-siyasi-iceriklerin-baslica-kaynagi-instagram-ve-tiktok\/","og_site_name":"ShiaWaves Turkish - \u015eia Haberleri","article_published_time":"2025-09-26T11:01:07+00:00","author":"modir","twitter_card":"summary_large_image","twitter_misc":{"Yazan:":"modir","Tahmini okuma s\u00fcresi":"1 dakika"},"schema":{"@context":"https:\/\/schema.org","@graph":[{"@type":"WebPage","@id":"https:\/\/shiawaves.com\/turkish\/2025\/09\/26\/almanyada-gencler-icin-siyasi-iceriklerin-baslica-kaynagi-instagram-ve-tiktok\/","url":"https:\/\/shiawaves.com\/turkish\/2025\/09\/26\/almanyada-gencler-icin-siyasi-iceriklerin-baslica-kaynagi-instagram-ve-tiktok\/","name":"Almanya'da Gen\u00e7ler \u0130\u00e7in Siyasi \u0130\u00e7eriklerin Ba\u015fl\u0131ca Kayna\u011f\u0131: Instagram ve TikTok - ShiaWaves Turkish - \u015eia Haberleri","isPartOf":{"@id":"https:\/\/shiawaves.com\/turkish\/#website"},"primaryImageOfPage":{"@id":"https:\/\/shiawaves.com\/turkish\/2025\/09\/26\/almanyada-gencler-icin-siyasi-iceriklerin-baslica-kaynagi-instagram-ve-tiktok\/#primaryimage"},"image":{"@id":"https:\/\/shiawaves.com\/turkish\/2025\/09\/26\/almanyada-gencler-icin-siyasi-iceriklerin-baslica-kaynagi-instagram-ve-tiktok\/#primaryimage"},"thumbnailUrl":"https:\/\/shiawaves.com\/turkish\/wp-content\/uploads\/sites\/6\/2025\/09\/file_1283.jpg","datePublished":"2025-09-26T11:01:07+00:00","dateModified":"2025-09-26T11:01:07+00:00","author":{"@id":"https:\/\/shiawaves.com\/turkish\/#\/schema\/person\/9f68d5023e948086b9348fba5aebd954"},"breadcrumb":{"@id":"https:\/\/shiawaves.com\/turkish\/2025\/09\/26\/almanyada-gencler-icin-siyasi-iceriklerin-baslica-kaynagi-instagram-ve-tiktok\/#breadcrumb"},"inLanguage":"tr","potentialAction":[{"@type":"ReadAction","target":["https:\/\/shiawaves.com\/turkish\/2025\/09\/26\/almanyada-gencler-icin-siyasi-iceriklerin-baslica-kaynagi-instagram-ve-tiktok\/"]}]},{"@type":"ImageObject","inLanguage":"tr","@id":"https:\/\/shiawaves.com\/turkish\/2025\/09\/26\/almanyada-gencler-icin-siyasi-iceriklerin-baslica-kaynagi-instagram-ve-tiktok\/#primaryimage","url":"https:\/\/shiawaves.com\/turkish\/wp-content\/uploads\/sites\/6\/2025\/09\/file_1283.jpg","contentUrl":"https:\/\/shiawaves.com\/turkish\/wp-content\/uploads\/sites\/6\/2025\/09\/file_1283.jpg","width":800,"height":421},{"@type":"BreadcrumbList","@id":"https:\/\/shiawaves.com\/turkish\/2025\/09\/26\/almanyada-gencler-icin-siyasi-iceriklerin-baslica-kaynagi-instagram-ve-tiktok\/#breadcrumb","itemListElement":[{"@type":"ListItem","position":1,"name":"Home","item":"https:\/\/shiawaves.com\/turkish\/"},{"@type":"ListItem","position":2,"name":"Almanya&#8217;da Gen\u00e7ler \u0130\u00e7in Siyasi \u0130\u00e7eriklerin Ba\u015fl\u0131ca Kayna\u011f\u0131: Instagram ve TikTok"}]},{"@type":"WebSite","@id":"https:\/\/shiawaves.com\/turkish\/#website","url":"https:\/\/shiawaves.com\/turkish\/","name":"ShiaWaves Turkish - \u015eia Haberleri","description":"","potentialAction":[{"@type":"SearchAction","target":{"@type":"EntryPoint","urlTemplate":"https:\/\/shiawaves.com\/turkish\/?s={search_term_string}"},"query-input":{"@type":"PropertyValueSpecification","valueRequired":true,"valueName":"search_term_string"}}],"inLanguage":"tr"},{"@type":"Person","@id":"https:\/\/shiawaves.com\/turkish\/#\/schema\/person\/9f68d5023e948086b9348fba5aebd954","name":"modir","image":{"@type":"ImageObject","inLanguage":"tr","@id":"https:\/\/shiawaves.com\/turkish\/#\/schema\/person\/image\/","url":"https:\/\/secure.gravatar.com\/avatar\/8e76f93cdbdd480bd8918d1e0e1d938664c9cb1516c2a57a2b96fe50b507a6b9?s=96&d=mm&r=g","contentUrl":"https:\/\/secure.gravatar.com\/avatar\/8e76f93cdbdd480bd8918d1e0e1d938664c9cb1516c2a57a2b96fe50b507a6b9?s=96&d=mm&r=g","caption":"modir"},"sameAs":["https:\/\/shiawaves.com"],"url":"https:\/\/shiawaves.com\/turkish\/author\/modir\/"}]}},"_links":{"self":[{"href":"https:\/\/shiawaves.com\/turkish\/wp-json\/wp\/v2\/posts\/117764","targetHints":{"allow":["GET"]}}],"collection":[{"href":"https:\/\/shiawaves.com\/turkish\/wp-json\/wp\/v2\/posts"}],"about":[{"href":"https:\/\/shiawaves.com\/turkish\/wp-json\/wp\/v2\/types\/post"}],"author":[{"embeddable":true,"href":"https:\/\/shiawaves.com\/turkish\/wp-json\/wp\/v2\/users\/1"}],"replies":[{"embeddable":true,"href":"https:\/\/shiawaves.com\/turkish\/wp-json\/wp\/v2\/comments?post=117764"}],"version-history":[{"count":0,"href":"https:\/\/shiawaves.com\/turkish\/wp-json\/wp\/v2\/posts\/117764\/revisions"}],"wp:featuredmedia":[{"embeddable":true,"href":"https:\/\/shiawaves.com\/turkish\/wp-json\/wp\/v2\/media\/117763"}],"wp:attachment":[{"href":"https:\/\/shiawaves.com\/turkish\/wp-json\/wp\/v2\/media?parent=117764"}],"wp:term":[{"taxonomy":"category","embeddable":true,"href":"https:\/\/shiawaves.com\/turkish\/wp-json\/wp\/v2\/categories?post=117764"},{"taxonomy":"post_tag","embeddable":true,"href":"https:\/\/shiawaves.com\/turkish\/wp-json\/wp\/v2\/tags?post=117764"}],"curies":[{"name":"wp","href":"https:\/\/api.w.org\/{rel}","templated":true}]}}