{"id":117636,"date":"2025-09-21T13:30:28","date_gmt":"2025-09-21T10:30:28","guid":{"rendered":"https:\/\/shiawaves.com\/turkish\/2025\/09\/21\/uluslararasi-topluluktan-taliban-kontrolundeki-afganistana-13-milyar-dolarlik-yardim\/"},"modified":"2025-09-21T13:30:28","modified_gmt":"2025-09-21T10:30:28","slug":"uluslararasi-topluluktan-taliban-kontrolundeki-afganistana-13-milyar-dolarlik-yardim","status":"publish","type":"post","link":"https:\/\/shiawaves.com\/turkish\/2025\/09\/21\/uluslararasi-topluluktan-taliban-kontrolundeki-afganistana-13-milyar-dolarlik-yardim\/","title":{"rendered":"Uluslararas\u0131 topluluktan Taliban Kontrol\u00fcndeki Afganistan&#8217;a 13 Milyar Dolarl\u0131k Yard\u0131m"},"content":{"rendered":"<p>Uluslararas\u0131 topluluktan Taliban Kontrol\u00fcndeki Afganistan&#8217;a 13 Milyar Dolarl\u0131k Yard\u0131m<\/p>\n<p>Birle\u015fmi\u015f Milletler&#8217;in Afganistan \u00d6zel Temsilcisi Rosa Otunbayeva, Afgan gen\u00e7li\u011finin f\u0131rsatlar\u0131 kaybetme riski alt\u0131nda oldu\u011funa dair uyar\u0131da bulundu.<\/p>\n<p>\ud83d\udc48\ud83c\udffbArkada\u015f\u0131m\u0131z\u0131n bu konu hakk\u0131ndaki raporunu inceleyelim.\ud83d\udc49\ud83c\udffb<\/p>\n<p>Birle\u015fmi\u015f Milletler Genel Sekreteri&#8217;nin Afganistan \u00d6zel Temsilcisi Rosa Otunbayeva, \u00c7ar\u015famba g\u00fcn\u00fc (17 Eyl\u00fcl) G\u00fcvenlik Konseyi&#8217;ne sundu\u011fu bir raporda, Taliban&#8217;\u0131n iktidara d\u00f6n\u00fc\u015f\u00fcnden bu yana uluslararas\u0131 toplumun Afganistan&#8217;a yakla\u015f\u0131k 13 milyar dolar yard\u0131mda bulundu\u011funu a\u00e7\u0131klad\u0131.<\/p>\n<p>Bu miktar\u0131n 7,9 milyar dolar\u0131 insani yard\u0131mlar, 4,9 milyar dolar\u0131 ise temel ihtiya\u00e7lar\u0131n kar\u015f\u0131lanmas\u0131 i\u00e7in kullan\u0131ld\u0131.<\/p>\n<p>Bu yard\u0131mlara ra\u011fmen, yoksulluk yayg\u0131n olarak devam ediyor ve kom\u015fu \u00fclkelerden milyonlarca Afgan g\u00f6\u00e7menin geri d\u00f6n\u00fc\u015f\u00fc, \u00fclkenin sosyal ve ekonomik hizmetlerine olan bask\u0131y\u0131 art\u0131rd\u0131.<\/p>\n<p>Otunbayeva, insani \u00e7abalar\u0131n ve silahl\u0131 \u00e7at\u0131\u015fmalar\u0131n azalmas\u0131n\u0131n g\u00f6receli bir g\u00fcvenlik sa\u011flad\u0131\u011f\u0131n\u0131 belirtti. Ancak kad\u0131nlar ve k\u0131z \u00e7ocuklar\u0131na y\u00f6nelik ciddi k\u0131s\u0131tlamalar, \u00e7ok katmanl\u0131 insani ve ekonomik krizlerin \u00fclkenin gelece\u011fi i\u00e7in derin endi\u015felere yol a\u00e7t\u0131\u011f\u0131n\u0131 vurgulad\u0131.<\/p>\n<p>Ona g\u00f6re, Afganistan&#8217;daki gen\u00e7 nesil, e\u011fitim, i\u015f ve sosyal f\u0131rsatlar\u0131 kaybetme riskiyle kar\u015f\u0131 kar\u015f\u0131ya ve kad\u0131nlar\u0131n g\u00fc\u00e7lendirilmesi ve insan haklar\u0131n\u0131n korunmas\u0131 i\u00e7in acil eylemler olmadan bu kriz devam edecektir.<\/p>\n<p>BM \u00d6zel Temsilcisi, uluslararas\u0131 yard\u0131mlar\u0131n Afganistan&#8217;\u0131n sa\u011fl\u0131k, e\u011fitim ve sosyal sistemlerinin tamamen \u00e7\u00f6kmesini \u00f6nlemede hayati bir rol oynad\u0131\u011f\u0131n\u0131, ancak bu \u00f6nlemlerin yeterli olmad\u0131\u011f\u0131n\u0131 ve s\u00fcrd\u00fcr\u00fclebilir kalk\u0131nma ve kad\u0131nlar\u0131n ve \u00e7ocuklar\u0131n haklar\u0131n\u0131n korunmas\u0131na y\u00f6nelik kapsaml\u0131 programlara ihtiya\u00e7 duyuldu\u011funu vurgulad\u0131.<\/p>\n<p>Rosa Otunbayeva ayr\u0131ca, uluslararas\u0131 toplumu Taliban&#8217;a bask\u0131 yaparak kad\u0131nlar ve k\u0131z \u00e7ocuklar\u0131na y\u00f6nelik k\u0131s\u0131tlamalar\u0131n hafifletilmesi i\u00e7in \u00e7a\u011fr\u0131da bulundu. B\u00f6ylece Afgan gen\u00e7li\u011fi daha iyi ve g\u00fcvenli bir gelece\u011fe sahip olabilir.<\/p>\n","protected":false},"excerpt":{"rendered":"<p>Uluslararas\u0131 topluluktan Taliban Kontrol\u00fcndeki Afganistan&#8217;a 13 Milyar Dolarl\u0131k Yard\u0131m Birle\u015fmi\u015f Milletler&#8217;in Afganistan \u00d6zel Temsilcisi Rosa Otunbayeva, Afgan gen\u00e7li\u011finin f\u0131rsatlar\u0131 kaybetme riski alt\u0131nda oldu\u011funa dair uyar\u0131da bulundu. \ud83d\udc48\ud83c\udffbArkada\u015f\u0131m\u0131z\u0131n bu konu hakk\u0131ndaki raporunu inceleyelim.\ud83d\udc49\ud83c\udffb Birle\u015fmi\u015f Milletler Genel Sekreteri&#8217;nin Afganistan \u00d6zel Temsilcisi Rosa Otunbayeva, \u00c7ar\u015famba g\u00fcn\u00fc (17 Eyl\u00fcl) G\u00fcvenlik Konseyi&#8217;ne sundu\u011fu bir raporda, Taliban&#8217;\u0131n iktidara d\u00f6n\u00fc\u015f\u00fcnden bu yana &hellip;<\/p>\n","protected":false},"author":1,"featured_media":117635,"comment_status":"open","ping_status":"open","sticky":false,"template":"","format":"standard","meta":{"rop_custom_images_group":[],"rop_custom_messages_group":[],"rop_publish_now":"initial","rop_publish_now_accounts":[],"rop_publish_now_history":[],"rop_publish_now_status":"pending","footnotes":""},"categories":[8],"tags":[],"class_list":["post-117636","post","type-post","status-publish","format-standard","has-post-thumbnail","hentry","category-afghanistan"],"_wp_page_template":null,"_wp_attached_file":null,"_wp_attachment_metadata":null,"_edit_lock":null,"yoast_head":"<!-- This site is optimized with the Yoast SEO plugin v24.3 - https:\/\/yoast.com\/wordpress\/plugins\/seo\/ -->\n<title>Uluslararas\u0131 topluluktan Taliban Kontrol\u00fcndeki Afganistan&#039;a 13 Milyar Dolarl\u0131k Yard\u0131m - ShiaWaves Turkish - \u015eia Haberleri<\/title>\n<meta name=\"robots\" content=\"index, follow, max-snippet:-1, max-image-preview:large, max-video-preview:-1\" \/>\n<link rel=\"canonical\" href=\"https:\/\/shiawaves.com\/turkish\/2025\/09\/21\/uluslararasi-topluluktan-taliban-kontrolundeki-afganistana-13-milyar-dolarlik-yardim\/\" \/>\n<meta property=\"og:locale\" content=\"tr_TR\" \/>\n<meta property=\"og:type\" content=\"article\" \/>\n<meta property=\"og:title\" content=\"Uluslararas\u0131 topluluktan Taliban Kontrol\u00fcndeki Afganistan&#039;a 13 Milyar Dolarl\u0131k Yard\u0131m - ShiaWaves Turkish - \u015eia Haberleri\" \/>\n<meta property=\"og:description\" content=\"Uluslararas\u0131 topluluktan Taliban Kontrol\u00fcndeki Afganistan&#8217;a 13 Milyar Dolarl\u0131k Yard\u0131m Birle\u015fmi\u015f Milletler&#8217;in Afganistan \u00d6zel Temsilcisi Rosa Otunbayeva, Afgan gen\u00e7li\u011finin f\u0131rsatlar\u0131 kaybetme riski alt\u0131nda oldu\u011funa dair uyar\u0131da bulundu. \ud83d\udc48\ud83c\udffbArkada\u015f\u0131m\u0131z\u0131n bu konu hakk\u0131ndaki raporunu inceleyelim.\ud83d\udc49\ud83c\udffb Birle\u015fmi\u015f Milletler Genel Sekreteri&#8217;nin Afganistan \u00d6zel Temsilcisi Rosa Otunbayeva, \u00c7ar\u015famba g\u00fcn\u00fc (17 Eyl\u00fcl) G\u00fcvenlik Konseyi&#8217;ne sundu\u011fu bir raporda, Taliban&#8217;\u0131n iktidara d\u00f6n\u00fc\u015f\u00fcnden bu yana &hellip;\" \/>\n<meta property=\"og:url\" content=\"https:\/\/shiawaves.com\/turkish\/2025\/09\/21\/uluslararasi-topluluktan-taliban-kontrolundeki-afganistana-13-milyar-dolarlik-yardim\/\" \/>\n<meta property=\"og:site_name\" content=\"ShiaWaves Turkish - \u015eia Haberleri\" \/>\n<meta property=\"article:published_time\" content=\"2025-09-21T10:30:28+00:00\" \/>\n<meta name=\"author\" content=\"modir\" \/>\n<meta name=\"twitter:card\" content=\"summary_large_image\" \/>\n<meta name=\"twitter:label1\" content=\"Yazan:\" \/>\n\t<meta name=\"twitter:data1\" content=\"modir\" \/>\n\t<meta name=\"twitter:label2\" content=\"Tahmini okuma s\u00fcresi\" \/>\n\t<meta name=\"twitter:data2\" content=\"2 dakika\" \/>\n<script type=\"application\/ld+json\" class=\"yoast-schema-graph\">{\"@context\":\"https:\/\/schema.org\",\"@graph\":[{\"@type\":\"WebPage\",\"@id\":\"https:\/\/shiawaves.com\/turkish\/2025\/09\/21\/uluslararasi-topluluktan-taliban-kontrolundeki-afganistana-13-milyar-dolarlik-yardim\/\",\"url\":\"https:\/\/shiawaves.com\/turkish\/2025\/09\/21\/uluslararasi-topluluktan-taliban-kontrolundeki-afganistana-13-milyar-dolarlik-yardim\/\",\"name\":\"Uluslararas\u0131 topluluktan Taliban Kontrol\u00fcndeki Afganistan'a 13 Milyar Dolarl\u0131k Yard\u0131m - ShiaWaves Turkish - \u015eia Haberleri\",\"isPartOf\":{\"@id\":\"https:\/\/shiawaves.com\/turkish\/#website\"},\"primaryImageOfPage\":{\"@id\":\"https:\/\/shiawaves.com\/turkish\/2025\/09\/21\/uluslararasi-topluluktan-taliban-kontrolundeki-afganistana-13-milyar-dolarlik-yardim\/#primaryimage\"},\"image\":{\"@id\":\"https:\/\/shiawaves.com\/turkish\/2025\/09\/21\/uluslararasi-topluluktan-taliban-kontrolundeki-afganistana-13-milyar-dolarlik-yardim\/#primaryimage\"},\"thumbnailUrl\":\"https:\/\/shiawaves.com\/turkish\/wp-content\/uploads\/sites\/6\/2025\/09\/file_1219.jpg\",\"datePublished\":\"2025-09-21T10:30:28+00:00\",\"dateModified\":\"2025-09-21T10:30:28+00:00\",\"author\":{\"@id\":\"https:\/\/shiawaves.com\/turkish\/#\/schema\/person\/9f68d5023e948086b9348fba5aebd954\"},\"breadcrumb\":{\"@id\":\"https:\/\/shiawaves.com\/turkish\/2025\/09\/21\/uluslararasi-topluluktan-taliban-kontrolundeki-afganistana-13-milyar-dolarlik-yardim\/#breadcrumb\"},\"inLanguage\":\"tr\",\"potentialAction\":[{\"@type\":\"ReadAction\",\"target\":[\"https:\/\/shiawaves.com\/turkish\/2025\/09\/21\/uluslararasi-topluluktan-taliban-kontrolundeki-afganistana-13-milyar-dolarlik-yardim\/\"]}]},{\"@type\":\"ImageObject\",\"inLanguage\":\"tr\",\"@id\":\"https:\/\/shiawaves.com\/turkish\/2025\/09\/21\/uluslararasi-topluluktan-taliban-kontrolundeki-afganistana-13-milyar-dolarlik-yardim\/#primaryimage\",\"url\":\"https:\/\/shiawaves.com\/turkish\/wp-content\/uploads\/sites\/6\/2025\/09\/file_1219.jpg\",\"contentUrl\":\"https:\/\/shiawaves.com\/turkish\/wp-content\/uploads\/sites\/6\/2025\/09\/file_1219.jpg\",\"width\":320,\"height\":192},{\"@type\":\"BreadcrumbList\",\"@id\":\"https:\/\/shiawaves.com\/turkish\/2025\/09\/21\/uluslararasi-topluluktan-taliban-kontrolundeki-afganistana-13-milyar-dolarlik-yardim\/#breadcrumb\",\"itemListElement\":[{\"@type\":\"ListItem\",\"position\":1,\"name\":\"Home\",\"item\":\"https:\/\/shiawaves.com\/turkish\/\"},{\"@type\":\"ListItem\",\"position\":2,\"name\":\"Uluslararas\u0131 topluluktan Taliban Kontrol\u00fcndeki Afganistan&#8217;a 13 Milyar Dolarl\u0131k Yard\u0131m\"}]},{\"@type\":\"WebSite\",\"@id\":\"https:\/\/shiawaves.com\/turkish\/#website\",\"url\":\"https:\/\/shiawaves.com\/turkish\/\",\"name\":\"ShiaWaves Turkish - \u015eia Haberleri\",\"description\":\"\",\"potentialAction\":[{\"@type\":\"SearchAction\",\"target\":{\"@type\":\"EntryPoint\",\"urlTemplate\":\"https:\/\/shiawaves.com\/turkish\/?s={search_term_string}\"},\"query-input\":{\"@type\":\"PropertyValueSpecification\",\"valueRequired\":true,\"valueName\":\"search_term_string\"}}],\"inLanguage\":\"tr\"},{\"@type\":\"Person\",\"@id\":\"https:\/\/shiawaves.com\/turkish\/#\/schema\/person\/9f68d5023e948086b9348fba5aebd954\",\"name\":\"modir\",\"image\":{\"@type\":\"ImageObject\",\"inLanguage\":\"tr\",\"@id\":\"https:\/\/shiawaves.com\/turkish\/#\/schema\/person\/image\/\",\"url\":\"https:\/\/secure.gravatar.com\/avatar\/8e76f93cdbdd480bd8918d1e0e1d938664c9cb1516c2a57a2b96fe50b507a6b9?s=96&d=mm&r=g\",\"contentUrl\":\"https:\/\/secure.gravatar.com\/avatar\/8e76f93cdbdd480bd8918d1e0e1d938664c9cb1516c2a57a2b96fe50b507a6b9?s=96&d=mm&r=g\",\"caption\":\"modir\"},\"sameAs\":[\"https:\/\/shiawaves.com\"],\"url\":\"https:\/\/shiawaves.com\/turkish\/author\/modir\/\"}]}<\/script>\n<!-- \/ Yoast SEO plugin. -->","yoast_head_json":{"title":"Uluslararas\u0131 topluluktan Taliban Kontrol\u00fcndeki Afganistan'a 13 Milyar Dolarl\u0131k Yard\u0131m - ShiaWaves Turkish - \u015eia Haberleri","robots":{"index":"index","follow":"follow","max-snippet":"max-snippet:-1","max-image-preview":"max-image-preview:large","max-video-preview":"max-video-preview:-1"},"canonical":"https:\/\/shiawaves.com\/turkish\/2025\/09\/21\/uluslararasi-topluluktan-taliban-kontrolundeki-afganistana-13-milyar-dolarlik-yardim\/","og_locale":"tr_TR","og_type":"article","og_title":"Uluslararas\u0131 topluluktan Taliban Kontrol\u00fcndeki Afganistan'a 13 Milyar Dolarl\u0131k Yard\u0131m - ShiaWaves Turkish - \u015eia Haberleri","og_description":"Uluslararas\u0131 topluluktan Taliban Kontrol\u00fcndeki Afganistan&#8217;a 13 Milyar Dolarl\u0131k Yard\u0131m Birle\u015fmi\u015f Milletler&#8217;in Afganistan \u00d6zel Temsilcisi Rosa Otunbayeva, Afgan gen\u00e7li\u011finin f\u0131rsatlar\u0131 kaybetme riski alt\u0131nda oldu\u011funa dair uyar\u0131da bulundu. \ud83d\udc48\ud83c\udffbArkada\u015f\u0131m\u0131z\u0131n bu konu hakk\u0131ndaki raporunu inceleyelim.\ud83d\udc49\ud83c\udffb Birle\u015fmi\u015f Milletler Genel Sekreteri&#8217;nin Afganistan \u00d6zel Temsilcisi Rosa Otunbayeva, \u00c7ar\u015famba g\u00fcn\u00fc (17 Eyl\u00fcl) G\u00fcvenlik Konseyi&#8217;ne sundu\u011fu bir raporda, Taliban&#8217;\u0131n iktidara d\u00f6n\u00fc\u015f\u00fcnden bu yana &hellip;","og_url":"https:\/\/shiawaves.com\/turkish\/2025\/09\/21\/uluslararasi-topluluktan-taliban-kontrolundeki-afganistana-13-milyar-dolarlik-yardim\/","og_site_name":"ShiaWaves Turkish - \u015eia Haberleri","article_published_time":"2025-09-21T10:30:28+00:00","author":"modir","twitter_card":"summary_large_image","twitter_misc":{"Yazan:":"modir","Tahmini okuma s\u00fcresi":"2 dakika"},"schema":{"@context":"https:\/\/schema.org","@graph":[{"@type":"WebPage","@id":"https:\/\/shiawaves.com\/turkish\/2025\/09\/21\/uluslararasi-topluluktan-taliban-kontrolundeki-afganistana-13-milyar-dolarlik-yardim\/","url":"https:\/\/shiawaves.com\/turkish\/2025\/09\/21\/uluslararasi-topluluktan-taliban-kontrolundeki-afganistana-13-milyar-dolarlik-yardim\/","name":"Uluslararas\u0131 topluluktan Taliban Kontrol\u00fcndeki Afganistan'a 13 Milyar Dolarl\u0131k Yard\u0131m - ShiaWaves Turkish - \u015eia Haberleri","isPartOf":{"@id":"https:\/\/shiawaves.com\/turkish\/#website"},"primaryImageOfPage":{"@id":"https:\/\/shiawaves.com\/turkish\/2025\/09\/21\/uluslararasi-topluluktan-taliban-kontrolundeki-afganistana-13-milyar-dolarlik-yardim\/#primaryimage"},"image":{"@id":"https:\/\/shiawaves.com\/turkish\/2025\/09\/21\/uluslararasi-topluluktan-taliban-kontrolundeki-afganistana-13-milyar-dolarlik-yardim\/#primaryimage"},"thumbnailUrl":"https:\/\/shiawaves.com\/turkish\/wp-content\/uploads\/sites\/6\/2025\/09\/file_1219.jpg","datePublished":"2025-09-21T10:30:28+00:00","dateModified":"2025-09-21T10:30:28+00:00","author":{"@id":"https:\/\/shiawaves.com\/turkish\/#\/schema\/person\/9f68d5023e948086b9348fba5aebd954"},"breadcrumb":{"@id":"https:\/\/shiawaves.com\/turkish\/2025\/09\/21\/uluslararasi-topluluktan-taliban-kontrolundeki-afganistana-13-milyar-dolarlik-yardim\/#breadcrumb"},"inLanguage":"tr","potentialAction":[{"@type":"ReadAction","target":["https:\/\/shiawaves.com\/turkish\/2025\/09\/21\/uluslararasi-topluluktan-taliban-kontrolundeki-afganistana-13-milyar-dolarlik-yardim\/"]}]},{"@type":"ImageObject","inLanguage":"tr","@id":"https:\/\/shiawaves.com\/turkish\/2025\/09\/21\/uluslararasi-topluluktan-taliban-kontrolundeki-afganistana-13-milyar-dolarlik-yardim\/#primaryimage","url":"https:\/\/shiawaves.com\/turkish\/wp-content\/uploads\/sites\/6\/2025\/09\/file_1219.jpg","contentUrl":"https:\/\/shiawaves.com\/turkish\/wp-content\/uploads\/sites\/6\/2025\/09\/file_1219.jpg","width":320,"height":192},{"@type":"BreadcrumbList","@id":"https:\/\/shiawaves.com\/turkish\/2025\/09\/21\/uluslararasi-topluluktan-taliban-kontrolundeki-afganistana-13-milyar-dolarlik-yardim\/#breadcrumb","itemListElement":[{"@type":"ListItem","position":1,"name":"Home","item":"https:\/\/shiawaves.com\/turkish\/"},{"@type":"ListItem","position":2,"name":"Uluslararas\u0131 topluluktan Taliban Kontrol\u00fcndeki Afganistan&#8217;a 13 Milyar Dolarl\u0131k Yard\u0131m"}]},{"@type":"WebSite","@id":"https:\/\/shiawaves.com\/turkish\/#website","url":"https:\/\/shiawaves.com\/turkish\/","name":"ShiaWaves Turkish - \u015eia Haberleri","description":"","potentialAction":[{"@type":"SearchAction","target":{"@type":"EntryPoint","urlTemplate":"https:\/\/shiawaves.com\/turkish\/?s={search_term_string}"},"query-input":{"@type":"PropertyValueSpecification","valueRequired":true,"valueName":"search_term_string"}}],"inLanguage":"tr"},{"@type":"Person","@id":"https:\/\/shiawaves.com\/turkish\/#\/schema\/person\/9f68d5023e948086b9348fba5aebd954","name":"modir","image":{"@type":"ImageObject","inLanguage":"tr","@id":"https:\/\/shiawaves.com\/turkish\/#\/schema\/person\/image\/","url":"https:\/\/secure.gravatar.com\/avatar\/8e76f93cdbdd480bd8918d1e0e1d938664c9cb1516c2a57a2b96fe50b507a6b9?s=96&d=mm&r=g","contentUrl":"https:\/\/secure.gravatar.com\/avatar\/8e76f93cdbdd480bd8918d1e0e1d938664c9cb1516c2a57a2b96fe50b507a6b9?s=96&d=mm&r=g","caption":"modir"},"sameAs":["https:\/\/shiawaves.com"],"url":"https:\/\/shiawaves.com\/turkish\/author\/modir\/"}]}},"_links":{"self":[{"href":"https:\/\/shiawaves.com\/turkish\/wp-json\/wp\/v2\/posts\/117636","targetHints":{"allow":["GET"]}}],"collection":[{"href":"https:\/\/shiawaves.com\/turkish\/wp-json\/wp\/v2\/posts"}],"about":[{"href":"https:\/\/shiawaves.com\/turkish\/wp-json\/wp\/v2\/types\/post"}],"author":[{"embeddable":true,"href":"https:\/\/shiawaves.com\/turkish\/wp-json\/wp\/v2\/users\/1"}],"replies":[{"embeddable":true,"href":"https:\/\/shiawaves.com\/turkish\/wp-json\/wp\/v2\/comments?post=117636"}],"version-history":[{"count":0,"href":"https:\/\/shiawaves.com\/turkish\/wp-json\/wp\/v2\/posts\/117636\/revisions"}],"wp:featuredmedia":[{"embeddable":true,"href":"https:\/\/shiawaves.com\/turkish\/wp-json\/wp\/v2\/media\/117635"}],"wp:attachment":[{"href":"https:\/\/shiawaves.com\/turkish\/wp-json\/wp\/v2\/media?parent=117636"}],"wp:term":[{"taxonomy":"category","embeddable":true,"href":"https:\/\/shiawaves.com\/turkish\/wp-json\/wp\/v2\/categories?post=117636"},{"taxonomy":"post_tag","embeddable":true,"href":"https:\/\/shiawaves.com\/turkish\/wp-json\/wp\/v2\/tags?post=117636"}],"curies":[{"name":"wp","href":"https:\/\/api.w.org\/{rel}","templated":true}]}}