{"id":117584,"date":"2025-09-19T13:01:03","date_gmt":"2025-09-19T10:01:03","guid":{"rendered":"https:\/\/shiawaves.com\/turkish\/2025\/09\/19\/bolgesel-ve-kuresel-gelismeler-isiginda-israile-yonelik-son-durum\/"},"modified":"2025-09-19T13:01:03","modified_gmt":"2025-09-19T10:01:03","slug":"bolgesel-ve-kuresel-gelismeler-isiginda-israile-yonelik-son-durum","status":"publish","type":"post","link":"https:\/\/shiawaves.com\/turkish\/2025\/09\/19\/bolgesel-ve-kuresel-gelismeler-isiginda-israile-yonelik-son-durum\/","title":{"rendered":"B\u00f6lgesel ve K\u00fcresel Geli\u015fmeler I\u015f\u0131\u011f\u0131nda \u0130srail&#8217;e Y\u00f6nelik Son Durum"},"content":{"rendered":"<p>B\u00f6lgesel ve K\u00fcresel Geli\u015fmeler I\u015f\u0131\u011f\u0131nda \u0130srail&#8217;e Y\u00f6nelik Son Durum<\/p>\n<p>\u0130srail&#8217;in Suriye ile yeni bir g\u00fcvenlik anla\u015fmas\u0131 yapmaya \u00e7al\u0131\u015ft\u0131\u011f\u0131 bir d\u00f6nemde, Avrupa Birli\u011fi de bu \u00fclkeye kar\u015f\u0131 ekonomik bask\u0131lar\u0131 de\u011ferlendirmekte ve \u0130slam \u00fclkelerinin liderleri, b\u00f6lgesel tehditlerle m\u00fccadele i\u00e7in savunma i\u015fbirliklerini g\u00fc\u00e7lendirme \u00e7a\u011fr\u0131s\u0131nda bulunmaktad\u0131r.<\/p>\n<p>\ud83d\udc48\ud83c\udffbArkada\u015f\u0131m\u0131z\u0131n bu konu hakk\u0131ndaki raporunu inceleyelim.\ud83d\udc49\ud83c\udffb<\/p>\n<p>\u0130srail, Suriye ile g\u00fcvenlik anla\u015fmas\u0131 i\u00e7in bir plan sundu. Bu plan, g\u00fcneybat\u0131 \u015eam&#8217;dan \u0130srail s\u0131n\u0131r\u0131na kadar uzanan askeri u\u00e7u\u015flar\u0131n yasak oldu\u011fu sivil b\u00f6lgeler olu\u015fturulmas\u0131n\u0131 i\u00e7eriyor.<\/p>\n<p>Axios haber sitesi, bir \u0130srailli yetkilinin, bu plan\u0131n temel ilkelerini ve Suriye \u00fczerinden \u0130ran\u2019a do\u011fru koridorun muhafaza edilmesi gerekti\u011fini s\u00f6yledi\u011fini ve bunun gelecekteki olas\u0131 sald\u0131r\u0131larda kullan\u0131labilece\u011fini belirtti\u011fini bildirdi.<\/p>\n<p>Ayn\u0131 habere g\u00f6re, iki \u00fclkenin d\u0131\u015fi\u015fleri bakanlar\u0131 \u00f6neriyi Londra\u2019da ABD\u2019nin arabuluculu\u011funda m\u00fczakere etmeyi planlarken, \u015eam hen\u00fcz resmi bir yan\u0131t vermemi\u015f olup kar\u015f\u0131 bir teklif \u00fczerinde \u00e7al\u0131\u015fmaktad\u0131r.<\/p>\n<p>Ayn\u0131 zamanda, Pakistan Savunma Bakan\u0131, ABD&#8217;nin \u0130srail sald\u0131r\u0131lar\u0131na verdi\u011fi destekleri ele\u015ftirerek, M\u00fcsl\u00fcmanlar\u0131n ortak zorluklara kar\u015f\u0131 birlik olmalar\u0131 gerekti\u011fini vurgulad\u0131 ve NATO benzeri bir \u201c\u0130slami Askeri \u0130ttifak\u201d olu\u015fturman\u0131n ortak savunma i\u00e7in zorunlu oldu\u011funa dikkat \u00e7ekti.<\/p>\n<p>Pakistan Ba\u015fbakan\u0131 ise Arap-\u0130slam \u00fclkeleri zirvesinde, bu \u00fclkelerin ortak eylemde bulunarak \u0130srail\u2019in Birle\u015fmi\u015f Milletler \u00fcyeli\u011finin iptalini talep etmeleri \u00e7a\u011fr\u0131s\u0131nda bulundu.<\/p>\n<p>Di\u011fer tarafta, Avrupa Birli\u011fi ilk defa \u0130srail ile ticari ili\u015fkileri s\u0131n\u0131rland\u0131rma ve bu \u00fclkenin baz\u0131 kabine \u00fcyelerine yapt\u0131r\u0131m uygulama \u00f6nerisi sundu.<\/p>\n<p>Avrupa Komisyonu, \u0130srail\u2019e yap\u0131lan yakla\u015f\u0131k 20 milyon Euro tutar\u0131ndaki ikili yard\u0131mlar\u0131n\u0131 durdurmu\u015f ve ticaret anla\u015fmas\u0131n\u0131n bir k\u0131sm\u0131n\u0131 ask\u0131ya alm\u0131\u015ft\u0131r; bu ad\u0131m \u0130srail\u2019in Avrupa\u2019ya olan ihracat\u0131n\u0131n \u00fc\u00e7te birini etkileyebilir.<\/p>\n<p>Bu esnada, Gazze\u2019ye y\u00f6nelik \u0130srail\u2019in kara harek\u00e2t\u0131yla, \u015fimdiye kadar yakla\u015f\u0131k 90 ki\u015finin \u00f6l\u00fcm\u00fc ve y\u00fcz binlerce ki\u015finin yerinden edilmesiyle sonu\u00e7lanan bu sald\u0131r\u0131, d\u00fcnya \u00e7ap\u0131nda k\u0131nama dalgas\u0131 yaratm\u0131\u015ft\u0131r.<\/p>\n<p>T\u00fcrkiye, Kanada, Fransa, \u0130talya, M\u0131s\u0131r ve \u00dcrd\u00fcn bu sald\u0131r\u0131lar\u0131 uluslararas\u0131 hukukun a\u00e7\u0131k ihlali ve sivil halk i\u00e7in ciddi bir tehdit olarak nitelendirmi\u015ftir.<\/p>\n<p>Birle\u015fmi\u015f Milletler Genel Sekreteri, Gazze\u2019deki durumu \u201cdeh\u015fet verici\u201d olarak tan\u0131mlam\u0131\u015f ve derhal ate\u015fkes \u00e7a\u011fr\u0131s\u0131nda bulunmu\u015f, \u0130srail&#8217;in hesap vermesi gerekti\u011fini vurgulam\u0131\u015ft\u0131r.<\/p>\n<p>Ayn\u0131 zamanda, \u0130sko\u00e7ya \u0130srail\u2019e yapt\u0131r\u0131m uygulanmas\u0131n\u0131 istemi\u015ftir.<\/p>\n<p>Bu geli\u015fmeler, hem Avrupa&#8217;da hem \u0130slam d\u00fcnyas\u0131nda hem de Gazze&#8217;de, \u0130srail\u2019in artan b\u00f6lgesel ve uluslararas\u0131 bask\u0131lar kar\u015f\u0131s\u0131nda oldu\u011funu ve askeri operasyonlar\u0131n insani krizi derinle\u015ftirdi\u011fini g\u00f6stermektedir.<\/p>\n","protected":false},"excerpt":{"rendered":"<p>B\u00f6lgesel ve K\u00fcresel Geli\u015fmeler I\u015f\u0131\u011f\u0131nda \u0130srail&#8217;e Y\u00f6nelik Son Durum \u0130srail&#8217;in Suriye ile yeni bir g\u00fcvenlik anla\u015fmas\u0131 yapmaya \u00e7al\u0131\u015ft\u0131\u011f\u0131 bir d\u00f6nemde, Avrupa Birli\u011fi de bu \u00fclkeye kar\u015f\u0131 ekonomik bask\u0131lar\u0131 de\u011ferlendirmekte ve \u0130slam \u00fclkelerinin liderleri, b\u00f6lgesel tehditlerle m\u00fccadele i\u00e7in savunma i\u015fbirliklerini g\u00fc\u00e7lendirme \u00e7a\u011fr\u0131s\u0131nda bulunmaktad\u0131r. \ud83d\udc48\ud83c\udffbArkada\u015f\u0131m\u0131z\u0131n bu konu hakk\u0131ndaki raporunu inceleyelim.\ud83d\udc49\ud83c\udffb \u0130srail, Suriye ile g\u00fcvenlik anla\u015fmas\u0131 i\u00e7in bir &hellip;<\/p>\n","protected":false},"author":1,"featured_media":117583,"comment_status":"open","ping_status":"open","sticky":false,"template":"","format":"standard","meta":{"rop_custom_images_group":[],"rop_custom_messages_group":[],"rop_publish_now":"initial","rop_publish_now_accounts":[],"rop_publish_now_history":[],"rop_publish_now_status":"pending","footnotes":""},"categories":[13],"tags":[],"class_list":["post-117584","post","type-post","status-publish","format-standard","has-post-thumbnail","hentry","category-syria"],"_wp_page_template":null,"_wp_attached_file":null,"_wp_attachment_metadata":null,"_edit_lock":null,"yoast_head":"<!-- This site is optimized with the Yoast SEO plugin v24.3 - https:\/\/yoast.com\/wordpress\/plugins\/seo\/ -->\n<title>B\u00f6lgesel ve K\u00fcresel Geli\u015fmeler I\u015f\u0131\u011f\u0131nda \u0130srail&#039;e Y\u00f6nelik Son Durum - ShiaWaves Turkish - \u015eia Haberleri<\/title>\n<meta name=\"robots\" content=\"index, follow, max-snippet:-1, max-image-preview:large, max-video-preview:-1\" \/>\n<link rel=\"canonical\" href=\"https:\/\/shiawaves.com\/turkish\/2025\/09\/19\/bolgesel-ve-kuresel-gelismeler-isiginda-israile-yonelik-son-durum\/\" \/>\n<meta property=\"og:locale\" content=\"tr_TR\" \/>\n<meta property=\"og:type\" content=\"article\" \/>\n<meta property=\"og:title\" content=\"B\u00f6lgesel ve K\u00fcresel Geli\u015fmeler I\u015f\u0131\u011f\u0131nda \u0130srail&#039;e Y\u00f6nelik Son Durum - ShiaWaves Turkish - \u015eia Haberleri\" \/>\n<meta property=\"og:description\" content=\"B\u00f6lgesel ve K\u00fcresel Geli\u015fmeler I\u015f\u0131\u011f\u0131nda \u0130srail&#8217;e Y\u00f6nelik Son Durum \u0130srail&#8217;in Suriye ile yeni bir g\u00fcvenlik anla\u015fmas\u0131 yapmaya \u00e7al\u0131\u015ft\u0131\u011f\u0131 bir d\u00f6nemde, Avrupa Birli\u011fi de bu \u00fclkeye kar\u015f\u0131 ekonomik bask\u0131lar\u0131 de\u011ferlendirmekte ve \u0130slam \u00fclkelerinin liderleri, b\u00f6lgesel tehditlerle m\u00fccadele i\u00e7in savunma i\u015fbirliklerini g\u00fc\u00e7lendirme \u00e7a\u011fr\u0131s\u0131nda bulunmaktad\u0131r. \ud83d\udc48\ud83c\udffbArkada\u015f\u0131m\u0131z\u0131n bu konu hakk\u0131ndaki raporunu inceleyelim.\ud83d\udc49\ud83c\udffb \u0130srail, Suriye ile g\u00fcvenlik anla\u015fmas\u0131 i\u00e7in bir &hellip;\" \/>\n<meta property=\"og:url\" content=\"https:\/\/shiawaves.com\/turkish\/2025\/09\/19\/bolgesel-ve-kuresel-gelismeler-isiginda-israile-yonelik-son-durum\/\" \/>\n<meta property=\"og:site_name\" content=\"ShiaWaves Turkish - \u015eia Haberleri\" \/>\n<meta property=\"article:published_time\" content=\"2025-09-19T10:01:03+00:00\" \/>\n<meta name=\"author\" content=\"modir\" \/>\n<meta name=\"twitter:card\" content=\"summary_large_image\" \/>\n<meta name=\"twitter:label1\" content=\"Yazan:\" \/>\n\t<meta name=\"twitter:data1\" content=\"modir\" \/>\n\t<meta name=\"twitter:label2\" content=\"Tahmini okuma s\u00fcresi\" \/>\n\t<meta name=\"twitter:data2\" content=\"2 dakika\" \/>\n<script type=\"application\/ld+json\" class=\"yoast-schema-graph\">{\"@context\":\"https:\/\/schema.org\",\"@graph\":[{\"@type\":\"WebPage\",\"@id\":\"https:\/\/shiawaves.com\/turkish\/2025\/09\/19\/bolgesel-ve-kuresel-gelismeler-isiginda-israile-yonelik-son-durum\/\",\"url\":\"https:\/\/shiawaves.com\/turkish\/2025\/09\/19\/bolgesel-ve-kuresel-gelismeler-isiginda-israile-yonelik-son-durum\/\",\"name\":\"B\u00f6lgesel ve K\u00fcresel Geli\u015fmeler I\u015f\u0131\u011f\u0131nda \u0130srail'e Y\u00f6nelik Son Durum - ShiaWaves Turkish - \u015eia Haberleri\",\"isPartOf\":{\"@id\":\"https:\/\/shiawaves.com\/turkish\/#website\"},\"primaryImageOfPage\":{\"@id\":\"https:\/\/shiawaves.com\/turkish\/2025\/09\/19\/bolgesel-ve-kuresel-gelismeler-isiginda-israile-yonelik-son-durum\/#primaryimage\"},\"image\":{\"@id\":\"https:\/\/shiawaves.com\/turkish\/2025\/09\/19\/bolgesel-ve-kuresel-gelismeler-isiginda-israile-yonelik-son-durum\/#primaryimage\"},\"thumbnailUrl\":\"https:\/\/shiawaves.com\/turkish\/wp-content\/uploads\/sites\/6\/2025\/09\/file_1193.jpg\",\"datePublished\":\"2025-09-19T10:01:03+00:00\",\"dateModified\":\"2025-09-19T10:01:03+00:00\",\"author\":{\"@id\":\"https:\/\/shiawaves.com\/turkish\/#\/schema\/person\/9f68d5023e948086b9348fba5aebd954\"},\"breadcrumb\":{\"@id\":\"https:\/\/shiawaves.com\/turkish\/2025\/09\/19\/bolgesel-ve-kuresel-gelismeler-isiginda-israile-yonelik-son-durum\/#breadcrumb\"},\"inLanguage\":\"tr\",\"potentialAction\":[{\"@type\":\"ReadAction\",\"target\":[\"https:\/\/shiawaves.com\/turkish\/2025\/09\/19\/bolgesel-ve-kuresel-gelismeler-isiginda-israile-yonelik-son-durum\/\"]}]},{\"@type\":\"ImageObject\",\"inLanguage\":\"tr\",\"@id\":\"https:\/\/shiawaves.com\/turkish\/2025\/09\/19\/bolgesel-ve-kuresel-gelismeler-isiginda-israile-yonelik-son-durum\/#primaryimage\",\"url\":\"https:\/\/shiawaves.com\/turkish\/wp-content\/uploads\/sites\/6\/2025\/09\/file_1193.jpg\",\"contentUrl\":\"https:\/\/shiawaves.com\/turkish\/wp-content\/uploads\/sites\/6\/2025\/09\/file_1193.jpg\",\"width\":780,\"height\":470},{\"@type\":\"BreadcrumbList\",\"@id\":\"https:\/\/shiawaves.com\/turkish\/2025\/09\/19\/bolgesel-ve-kuresel-gelismeler-isiginda-israile-yonelik-son-durum\/#breadcrumb\",\"itemListElement\":[{\"@type\":\"ListItem\",\"position\":1,\"name\":\"Home\",\"item\":\"https:\/\/shiawaves.com\/turkish\/\"},{\"@type\":\"ListItem\",\"position\":2,\"name\":\"B\u00f6lgesel ve K\u00fcresel Geli\u015fmeler I\u015f\u0131\u011f\u0131nda \u0130srail&#8217;e Y\u00f6nelik Son Durum\"}]},{\"@type\":\"WebSite\",\"@id\":\"https:\/\/shiawaves.com\/turkish\/#website\",\"url\":\"https:\/\/shiawaves.com\/turkish\/\",\"name\":\"ShiaWaves Turkish - \u015eia Haberleri\",\"description\":\"\",\"potentialAction\":[{\"@type\":\"SearchAction\",\"target\":{\"@type\":\"EntryPoint\",\"urlTemplate\":\"https:\/\/shiawaves.com\/turkish\/?s={search_term_string}\"},\"query-input\":{\"@type\":\"PropertyValueSpecification\",\"valueRequired\":true,\"valueName\":\"search_term_string\"}}],\"inLanguage\":\"tr\"},{\"@type\":\"Person\",\"@id\":\"https:\/\/shiawaves.com\/turkish\/#\/schema\/person\/9f68d5023e948086b9348fba5aebd954\",\"name\":\"modir\",\"image\":{\"@type\":\"ImageObject\",\"inLanguage\":\"tr\",\"@id\":\"https:\/\/shiawaves.com\/turkish\/#\/schema\/person\/image\/\",\"url\":\"https:\/\/secure.gravatar.com\/avatar\/8e76f93cdbdd480bd8918d1e0e1d938664c9cb1516c2a57a2b96fe50b507a6b9?s=96&d=mm&r=g\",\"contentUrl\":\"https:\/\/secure.gravatar.com\/avatar\/8e76f93cdbdd480bd8918d1e0e1d938664c9cb1516c2a57a2b96fe50b507a6b9?s=96&d=mm&r=g\",\"caption\":\"modir\"},\"sameAs\":[\"https:\/\/shiawaves.com\"],\"url\":\"https:\/\/shiawaves.com\/turkish\/author\/modir\/\"}]}<\/script>\n<!-- \/ Yoast SEO plugin. -->","yoast_head_json":{"title":"B\u00f6lgesel ve K\u00fcresel Geli\u015fmeler I\u015f\u0131\u011f\u0131nda \u0130srail'e Y\u00f6nelik Son Durum - ShiaWaves Turkish - \u015eia Haberleri","robots":{"index":"index","follow":"follow","max-snippet":"max-snippet:-1","max-image-preview":"max-image-preview:large","max-video-preview":"max-video-preview:-1"},"canonical":"https:\/\/shiawaves.com\/turkish\/2025\/09\/19\/bolgesel-ve-kuresel-gelismeler-isiginda-israile-yonelik-son-durum\/","og_locale":"tr_TR","og_type":"article","og_title":"B\u00f6lgesel ve K\u00fcresel Geli\u015fmeler I\u015f\u0131\u011f\u0131nda \u0130srail'e Y\u00f6nelik Son Durum - ShiaWaves Turkish - \u015eia Haberleri","og_description":"B\u00f6lgesel ve K\u00fcresel Geli\u015fmeler I\u015f\u0131\u011f\u0131nda \u0130srail&#8217;e Y\u00f6nelik Son Durum \u0130srail&#8217;in Suriye ile yeni bir g\u00fcvenlik anla\u015fmas\u0131 yapmaya \u00e7al\u0131\u015ft\u0131\u011f\u0131 bir d\u00f6nemde, Avrupa Birli\u011fi de bu \u00fclkeye kar\u015f\u0131 ekonomik bask\u0131lar\u0131 de\u011ferlendirmekte ve \u0130slam \u00fclkelerinin liderleri, b\u00f6lgesel tehditlerle m\u00fccadele i\u00e7in savunma i\u015fbirliklerini g\u00fc\u00e7lendirme \u00e7a\u011fr\u0131s\u0131nda bulunmaktad\u0131r. \ud83d\udc48\ud83c\udffbArkada\u015f\u0131m\u0131z\u0131n bu konu hakk\u0131ndaki raporunu inceleyelim.\ud83d\udc49\ud83c\udffb \u0130srail, Suriye ile g\u00fcvenlik anla\u015fmas\u0131 i\u00e7in bir &hellip;","og_url":"https:\/\/shiawaves.com\/turkish\/2025\/09\/19\/bolgesel-ve-kuresel-gelismeler-isiginda-israile-yonelik-son-durum\/","og_site_name":"ShiaWaves Turkish - \u015eia Haberleri","article_published_time":"2025-09-19T10:01:03+00:00","author":"modir","twitter_card":"summary_large_image","twitter_misc":{"Yazan:":"modir","Tahmini okuma s\u00fcresi":"2 dakika"},"schema":{"@context":"https:\/\/schema.org","@graph":[{"@type":"WebPage","@id":"https:\/\/shiawaves.com\/turkish\/2025\/09\/19\/bolgesel-ve-kuresel-gelismeler-isiginda-israile-yonelik-son-durum\/","url":"https:\/\/shiawaves.com\/turkish\/2025\/09\/19\/bolgesel-ve-kuresel-gelismeler-isiginda-israile-yonelik-son-durum\/","name":"B\u00f6lgesel ve K\u00fcresel Geli\u015fmeler I\u015f\u0131\u011f\u0131nda \u0130srail'e Y\u00f6nelik Son Durum - ShiaWaves Turkish - \u015eia Haberleri","isPartOf":{"@id":"https:\/\/shiawaves.com\/turkish\/#website"},"primaryImageOfPage":{"@id":"https:\/\/shiawaves.com\/turkish\/2025\/09\/19\/bolgesel-ve-kuresel-gelismeler-isiginda-israile-yonelik-son-durum\/#primaryimage"},"image":{"@id":"https:\/\/shiawaves.com\/turkish\/2025\/09\/19\/bolgesel-ve-kuresel-gelismeler-isiginda-israile-yonelik-son-durum\/#primaryimage"},"thumbnailUrl":"https:\/\/shiawaves.com\/turkish\/wp-content\/uploads\/sites\/6\/2025\/09\/file_1193.jpg","datePublished":"2025-09-19T10:01:03+00:00","dateModified":"2025-09-19T10:01:03+00:00","author":{"@id":"https:\/\/shiawaves.com\/turkish\/#\/schema\/person\/9f68d5023e948086b9348fba5aebd954"},"breadcrumb":{"@id":"https:\/\/shiawaves.com\/turkish\/2025\/09\/19\/bolgesel-ve-kuresel-gelismeler-isiginda-israile-yonelik-son-durum\/#breadcrumb"},"inLanguage":"tr","potentialAction":[{"@type":"ReadAction","target":["https:\/\/shiawaves.com\/turkish\/2025\/09\/19\/bolgesel-ve-kuresel-gelismeler-isiginda-israile-yonelik-son-durum\/"]}]},{"@type":"ImageObject","inLanguage":"tr","@id":"https:\/\/shiawaves.com\/turkish\/2025\/09\/19\/bolgesel-ve-kuresel-gelismeler-isiginda-israile-yonelik-son-durum\/#primaryimage","url":"https:\/\/shiawaves.com\/turkish\/wp-content\/uploads\/sites\/6\/2025\/09\/file_1193.jpg","contentUrl":"https:\/\/shiawaves.com\/turkish\/wp-content\/uploads\/sites\/6\/2025\/09\/file_1193.jpg","width":780,"height":470},{"@type":"BreadcrumbList","@id":"https:\/\/shiawaves.com\/turkish\/2025\/09\/19\/bolgesel-ve-kuresel-gelismeler-isiginda-israile-yonelik-son-durum\/#breadcrumb","itemListElement":[{"@type":"ListItem","position":1,"name":"Home","item":"https:\/\/shiawaves.com\/turkish\/"},{"@type":"ListItem","position":2,"name":"B\u00f6lgesel ve K\u00fcresel Geli\u015fmeler I\u015f\u0131\u011f\u0131nda \u0130srail&#8217;e Y\u00f6nelik Son Durum"}]},{"@type":"WebSite","@id":"https:\/\/shiawaves.com\/turkish\/#website","url":"https:\/\/shiawaves.com\/turkish\/","name":"ShiaWaves Turkish - \u015eia Haberleri","description":"","potentialAction":[{"@type":"SearchAction","target":{"@type":"EntryPoint","urlTemplate":"https:\/\/shiawaves.com\/turkish\/?s={search_term_string}"},"query-input":{"@type":"PropertyValueSpecification","valueRequired":true,"valueName":"search_term_string"}}],"inLanguage":"tr"},{"@type":"Person","@id":"https:\/\/shiawaves.com\/turkish\/#\/schema\/person\/9f68d5023e948086b9348fba5aebd954","name":"modir","image":{"@type":"ImageObject","inLanguage":"tr","@id":"https:\/\/shiawaves.com\/turkish\/#\/schema\/person\/image\/","url":"https:\/\/secure.gravatar.com\/avatar\/8e76f93cdbdd480bd8918d1e0e1d938664c9cb1516c2a57a2b96fe50b507a6b9?s=96&d=mm&r=g","contentUrl":"https:\/\/secure.gravatar.com\/avatar\/8e76f93cdbdd480bd8918d1e0e1d938664c9cb1516c2a57a2b96fe50b507a6b9?s=96&d=mm&r=g","caption":"modir"},"sameAs":["https:\/\/shiawaves.com"],"url":"https:\/\/shiawaves.com\/turkish\/author\/modir\/"}]}},"_links":{"self":[{"href":"https:\/\/shiawaves.com\/turkish\/wp-json\/wp\/v2\/posts\/117584","targetHints":{"allow":["GET"]}}],"collection":[{"href":"https:\/\/shiawaves.com\/turkish\/wp-json\/wp\/v2\/posts"}],"about":[{"href":"https:\/\/shiawaves.com\/turkish\/wp-json\/wp\/v2\/types\/post"}],"author":[{"embeddable":true,"href":"https:\/\/shiawaves.com\/turkish\/wp-json\/wp\/v2\/users\/1"}],"replies":[{"embeddable":true,"href":"https:\/\/shiawaves.com\/turkish\/wp-json\/wp\/v2\/comments?post=117584"}],"version-history":[{"count":0,"href":"https:\/\/shiawaves.com\/turkish\/wp-json\/wp\/v2\/posts\/117584\/revisions"}],"wp:featuredmedia":[{"embeddable":true,"href":"https:\/\/shiawaves.com\/turkish\/wp-json\/wp\/v2\/media\/117583"}],"wp:attachment":[{"href":"https:\/\/shiawaves.com\/turkish\/wp-json\/wp\/v2\/media?parent=117584"}],"wp:term":[{"taxonomy":"category","embeddable":true,"href":"https:\/\/shiawaves.com\/turkish\/wp-json\/wp\/v2\/categories?post=117584"},{"taxonomy":"post_tag","embeddable":true,"href":"https:\/\/shiawaves.com\/turkish\/wp-json\/wp\/v2\/tags?post=117584"}],"curies":[{"name":"wp","href":"https:\/\/api.w.org\/{rel}","templated":true}]}}