{"id":117428,"date":"2025-09-11T19:01:15","date_gmt":"2025-09-11T16:01:15","guid":{"rendered":"https:\/\/shiawaves.com\/turkish\/2025\/09\/11\/uluslararasi-ogrenci-sayisinda-almanyada-kayda-deger-artis\/"},"modified":"2025-09-11T19:01:15","modified_gmt":"2025-09-11T16:01:15","slug":"uluslararasi-ogrenci-sayisinda-almanyada-kayda-deger-artis","status":"publish","type":"post","link":"https:\/\/shiawaves.com\/turkish\/2025\/09\/11\/uluslararasi-ogrenci-sayisinda-almanyada-kayda-deger-artis\/","title":{"rendered":"Uluslararas\u0131 \u00d6\u011frenci Say\u0131s\u0131nda Almanya&#8217;da Kayda De\u011fer Art\u0131\u015f"},"content":{"rendered":"<p>Uluslararas\u0131 \u00d6\u011frenci Say\u0131s\u0131nda Almanya&#8217;da Kayda De\u011fer Art\u0131\u015f<\/p>\n<p>Almanya, pop\u00fcler bir e\u011fitim destinasyonu olarak, giderek daha fazla yabanc\u0131 \u00f6\u011frenciyi kendine \u00e7ekmektedir.<\/p>\n<p>Ekonomik \u0130\u015fbirli\u011fi ve Kalk\u0131nma \u00d6rg\u00fct\u00fc&#8217;n\u00fcn (OECD) y\u0131ll\u0131k &#8220;E\u011fitimde Bak\u0131\u015f&#8221; raporuna g\u00f6re, yabanc\u0131 \u00f6\u011frencilerin oran\u0131 2013 y\u0131l\u0131nda y\u00fczde 7,1 iken, 2023 y\u0131l\u0131nda y\u00fczde 12,7&#8217;ye y\u00fckselmi\u015ftir.<\/p>\n<p>Almanya \u0130statistik Ofisi&#8217;nin verilerine g\u00f6re, son alt\u0131 ayda 492,600 yabanc\u0131 \u00f6\u011frenci kay\u0131t yapt\u0131rm\u0131\u015f olup, bu da \u00fclke genelindeki toplam \u00f6\u011frenci say\u0131s\u0131n\u0131n yakla\u015f\u0131k y\u00fczde 17&#8217;sine tekab\u00fcl etmektedir.<\/p>\n<p>Ayr\u0131ca, bu \u00f6\u011frencilerin y\u00fczde 44&#8217;\u00fc Asya&#8217;dan ve y\u00fczde 31&#8217;i di\u011fer Avrupa \u00fclkelerinden gelmektedir.<\/p>\n<p>Almanya Ara\u015ft\u0131rma Bakan\u0131 Dorothee B\u00e4r, matematik, bilgi teknolojileri, do\u011fa bilimleri ve teknik alanlardaki mezunlar\u0131n y\u00fcksek oran\u0131na dikkat \u00e7ekerken, Ekonomik \u0130\u015fbirli\u011fi ve Kalk\u0131nma \u00d6rg\u00fct\u00fc, bu e\u011filimin ekonomik ve yenilik\u00e7ili\u011fe olan \u00f6nemini vurgulamaktad\u0131r.<\/p>\n","protected":false},"excerpt":{"rendered":"<p>Uluslararas\u0131 \u00d6\u011frenci Say\u0131s\u0131nda Almanya&#8217;da Kayda De\u011fer Art\u0131\u015f Almanya, pop\u00fcler bir e\u011fitim destinasyonu olarak, giderek daha fazla yabanc\u0131 \u00f6\u011frenciyi kendine \u00e7ekmektedir. Ekonomik \u0130\u015fbirli\u011fi ve Kalk\u0131nma \u00d6rg\u00fct\u00fc&#8217;n\u00fcn (OECD) y\u0131ll\u0131k &#8220;E\u011fitimde Bak\u0131\u015f&#8221; raporuna g\u00f6re, yabanc\u0131 \u00f6\u011frencilerin oran\u0131 2013 y\u0131l\u0131nda y\u00fczde 7,1 iken, 2023 y\u0131l\u0131nda y\u00fczde 12,7&#8217;ye y\u00fckselmi\u015ftir. Almanya \u0130statistik Ofisi&#8217;nin verilerine g\u00f6re, son alt\u0131 ayda 492,600 yabanc\u0131 \u00f6\u011frenci &hellip;<\/p>\n","protected":false},"author":1,"featured_media":117427,"comment_status":"open","ping_status":"open","sticky":false,"template":"","format":"standard","meta":{"rop_custom_images_group":[],"rop_custom_messages_group":[],"rop_publish_now":"initial","rop_publish_now_accounts":[],"rop_publish_now_history":[],"rop_publish_now_status":"pending","footnotes":""},"categories":[71],"tags":[],"class_list":["post-117428","post","type-post","status-publish","format-standard","has-post-thumbnail","hentry","category-germany"],"_wp_page_template":null,"_wp_attached_file":null,"_wp_attachment_metadata":null,"_edit_lock":null,"yoast_head":"<!-- This site is optimized with the Yoast SEO plugin v24.3 - https:\/\/yoast.com\/wordpress\/plugins\/seo\/ -->\n<title>Uluslararas\u0131 \u00d6\u011frenci Say\u0131s\u0131nda Almanya&#039;da Kayda De\u011fer Art\u0131\u015f - ShiaWaves Turkish - \u015eia Haberleri<\/title>\n<meta name=\"robots\" content=\"index, follow, max-snippet:-1, max-image-preview:large, max-video-preview:-1\" \/>\n<link rel=\"canonical\" href=\"https:\/\/shiawaves.com\/turkish\/2025\/09\/11\/uluslararasi-ogrenci-sayisinda-almanyada-kayda-deger-artis\/\" \/>\n<meta property=\"og:locale\" content=\"tr_TR\" \/>\n<meta property=\"og:type\" content=\"article\" \/>\n<meta property=\"og:title\" content=\"Uluslararas\u0131 \u00d6\u011frenci Say\u0131s\u0131nda Almanya&#039;da Kayda De\u011fer Art\u0131\u015f - ShiaWaves Turkish - \u015eia Haberleri\" \/>\n<meta property=\"og:description\" content=\"Uluslararas\u0131 \u00d6\u011frenci Say\u0131s\u0131nda Almanya&#8217;da Kayda De\u011fer Art\u0131\u015f Almanya, pop\u00fcler bir e\u011fitim destinasyonu olarak, giderek daha fazla yabanc\u0131 \u00f6\u011frenciyi kendine \u00e7ekmektedir. Ekonomik \u0130\u015fbirli\u011fi ve Kalk\u0131nma \u00d6rg\u00fct\u00fc&#8217;n\u00fcn (OECD) y\u0131ll\u0131k &#8220;E\u011fitimde Bak\u0131\u015f&#8221; raporuna g\u00f6re, yabanc\u0131 \u00f6\u011frencilerin oran\u0131 2013 y\u0131l\u0131nda y\u00fczde 7,1 iken, 2023 y\u0131l\u0131nda y\u00fczde 12,7&#8217;ye y\u00fckselmi\u015ftir. Almanya \u0130statistik Ofisi&#8217;nin verilerine g\u00f6re, son alt\u0131 ayda 492,600 yabanc\u0131 \u00f6\u011frenci &hellip;\" \/>\n<meta property=\"og:url\" content=\"https:\/\/shiawaves.com\/turkish\/2025\/09\/11\/uluslararasi-ogrenci-sayisinda-almanyada-kayda-deger-artis\/\" \/>\n<meta property=\"og:site_name\" content=\"ShiaWaves Turkish - \u015eia Haberleri\" \/>\n<meta property=\"article:published_time\" content=\"2025-09-11T16:01:15+00:00\" \/>\n<meta name=\"author\" content=\"modir\" \/>\n<meta name=\"twitter:card\" content=\"summary_large_image\" \/>\n<meta name=\"twitter:label1\" content=\"Yazan:\" \/>\n\t<meta name=\"twitter:data1\" content=\"modir\" \/>\n\t<meta name=\"twitter:label2\" content=\"Tahmini okuma s\u00fcresi\" \/>\n\t<meta name=\"twitter:data2\" content=\"1 dakika\" \/>\n<script type=\"application\/ld+json\" class=\"yoast-schema-graph\">{\"@context\":\"https:\/\/schema.org\",\"@graph\":[{\"@type\":\"WebPage\",\"@id\":\"https:\/\/shiawaves.com\/turkish\/2025\/09\/11\/uluslararasi-ogrenci-sayisinda-almanyada-kayda-deger-artis\/\",\"url\":\"https:\/\/shiawaves.com\/turkish\/2025\/09\/11\/uluslararasi-ogrenci-sayisinda-almanyada-kayda-deger-artis\/\",\"name\":\"Uluslararas\u0131 \u00d6\u011frenci Say\u0131s\u0131nda Almanya'da Kayda De\u011fer Art\u0131\u015f - ShiaWaves Turkish - \u015eia Haberleri\",\"isPartOf\":{\"@id\":\"https:\/\/shiawaves.com\/turkish\/#website\"},\"primaryImageOfPage\":{\"@id\":\"https:\/\/shiawaves.com\/turkish\/2025\/09\/11\/uluslararasi-ogrenci-sayisinda-almanyada-kayda-deger-artis\/#primaryimage\"},\"image\":{\"@id\":\"https:\/\/shiawaves.com\/turkish\/2025\/09\/11\/uluslararasi-ogrenci-sayisinda-almanyada-kayda-deger-artis\/#primaryimage\"},\"thumbnailUrl\":\"https:\/\/shiawaves.com\/turkish\/wp-content\/uploads\/sites\/6\/2025\/09\/file_1111.jpg\",\"datePublished\":\"2025-09-11T16:01:15+00:00\",\"dateModified\":\"2025-09-11T16:01:15+00:00\",\"author\":{\"@id\":\"https:\/\/shiawaves.com\/turkish\/#\/schema\/person\/9f68d5023e948086b9348fba5aebd954\"},\"breadcrumb\":{\"@id\":\"https:\/\/shiawaves.com\/turkish\/2025\/09\/11\/uluslararasi-ogrenci-sayisinda-almanyada-kayda-deger-artis\/#breadcrumb\"},\"inLanguage\":\"tr\",\"potentialAction\":[{\"@type\":\"ReadAction\",\"target\":[\"https:\/\/shiawaves.com\/turkish\/2025\/09\/11\/uluslararasi-ogrenci-sayisinda-almanyada-kayda-deger-artis\/\"]}]},{\"@type\":\"ImageObject\",\"inLanguage\":\"tr\",\"@id\":\"https:\/\/shiawaves.com\/turkish\/2025\/09\/11\/uluslararasi-ogrenci-sayisinda-almanyada-kayda-deger-artis\/#primaryimage\",\"url\":\"https:\/\/shiawaves.com\/turkish\/wp-content\/uploads\/sites\/6\/2025\/09\/file_1111.jpg\",\"contentUrl\":\"https:\/\/shiawaves.com\/turkish\/wp-content\/uploads\/sites\/6\/2025\/09\/file_1111.jpg\",\"width\":800,\"height\":424},{\"@type\":\"BreadcrumbList\",\"@id\":\"https:\/\/shiawaves.com\/turkish\/2025\/09\/11\/uluslararasi-ogrenci-sayisinda-almanyada-kayda-deger-artis\/#breadcrumb\",\"itemListElement\":[{\"@type\":\"ListItem\",\"position\":1,\"name\":\"Home\",\"item\":\"https:\/\/shiawaves.com\/turkish\/\"},{\"@type\":\"ListItem\",\"position\":2,\"name\":\"Uluslararas\u0131 \u00d6\u011frenci Say\u0131s\u0131nda Almanya&#8217;da Kayda De\u011fer Art\u0131\u015f\"}]},{\"@type\":\"WebSite\",\"@id\":\"https:\/\/shiawaves.com\/turkish\/#website\",\"url\":\"https:\/\/shiawaves.com\/turkish\/\",\"name\":\"ShiaWaves Turkish - \u015eia Haberleri\",\"description\":\"\",\"potentialAction\":[{\"@type\":\"SearchAction\",\"target\":{\"@type\":\"EntryPoint\",\"urlTemplate\":\"https:\/\/shiawaves.com\/turkish\/?s={search_term_string}\"},\"query-input\":{\"@type\":\"PropertyValueSpecification\",\"valueRequired\":true,\"valueName\":\"search_term_string\"}}],\"inLanguage\":\"tr\"},{\"@type\":\"Person\",\"@id\":\"https:\/\/shiawaves.com\/turkish\/#\/schema\/person\/9f68d5023e948086b9348fba5aebd954\",\"name\":\"modir\",\"image\":{\"@type\":\"ImageObject\",\"inLanguage\":\"tr\",\"@id\":\"https:\/\/shiawaves.com\/turkish\/#\/schema\/person\/image\/\",\"url\":\"https:\/\/secure.gravatar.com\/avatar\/8e76f93cdbdd480bd8918d1e0e1d938664c9cb1516c2a57a2b96fe50b507a6b9?s=96&d=mm&r=g\",\"contentUrl\":\"https:\/\/secure.gravatar.com\/avatar\/8e76f93cdbdd480bd8918d1e0e1d938664c9cb1516c2a57a2b96fe50b507a6b9?s=96&d=mm&r=g\",\"caption\":\"modir\"},\"sameAs\":[\"https:\/\/shiawaves.com\"],\"url\":\"https:\/\/shiawaves.com\/turkish\/author\/modir\/\"}]}<\/script>\n<!-- \/ Yoast SEO plugin. -->","yoast_head_json":{"title":"Uluslararas\u0131 \u00d6\u011frenci Say\u0131s\u0131nda Almanya'da Kayda De\u011fer Art\u0131\u015f - ShiaWaves Turkish - \u015eia Haberleri","robots":{"index":"index","follow":"follow","max-snippet":"max-snippet:-1","max-image-preview":"max-image-preview:large","max-video-preview":"max-video-preview:-1"},"canonical":"https:\/\/shiawaves.com\/turkish\/2025\/09\/11\/uluslararasi-ogrenci-sayisinda-almanyada-kayda-deger-artis\/","og_locale":"tr_TR","og_type":"article","og_title":"Uluslararas\u0131 \u00d6\u011frenci Say\u0131s\u0131nda Almanya'da Kayda De\u011fer Art\u0131\u015f - ShiaWaves Turkish - \u015eia Haberleri","og_description":"Uluslararas\u0131 \u00d6\u011frenci Say\u0131s\u0131nda Almanya&#8217;da Kayda De\u011fer Art\u0131\u015f Almanya, pop\u00fcler bir e\u011fitim destinasyonu olarak, giderek daha fazla yabanc\u0131 \u00f6\u011frenciyi kendine \u00e7ekmektedir. Ekonomik \u0130\u015fbirli\u011fi ve Kalk\u0131nma \u00d6rg\u00fct\u00fc&#8217;n\u00fcn (OECD) y\u0131ll\u0131k &#8220;E\u011fitimde Bak\u0131\u015f&#8221; raporuna g\u00f6re, yabanc\u0131 \u00f6\u011frencilerin oran\u0131 2013 y\u0131l\u0131nda y\u00fczde 7,1 iken, 2023 y\u0131l\u0131nda y\u00fczde 12,7&#8217;ye y\u00fckselmi\u015ftir. Almanya \u0130statistik Ofisi&#8217;nin verilerine g\u00f6re, son alt\u0131 ayda 492,600 yabanc\u0131 \u00f6\u011frenci &hellip;","og_url":"https:\/\/shiawaves.com\/turkish\/2025\/09\/11\/uluslararasi-ogrenci-sayisinda-almanyada-kayda-deger-artis\/","og_site_name":"ShiaWaves Turkish - \u015eia Haberleri","article_published_time":"2025-09-11T16:01:15+00:00","author":"modir","twitter_card":"summary_large_image","twitter_misc":{"Yazan:":"modir","Tahmini okuma s\u00fcresi":"1 dakika"},"schema":{"@context":"https:\/\/schema.org","@graph":[{"@type":"WebPage","@id":"https:\/\/shiawaves.com\/turkish\/2025\/09\/11\/uluslararasi-ogrenci-sayisinda-almanyada-kayda-deger-artis\/","url":"https:\/\/shiawaves.com\/turkish\/2025\/09\/11\/uluslararasi-ogrenci-sayisinda-almanyada-kayda-deger-artis\/","name":"Uluslararas\u0131 \u00d6\u011frenci Say\u0131s\u0131nda Almanya'da Kayda De\u011fer Art\u0131\u015f - ShiaWaves Turkish - \u015eia Haberleri","isPartOf":{"@id":"https:\/\/shiawaves.com\/turkish\/#website"},"primaryImageOfPage":{"@id":"https:\/\/shiawaves.com\/turkish\/2025\/09\/11\/uluslararasi-ogrenci-sayisinda-almanyada-kayda-deger-artis\/#primaryimage"},"image":{"@id":"https:\/\/shiawaves.com\/turkish\/2025\/09\/11\/uluslararasi-ogrenci-sayisinda-almanyada-kayda-deger-artis\/#primaryimage"},"thumbnailUrl":"https:\/\/shiawaves.com\/turkish\/wp-content\/uploads\/sites\/6\/2025\/09\/file_1111.jpg","datePublished":"2025-09-11T16:01:15+00:00","dateModified":"2025-09-11T16:01:15+00:00","author":{"@id":"https:\/\/shiawaves.com\/turkish\/#\/schema\/person\/9f68d5023e948086b9348fba5aebd954"},"breadcrumb":{"@id":"https:\/\/shiawaves.com\/turkish\/2025\/09\/11\/uluslararasi-ogrenci-sayisinda-almanyada-kayda-deger-artis\/#breadcrumb"},"inLanguage":"tr","potentialAction":[{"@type":"ReadAction","target":["https:\/\/shiawaves.com\/turkish\/2025\/09\/11\/uluslararasi-ogrenci-sayisinda-almanyada-kayda-deger-artis\/"]}]},{"@type":"ImageObject","inLanguage":"tr","@id":"https:\/\/shiawaves.com\/turkish\/2025\/09\/11\/uluslararasi-ogrenci-sayisinda-almanyada-kayda-deger-artis\/#primaryimage","url":"https:\/\/shiawaves.com\/turkish\/wp-content\/uploads\/sites\/6\/2025\/09\/file_1111.jpg","contentUrl":"https:\/\/shiawaves.com\/turkish\/wp-content\/uploads\/sites\/6\/2025\/09\/file_1111.jpg","width":800,"height":424},{"@type":"BreadcrumbList","@id":"https:\/\/shiawaves.com\/turkish\/2025\/09\/11\/uluslararasi-ogrenci-sayisinda-almanyada-kayda-deger-artis\/#breadcrumb","itemListElement":[{"@type":"ListItem","position":1,"name":"Home","item":"https:\/\/shiawaves.com\/turkish\/"},{"@type":"ListItem","position":2,"name":"Uluslararas\u0131 \u00d6\u011frenci Say\u0131s\u0131nda Almanya&#8217;da Kayda De\u011fer Art\u0131\u015f"}]},{"@type":"WebSite","@id":"https:\/\/shiawaves.com\/turkish\/#website","url":"https:\/\/shiawaves.com\/turkish\/","name":"ShiaWaves Turkish - \u015eia Haberleri","description":"","potentialAction":[{"@type":"SearchAction","target":{"@type":"EntryPoint","urlTemplate":"https:\/\/shiawaves.com\/turkish\/?s={search_term_string}"},"query-input":{"@type":"PropertyValueSpecification","valueRequired":true,"valueName":"search_term_string"}}],"inLanguage":"tr"},{"@type":"Person","@id":"https:\/\/shiawaves.com\/turkish\/#\/schema\/person\/9f68d5023e948086b9348fba5aebd954","name":"modir","image":{"@type":"ImageObject","inLanguage":"tr","@id":"https:\/\/shiawaves.com\/turkish\/#\/schema\/person\/image\/","url":"https:\/\/secure.gravatar.com\/avatar\/8e76f93cdbdd480bd8918d1e0e1d938664c9cb1516c2a57a2b96fe50b507a6b9?s=96&d=mm&r=g","contentUrl":"https:\/\/secure.gravatar.com\/avatar\/8e76f93cdbdd480bd8918d1e0e1d938664c9cb1516c2a57a2b96fe50b507a6b9?s=96&d=mm&r=g","caption":"modir"},"sameAs":["https:\/\/shiawaves.com"],"url":"https:\/\/shiawaves.com\/turkish\/author\/modir\/"}]}},"_links":{"self":[{"href":"https:\/\/shiawaves.com\/turkish\/wp-json\/wp\/v2\/posts\/117428","targetHints":{"allow":["GET"]}}],"collection":[{"href":"https:\/\/shiawaves.com\/turkish\/wp-json\/wp\/v2\/posts"}],"about":[{"href":"https:\/\/shiawaves.com\/turkish\/wp-json\/wp\/v2\/types\/post"}],"author":[{"embeddable":true,"href":"https:\/\/shiawaves.com\/turkish\/wp-json\/wp\/v2\/users\/1"}],"replies":[{"embeddable":true,"href":"https:\/\/shiawaves.com\/turkish\/wp-json\/wp\/v2\/comments?post=117428"}],"version-history":[{"count":0,"href":"https:\/\/shiawaves.com\/turkish\/wp-json\/wp\/v2\/posts\/117428\/revisions"}],"wp:featuredmedia":[{"embeddable":true,"href":"https:\/\/shiawaves.com\/turkish\/wp-json\/wp\/v2\/media\/117427"}],"wp:attachment":[{"href":"https:\/\/shiawaves.com\/turkish\/wp-json\/wp\/v2\/media?parent=117428"}],"wp:term":[{"taxonomy":"category","embeddable":true,"href":"https:\/\/shiawaves.com\/turkish\/wp-json\/wp\/v2\/categories?post=117428"},{"taxonomy":"post_tag","embeddable":true,"href":"https:\/\/shiawaves.com\/turkish\/wp-json\/wp\/v2\/tags?post=117428"}],"curies":[{"name":"wp","href":"https:\/\/api.w.org\/{rel}","templated":true}]}}