{"id":117398,"date":"2025-09-10T16:30:52","date_gmt":"2025-09-10T13:30:52","guid":{"rendered":"https:\/\/shiawaves.com\/turkish\/2025\/09\/10\/alman-mustesrikin-yillarca-suren-arastirmasindan-sonra-musluman-olusu\/"},"modified":"2025-09-10T16:30:52","modified_gmt":"2025-09-10T13:30:52","slug":"alman-mustesrikin-yillarca-suren-arastirmasindan-sonra-musluman-olusu","status":"publish","type":"post","link":"https:\/\/shiawaves.com\/turkish\/2025\/09\/10\/alman-mustesrikin-yillarca-suren-arastirmasindan-sonra-musluman-olusu\/","title":{"rendered":"Alman M\u00fcste\u015frik\u2019in Y\u0131llarca S\u00fcren Ara\u015ft\u0131rmas\u0131ndan Sonra M\u00fcsl\u00fcman Olu\u015fu"},"content":{"rendered":"<p>Alman M\u00fcste\u015frik\u2019in Y\u0131llarca S\u00fcren Ara\u015ft\u0131rmas\u0131ndan Sonra M\u00fcsl\u00fcman Olu\u015fu<\/p>\n<p>Do\u011funun K\u00fclt\u00fcrleri Alan\u0131nda Alman Ara\u015ft\u0131rmac\u0131 Dr. Alfred Huber, y\u0131llarca s\u00fcren ara\u015ft\u0131rma ve \u00e7e\u015fitli dinler ile gelenekler aras\u0131nda yapt\u0131\u011f\u0131 seyahatlerin ard\u0131ndan \u0130slam\u2019a ge\u00e7ti.<\/p>\n<p>\u015eii Haber Ajans\u0131&#8217;n\u0131n Deutsche Welle&#8217;ye dayand\u0131rd\u0131\u011f\u0131 habere g\u00f6re, Hindistan&#8217;da ya\u015fad\u0131\u011f\u0131 manevi bir tecr\u00fcbe ve Tac Mahal&#8217;i ziyaret etmesi, bu yolculu\u011fun d\u00f6n\u00fcm noktas\u0131 oldu ve onu \u0130slam inanc\u0131na y\u00f6nlendirdi.<\/p>\n<p>Huber, y\u0131llarca \u00fcniversitede \u00f6\u011fretim verdi ve 13 y\u0131ll\u0131k bir s\u00fcre zarf\u0131nda Kur\u2019an\u2019\u0131 Almanca\u2019ya \u00e7evirdi.<\/p>\n<p>Yapt\u0131\u011f\u0131 bir r\u00f6portajda, &#8220;Karanl\u0131ktan ayd\u0131nl\u0131\u011fa geldim&#8221; \u015feklinde ifade etti.<\/p>\n<p>Onun \u00e7evresindekiler de bu inan\u00e7 de\u011fi\u015fikli\u011finin, y\u0131llarca s\u00fcren ki\u015fisel ara\u015ft\u0131rmalar\u0131n\u0131n ve derin d\u00fc\u015f\u00fcncelerinin bir sonucu oldu\u011funu vurgulad\u0131lar.<\/p>\n","protected":false},"excerpt":{"rendered":"<p>Alman M\u00fcste\u015frik\u2019in Y\u0131llarca S\u00fcren Ara\u015ft\u0131rmas\u0131ndan Sonra M\u00fcsl\u00fcman Olu\u015fu Do\u011funun K\u00fclt\u00fcrleri Alan\u0131nda Alman Ara\u015ft\u0131rmac\u0131 Dr. Alfred Huber, y\u0131llarca s\u00fcren ara\u015ft\u0131rma ve \u00e7e\u015fitli dinler ile gelenekler aras\u0131nda yapt\u0131\u011f\u0131 seyahatlerin ard\u0131ndan \u0130slam\u2019a ge\u00e7ti. \u015eii Haber Ajans\u0131&#8217;n\u0131n Deutsche Welle&#8217;ye dayand\u0131rd\u0131\u011f\u0131 habere g\u00f6re, Hindistan&#8217;da ya\u015fad\u0131\u011f\u0131 manevi bir tecr\u00fcbe ve Tac Mahal&#8217;i ziyaret etmesi, bu yolculu\u011fun d\u00f6n\u00fcm noktas\u0131 oldu ve onu &hellip;<\/p>\n","protected":false},"author":1,"featured_media":117397,"comment_status":"open","ping_status":"open","sticky":false,"template":"","format":"standard","meta":{"rop_custom_images_group":[],"rop_custom_messages_group":[],"rop_publish_now":"initial","rop_publish_now_accounts":[],"rop_publish_now_history":[],"rop_publish_now_status":"pending","footnotes":""},"categories":[71],"tags":[],"class_list":["post-117398","post","type-post","status-publish","format-standard","has-post-thumbnail","hentry","category-germany"],"_wp_page_template":null,"_wp_attached_file":null,"_wp_attachment_metadata":null,"_edit_lock":null,"yoast_head":"<!-- This site is optimized with the Yoast SEO plugin v24.3 - https:\/\/yoast.com\/wordpress\/plugins\/seo\/ -->\n<title>Alman M\u00fcste\u015frik\u2019in Y\u0131llarca S\u00fcren Ara\u015ft\u0131rmas\u0131ndan Sonra M\u00fcsl\u00fcman Olu\u015fu - ShiaWaves Turkish - \u015eia Haberleri<\/title>\n<meta name=\"robots\" content=\"index, follow, max-snippet:-1, max-image-preview:large, max-video-preview:-1\" \/>\n<link rel=\"canonical\" href=\"https:\/\/shiawaves.com\/turkish\/2025\/09\/10\/alman-mustesrikin-yillarca-suren-arastirmasindan-sonra-musluman-olusu\/\" \/>\n<meta property=\"og:locale\" content=\"tr_TR\" \/>\n<meta property=\"og:type\" content=\"article\" \/>\n<meta property=\"og:title\" content=\"Alman M\u00fcste\u015frik\u2019in Y\u0131llarca S\u00fcren Ara\u015ft\u0131rmas\u0131ndan Sonra M\u00fcsl\u00fcman Olu\u015fu - ShiaWaves Turkish - \u015eia Haberleri\" \/>\n<meta property=\"og:description\" content=\"Alman M\u00fcste\u015frik\u2019in Y\u0131llarca S\u00fcren Ara\u015ft\u0131rmas\u0131ndan Sonra M\u00fcsl\u00fcman Olu\u015fu Do\u011funun K\u00fclt\u00fcrleri Alan\u0131nda Alman Ara\u015ft\u0131rmac\u0131 Dr. Alfred Huber, y\u0131llarca s\u00fcren ara\u015ft\u0131rma ve \u00e7e\u015fitli dinler ile gelenekler aras\u0131nda yapt\u0131\u011f\u0131 seyahatlerin ard\u0131ndan \u0130slam\u2019a ge\u00e7ti. \u015eii Haber Ajans\u0131&#8217;n\u0131n Deutsche Welle&#8217;ye dayand\u0131rd\u0131\u011f\u0131 habere g\u00f6re, Hindistan&#8217;da ya\u015fad\u0131\u011f\u0131 manevi bir tecr\u00fcbe ve Tac Mahal&#8217;i ziyaret etmesi, bu yolculu\u011fun d\u00f6n\u00fcm noktas\u0131 oldu ve onu &hellip;\" \/>\n<meta property=\"og:url\" content=\"https:\/\/shiawaves.com\/turkish\/2025\/09\/10\/alman-mustesrikin-yillarca-suren-arastirmasindan-sonra-musluman-olusu\/\" \/>\n<meta property=\"og:site_name\" content=\"ShiaWaves Turkish - \u015eia Haberleri\" \/>\n<meta property=\"article:published_time\" content=\"2025-09-10T13:30:52+00:00\" \/>\n<meta name=\"author\" content=\"modir\" \/>\n<meta name=\"twitter:card\" content=\"summary_large_image\" \/>\n<meta name=\"twitter:label1\" content=\"Yazan:\" \/>\n\t<meta name=\"twitter:data1\" content=\"modir\" \/>\n\t<meta name=\"twitter:label2\" content=\"Tahmini okuma s\u00fcresi\" \/>\n\t<meta name=\"twitter:data2\" content=\"1 dakika\" \/>\n<script type=\"application\/ld+json\" class=\"yoast-schema-graph\">{\"@context\":\"https:\/\/schema.org\",\"@graph\":[{\"@type\":\"WebPage\",\"@id\":\"https:\/\/shiawaves.com\/turkish\/2025\/09\/10\/alman-mustesrikin-yillarca-suren-arastirmasindan-sonra-musluman-olusu\/\",\"url\":\"https:\/\/shiawaves.com\/turkish\/2025\/09\/10\/alman-mustesrikin-yillarca-suren-arastirmasindan-sonra-musluman-olusu\/\",\"name\":\"Alman M\u00fcste\u015frik\u2019in Y\u0131llarca S\u00fcren Ara\u015ft\u0131rmas\u0131ndan Sonra M\u00fcsl\u00fcman Olu\u015fu - ShiaWaves Turkish - \u015eia Haberleri\",\"isPartOf\":{\"@id\":\"https:\/\/shiawaves.com\/turkish\/#website\"},\"primaryImageOfPage\":{\"@id\":\"https:\/\/shiawaves.com\/turkish\/2025\/09\/10\/alman-mustesrikin-yillarca-suren-arastirmasindan-sonra-musluman-olusu\/#primaryimage\"},\"image\":{\"@id\":\"https:\/\/shiawaves.com\/turkish\/2025\/09\/10\/alman-mustesrikin-yillarca-suren-arastirmasindan-sonra-musluman-olusu\/#primaryimage\"},\"thumbnailUrl\":\"https:\/\/shiawaves.com\/turkish\/wp-content\/uploads\/sites\/6\/2025\/09\/file_1096.jpg\",\"datePublished\":\"2025-09-10T13:30:52+00:00\",\"dateModified\":\"2025-09-10T13:30:52+00:00\",\"author\":{\"@id\":\"https:\/\/shiawaves.com\/turkish\/#\/schema\/person\/9f68d5023e948086b9348fba5aebd954\"},\"breadcrumb\":{\"@id\":\"https:\/\/shiawaves.com\/turkish\/2025\/09\/10\/alman-mustesrikin-yillarca-suren-arastirmasindan-sonra-musluman-olusu\/#breadcrumb\"},\"inLanguage\":\"tr\",\"potentialAction\":[{\"@type\":\"ReadAction\",\"target\":[\"https:\/\/shiawaves.com\/turkish\/2025\/09\/10\/alman-mustesrikin-yillarca-suren-arastirmasindan-sonra-musluman-olusu\/\"]}]},{\"@type\":\"ImageObject\",\"inLanguage\":\"tr\",\"@id\":\"https:\/\/shiawaves.com\/turkish\/2025\/09\/10\/alman-mustesrikin-yillarca-suren-arastirmasindan-sonra-musluman-olusu\/#primaryimage\",\"url\":\"https:\/\/shiawaves.com\/turkish\/wp-content\/uploads\/sites\/6\/2025\/09\/file_1096.jpg\",\"contentUrl\":\"https:\/\/shiawaves.com\/turkish\/wp-content\/uploads\/sites\/6\/2025\/09\/file_1096.jpg\",\"width\":600,\"height\":400},{\"@type\":\"BreadcrumbList\",\"@id\":\"https:\/\/shiawaves.com\/turkish\/2025\/09\/10\/alman-mustesrikin-yillarca-suren-arastirmasindan-sonra-musluman-olusu\/#breadcrumb\",\"itemListElement\":[{\"@type\":\"ListItem\",\"position\":1,\"name\":\"Home\",\"item\":\"https:\/\/shiawaves.com\/turkish\/\"},{\"@type\":\"ListItem\",\"position\":2,\"name\":\"Alman M\u00fcste\u015frik\u2019in Y\u0131llarca S\u00fcren Ara\u015ft\u0131rmas\u0131ndan Sonra M\u00fcsl\u00fcman Olu\u015fu\"}]},{\"@type\":\"WebSite\",\"@id\":\"https:\/\/shiawaves.com\/turkish\/#website\",\"url\":\"https:\/\/shiawaves.com\/turkish\/\",\"name\":\"ShiaWaves Turkish - \u015eia Haberleri\",\"description\":\"\",\"potentialAction\":[{\"@type\":\"SearchAction\",\"target\":{\"@type\":\"EntryPoint\",\"urlTemplate\":\"https:\/\/shiawaves.com\/turkish\/?s={search_term_string}\"},\"query-input\":{\"@type\":\"PropertyValueSpecification\",\"valueRequired\":true,\"valueName\":\"search_term_string\"}}],\"inLanguage\":\"tr\"},{\"@type\":\"Person\",\"@id\":\"https:\/\/shiawaves.com\/turkish\/#\/schema\/person\/9f68d5023e948086b9348fba5aebd954\",\"name\":\"modir\",\"image\":{\"@type\":\"ImageObject\",\"inLanguage\":\"tr\",\"@id\":\"https:\/\/shiawaves.com\/turkish\/#\/schema\/person\/image\/\",\"url\":\"https:\/\/secure.gravatar.com\/avatar\/8e76f93cdbdd480bd8918d1e0e1d938664c9cb1516c2a57a2b96fe50b507a6b9?s=96&d=mm&r=g\",\"contentUrl\":\"https:\/\/secure.gravatar.com\/avatar\/8e76f93cdbdd480bd8918d1e0e1d938664c9cb1516c2a57a2b96fe50b507a6b9?s=96&d=mm&r=g\",\"caption\":\"modir\"},\"sameAs\":[\"https:\/\/shiawaves.com\"],\"url\":\"https:\/\/shiawaves.com\/turkish\/author\/modir\/\"}]}<\/script>\n<!-- \/ Yoast SEO plugin. -->","yoast_head_json":{"title":"Alman M\u00fcste\u015frik\u2019in Y\u0131llarca S\u00fcren Ara\u015ft\u0131rmas\u0131ndan Sonra M\u00fcsl\u00fcman Olu\u015fu - ShiaWaves Turkish - \u015eia Haberleri","robots":{"index":"index","follow":"follow","max-snippet":"max-snippet:-1","max-image-preview":"max-image-preview:large","max-video-preview":"max-video-preview:-1"},"canonical":"https:\/\/shiawaves.com\/turkish\/2025\/09\/10\/alman-mustesrikin-yillarca-suren-arastirmasindan-sonra-musluman-olusu\/","og_locale":"tr_TR","og_type":"article","og_title":"Alman M\u00fcste\u015frik\u2019in Y\u0131llarca S\u00fcren Ara\u015ft\u0131rmas\u0131ndan Sonra M\u00fcsl\u00fcman Olu\u015fu - ShiaWaves Turkish - \u015eia Haberleri","og_description":"Alman M\u00fcste\u015frik\u2019in Y\u0131llarca S\u00fcren Ara\u015ft\u0131rmas\u0131ndan Sonra M\u00fcsl\u00fcman Olu\u015fu Do\u011funun K\u00fclt\u00fcrleri Alan\u0131nda Alman Ara\u015ft\u0131rmac\u0131 Dr. Alfred Huber, y\u0131llarca s\u00fcren ara\u015ft\u0131rma ve \u00e7e\u015fitli dinler ile gelenekler aras\u0131nda yapt\u0131\u011f\u0131 seyahatlerin ard\u0131ndan \u0130slam\u2019a ge\u00e7ti. \u015eii Haber Ajans\u0131&#8217;n\u0131n Deutsche Welle&#8217;ye dayand\u0131rd\u0131\u011f\u0131 habere g\u00f6re, Hindistan&#8217;da ya\u015fad\u0131\u011f\u0131 manevi bir tecr\u00fcbe ve Tac Mahal&#8217;i ziyaret etmesi, bu yolculu\u011fun d\u00f6n\u00fcm noktas\u0131 oldu ve onu &hellip;","og_url":"https:\/\/shiawaves.com\/turkish\/2025\/09\/10\/alman-mustesrikin-yillarca-suren-arastirmasindan-sonra-musluman-olusu\/","og_site_name":"ShiaWaves Turkish - \u015eia Haberleri","article_published_time":"2025-09-10T13:30:52+00:00","author":"modir","twitter_card":"summary_large_image","twitter_misc":{"Yazan:":"modir","Tahmini okuma s\u00fcresi":"1 dakika"},"schema":{"@context":"https:\/\/schema.org","@graph":[{"@type":"WebPage","@id":"https:\/\/shiawaves.com\/turkish\/2025\/09\/10\/alman-mustesrikin-yillarca-suren-arastirmasindan-sonra-musluman-olusu\/","url":"https:\/\/shiawaves.com\/turkish\/2025\/09\/10\/alman-mustesrikin-yillarca-suren-arastirmasindan-sonra-musluman-olusu\/","name":"Alman M\u00fcste\u015frik\u2019in Y\u0131llarca S\u00fcren Ara\u015ft\u0131rmas\u0131ndan Sonra M\u00fcsl\u00fcman Olu\u015fu - ShiaWaves Turkish - \u015eia Haberleri","isPartOf":{"@id":"https:\/\/shiawaves.com\/turkish\/#website"},"primaryImageOfPage":{"@id":"https:\/\/shiawaves.com\/turkish\/2025\/09\/10\/alman-mustesrikin-yillarca-suren-arastirmasindan-sonra-musluman-olusu\/#primaryimage"},"image":{"@id":"https:\/\/shiawaves.com\/turkish\/2025\/09\/10\/alman-mustesrikin-yillarca-suren-arastirmasindan-sonra-musluman-olusu\/#primaryimage"},"thumbnailUrl":"https:\/\/shiawaves.com\/turkish\/wp-content\/uploads\/sites\/6\/2025\/09\/file_1096.jpg","datePublished":"2025-09-10T13:30:52+00:00","dateModified":"2025-09-10T13:30:52+00:00","author":{"@id":"https:\/\/shiawaves.com\/turkish\/#\/schema\/person\/9f68d5023e948086b9348fba5aebd954"},"breadcrumb":{"@id":"https:\/\/shiawaves.com\/turkish\/2025\/09\/10\/alman-mustesrikin-yillarca-suren-arastirmasindan-sonra-musluman-olusu\/#breadcrumb"},"inLanguage":"tr","potentialAction":[{"@type":"ReadAction","target":["https:\/\/shiawaves.com\/turkish\/2025\/09\/10\/alman-mustesrikin-yillarca-suren-arastirmasindan-sonra-musluman-olusu\/"]}]},{"@type":"ImageObject","inLanguage":"tr","@id":"https:\/\/shiawaves.com\/turkish\/2025\/09\/10\/alman-mustesrikin-yillarca-suren-arastirmasindan-sonra-musluman-olusu\/#primaryimage","url":"https:\/\/shiawaves.com\/turkish\/wp-content\/uploads\/sites\/6\/2025\/09\/file_1096.jpg","contentUrl":"https:\/\/shiawaves.com\/turkish\/wp-content\/uploads\/sites\/6\/2025\/09\/file_1096.jpg","width":600,"height":400},{"@type":"BreadcrumbList","@id":"https:\/\/shiawaves.com\/turkish\/2025\/09\/10\/alman-mustesrikin-yillarca-suren-arastirmasindan-sonra-musluman-olusu\/#breadcrumb","itemListElement":[{"@type":"ListItem","position":1,"name":"Home","item":"https:\/\/shiawaves.com\/turkish\/"},{"@type":"ListItem","position":2,"name":"Alman M\u00fcste\u015frik\u2019in Y\u0131llarca S\u00fcren Ara\u015ft\u0131rmas\u0131ndan Sonra M\u00fcsl\u00fcman Olu\u015fu"}]},{"@type":"WebSite","@id":"https:\/\/shiawaves.com\/turkish\/#website","url":"https:\/\/shiawaves.com\/turkish\/","name":"ShiaWaves Turkish - \u015eia Haberleri","description":"","potentialAction":[{"@type":"SearchAction","target":{"@type":"EntryPoint","urlTemplate":"https:\/\/shiawaves.com\/turkish\/?s={search_term_string}"},"query-input":{"@type":"PropertyValueSpecification","valueRequired":true,"valueName":"search_term_string"}}],"inLanguage":"tr"},{"@type":"Person","@id":"https:\/\/shiawaves.com\/turkish\/#\/schema\/person\/9f68d5023e948086b9348fba5aebd954","name":"modir","image":{"@type":"ImageObject","inLanguage":"tr","@id":"https:\/\/shiawaves.com\/turkish\/#\/schema\/person\/image\/","url":"https:\/\/secure.gravatar.com\/avatar\/8e76f93cdbdd480bd8918d1e0e1d938664c9cb1516c2a57a2b96fe50b507a6b9?s=96&d=mm&r=g","contentUrl":"https:\/\/secure.gravatar.com\/avatar\/8e76f93cdbdd480bd8918d1e0e1d938664c9cb1516c2a57a2b96fe50b507a6b9?s=96&d=mm&r=g","caption":"modir"},"sameAs":["https:\/\/shiawaves.com"],"url":"https:\/\/shiawaves.com\/turkish\/author\/modir\/"}]}},"_links":{"self":[{"href":"https:\/\/shiawaves.com\/turkish\/wp-json\/wp\/v2\/posts\/117398","targetHints":{"allow":["GET"]}}],"collection":[{"href":"https:\/\/shiawaves.com\/turkish\/wp-json\/wp\/v2\/posts"}],"about":[{"href":"https:\/\/shiawaves.com\/turkish\/wp-json\/wp\/v2\/types\/post"}],"author":[{"embeddable":true,"href":"https:\/\/shiawaves.com\/turkish\/wp-json\/wp\/v2\/users\/1"}],"replies":[{"embeddable":true,"href":"https:\/\/shiawaves.com\/turkish\/wp-json\/wp\/v2\/comments?post=117398"}],"version-history":[{"count":0,"href":"https:\/\/shiawaves.com\/turkish\/wp-json\/wp\/v2\/posts\/117398\/revisions"}],"wp:featuredmedia":[{"embeddable":true,"href":"https:\/\/shiawaves.com\/turkish\/wp-json\/wp\/v2\/media\/117397"}],"wp:attachment":[{"href":"https:\/\/shiawaves.com\/turkish\/wp-json\/wp\/v2\/media?parent=117398"}],"wp:term":[{"taxonomy":"category","embeddable":true,"href":"https:\/\/shiawaves.com\/turkish\/wp-json\/wp\/v2\/categories?post=117398"},{"taxonomy":"post_tag","embeddable":true,"href":"https:\/\/shiawaves.com\/turkish\/wp-json\/wp\/v2\/tags?post=117398"}],"curies":[{"name":"wp","href":"https:\/\/api.w.org\/{rel}","templated":true}]}}