{"id":117318,"date":"2025-09-06T13:00:38","date_gmt":"2025-09-06T10:00:38","guid":{"rendered":"https:\/\/shiawaves.com\/turkish\/2025\/09\/06\/birlesmis-milletler-onarici-adalet-afrikalilar-ve-nesilleri-uzerine-irkciligin-sona-erdirilmesinin-yolu\/"},"modified":"2025-09-06T13:00:38","modified_gmt":"2025-09-06T10:00:38","slug":"birlesmis-milletler-onarici-adalet-afrikalilar-ve-nesilleri-uzerine-irkciligin-sona-erdirilmesinin-yolu","status":"publish","type":"post","link":"https:\/\/shiawaves.com\/turkish\/2025\/09\/06\/birlesmis-milletler-onarici-adalet-afrikalilar-ve-nesilleri-uzerine-irkciligin-sona-erdirilmesinin-yolu\/","title":{"rendered":"Birle\u015fmi\u015f Milletler: Onar\u0131c\u0131 Adalet, Afrikal\u0131lar ve Nesilleri \u00dczerine Irk\u00e7\u0131l\u0131\u011f\u0131n Sona Erdirilmesinin Yolu"},"content":{"rendered":"<p>Birle\u015fmi\u015f Milletler: Onar\u0131c\u0131 Adalet, Afrikal\u0131lar ve Nesilleri \u00dczerine Irk\u00e7\u0131l\u0131\u011f\u0131n Sona Erdirilmesinin Yolu<\/p>\n<p>Birle\u015fmi\u015f Milletler \u0130nsan Haklar\u0131 Ofisi, bir raporda, h\u00fck\u00fcmetlerin, \u00fcniversitelerin ve di\u011fer ilgili kurulu\u015flar\u0131n, Afrikal\u0131lar ve daha sonraki nesillerde g\u00f6\u00e7menler i\u00e7in onar\u0131c\u0131 adaletin uygulanmas\u0131 y\u00f6n\u00fcndeki \u00e7abalar\u0131n\u0131 art\u0131rmalar\u0131 gerekti\u011fini belirtti.<\/p>\n<p>Shia News taraf\u0131ndan Birle\u015fmi\u015f Milletlerin resmi web sitesine dayand\u0131r\u0131lan habere g\u00f6re, bu ad\u0131m, k\u00f6keni k\u00f6lelik ve s\u00f6m\u00fcrge miras\u0131na dayanan sistematik \u0131rk\u00e7\u0131l\u0131\u011f\u0131 ortadan kald\u0131rman\u0131n anahtar\u0131d\u0131r.<\/p>\n<p>Belirtilmelidir ki, onar\u0131c\u0131 adalet, resmi \u00f6z\u00fcrler, ger\u00e7ekle y\u00fczle\u015fme, an\u0131tlar ve e\u011fitim faaliyetleri, t\u0131bbi ve psikolojik destek ve tazminat\u0131 i\u00e7ermektedir.<\/p>\n<p>Baz\u0131 uzmanlar, onar\u0131c\u0131 adaletin uygulanmas\u0131n\u0131n, kamuoyunun devlet kurumlar\u0131 ve \u00fcniversitelere olan g\u00fcvenini geri kazand\u0131rabilece\u011fini vurgulad\u0131.<\/p>\n<p>Sivil toplum kurulu\u015flar\u0131 ve sosyal gruplar da Afrikal\u0131lar\u0131n gelecek nesillerini desteklemek i\u00e7in pratik programlar talep etti.<\/p>\n<p>Afrika k\u00f6kenli topluluk \u00fcyeleri bu raporu memnuniyetle kar\u015f\u0131lad\u0131lar ve somut ad\u0131mlar\u0131n at\u0131lmas\u0131n\u0131 hayati \u00f6nem ta\u015f\u0131yan bir konu olarak de\u011ferlendirdiler.<\/p>\n<p>Medya ve sosyal aktivistler bu konuyu, sistematik \u0131rk\u00e7\u0131l\u0131kla m\u00fccadelede bir d\u00f6n\u00fcm noktas\u0131 olarak tan\u0131mlad\u0131lar.<\/p>\n<p>Adil e\u011fitim ve k\u00fclt\u00fcrel programlar, onar\u0131c\u0131 adaletin bir par\u00e7as\u0131 olarak \u00f6\u011frenme f\u0131rsatlar\u0131 ve tutumlar\u0131n d\u00fczeltilmesi i\u00e7in zemin haz\u0131rlar.<\/p>\n<p>Uzmanlar, onar\u0131c\u0131 adaletin takibinin ayn\u0131 zamanda farkl\u0131 topluluklar aras\u0131ndaki sosyal ve ekonomik u\u00e7urumlar\u0131n azalmas\u0131na da katk\u0131da bulunabilece\u011fine inanmaktad\u0131rlar.<\/p>\n","protected":false},"excerpt":{"rendered":"<p>Birle\u015fmi\u015f Milletler: Onar\u0131c\u0131 Adalet, Afrikal\u0131lar ve Nesilleri \u00dczerine Irk\u00e7\u0131l\u0131\u011f\u0131n Sona Erdirilmesinin Yolu Birle\u015fmi\u015f Milletler \u0130nsan Haklar\u0131 Ofisi, bir raporda, h\u00fck\u00fcmetlerin, \u00fcniversitelerin ve di\u011fer ilgili kurulu\u015flar\u0131n, Afrikal\u0131lar ve daha sonraki nesillerde g\u00f6\u00e7menler i\u00e7in onar\u0131c\u0131 adaletin uygulanmas\u0131 y\u00f6n\u00fcndeki \u00e7abalar\u0131n\u0131 art\u0131rmalar\u0131 gerekti\u011fini belirtti. Shia News taraf\u0131ndan Birle\u015fmi\u015f Milletlerin resmi web sitesine dayand\u0131r\u0131lan habere g\u00f6re, bu ad\u0131m, k\u00f6keni k\u00f6lelik &hellip;<\/p>\n","protected":false},"author":1,"featured_media":117317,"comment_status":"open","ping_status":"open","sticky":false,"template":"","format":"standard","meta":{"rop_custom_images_group":[],"rop_custom_messages_group":[],"rop_publish_now":"initial","rop_publish_now_accounts":[],"rop_publish_now_history":[],"rop_publish_now_status":"pending","footnotes":""},"categories":[24],"tags":[],"class_list":["post-117318","post","type-post","status-publish","format-standard","has-post-thumbnail","hentry","category-africa"],"_wp_page_template":null,"_wp_attached_file":null,"_wp_attachment_metadata":null,"_edit_lock":null,"yoast_head":"<!-- This site is optimized with the Yoast SEO plugin v24.3 - https:\/\/yoast.com\/wordpress\/plugins\/seo\/ -->\n<title>Birle\u015fmi\u015f Milletler: Onar\u0131c\u0131 Adalet, Afrikal\u0131lar ve Nesilleri \u00dczerine Irk\u00e7\u0131l\u0131\u011f\u0131n Sona Erdirilmesinin Yolu - ShiaWaves Turkish - \u015eia Haberleri<\/title>\n<meta name=\"robots\" content=\"index, follow, max-snippet:-1, max-image-preview:large, max-video-preview:-1\" \/>\n<link rel=\"canonical\" href=\"https:\/\/shiawaves.com\/turkish\/2025\/09\/06\/birlesmis-milletler-onarici-adalet-afrikalilar-ve-nesilleri-uzerine-irkciligin-sona-erdirilmesinin-yolu\/\" \/>\n<meta property=\"og:locale\" content=\"tr_TR\" \/>\n<meta property=\"og:type\" content=\"article\" \/>\n<meta property=\"og:title\" content=\"Birle\u015fmi\u015f Milletler: Onar\u0131c\u0131 Adalet, Afrikal\u0131lar ve Nesilleri \u00dczerine Irk\u00e7\u0131l\u0131\u011f\u0131n Sona Erdirilmesinin Yolu - ShiaWaves Turkish - \u015eia Haberleri\" \/>\n<meta property=\"og:description\" content=\"Birle\u015fmi\u015f Milletler: Onar\u0131c\u0131 Adalet, Afrikal\u0131lar ve Nesilleri \u00dczerine Irk\u00e7\u0131l\u0131\u011f\u0131n Sona Erdirilmesinin Yolu Birle\u015fmi\u015f Milletler \u0130nsan Haklar\u0131 Ofisi, bir raporda, h\u00fck\u00fcmetlerin, \u00fcniversitelerin ve di\u011fer ilgili kurulu\u015flar\u0131n, Afrikal\u0131lar ve daha sonraki nesillerde g\u00f6\u00e7menler i\u00e7in onar\u0131c\u0131 adaletin uygulanmas\u0131 y\u00f6n\u00fcndeki \u00e7abalar\u0131n\u0131 art\u0131rmalar\u0131 gerekti\u011fini belirtti. Shia News taraf\u0131ndan Birle\u015fmi\u015f Milletlerin resmi web sitesine dayand\u0131r\u0131lan habere g\u00f6re, bu ad\u0131m, k\u00f6keni k\u00f6lelik &hellip;\" \/>\n<meta property=\"og:url\" content=\"https:\/\/shiawaves.com\/turkish\/2025\/09\/06\/birlesmis-milletler-onarici-adalet-afrikalilar-ve-nesilleri-uzerine-irkciligin-sona-erdirilmesinin-yolu\/\" \/>\n<meta property=\"og:site_name\" content=\"ShiaWaves Turkish - \u015eia Haberleri\" \/>\n<meta property=\"article:published_time\" content=\"2025-09-06T10:00:38+00:00\" \/>\n<meta name=\"author\" content=\"modir\" \/>\n<meta name=\"twitter:card\" content=\"summary_large_image\" \/>\n<meta name=\"twitter:label1\" content=\"Yazan:\" \/>\n\t<meta name=\"twitter:data1\" content=\"modir\" \/>\n\t<meta name=\"twitter:label2\" content=\"Tahmini okuma s\u00fcresi\" \/>\n\t<meta name=\"twitter:data2\" content=\"1 dakika\" \/>\n<script type=\"application\/ld+json\" class=\"yoast-schema-graph\">{\"@context\":\"https:\/\/schema.org\",\"@graph\":[{\"@type\":\"WebPage\",\"@id\":\"https:\/\/shiawaves.com\/turkish\/2025\/09\/06\/birlesmis-milletler-onarici-adalet-afrikalilar-ve-nesilleri-uzerine-irkciligin-sona-erdirilmesinin-yolu\/\",\"url\":\"https:\/\/shiawaves.com\/turkish\/2025\/09\/06\/birlesmis-milletler-onarici-adalet-afrikalilar-ve-nesilleri-uzerine-irkciligin-sona-erdirilmesinin-yolu\/\",\"name\":\"Birle\u015fmi\u015f Milletler: Onar\u0131c\u0131 Adalet, Afrikal\u0131lar ve Nesilleri \u00dczerine Irk\u00e7\u0131l\u0131\u011f\u0131n Sona Erdirilmesinin Yolu - ShiaWaves Turkish - \u015eia Haberleri\",\"isPartOf\":{\"@id\":\"https:\/\/shiawaves.com\/turkish\/#website\"},\"primaryImageOfPage\":{\"@id\":\"https:\/\/shiawaves.com\/turkish\/2025\/09\/06\/birlesmis-milletler-onarici-adalet-afrikalilar-ve-nesilleri-uzerine-irkciligin-sona-erdirilmesinin-yolu\/#primaryimage\"},\"image\":{\"@id\":\"https:\/\/shiawaves.com\/turkish\/2025\/09\/06\/birlesmis-milletler-onarici-adalet-afrikalilar-ve-nesilleri-uzerine-irkciligin-sona-erdirilmesinin-yolu\/#primaryimage\"},\"thumbnailUrl\":\"https:\/\/shiawaves.com\/turkish\/wp-content\/uploads\/sites\/6\/2025\/09\/file_1056.jpg\",\"datePublished\":\"2025-09-06T10:00:38+00:00\",\"dateModified\":\"2025-09-06T10:00:38+00:00\",\"author\":{\"@id\":\"https:\/\/shiawaves.com\/turkish\/#\/schema\/person\/9f68d5023e948086b9348fba5aebd954\"},\"breadcrumb\":{\"@id\":\"https:\/\/shiawaves.com\/turkish\/2025\/09\/06\/birlesmis-milletler-onarici-adalet-afrikalilar-ve-nesilleri-uzerine-irkciligin-sona-erdirilmesinin-yolu\/#breadcrumb\"},\"inLanguage\":\"tr\",\"potentialAction\":[{\"@type\":\"ReadAction\",\"target\":[\"https:\/\/shiawaves.com\/turkish\/2025\/09\/06\/birlesmis-milletler-onarici-adalet-afrikalilar-ve-nesilleri-uzerine-irkciligin-sona-erdirilmesinin-yolu\/\"]}]},{\"@type\":\"ImageObject\",\"inLanguage\":\"tr\",\"@id\":\"https:\/\/shiawaves.com\/turkish\/2025\/09\/06\/birlesmis-milletler-onarici-adalet-afrikalilar-ve-nesilleri-uzerine-irkciligin-sona-erdirilmesinin-yolu\/#primaryimage\",\"url\":\"https:\/\/shiawaves.com\/turkish\/wp-content\/uploads\/sites\/6\/2025\/09\/file_1056.jpg\",\"contentUrl\":\"https:\/\/shiawaves.com\/turkish\/wp-content\/uploads\/sites\/6\/2025\/09\/file_1056.jpg\",\"width\":1219,\"height\":722},{\"@type\":\"BreadcrumbList\",\"@id\":\"https:\/\/shiawaves.com\/turkish\/2025\/09\/06\/birlesmis-milletler-onarici-adalet-afrikalilar-ve-nesilleri-uzerine-irkciligin-sona-erdirilmesinin-yolu\/#breadcrumb\",\"itemListElement\":[{\"@type\":\"ListItem\",\"position\":1,\"name\":\"Home\",\"item\":\"https:\/\/shiawaves.com\/turkish\/\"},{\"@type\":\"ListItem\",\"position\":2,\"name\":\"Birle\u015fmi\u015f Milletler: Onar\u0131c\u0131 Adalet, Afrikal\u0131lar ve Nesilleri \u00dczerine Irk\u00e7\u0131l\u0131\u011f\u0131n Sona Erdirilmesinin Yolu\"}]},{\"@type\":\"WebSite\",\"@id\":\"https:\/\/shiawaves.com\/turkish\/#website\",\"url\":\"https:\/\/shiawaves.com\/turkish\/\",\"name\":\"ShiaWaves Turkish - \u015eia Haberleri\",\"description\":\"\",\"potentialAction\":[{\"@type\":\"SearchAction\",\"target\":{\"@type\":\"EntryPoint\",\"urlTemplate\":\"https:\/\/shiawaves.com\/turkish\/?s={search_term_string}\"},\"query-input\":{\"@type\":\"PropertyValueSpecification\",\"valueRequired\":true,\"valueName\":\"search_term_string\"}}],\"inLanguage\":\"tr\"},{\"@type\":\"Person\",\"@id\":\"https:\/\/shiawaves.com\/turkish\/#\/schema\/person\/9f68d5023e948086b9348fba5aebd954\",\"name\":\"modir\",\"image\":{\"@type\":\"ImageObject\",\"inLanguage\":\"tr\",\"@id\":\"https:\/\/shiawaves.com\/turkish\/#\/schema\/person\/image\/\",\"url\":\"https:\/\/secure.gravatar.com\/avatar\/8e76f93cdbdd480bd8918d1e0e1d938664c9cb1516c2a57a2b96fe50b507a6b9?s=96&d=mm&r=g\",\"contentUrl\":\"https:\/\/secure.gravatar.com\/avatar\/8e76f93cdbdd480bd8918d1e0e1d938664c9cb1516c2a57a2b96fe50b507a6b9?s=96&d=mm&r=g\",\"caption\":\"modir\"},\"sameAs\":[\"https:\/\/shiawaves.com\"],\"url\":\"https:\/\/shiawaves.com\/turkish\/author\/modir\/\"}]}<\/script>\n<!-- \/ Yoast SEO plugin. -->","yoast_head_json":{"title":"Birle\u015fmi\u015f Milletler: Onar\u0131c\u0131 Adalet, Afrikal\u0131lar ve Nesilleri \u00dczerine Irk\u00e7\u0131l\u0131\u011f\u0131n Sona Erdirilmesinin Yolu - ShiaWaves Turkish - \u015eia Haberleri","robots":{"index":"index","follow":"follow","max-snippet":"max-snippet:-1","max-image-preview":"max-image-preview:large","max-video-preview":"max-video-preview:-1"},"canonical":"https:\/\/shiawaves.com\/turkish\/2025\/09\/06\/birlesmis-milletler-onarici-adalet-afrikalilar-ve-nesilleri-uzerine-irkciligin-sona-erdirilmesinin-yolu\/","og_locale":"tr_TR","og_type":"article","og_title":"Birle\u015fmi\u015f Milletler: Onar\u0131c\u0131 Adalet, Afrikal\u0131lar ve Nesilleri \u00dczerine Irk\u00e7\u0131l\u0131\u011f\u0131n Sona Erdirilmesinin Yolu - ShiaWaves Turkish - \u015eia Haberleri","og_description":"Birle\u015fmi\u015f Milletler: Onar\u0131c\u0131 Adalet, Afrikal\u0131lar ve Nesilleri \u00dczerine Irk\u00e7\u0131l\u0131\u011f\u0131n Sona Erdirilmesinin Yolu Birle\u015fmi\u015f Milletler \u0130nsan Haklar\u0131 Ofisi, bir raporda, h\u00fck\u00fcmetlerin, \u00fcniversitelerin ve di\u011fer ilgili kurulu\u015flar\u0131n, Afrikal\u0131lar ve daha sonraki nesillerde g\u00f6\u00e7menler i\u00e7in onar\u0131c\u0131 adaletin uygulanmas\u0131 y\u00f6n\u00fcndeki \u00e7abalar\u0131n\u0131 art\u0131rmalar\u0131 gerekti\u011fini belirtti. Shia News taraf\u0131ndan Birle\u015fmi\u015f Milletlerin resmi web sitesine dayand\u0131r\u0131lan habere g\u00f6re, bu ad\u0131m, k\u00f6keni k\u00f6lelik &hellip;","og_url":"https:\/\/shiawaves.com\/turkish\/2025\/09\/06\/birlesmis-milletler-onarici-adalet-afrikalilar-ve-nesilleri-uzerine-irkciligin-sona-erdirilmesinin-yolu\/","og_site_name":"ShiaWaves Turkish - \u015eia Haberleri","article_published_time":"2025-09-06T10:00:38+00:00","author":"modir","twitter_card":"summary_large_image","twitter_misc":{"Yazan:":"modir","Tahmini okuma s\u00fcresi":"1 dakika"},"schema":{"@context":"https:\/\/schema.org","@graph":[{"@type":"WebPage","@id":"https:\/\/shiawaves.com\/turkish\/2025\/09\/06\/birlesmis-milletler-onarici-adalet-afrikalilar-ve-nesilleri-uzerine-irkciligin-sona-erdirilmesinin-yolu\/","url":"https:\/\/shiawaves.com\/turkish\/2025\/09\/06\/birlesmis-milletler-onarici-adalet-afrikalilar-ve-nesilleri-uzerine-irkciligin-sona-erdirilmesinin-yolu\/","name":"Birle\u015fmi\u015f Milletler: Onar\u0131c\u0131 Adalet, Afrikal\u0131lar ve Nesilleri \u00dczerine Irk\u00e7\u0131l\u0131\u011f\u0131n Sona Erdirilmesinin Yolu - ShiaWaves Turkish - \u015eia Haberleri","isPartOf":{"@id":"https:\/\/shiawaves.com\/turkish\/#website"},"primaryImageOfPage":{"@id":"https:\/\/shiawaves.com\/turkish\/2025\/09\/06\/birlesmis-milletler-onarici-adalet-afrikalilar-ve-nesilleri-uzerine-irkciligin-sona-erdirilmesinin-yolu\/#primaryimage"},"image":{"@id":"https:\/\/shiawaves.com\/turkish\/2025\/09\/06\/birlesmis-milletler-onarici-adalet-afrikalilar-ve-nesilleri-uzerine-irkciligin-sona-erdirilmesinin-yolu\/#primaryimage"},"thumbnailUrl":"https:\/\/shiawaves.com\/turkish\/wp-content\/uploads\/sites\/6\/2025\/09\/file_1056.jpg","datePublished":"2025-09-06T10:00:38+00:00","dateModified":"2025-09-06T10:00:38+00:00","author":{"@id":"https:\/\/shiawaves.com\/turkish\/#\/schema\/person\/9f68d5023e948086b9348fba5aebd954"},"breadcrumb":{"@id":"https:\/\/shiawaves.com\/turkish\/2025\/09\/06\/birlesmis-milletler-onarici-adalet-afrikalilar-ve-nesilleri-uzerine-irkciligin-sona-erdirilmesinin-yolu\/#breadcrumb"},"inLanguage":"tr","potentialAction":[{"@type":"ReadAction","target":["https:\/\/shiawaves.com\/turkish\/2025\/09\/06\/birlesmis-milletler-onarici-adalet-afrikalilar-ve-nesilleri-uzerine-irkciligin-sona-erdirilmesinin-yolu\/"]}]},{"@type":"ImageObject","inLanguage":"tr","@id":"https:\/\/shiawaves.com\/turkish\/2025\/09\/06\/birlesmis-milletler-onarici-adalet-afrikalilar-ve-nesilleri-uzerine-irkciligin-sona-erdirilmesinin-yolu\/#primaryimage","url":"https:\/\/shiawaves.com\/turkish\/wp-content\/uploads\/sites\/6\/2025\/09\/file_1056.jpg","contentUrl":"https:\/\/shiawaves.com\/turkish\/wp-content\/uploads\/sites\/6\/2025\/09\/file_1056.jpg","width":1219,"height":722},{"@type":"BreadcrumbList","@id":"https:\/\/shiawaves.com\/turkish\/2025\/09\/06\/birlesmis-milletler-onarici-adalet-afrikalilar-ve-nesilleri-uzerine-irkciligin-sona-erdirilmesinin-yolu\/#breadcrumb","itemListElement":[{"@type":"ListItem","position":1,"name":"Home","item":"https:\/\/shiawaves.com\/turkish\/"},{"@type":"ListItem","position":2,"name":"Birle\u015fmi\u015f Milletler: Onar\u0131c\u0131 Adalet, Afrikal\u0131lar ve Nesilleri \u00dczerine Irk\u00e7\u0131l\u0131\u011f\u0131n Sona Erdirilmesinin Yolu"}]},{"@type":"WebSite","@id":"https:\/\/shiawaves.com\/turkish\/#website","url":"https:\/\/shiawaves.com\/turkish\/","name":"ShiaWaves Turkish - \u015eia Haberleri","description":"","potentialAction":[{"@type":"SearchAction","target":{"@type":"EntryPoint","urlTemplate":"https:\/\/shiawaves.com\/turkish\/?s={search_term_string}"},"query-input":{"@type":"PropertyValueSpecification","valueRequired":true,"valueName":"search_term_string"}}],"inLanguage":"tr"},{"@type":"Person","@id":"https:\/\/shiawaves.com\/turkish\/#\/schema\/person\/9f68d5023e948086b9348fba5aebd954","name":"modir","image":{"@type":"ImageObject","inLanguage":"tr","@id":"https:\/\/shiawaves.com\/turkish\/#\/schema\/person\/image\/","url":"https:\/\/secure.gravatar.com\/avatar\/8e76f93cdbdd480bd8918d1e0e1d938664c9cb1516c2a57a2b96fe50b507a6b9?s=96&d=mm&r=g","contentUrl":"https:\/\/secure.gravatar.com\/avatar\/8e76f93cdbdd480bd8918d1e0e1d938664c9cb1516c2a57a2b96fe50b507a6b9?s=96&d=mm&r=g","caption":"modir"},"sameAs":["https:\/\/shiawaves.com"],"url":"https:\/\/shiawaves.com\/turkish\/author\/modir\/"}]}},"_links":{"self":[{"href":"https:\/\/shiawaves.com\/turkish\/wp-json\/wp\/v2\/posts\/117318","targetHints":{"allow":["GET"]}}],"collection":[{"href":"https:\/\/shiawaves.com\/turkish\/wp-json\/wp\/v2\/posts"}],"about":[{"href":"https:\/\/shiawaves.com\/turkish\/wp-json\/wp\/v2\/types\/post"}],"author":[{"embeddable":true,"href":"https:\/\/shiawaves.com\/turkish\/wp-json\/wp\/v2\/users\/1"}],"replies":[{"embeddable":true,"href":"https:\/\/shiawaves.com\/turkish\/wp-json\/wp\/v2\/comments?post=117318"}],"version-history":[{"count":0,"href":"https:\/\/shiawaves.com\/turkish\/wp-json\/wp\/v2\/posts\/117318\/revisions"}],"wp:featuredmedia":[{"embeddable":true,"href":"https:\/\/shiawaves.com\/turkish\/wp-json\/wp\/v2\/media\/117317"}],"wp:attachment":[{"href":"https:\/\/shiawaves.com\/turkish\/wp-json\/wp\/v2\/media?parent=117318"}],"wp:term":[{"taxonomy":"category","embeddable":true,"href":"https:\/\/shiawaves.com\/turkish\/wp-json\/wp\/v2\/categories?post=117318"},{"taxonomy":"post_tag","embeddable":true,"href":"https:\/\/shiawaves.com\/turkish\/wp-json\/wp\/v2\/tags?post=117318"}],"curies":[{"name":"wp","href":"https:\/\/api.w.org\/{rel}","templated":true}]}}